{"id":1214436,"date":"2025-08-22T13:55:47","date_gmt":"2025-08-22T10:55:47","guid":{"rendered":"https:\/\/analyse.optim.biz\/?p=1214436"},"modified":"2025-08-22T13:55:47","modified_gmt":"2025-08-22T10:55:47","slug":"autorizata-provizoriu-maternitatea-odobescu-risca-sa-fie-inchisa","status":"publish","type":"post","link":"https:\/\/analyse.optim.biz\/?p=1214436","title":{"rendered":"Autorizat\u0103 provizoriu, Maternitatea Odobescu risc\u0103 s\u0103 fie \u00eenchis\u0103"},"content":{"rendered":"<article id=\"template-id-172790\" class=\"post-172790 tdb_templates type-tdb_templates status-publish post\">\n<div id=\"tdi_38\" class=\"tdc-zone\">\n<div class=\"tdc_zone tdi_39  wpb_row td-pb-row\">\n<div id=\"tdi_40\" class=\"tdc-row stretch_row_1400 td-stretch-content\">\n<div class=\"vc_row tdi_41  wpb_row td-pb-row tdc-element-style\">\n<div class=\"vc_column tdi_43  wpb_column vc_column_container tdc-column td-pb-span8\">\n<div class=\"wpb_wrapper\">\n<div class=\"td_block_wrap tdb_single_categories tdi_44 td-pb-border-top td_block_template_1 \" data-td-block-uid=\"tdi_44\">\n<div class=\"tdb-category td-fix-index\"><a class=\"tdb-entry-category\" href=\"https:\/\/voceatimisului.ro\/stiri-din-timisoara-si-timis\/\">\u0218tiri<\/a><a class=\"tdb-entry-category\" href=\"https:\/\/voceatimisului.ro\/stiri-din-timisoara-si-timis\/sanatate\/\">S\u0103n\u0103tate<\/a><\/div>\n<\/div>\n<div class=\"td_block_wrap tdb_title tdi_45 tdb-single-title td-pb-border-top td_block_template_1\" data-td-block-uid=\"tdi_45\">\n<div class=\"tdb-block-inner td-fix-index\">\n<h1 class=\"tdb-title-text\">Autorizat\u0103 provizoriu, Maternitatea Odobescu risc\u0103 s\u0103 fie \u00eenchis\u0103<\/h1>\n<\/div>\n<\/div>\n<div class=\"td_block_wrap tdb_single_subtitle tdi_46 td-pb-border-top td_block_template_1\" data-td-block-uid=\"tdi_46\">\n<div class=\"tdb-block-inner td-fix-index\">\n<h2>La doar c\u00e2teva s\u0103pt\u0103m\u00e2ni dup\u0103 inaugurarea festiv\u0103 f\u0103cut\u0103 de primarul Dominic Fritz \u0219i viceprimarul Ruben La\u021bcau, Maternitatea Odobescu func\u021bioneaz\u0103 pe baz\u0103 de autoriza\u021bie provizorie emis\u0103 de DSP Timi\u0219, urm\u00e2nd ca \u00een octombrie unitatea s\u0103 fie reevaluat\u0103. \u00cen caz contrar, cl\u0103direa \u00eenchiriat\u0103 cu peste 43.000 de euro pe lun\u0103 ar putea r\u0103m\u00e2ne f\u0103r\u0103 autoriza\u021bie de func\u021bionare.<\/h2>\n<\/div>\n<\/div>\n<div class=\"vc_row_inner tdi_48  vc_row vc_inner wpb_row td-pb-row\">\n<div class=\"vc_column_inner tdi_50  wpb_column vc_column_container tdc-inner-column td-pb-span6\">\n<div class=\"vc_column-inner\">\n<div class=\"wpb_wrapper\">\n<div class=\"td_block_wrap tdb_single_author tdi_51 td-pb-border-top td_block_template_1 tdb-post-meta\" data-td-block-uid=\"tdi_51\">\n<div class=\"tdb-block-inner td-fix-index\">\n<div class=\"tdb-author-name-wrap\"><span class=\"tdb-author-by\">Autor-<\/span><a class=\"tdb-author-name\" href=\"https:\/\/voceatimisului.ro\/author\/cataadmin\/\">Radu Constantin<\/a><\/div>\n<\/div>\n<\/div>\n<div class=\"td_block_wrap tdb_single_date tdi_52 td-pb-border-top td_block_template_1 tdb-post-meta\" data-td-block-uid=\"tdi_52\">\n<div class=\"tdb-block-inner td-fix-index\"><time class=\"entry-date updated td-module-date\" datetime=\"2025-08-22T16:55:47+03:00\">22 august 2025<\/time><\/div>\n<\/div>\n<div class=\"td_block_wrap tdb_single_comments_count tdi_53 td-pb-border-top td_block_template_1 tdb-post-meta\" data-td-block-uid=\"tdi_53\">\n<div class=\"tdb-block-inner td-fix-index\"><a href=\"https:\/\/voceatimisului.ro\/autorizata-provizoriu-maternitatea-odobescu-risca-sa-fie-inchisa\/#comments\"><span>3<\/span><\/a><\/div>\n<\/div>\n<div class=\"td_block_wrap tdb_single_post_views tdi_54 td-pb-border-top td_block_template_1 tdb-post-meta\" data-td-block-uid=\"tdi_54\">\n<div class=\"tdb-block-inner td-fix-index\"><span class=\"tdb-add-text\">1<\/span><span class=\"td-nr-views-174860\">1448<\/span><\/div>\n<\/div>\n<\/div>\n<\/div>\n<\/div>\n<div class=\"vc_column_inner tdi_56  wpb_column vc_column_container tdc-inner-column td-pb-span6\">\n<div class=\"vc_column-inner\">\n<div class=\"wpb_wrapper\">\n<div class=\"td_block_wrap tdb_single_post_share tdi_57  td-pb-border-top td_block_template_1\" data-td-block-uid=\"tdi_57\">\n<div id=\"tdi_57\" class=\"td-post-sharing tdb-block td-ps-bg td-ps-notext td-post-sharing-style1 \">\n<div class=\"td-post-sharing-visible\"><a class=\"td-social-sharing-button td-social-sharing-button-js td-social-network td-social-facebook\" href=\"https:\/\/www.facebook.com\/sharer.php?u=https%3A%2F%2Fvoceatimisului.ro%2Fautorizata-provizoriu-maternitatea-odobescu-risca-sa-fie-inchisa%2F\" title=\"Facebook\" rel=\"noopener\"><\/p>\n<div class=\"td-social-but-text\">Facebook<\/div>\n<p><\/a><a class=\"td-social-sharing-button td-social-sharing-button-js td-social-network td-social-twitter\" href=\"https:\/\/twitter.com\/intent\/tweet?text=Autorizat%C4%83+provizoriu%2C+Maternitatea+Odobescu+risc%C4%83+s%C4%83+fie+%C3%AEnchis%C4%83&amp;url=https%3A%2F%2Fvoceatimisului.ro%2Fautorizata-provizoriu-maternitatea-odobescu-risca-sa-fie-inchisa%2F&amp;via=Vocea+Timisului\" title=\"Twitter\" rel=\"noopener\"><\/p>\n<div class=\"td-social-but-text\">Twitter<\/div>\n<p><\/a><a class=\"td-social-sharing-button td-social-sharing-button-js td-social-network td-social-pinterest\" href=\"https:\/\/pinterest.com\/pin\/create\/button\/?url=https:\/\/voceatimisului.ro\/autorizata-provizoriu-maternitatea-odobescu-risca-sa-fie-inchisa\/&amp;media=https:\/\/analyse.optim.biz\/wp-content\/uploads\/2025\/12\/ministrul-sanatatii-alexandru-rogobete.webp&amp;description=Autorizat%C4%83+provizoriu%2C+Maternitatea+Odobescu+risc%C4%83+s%C4%83+fie+%C3%AEnchis%C4%83\" title=\"Pinterest\" rel=\"noopener\"><\/p>\n<div class=\"td-social-but-text\">Pinterest<\/div>\n<p><\/a><a class=\"td-social-sharing-button td-social-sharing-button-js td-social-network td-social-whatsapp\" href=\"https:\/\/api.whatsapp.com\/send?text=Autorizat%C4%83+provizoriu%2C+Maternitatea+Odobescu+risc%C4%83+s%C4%83+fie+%C3%AEnchis%C4%83%20%0A%0A%20https:\/\/voceatimisului.ro\/autorizata-provizoriu-maternitatea-odobescu-risca-sa-fie-inchisa\/\" title=\"WhatsApp\" rel=\"noopener\"><\/p>\n<div class=\"td-social-but-text\">WhatsApp<\/div>\n<p><\/a><a class=\"td-social-sharing-button td-social-sharing-button-js td-social-network td-social-linkedin\" href=\"https:\/\/www.linkedin.com\/shareArticle?mini=true&amp;url=https:\/\/voceatimisului.ro\/autorizata-provizoriu-maternitatea-odobescu-risca-sa-fie-inchisa\/&amp;title=Autorizat%C4%83+provizoriu%2C+Maternitatea+Odobescu+risc%C4%83+s%C4%83+fie+%C3%AEnchis%C4%83\" title=\"Linkedin\" rel=\"noopener\"><\/p>\n<div class=\"td-social-but-text\">Linkedin<\/div>\n<p><\/a><a class=\"td-social-sharing-button td-social-sharing-button-js td-social-network td-social-copy_url\" href=\"https:\/\/voceatimisului.ro\/autorizata-provizoriu-maternitatea-odobescu-risca-sa-fie-inchisa\/\" title=\"Copy URL\" rel=\"noopener\"><\/p>\n<div class=\"td-social-but-text\">Copy URL<\/div>\n<p><\/a><\/div>\n<\/div>\n<\/div>\n<\/div>\n<\/div>\n<\/div>\n<\/div>\n<div class=\"td_block_wrap tdb_single_featured_image tdi_58 tdb-content-horiz-left td-pb-border-top td_block_template_1\" data-td-block-uid=\"tdi_58\">\n<div class=\"tdb-block-inner td-fix-index\">\n<figure><img fetchpriority=\"high\" decoding=\"async\" width=\"696\" height=\"928\" class=\"entry-thumb\" src=\"https:\/\/analyse.optim.biz\/wp-content\/uploads\/2025\/12\/ministrul-sanatatii-alexandru-rogobete-696x928-2.webp\" alt=\"ministrul S\u0103n\u0103t\u0103\u021bii Alexandru Rogobete\" title=\"ministrul S\u0103n\u0103t\u0103\u021bii Alexandru Rogobete\" loading=\"eager\"><figcaption class=\"tdb-caption-text\">Autorizat\u0103 provizoriu, Maternitatea Odobescu risc\u0103 s\u0103 fie \u00eenchis\u0103<\/figcaption><\/figure>\n<\/div>\n<\/div>\n<div class=\"vc_row_inner tdi_60  vc_row vc_inner wpb_row td-pb-row\">\n<div class=\"vc_column_inner tdi_62  wpb_column vc_column_container tdc-inner-column td-pb-span4 td-is-sticky\">\n<div class=\"vc_column-inner\">\n<div class=\"wpb_wrapper\" data-sticky-enabled-on=\"W3RydWUsdHJ1ZSx0cnVlLHRydWVd\" data-sticky-offset=\"20\" data-sticky-is-width-auto=\"W2ZhbHNlLGZhbHNlLGZhbHNlLGZhbHNlXQ==\">\n<div class=\"td_block_wrap td_flex_block_1 tdi_63 td-pb-border-top td_block_template_1 td_ajax_preloading_preload td_flex_block\" data-td-block-uid=\"tdi_63\">\n<div id=\"tdi_63\" class=\"td_block_inner td-mc1-wrap\">\n<div class=\"td_module_flex td_module_flex_1 td_module_wrap td-animation-stack td-meta-info-hide td-cpt-post\">\n<div class=\"td-module-container td-category-pos-image\">\n<div class=\"td-module-meta-info\">\n<h3 class=\"entry-title td-module-title\"><a href=\"https:\/\/voceatimisului.ro\/dezastru-la-spitalul-municipal-timisoara-mizerie-pe-holuri-si-o-conducere-care-vaneaza-angajatii-incomozi\/\" rel=\"bookmark\" title=\"Dezastru la Spitalul Municipal Timi\u0219oara, mizerie pe holuri \u0219i o conducere care v\u00e2neaz\u0103 angaja\u021bii incomozi\">Dezastru la Spitalul Municipal Timi\u0219oara, mizerie pe holuri \u0219i o conducere care v\u00e2neaz\u0103 angaja\u021bii incomozi<\/a><\/h3>\n<\/div>\n<\/div>\n<\/div>\n<div class=\"td_module_flex td_module_flex_1 td_module_wrap td-animation-stack td-meta-info-hide td-cpt-post\">\n<div class=\"td-module-container td-category-pos-image\">\n<div class=\"td-module-meta-info\">\n<h3 class=\"entry-title td-module-title\"><a href=\"https:\/\/voceatimisului.ro\/angajari-cu-dedicatie-la-spitalul-municipal-timisoara-concursuri-modificate-peste-noapte-sub-ochii-primarului-dominic-fritz\/\" rel=\"bookmark\" title=\"Angaj\u0103ri cu dedica\u021bie la Spitalul Municipal Timi\u0219oara. Concursuri modificate peste noapte sub ochii primarului Dominic Fritz\">Angaj\u0103ri cu dedica\u021bie la Spitalul Municipal Timi\u0219oara. Concursuri modificate peste noapte sub ochii primarului Dominic Fritz<\/a><\/h3>\n<\/div>\n<\/div>\n<\/div>\n<div class=\"td_module_flex td_module_flex_1 td_module_wrap td-animation-stack td-meta-info-hide td-cpt-post\">\n<div class=\"td-module-container td-category-pos-image\">\n<div class=\"td-module-meta-info\">\n<h3 class=\"entry-title td-module-title\"><a href=\"https:\/\/voceatimisului.ro\/concursul-de-la-spitalul-municipal-timisoara-corectat-peste-noapte-erata-care-confirma-ca-posturile-erau-facute-cu-dedicatie\/\" rel=\"bookmark\" title=\"Concursul de la Spitalul Municipal Timi\u0219oara, corectat peste noapte. Erata care confirm\u0103 c\u0103 posturile erau f\u0103cute \u201ecu dedica\u021bie\u201d\">Concursul de la Spitalul Municipal Timi\u0219oara, corectat peste noapte. Erata care confirm\u0103 c\u0103 posturile erau f\u0103cute \u201ecu dedica\u021bie\u201d<\/a><\/h3>\n<\/div>\n<\/div>\n<\/div>\n<div class=\"td_module_flex td_module_flex_1 td_module_wrap td-animation-stack td-meta-info-hide td-cpt-post\">\n<div class=\"td-module-container td-category-pos-image\">\n<div class=\"td-module-meta-info\">\n<h3 class=\"entry-title td-module-title\"><a href=\"https:\/\/voceatimisului.ro\/dupa-dezvaluirile-vocea-timisului-spitalul-municipal-anuleaza-concursul-suspect\/\" rel=\"bookmark\" title=\"Dup\u0103 dezv\u0103luirile Vocea Timi\u0219ului, Spitalul Municipal anuleaz\u0103 concursul suspect\">Dup\u0103 dezv\u0103luirile Vocea Timi\u0219ului, Spitalul Municipal anuleaz\u0103 concursul suspect<\/a><\/h3>\n<\/div>\n<\/div>\n<\/div>\n<\/div>\n<\/div>\n<div class=\"tdb-author-box td_block_wrap tdb_single_author_box tdi_68 tdb-content-vert-top td-pb-border-top td_block_template_1\" data-td-block-uid=\"tdi_68\">\n<div class=\"tdb-block-inner td-fix-index\">\n<div class=\"tdb-author-info\"><a href=\"https:\/\/voceatimisului.ro\/author\/cataadmin\/\" class=\"tdb-author-name\">Radu Constantin<\/a><a href=\"http:\/\/www.voceatimisului.ro\" rel=\"nofollow\" class=\"tdb-author-url\">http:\/\/www.voceatimisului.ro<\/a><\/p>\n<div class=\"tdb-author-descr\">\u00centreaga responsabilitate a comentariilor l\u0103sate de dumneavoastr\u0103 v\u0103 apar\u021bine!<br \/>\nClick <a href=\"https:\/\/voceatimisului.ro\/termeni-si-conditii\/\">aici<\/a>-citeste condi\u0163iile de utilizare ale site-ului www.voceatimisului.ro<\/div>\n<\/div>\n<\/div>\n<\/div>\n<\/div>\n<\/div>\n<\/div>\n<div class=\"vc_column_inner tdi_70  wpb_column vc_column_container tdc-inner-column td-pb-span8\">\n<div class=\"vc_column-inner\">\n<div class=\"wpb_wrapper\">\n<div class=\"td_block_wrap tdb_single_content tdi_71 td-pb-border-top td_block_template_1 td-post-content tagdiv-type\" data-td-block-uid=\"tdi_71\">\n<div class=\"tdb-block-inner td-fix-index\">\n<h3 class=\"wp-block-heading\">Pe 24 iulie 2025, Prim\u0103ria Timi\u0219oara anun\u021ba cu surle \u0219i tr\u00e2mbi\u021be redeschiderea Maternit\u0103\u021bii Odobescu \u00eentr-o nou\u0103 loca\u021bie, fostul spital privat \u201ePresident\u201d de pe strada Franyo Zoltan. Panglica a fost t\u0103iat\u0103 de primarul Dominic Fritz \u0219i viceprimarul Ruben La\u021bc\u0103u, \u00eenso\u021bi\u021bi de conducerea spitalului municipal. Mesajul era unul lini\u0219titor: cl\u0103direa respect\u0103 toate normele, este sigur\u0103 \u0219i modern\u0103.<\/h3>\n<p>La numai cinci zile dup\u0103 inaugurare, realitatea a contrazis declara\u021biile oficiale. Expertiza tehnic\u0103 efectuat\u0103 de firma AGASI a consemnat deficien\u021be majore: instala\u021bii electrice neconforme, ventila\u021bie necorespunz\u0103toare, filtre HEPA defecte. Raportul a ap\u0103rut pe 29 iulie, \u00een timp ce spitalul func\u021biona deja \u0219i primea paciente.<\/p>\n<p>\u00cen paralel, Direc\u021bia de S\u0103n\u0103tate Public\u0103 Timi\u0219 a emis o <strong>autoriza\u021bie provizorie<\/strong>, valabil\u0103 p\u00e2n\u0103 \u00een octombrie 2025, c\u00e2nd unitatea urmeaz\u0103 s\u0103 fie reevaluat\u0103. Practic, DSP confirm\u0103 c\u0103 maternitatea func\u021bioneaz\u0103 \u00een regim temporar \u0219i c\u0103 exist\u0103 condi\u021bii de revizuire a autoriza\u021biei.<\/p>\n<p>\u00centre timp, tragedia lovea direct \u00een imaginea noii maternit\u0103\u021bi. <a href=\"https:\/\/voceatimisului.ro\/moartea-unei-adolescente-la-maternitatea-odobescu-ascunsa-sub-tacere-angajati-acuza-presiuni-probleme-tehnice-si-musamalizare-politica\/\" target=\"_blank\" rel=\"noreferrer noopener\">Pe 9 august, Adriana Vaslan Cleo, o adolescent\u0103 de 17 ani din Checea, a n\u0103scut la Odobescu, dar c\u00e2teva ore mai t\u00e2rziu a intrat \u00een stop cardio-respirator \u0219i a decedat \u00een noaptea de 10 august.<\/a> \u00cen loc de clarific\u0103ri, au urmat multe confuzii: fi\u0219a pacientei a fost modificat\u0103 de patru ori, raportarea c\u0103tre Medicina Legal\u0103 nu s-a f\u0103cut, iar <a href=\"https:\/\/voceatimisului.ro\/moartea-adrianei-vaslan-cleo-17-ani-minciuni-musamalizare-si-contradictii-in-cazul-care-zguduie-maternitatea-odobescu\/\" target=\"_blank\" rel=\"noreferrer noopener\">Parchetul de pe l\u00e2ng\u0103 Tribunalul Timi\u0219 a confirmat deschiderea unui dosar penal.<\/a><\/p>\n<p>La conferin\u021ba de pres\u0103 de ast\u0103zi, ministrul S\u0103n\u0103t\u0103\u021bii Alexandru Rogobete a \u00eencercat s\u0103 r\u0103spund\u0103 \u00eentreb\u0103rilor despre tragedia de la Odobescu. A fost precaut, dar a admis c\u0103 situa\u021bia este grav\u0103 \u0219i a anun\u021bat c\u0103 trimite Corpul de Control. <strong><em>\u201eColegiul Medicilor desf\u0103\u0219oar\u0103 o anchet\u0103 disciplinar\u0103. Dac\u0103 se constat\u0103 c\u0103 sunt necesare verific\u0103ri administrative, voi trimite Corpul de Control \u0219i Inspec\u021bia Sanitar\u0103. Voi face public raportul, a\u0219a cum am f\u0103cut de fiecare dat\u0103\u201d,<\/em><\/strong> a declarat Rogobete. Ministrul a recunoscut c\u0103 nu are toate documentele la zi, dar a spus c\u0103 le va cere \u0219i analiza. <strong><em>\u201eNu pot s\u0103 m\u0103 antepronun\u021b p\u00e2n\u0103 nu v\u0103d raportul Colegiului Medicilor. Dac\u0103 este nevoie, nu voi ezita s\u0103 dispun verific\u0103ri suplimentare.\u201d<\/em><\/strong><\/p>\n<p>\u00cen oglind\u0103, \u0219eful DSP Timi\u0219, Florin Ardelean, a oferit imaginea clasic\u0103 a birocratului care se spal\u0103 pe m\u00e2ini. \u00centrebat despre raportul AGASI, care arat\u0103 c\u0103 instala\u021biile \u0219i filtrele nu corespund, acesta a spus: <strong><em>\u201eRaportul a fost eliberat la cinci zile dup\u0103 inaugurare. Deci a fost f\u0103cut ulterior.\u201d Apoi s-a contrazis singur: \u201eDa, aveam cuno\u0219tin\u021b\u0103 de probleme, dar raportul a ap\u0103rut dup\u0103 autorizare.\u201d<\/em><\/strong><\/p>\n<p>Mai mult, \u00eentrebat despre r\u0103spunsurile oficiale trimise presei, a admis c\u0103 <strong><em>\u201esunt f\u0103cute de compartiment, eu doar le semnez<\/em><\/strong>\u201d. Cu alte cuvinte, DSP-ul, institu\u021bia care ar trebui s\u0103 garanteze siguran\u021ba pacien\u021bilor, se reduce la un birou de \u0219tampile.<\/p>\n<p>Autorizat\u0103 provizoriu cu reevaluare \u00een octombrie, DSP Timi\u0219 recunoa\u0219te acum, prin adresa oficial\u0103 semnat\u0103 de directorul Florin Ardelean, c\u0103 maternitatea func\u021bioneaz\u0103 doar pe baza unei autoriza\u021bii provizorii, urm\u00e2nd reevaluarea \u00een octombrie. Cu alte cuvinte, chiar autoritatea care trebuia s\u0103 garanteze siguran\u021ba recunoa\u0219te c\u0103 situa\u021bia e \u0219ubred\u0103. Iar raportul AGASI e imposibil de ignorat: la asemenea deficien\u021be, lucr\u0103rile necesare nu se pot face cu mamele \u0219i nou-n\u0103scu\u021bii \u00een\u0103untru.<\/p>\n<p>Managerul Stela Iurciuc: <strong>\u201enu se poate face leg\u0103tura cu \u00eengrijirile medicale\u201d<\/strong>. \u00cen loc s\u0103 l\u0103mureasc\u0103 problemele de fond, conducerea spitalului a ales strategia clasic\u0103: comunicat pe Facebook. Managerul Stela Iurciuc scrie c\u0103 pacienta <strong><em>\u201ea fost admis\u0103 f\u0103r\u0103 afectarea func\u021biilor vitale\u201d \u0219i c\u0103 \u201enu se poate face o leg\u0103tur\u0103 \u00eentre \u00eengrijirile oferite \u0219i deces\u201d.<\/em><\/strong> Mai mult, presa e acuzat\u0103 c\u0103 propag\u0103 judec\u0103\u021bi \u0219i afecteaz\u0103 moralul personalului. Nimic despre raportul AGASI, nimic despre cele patru modific\u0103ri din foaia pacientei, nimic despre lipsa notific\u0103rii la Medicina Legal\u0103 imediat dup\u0103 deces.<\/p>\n<p>Contractul de \u00eenchiriere nr. 14\/13.03.2025 prevede chirii lunare de 43.790 de euro, care vor urca la 44.500 de euro dup\u0103 eliberarea unui spa\u021biu unde acum e angiograful. Toate lucr\u0103rile de \u00eentre\u021binere \u0219i repara\u021bii cad \u00een sarcina chiria\u0219ului, adic\u0103 spitalul public. Practic, banii contribuabililor se duc \u00eentr-o cl\u0103dire care risc\u0103 s\u0103 fie \u00eenchis\u0103 \u00een c\u00e2teva luni, dac\u0103 reevaluarea din octombrie confirm\u0103 neconformit\u0103\u021bile.<\/p>\n<p>A\u0219a arat\u0103, din p\u0103cate, realitatea de sub panglicile inaugurale: o maternitate cu chirie de lux, cu autoriza\u021bie provizorie, cu probleme tehnice grave, cu un deces care ridic\u0103 suspiciuni serioase \u0219i cu anchete deschise pe toate palierele \u2013 medical, administrativ \u0219i penal.<\/p>\n<figure class=\"wp-block-embed is-type-video is-provider-youtube wp-block-embed-youtube wp-embed-aspect-16-9 \">\n<div class=\"wp-block-embed__wrapper\"><span class=\"flying-press-youtube\" data-src=\"https:\/\/www.youtube.com\/embed\/GWvRaEkPZ80?feature=oembed&amp;autoplay=1\"><img decoding=\"async\" src=\"https:\/\/analyse.optim.biz\/wp-content\/uploads\/2025\/12\/1dbf55ec1f2a86cb6c0fd66f3218ddab.jpg\" width=\"1280\" height=\"720\" alt=\"Rogobete\" loading=\"lazy\" title=\"1dbf55ec1f2a86cb6c0fd66f3218ddab\"><\/span><\/div>\n<\/figure>\n<figure class=\"wp-block-gallery has-nested-images columns-default is-cropped wp-block-gallery-1 is-layout-flex wp-block-gallery-is-layout-flex\">\n<div><a href=\"https:\/\/analyse.optim.biz\/wp-content\/uploads\/2025\/12\/expertiza-tehnica-realizata-de-agasi-srl-1-768x1024-1.webp\" class=\"td-modal-image\"><\/p>\n<figure class=\"wp-block-image size-large\"><img decoding=\"async\" width=\"768\" height=\"1024\" data-id=\"174842\" src=\"https:\/\/analyse.optim.biz\/wp-content\/uploads\/2025\/12\/expertiza-tehnica-realizata-de-agasi-srl-1-768x1024-1.webp\" alt=\"Expertiza tehnic\u0103 realizat\u0103 de AGASI SRL -1\" class=\"wp-image-174842\" loading=\"lazy\" title=\"expertiza-tehnica-realizata-de-agasi-srl-1-768x1024-1\"><\/figure>\n<p><\/a><\/div>\n<div><a href=\"https:\/\/analyse.optim.biz\/wp-content\/uploads\/2025\/12\/expertiza-tehnica-realizata-de-agasi-srl-6-768x1024-1.webp\" class=\"td-modal-image\"><\/p>\n<figure class=\"wp-block-image size-large\"><img decoding=\"async\" width=\"768\" height=\"1024\" data-id=\"174847\" src=\"https:\/\/analyse.optim.biz\/wp-content\/uploads\/2025\/12\/expertiza-tehnica-realizata-de-agasi-srl-6-768x1024-1.webp\" alt=\"Expertiza tehnic\u0103 realizat\u0103 de AGASI SRL -6\" class=\"wp-image-174847\" loading=\"lazy\" title=\"expertiza-tehnica-realizata-de-agasi-srl-6-768x1024-1\"><\/figure>\n<p><\/a><\/div>\n<\/figure>\n<\/div>\n<\/div>\n<div class=\"td_block_wrap tdb_single_tags tdi_74 td-pb-border-top td_block_template_1\" data-td-block-uid=\"tdi_74\">\n<div class=\"tdb-block-inner td-fix-index\">\n<ul class=\"tdb-tags\">\n<li><span>Tags<\/span><\/li>\n<li><a href=\"https:\/\/voceatimisului.ro\/tag\/adriana-vaslan-cleo\/\">Adriana Vaslan Cleo<\/a><\/li>\n<li><a href=\"https:\/\/voceatimisului.ro\/tag\/dsp-timis\/\">dsp timis<\/a><\/li>\n<li><a href=\"https:\/\/voceatimisului.ro\/tag\/maternitatea-odobescu\/\">maternitatea odobescu<\/a><\/li>\n<li><a href=\"https:\/\/voceatimisului.ro\/tag\/ministrul-sanatatii\/\">ministrul sanatatii<\/a><\/li>\n<li><a href=\"https:\/\/voceatimisului.ro\/tag\/spitalul-municipal-timisoara\/\">spitalul municipal timisoara<\/a><\/li>\n<li><a href=\"https:\/\/voceatimisului.ro\/tag\/stela-iurciuc\/\">Stela Iurciuc<\/a><\/li>\n<\/ul>\n<\/div>\n<\/div>\n<div class=\"td_block_wrap tdb_single_post_share tdi_75  td-pb-border-top td_block_template_1\" data-td-block-uid=\"tdi_75\">\n<div id=\"tdi_75\" class=\"td-post-sharing tdb-block td-ps-bg td-ps-notext td-post-sharing-style1 \">\n<div class=\"td-post-sharing-visible\"><a class=\"td-social-sharing-button td-social-sharing-button-js td-social-network td-social-facebook\" href=\"https:\/\/www.facebook.com\/sharer.php?u=https%3A%2F%2Fvoceatimisului.ro%2Fautorizata-provizoriu-maternitatea-odobescu-risca-sa-fie-inchisa%2F\" title=\"Facebook\" rel=\"noopener\"><\/p>\n<div class=\"td-social-but-text\">Facebook<\/div>\n<p><\/a><a class=\"td-social-sharing-button td-social-sharing-button-js td-social-network td-social-twitter\" href=\"https:\/\/twitter.com\/intent\/tweet?text=Autorizat%C4%83+provizoriu%2C+Maternitatea+Odobescu+risc%C4%83+s%C4%83+fie+%C3%AEnchis%C4%83&amp;url=https%3A%2F%2Fvoceatimisului.ro%2Fautorizata-provizoriu-maternitatea-odobescu-risca-sa-fie-inchisa%2F&amp;via=Vocea+Timisului\" title=\"Twitter\" rel=\"noopener\"><\/p>\n<div class=\"td-social-but-text\">Twitter<\/div>\n<p><\/a><a class=\"td-social-sharing-button td-social-sharing-button-js td-social-network td-social-pinterest\" href=\"https:\/\/pinterest.com\/pin\/create\/button\/?url=https:\/\/voceatimisului.ro\/autorizata-provizoriu-maternitatea-odobescu-risca-sa-fie-inchisa\/&amp;media=https:\/\/analyse.optim.biz\/wp-content\/uploads\/2025\/12\/ministrul-sanatatii-alexandru-rogobete.webp&amp;description=Autorizat%C4%83+provizoriu%2C+Maternitatea+Odobescu+risc%C4%83+s%C4%83+fie+%C3%AEnchis%C4%83\" title=\"Pinterest\" rel=\"noopener\"><\/p>\n<div class=\"td-social-but-text\">Pinterest<\/div>\n<p><\/a><a class=\"td-social-sharing-button td-social-sharing-button-js td-social-network td-social-whatsapp\" href=\"https:\/\/api.whatsapp.com\/send?text=Autorizat%C4%83+provizoriu%2C+Maternitatea+Odobescu+risc%C4%83+s%C4%83+fie+%C3%AEnchis%C4%83%20%0A%0A%20https:\/\/voceatimisului.ro\/autorizata-provizoriu-maternitatea-odobescu-risca-sa-fie-inchisa\/\" title=\"WhatsApp\" rel=\"noopener\"><\/p>\n<div class=\"td-social-but-text\">WhatsApp<\/div>\n<p><\/a><a class=\"td-social-sharing-button td-social-sharing-button-js td-social-network td-social-linkedin\" href=\"https:\/\/www.linkedin.com\/shareArticle?mini=true&amp;url=https:\/\/voceatimisului.ro\/autorizata-provizoriu-maternitatea-odobescu-risca-sa-fie-inchisa\/&amp;title=Autorizat%C4%83+provizoriu%2C+Maternitatea+Odobescu+risc%C4%83+s%C4%83+fie+%C3%AEnchis%C4%83\" title=\"Linkedin\" rel=\"noopener\"><\/p>\n<div class=\"td-social-but-text\">Linkedin<\/div>\n<p><\/a><a class=\"td-social-sharing-button td-social-sharing-button-js td-social-network td-social-copy_url\" href=\"https:\/\/voceatimisului.ro\/autorizata-provizoriu-maternitatea-odobescu-risca-sa-fie-inchisa\/\" title=\"Copy URL\" rel=\"noopener\"><\/p>\n<div class=\"td-social-but-text\">Copy URL<\/div>\n<p><\/a><\/div>\n<\/div>\n<\/div>\n<div class=\"td_block_wrap tdb_single_next_prev tdi_76 td-animation-stack td-next-prev-img-on td-pb-border-top td_block_template_1\" data-td-block-uid=\"tdi_76\">\n<div class=\"tdb-block-inner td-fix-index\">\n<div class=\"tdb-next-post tdb-next-post-bg tdb-post-prev\"><span>Articolul precedent<\/span><\/p>\n<div class=\"td-module-container\">\n<div class=\"td-image-container\"><a class=\"td-image-wrap\" href=\"https:\/\/voceatimisului.ro\/actiune-a-politistilor-din-timisoara-pentru-combaterea-evaziunii-fiscale-in-domeniul-transportului-alternativ\/\"><img loading=\"lazy\" decoding=\"async\" class=\"td-next-prev-image td-fix-index td-lazy-img\" title=\"Ac\u021biune a poli\u021bi\u0219tilor din Timi\u0219oara pentru combaterea evaziunii fiscale \u00een domeniul transportului alternativ\" width=\"696\" height=\"334\" src=\"https:\/\/analyse.optim.biz\/wp-content\/uploads\/2025\/12\/actiune-a-politistilor-din-timisoara-696x334-1.webp\"><\/a><\/div>\n<div class=\"next-prev-title\"><a href=\"https:\/\/voceatimisului.ro\/actiune-a-politistilor-din-timisoara-pentru-combaterea-evaziunii-fiscale-in-domeniul-transportului-alternativ\/\">Ac\u021biune a poli\u021bi\u0219tilor din Timi\u0219oara pentru combaterea evaziunii fiscale \u00een domeniul transportului alternativ<\/a><\/div>\n<\/div>\n<\/div>\n<div class=\"tdb-next-post tdb-next-post-bg tdb-post-next\"><span>Articolul urm\u0103tor<\/span><\/p>\n<div class=\"td-module-container\">\n<div class=\"td-image-container\"><a class=\"td-image-wrap\" href=\"https:\/\/voceatimisului.ro\/institutul-regional-de-oncologie-timisoara-are-finantare-confirmata\/\"><img loading=\"lazy\" decoding=\"async\" class=\"td-next-prev-image td-fix-index td-lazy-img\" title=\"Institutul Regional de Oncologie Timi\u0219oara are finan\u021bare confirmat\u0103\" width=\"696\" height=\"522\" src=\"https:\/\/analyse.optim.biz\/wp-content\/uploads\/2025\/12\/institutul-regional-de-oncologie-timisoara-696x522-3.webp\"><\/a><\/div>\n<div class=\"next-prev-title\"><a href=\"https:\/\/voceatimisului.ro\/institutul-regional-de-oncologie-timisoara-are-finantare-confirmata\/\">Institutul Regional de Oncologie Timi\u0219oara are finan\u021bare confirmat\u0103<\/a><\/div>\n<\/div>\n<\/div>\n<\/div>\n<\/div>\n<\/div>\n<\/div>\n<\/div>\n<\/div>\n<div class=\"vc_row_inner tdi_86  vc_row vc_inner wpb_row td-pb-row\">\n<div class=\"vc_column_inner tdi_88  wpb_column vc_column_container tdc-inner-column td-pb-span4 td-is-sticky\">\n<div class=\"vc_column-inner\">\n<div class=\"wpb_wrapper\" data-sticky-enabled-on=\"W3RydWUsdHJ1ZSx0cnVlLHRydWVd\" data-sticky-offset=\"20\" data-sticky-is-width-auto=\"W2ZhbHNlLGZhbHNlLGZhbHNlLGZhbHNlXQ==\">\n<div class=\"td_block_wrap tdb_single_related tdi_89 td_with_ajax_pagination td-pb-border-top td_block_template_1 tdb-single-related-posts\" data-td-block-uid=\"tdi_89\">\n<div id=\"tdi_89\" class=\"td_block_inner tdb-block-inner td-fix-index\">\n<div class=\"tdb_module_related td_module_wrap td-animation-stack td-meta-info-hide\">\n<div class=\"td-module-container td-category-pos-image\">\n<div class=\"td-module-meta-info\">\n<h3 class=\"entry-title td-module-title\"><a href=\"https:\/\/voceatimisului.ro\/80-de-miliarde-la-casa-de-sanatate-si-spitale-fara-paracetamol\/\" rel=\"bookmark\" title=\"80 de miliarde la Casa de S\u0103n\u0103tate \u0219i spitale f\u0103r\u0103 paracetamol\">80 de miliarde la Casa de S\u0103n\u0103tate \u0219i spitale f\u0103r\u0103 paracetamol<\/a><\/h3>\n<\/div>\n<\/div>\n<\/div>\n<div class=\"tdb_module_related td_module_wrap td-animation-stack td-meta-info-hide\">\n<div class=\"td-module-container td-category-pos-image\">\n<div class=\"td-module-meta-info\">\n<h3 class=\"entry-title td-module-title\"><a href=\"https:\/\/voceatimisului.ro\/moartea-adrianei-vaslan-cleo-si-scandalul-noii-maternitati-odobescu-panglici-ipoteci-si-musamalizari\/\" rel=\"bookmark\" title=\"Moartea Adrianei Vaslan-Cleo \u0219i scandalul noii maternit\u0103\u021bi Odobescu: panglici, ipoteci \u0219i mu\u0219amaliz\u0103ri\">Moartea Adrianei Vaslan-Cleo \u0219i scandalul noii maternit\u0103\u021bi Odobescu: panglici, ipoteci \u0219i mu\u0219amaliz\u0103ri<\/a><\/h3>\n<\/div>\n<\/div>\n<\/div>\n<div class=\"tdb_module_related td_module_wrap td-animation-stack td-meta-info-hide\">\n<div class=\"td-module-container td-category-pos-image\">\n<div class=\"td-module-meta-info\">\n<h3 class=\"entry-title td-module-title\"><a href=\"https:\/\/voceatimisului.ro\/moartea-adrianei-vaslan-cleo-17-ani-minciuni-musamalizare-si-contradictii-in-cazul-care-zguduie-maternitatea-odobescu\/\" rel=\"bookmark\" title=\"Moartea Adrianei Vaslan Cleo, 17 ani \u2013 minciuni, mu\u0219amalizare \u0219i contradic\u021bii \u00een cazul care zguduie Maternitatea Odobescu\">Moartea Adrianei Vaslan Cleo, 17 ani \u2013 minciuni, mu\u0219amalizare \u0219i contradic\u021bii \u00een cazul care zguduie Maternitatea Odobescu<\/a><\/h3>\n<\/div>\n<\/div>\n<\/div>\n<\/div>\n<\/div>\n<\/div>\n<\/div>\n<\/div>\n<div class=\"vc_column_inner tdi_91  wpb_column vc_column_container tdc-inner-column td-pb-span8\">\n<div class=\"vc_column-inner\">\n<div class=\"wpb_wrapper\">\n<div class=\"td_block_wrap tdb_single_comments tdi_92 tdb-comm-layout2 td-pb-border-top td_block_template_2\" data-td-block-uid=\"tdi_92\">\n<div class=\"tdb-block-inner td-fix-index\">\n<div class=\"comments\" id=\"comments\">\n<div class=\"td-comments-title-wrap td_block_template_2\">\n<h4 class=\"td-comments-title td-block-title\"><span>3 COMENTARII<\/span><\/h4>\n<\/div>\n<ol class=\"comment-list\">\n<li class=\"comment \" id=\"comment-30043\">\n<article>\n<footer><cite>Ghi\u021b\u0103<\/cite><a class=\"comment-link\" href=\"https:\/\/voceatimisului.ro\/autorizata-provizoriu-maternitatea-odobescu-risca-sa-fie-inchisa\/#comment-30043\"><time><br \/>\n\t\t\t\t\t\t    16 decembrie 2025\t\t\t\t\t\t    La\t\t\t\t\t\t    9:44 AM<\/time><\/a><\/footer>\n<div class=\"comment-content\">\n<p>M\u0103 \u00eentrebam, retoric evident, cine e proprietarul, c\u0103 nici un hotel de 5*, nu ar fi c\u00e2\u0219tigat at\u00e2\u021bia bani pe ruina asta\u2026<\/p>\n<\/div>\n<div class=\"comment-meta\" id=\"comment-30043\"><a rel=\"nofollow\" class=\"comment-reply-link\" href=\"https:\/\/voceatimisului.ro\/autorizata-provizoriu-maternitatea-odobescu-risca-sa-fie-inchisa\/#comment-30043\" data-commentid=\"30043\" data-postid=\"174860\" data-belowelement=\"comment-30043\" data-respondelement=\"respond\" data-replyto=\"R\u0103spunde-i lui Ghi\u021b\u0103\" aria-label=\"R\u0103spunde-i lui Ghi\u021b\u0103\">R\u0103spunde\u021bi<\/a><\/div>\n<\/article>\n<ul class=\"children\">\n<li class=\"comment \" id=\"comment-30045\">\n<article>\n<footer><cite><a href=\"http:\/\/www.voceatimisului.ro\" class=\"url\" rel=\"ugc external nofollow\">Radu Constantin<\/a><\/cite><a class=\"comment-link\" href=\"https:\/\/voceatimisului.ro\/autorizata-provizoriu-maternitatea-odobescu-risca-sa-fie-inchisa\/#comment-30045\"><time><br \/>\n\t\t\t\t\t\t    16 decembrie 2025\t\t\t\t\t\t    La\t\t\t\t\t\t    12:09 PM<\/time><\/a><\/footer>\n<div class=\"comment-content\">\n<p>Cei de la UTT.<\/p>\n<\/div>\n<div class=\"comment-meta\" id=\"comment-30045\"><a rel=\"nofollow\" class=\"comment-reply-link\" href=\"https:\/\/voceatimisului.ro\/autorizata-provizoriu-maternitatea-odobescu-risca-sa-fie-inchisa\/#comment-30045\" data-commentid=\"30045\" data-postid=\"174860\" data-belowelement=\"comment-30045\" data-respondelement=\"respond\" data-replyto=\"R\u0103spunde-i lui Radu Constantin\" aria-label=\"R\u0103spunde-i lui Radu Constantin\">R\u0103spunde\u021bi<\/a><\/div>\n<\/article>\n<\/li>\n<\/ul>\n<\/li>\n<li class=\"comment \" id=\"comment-29648\">\n<article>\n<footer><cite>Mecanic<\/cite><a class=\"comment-link\" href=\"https:\/\/voceatimisului.ro\/autorizata-provizoriu-maternitatea-odobescu-risca-sa-fie-inchisa\/#comment-29648\"><time><br \/>\n\t\t\t\t\t\t    23 august 2025\t\t\t\t\t\t    La\t\t\t\t\t\t    10:01 AM<\/time><\/a><\/footer>\n<div class=\"comment-content\">\n<p>Numa minciuni ca sa acopere rahatul in care e spitalul asta.n-au de nici unele da bine ca au sefi pusi sa aduca contracte cu firmele si pilele lor.Cica acu isi baga pilele cu pfa ca sa nu se vada ca maresc numarul de angajati.Smecheri nu gluma<\/p>\n<\/div>\n<div class=\"comment-meta\" id=\"comment-29648\"><a rel=\"nofollow\" class=\"comment-reply-link\" href=\"https:\/\/voceatimisului.ro\/autorizata-provizoriu-maternitatea-odobescu-risca-sa-fie-inchisa\/#comment-29648\" data-commentid=\"29648\" data-postid=\"174860\" data-belowelement=\"comment-29648\" data-respondelement=\"respond\" data-replyto=\"R\u0103spunde-i lui Mecanic\" aria-label=\"R\u0103spunde-i lui Mecanic\">R\u0103spunde\u021bi<\/a><\/div>\n<\/article>\n<\/li>\n<\/ol>\n<div id=\"respond\" class=\"comment-respond\">\n<h3 id=\"reply-title\" class=\"comment-reply-title\">L\u0102SA\u021aI UN MESAJ <small><a rel=\"nofollow\" id=\"cancel-comment-reply-link\" href=\"https:\/\/voceatimisului.ro\/autorizata-provizoriu-maternitatea-odobescu-risca-sa-fie-inchisa\/#respond\">Renun\u021ba\u021bi la r\u0103spuns<\/a><\/small><\/h3>\n<div class=\"comment-form-input-wrap td-form-comment\">\n<div class=\"td-warning-comment\">V\u0103 rug\u0103m s\u0103 introduce\u021bi comentariul dvs.!<\/div>\n<\/div>\n<div class=\"comment-form-input-wrap td-form-author\">\n<div class=\"td-warning-author\">Introduce\u021bi aici numele dvs.<\/div>\n<\/div>\n<div class=\"comment-form-input-wrap td-form-email\">\n<div class=\"td-warning-email-error\">A\u021bi introdus o adres\u0103 de e-mail incorect\u0103!<\/div>\n<div class=\"td-warning-email\">V\u0103 rug\u0103m s\u0103 introduce\u021bi adresa dvs. de e-mail aici<\/div>\n<\/div>\n<\/div>\n<\/div>\n<\/div>\n<\/div>\n<\/div>\n<\/div>\n<\/div>\n<\/div>\n<\/div>\n<\/div>\n<div class=\"vc_column tdi_94  wpb_column vc_column_container tdc-column td-pb-span4 td-is-sticky\">\n<div class=\"wpb_wrapper\" data-sticky-enabled-on=\"W3RydWUsdHJ1ZSx0cnVlLHRydWVd\" data-sticky-offset=\"20\" data-sticky-is-width-auto=\"W2ZhbHNlLGZhbHNlLGZhbHNlLGZhbHNlXQ==\">\n<div class=\"vc_row_inner tdi_96  vc_row vc_inner wpb_row td-pb-row\">\n<div class=\"vc_column_inner tdi_98  wpb_column vc_column_container tdc-inner-column td-pb-span12\">\n<div class=\"vc_column-inner\">\n<div class=\"wpb_wrapper\">\n<div class=\"td_block_wrap td_block_title tdi_99 td-pb-border-top td_block_template_11 td-fix-index\" data-td-block-uid=\"tdi_99\">\n<div class=\"td-block-title-wrap\">\n<h4 class=\"td-block-title\"><span class=\"td-pulldown-size\">ANUN\u021aURI \u0218I PUBLICITATE<\/span><\/h4>\n<\/div>\n<\/div>\n<\/div>\n<\/div>\n<\/div>\n<\/div>\n<div class=\"wpb_wrapper td_block_wrap vc_widget_sidebar tdi_101 \">\n<aside id=\"block-10\" class=\"td_block_template_1 widget block-10 widget_block widget_media_image\">\n<figure class=\"wp-block-image size-full\"><a href=\"https:\/\/adpghiroda.ro\/index.html\" target=\"_blank\" rel=\" noreferrer noopener\"><img decoding=\"async\" loading=\"eager\" width=\"960\" height=\"960\" src=\"https:\/\/analyse.optim.biz\/wp-content\/uploads\/2025\/12\/adp-ghiroda2-152-1.jpg\" class=\"wp-image-171492\" title=\"adp-ghiroda2-152-1\"><\/a><\/figure>\n<\/aside>\n<aside id=\"block-11\" class=\"td_block_template_1 widget block-11 widget_block widget_media_image\">\n<figure class=\"wp-block-image size-full\"><a href=\"https:\/\/adpghiroda.ro\/index.html\" target=\"_blank\" rel=\" noreferrer noopener\"><img decoding=\"async\" loading=\"eager\" width=\"960\" height=\"960\" src=\"https:\/\/analyse.optim.biz\/wp-content\/uploads\/2025\/12\/adp-ghiroda1-143.jpg\" class=\"wp-image-171491\" title=\"adp-ghiroda1-143\"><\/a><\/figure>\n<\/aside>\n<aside id=\"block-17\" class=\"td_block_template_1 widget block-17 widget_block widget_media_image\">\n<figure class=\"wp-block-image size-large is-resized\"><a href=\"https:\/\/verde.events\/\" target=\"_blank\" rel=\" noreferrer noopener\"><img decoding=\"async\" loading=\"lazy\" width=\"1024\" height=\"683\" src=\"https:\/\/analyse.optim.biz\/wp-content\/uploads\/2025\/12\/verde-events-24-1024x683-146.jpg\" alt=\"Verde Events\" class=\"wp-image-174395\" title=\"verde-events-24-1024x683-146\"><\/a><figcaption class=\"wp-element-caption\"><strong><em>O experien\u021b\u0103 unic\u0103 pentru orice tip de eveniment<\/em><\/strong><\/figcaption><\/figure>\n<\/aside>\n<\/div>\n<div class=\"td_block_wrap td_flex_block_1 tdi_107 td-pb-border-top td_block_template_1 td_ajax_preloading_preload td_flex_block\" data-td-block-uid=\"tdi_107\">\n<div id=\"tdi_107\" class=\"td_block_inner td-mc1-wrap\">\n<div class=\"td_module_flex td_module_flex_1 td_module_wrap td-animation-stack td-meta-info-hide td-cpt-post\">\n<div class=\"td-module-container td-category-pos-image\">\n<div class=\"td-module-meta-info\">\n<h3 class=\"entry-title td-module-title\"><a href=\"https:\/\/voceatimisului.ro\/moartea-unei-adolescente-la-maternitatea-odobescu-ascunsa-sub-tacere-angajati-acuza-presiuni-probleme-tehnice-si-musamalizare-politica\/\" rel=\"bookmark\" title=\"Moartea unei adolescente la Maternitatea Odobescu, ascuns\u0103 sub t\u0103cere. Angaja\u021bii acuz\u0103 presiuni, probleme tehnice \u0219i mu\u0219amalizare politic\u0103\">Moartea unei adolescente la Maternitatea Odobescu, ascuns\u0103 sub t\u0103cere. Angaja\u021bii acuz\u0103 presiuni, probleme tehnice \u0219i mu\u0219amalizare politic\u0103<\/a><\/h3>\n<\/div>\n<\/div>\n<\/div>\n<div class=\"td_module_flex td_module_flex_1 td_module_wrap td-animation-stack td-meta-info-hide td-cpt-post\">\n<div class=\"td-module-container td-category-pos-image\">\n<div class=\"td-module-meta-info\">\n<h3 class=\"entry-title td-module-title\"><a href=\"https:\/\/voceatimisului.ro\/incompetenta-lui-fritz-lasa-timisoara-fara-spitalul-municipal\/\" rel=\"bookmark\" title=\"Incompeten\u021ba lui Fritz las\u0103 Timi\u0219oara f\u0103r\u0103 Spitalul Municipal\">Incompeten\u021ba lui Fritz las\u0103 Timi\u0219oara f\u0103r\u0103 Spitalul Municipal<\/a><\/h3>\n<\/div>\n<\/div>\n<\/div>\n<div class=\"td_module_flex td_module_flex_1 td_module_wrap td-animation-stack td-meta-info-hide td-cpt-post\">\n<div class=\"td-module-container td-category-pos-image\">\n<div class=\"td-module-meta-info\">\n<h3 class=\"entry-title td-module-title\"><a href=\"https:\/\/voceatimisului.ro\/bani-degeaba-profesionistii-din-sanatate-de-la-clinicile-noi-simuleaza-munca-an-de-an-in-beneficiul-clinicilor-private-mai-rau-ca-la-spitalul-judetean-timisoara\/\" rel=\"bookmark\" title=\"Bani degeaba! Profesioni\u0219tii din s\u0103n\u0103tate de la Clinicile Noi simuleaz\u0103 munca, an de an, \u00een beneficiul clinicilor private, mai r\u0103u ca la Spitalul Jude\u021bean Timi\u0219oara\">Bani degeaba! Profesioni\u0219tii din s\u0103n\u0103tate de la Clinicile Noi simuleaz\u0103 munca, an de an, \u00een beneficiul clinicilor private, mai r\u0103u ca la Spitalul Jude\u021bean&#8230;<\/a><\/h3>\n<\/div>\n<\/div>\n<\/div>\n<div class=\"td_module_flex td_module_flex_1 td_module_wrap td-animation-stack td-meta-info-hide td-cpt-post\">\n<div class=\"td-module-container td-category-pos-image\">\n<div class=\"td-module-meta-info\">\n<h3 class=\"entry-title td-module-title\"><a href=\"https:\/\/voceatimisului.ro\/ca-n-administratie-din-fruntea-directiei-de-sanatate-publica-timis-a-plecat-un-doctor-si-a-aterizat-un-jurist-sanctionat-pe-linie-profesionala\/\" rel=\"bookmark\" title=\"Ca-n administra\u021bie! Din fruntea Direc\u021biei de S\u0103n\u0103tate Public\u0103 Timi\u0219 a plecat un doctor \u0219i a aterizat un jurist\u2026 sanc\u021bionat pe linie profesional\u0103\">Ca-n administra\u021bie! Din fruntea Direc\u021biei de S\u0103n\u0103tate Public\u0103 Timi\u0219 a plecat un doctor \u0219i a aterizat un jurist\u2026 sanc\u021bionat pe linie profesional\u0103<\/a><\/h3>\n<\/div>\n<\/div>\n<\/div>\n<div class=\"td_module_flex td_module_flex_1 td_module_wrap td-animation-stack td-meta-info-hide td-cpt-post\">\n<div class=\"td-module-container td-category-pos-image\">\n<div class=\"td-module-meta-info\">\n<h3 class=\"entry-title td-module-title\"><a href=\"https:\/\/voceatimisului.ro\/fostul-director-al-spitalului-clinic-municipal-de-urgenta-timisoara-prof-dr-octavian-mazilu-a-fost-prins-in-flagrant-de-dga-in-timp-ce-primea-mita-de-la-un-pacient-oncologic\/\" rel=\"bookmark\" title=\"Fostul director al Spitalului Clinic Municipal de Urgen\u021b\u0103 Timi\u0219oara, prof. dr. Octavian Mazilu, a fost prins \u00een flagrant de DGA, \u00een timp ce primea mit\u0103 de la un pacient oncologic\">Fostul director al Spitalului Clinic Municipal de Urgen\u021b\u0103 Timi\u0219oara, prof. dr. Octavian Mazilu, a fost prins \u00een flagrant de DGA, \u00een timp ce primea&#8230;<\/a><\/h3>\n<\/div>\n<\/div>\n<\/div>\n<\/div>\n<\/div>\n<\/div>\n<\/div>\n<\/div>\n<\/div>\n<\/div>\n<\/div>\n<p><span class=\"td-page-meta\"><\/span><span class=\"td-page-meta\"><span class=\"td-page-meta\"><\/span><\/span><span class=\"td-page-meta\"><\/span><\/article>\n<p> Source URL: https:\/\/voceatimisului.ro\/autorizata-provizoriu-maternitatea-odobescu-risca-sa-fie-inchisa\/<\/p>\n","protected":false},"excerpt":{"rendered":"<p>\u0218tiriS\u0103n\u0103tate Autorizat\u0103 provizoriu, Maternitatea Odobescu risc\u0103 s\u0103 fie \u00eenchis\u0103 La doar c\u00e2teva s\u0103pt\u0103m\u00e2ni dup\u0103 inaugurarea festiv\u0103 f\u0103cut\u0103 de primarul Dominic Fritz \u0219i viceprimarul Ruben La\u021bcau, Maternitatea Odobescu func\u021bioneaz\u0103 pe baz\u0103 de autoriza\u021bie provizorie emis\u0103 de DSP Timi\u0219, urm\u00e2nd ca \u00een octombrie unitatea s\u0103 fie reevaluat\u0103. \u00cen caz contrar, cl\u0103direa \u00eenchiriat\u0103 cu peste 43.000 de euro [&hellip;]<\/p>\n","protected":false},"author":1,"featured_media":1214437,"comment_status":"open","ping_status":"","sticky":false,"template":"","format":"standard","meta":{"footnotes":""},"categories":[89],"tags":[199],"class_list":["post-1214436","post","type-post","status-publish","format-standard","has-post-thumbnail","hentry","category-romania","tag-voceatimisului-ro"],"_links":{"self":[{"href":"https:\/\/analyse.optim.biz\/index.php?rest_route=\/wp\/v2\/posts\/1214436","targetHints":{"allow":["GET"]}}],"collection":[{"href":"https:\/\/analyse.optim.biz\/index.php?rest_route=\/wp\/v2\/posts"}],"about":[{"href":"https:\/\/analyse.optim.biz\/index.php?rest_route=\/wp\/v2\/types\/post"}],"author":[{"embeddable":true,"href":"https:\/\/analyse.optim.biz\/index.php?rest_route=\/wp\/v2\/users\/1"}],"replies":[{"embeddable":true,"href":"https:\/\/analyse.optim.biz\/index.php?rest_route=%2Fwp%2Fv2%2Fcomments&post=1214436"}],"version-history":[{"count":0,"href":"https:\/\/analyse.optim.biz\/index.php?rest_route=\/wp\/v2\/posts\/1214436\/revisions"}],"wp:featuredmedia":[{"embeddable":true,"href":"https:\/\/analyse.optim.biz\/index.php?rest_route=\/wp\/v2\/media\/1214437"}],"wp:attachment":[{"href":"https:\/\/analyse.optim.biz\/index.php?rest_route=%2Fwp%2Fv2%2Fmedia&parent=1214436"}],"wp:term":[{"taxonomy":"category","embeddable":true,"href":"https:\/\/analyse.optim.biz\/index.php?rest_route=%2Fwp%2Fv2%2Fcategories&post=1214436"},{"taxonomy":"post_tag","embeddable":true,"href":"https:\/\/analyse.optim.biz\/index.php?rest_route=%2Fwp%2Fv2%2Ftags&post=1214436"}],"curies":[{"name":"wp","href":"https:\/\/api.w.org\/{rel}","templated":true}]}}