{"id":1214404,"date":"2025-09-05T06:02:02","date_gmt":"2025-09-05T03:02:02","guid":{"rendered":"https:\/\/analyse.optim.biz\/?p=1214404"},"modified":"2025-09-05T06:02:02","modified_gmt":"2025-09-05T03:02:02","slug":"medic-primar-din-faget-32-de-spagi-incasate-trimis-in-arest-la-domiciliu-hotul-de-salam-ramane-dupa-gratii","status":"publish","type":"post","link":"https:\/\/analyse.optim.biz\/?p=1214404","title":{"rendered":"Medic primar din F\u0103get, 32 de \u0219p\u0103gi \u00eencasate, trimis \u00een arest la domiciliu. Ho\u021bul de salam r\u0103m\u00e2ne dup\u0103 gratii"},"content":{"rendered":"<article id=\"template-id-172790\" class=\"post-172790 tdb_templates type-tdb_templates status-publish post\">\n<div id=\"tdi_38\" class=\"tdc-zone\">\n<div class=\"tdc_zone tdi_39  wpb_row td-pb-row\">\n<div id=\"tdi_40\" class=\"tdc-row stretch_row_1400 td-stretch-content\">\n<div class=\"vc_row tdi_41  wpb_row td-pb-row tdc-element-style\">\n<div class=\"vc_column tdi_43  wpb_column vc_column_container tdc-column td-pb-span8\">\n<div class=\"wpb_wrapper\">\n<div class=\"td_block_wrap tdb_single_categories tdi_44 td-pb-border-top td_block_template_1 \" data-td-block-uid=\"tdi_44\">\n<div class=\"tdb-category td-fix-index\"><a class=\"tdb-entry-category\" href=\"https:\/\/voceatimisului.ro\/stiri-din-timisoara-si-timis\/\">\u0218tiri<\/a><a class=\"tdb-entry-category\" href=\"https:\/\/voceatimisului.ro\/stiri-din-timisoara-si-timis\/sanatate\/\">S\u0103n\u0103tate<\/a><\/div>\n<\/div>\n<div class=\"td_block_wrap tdb_title tdi_45 tdb-single-title td-pb-border-top td_block_template_1\" data-td-block-uid=\"tdi_45\">\n<div class=\"tdb-block-inner td-fix-index\">\n<h1 class=\"tdb-title-text\">Medic primar din F\u0103get, 32 de \u0219p\u0103gi \u00eencasate, trimis \u00een arest la domiciliu. Ho\u021bul de salam r\u0103m\u00e2ne dup\u0103 gratii<\/h1>\n<\/div>\n<\/div>\n<div class=\"td_block_wrap tdb_single_subtitle tdi_46 td-pb-border-top td_block_template_1\" data-td-block-uid=\"tdi_46\">\n<div class=\"tdb-block-inner td-fix-index\">\n<h2>Procurorii au cerut 30 de zile de arest preventiv, Tribunalul Timi\u0219 a ales arest la domiciliu. Doctori\u021ba este acuzat\u0103 c\u0103 a primit bani de la 32 de pacien\u021bi \u00eentre iunie 2024 \u0219i 29 august 2025 pentru concedii medicale \u0219i alte documente.<\/h2>\n<\/div>\n<\/div>\n<div class=\"vc_row_inner tdi_48  vc_row vc_inner wpb_row td-pb-row\">\n<div class=\"vc_column_inner tdi_50  wpb_column vc_column_container tdc-inner-column td-pb-span6\">\n<div class=\"vc_column-inner\">\n<div class=\"wpb_wrapper\">\n<div class=\"td_block_wrap tdb_single_author tdi_51 td-pb-border-top td_block_template_1 tdb-post-meta\" data-td-block-uid=\"tdi_51\">\n<div class=\"tdb-block-inner td-fix-index\">\n<div class=\"tdb-author-name-wrap\"><span class=\"tdb-author-by\">Autor-<\/span><a class=\"tdb-author-name\" href=\"https:\/\/voceatimisului.ro\/author\/cataadmin\/\">Radu Constantin<\/a><\/div>\n<\/div>\n<\/div>\n<div class=\"td_block_wrap tdb_single_date tdi_52 td-pb-border-top td_block_template_1 tdb-post-meta\" data-td-block-uid=\"tdi_52\">\n<div class=\"tdb-block-inner td-fix-index\"><time class=\"entry-date updated td-module-date\" datetime=\"2025-09-05T09:02:02+03:00\">5 septembrie 2025<\/time><\/div>\n<\/div>\n<div class=\"td_block_wrap tdb_single_comments_count tdi_53 td-pb-border-top td_block_template_1 tdb-post-meta\" data-td-block-uid=\"tdi_53\">\n<div class=\"tdb-block-inner td-fix-index\"><a href=\"https:\/\/voceatimisului.ro\/medic-primar-din-faget-32-de-spagi-incasate-trimisa-la-arest-la-domiciliu-hotul-de-salam-ramane-dupa-gratii\/#respond\"><span>0<\/span><\/a><\/div>\n<\/div>\n<div class=\"td_block_wrap tdb_single_post_views tdi_54 td-pb-border-top td_block_template_1 tdb-post-meta\" data-td-block-uid=\"tdi_54\">\n<div class=\"tdb-block-inner td-fix-index\"><span class=\"tdb-add-text\">1<\/span><span class=\"td-nr-views-174991\">412<\/span><\/div>\n<\/div>\n<\/div>\n<\/div>\n<\/div>\n<div class=\"vc_column_inner tdi_56  wpb_column vc_column_container tdc-inner-column td-pb-span6\">\n<div class=\"vc_column-inner\">\n<div class=\"wpb_wrapper\">\n<div class=\"td_block_wrap tdb_single_post_share tdi_57  td-pb-border-top td_block_template_1\" data-td-block-uid=\"tdi_57\">\n<div id=\"tdi_57\" class=\"td-post-sharing tdb-block td-ps-bg td-ps-notext td-post-sharing-style1 \">\n<div class=\"td-post-sharing-visible\"><a class=\"td-social-sharing-button td-social-sharing-button-js td-social-network td-social-facebook\" href=\"https:\/\/www.facebook.com\/sharer.php?u=https%3A%2F%2Fvoceatimisului.ro%2Fmedic-primar-din-faget-32-de-spagi-incasate-trimisa-la-arest-la-domiciliu-hotul-de-salam-ramane-dupa-gratii%2F\" title=\"Facebook\" rel=\"noopener\"><\/p>\n<div class=\"td-social-but-text\">Facebook<\/div>\n<p><\/a><a class=\"td-social-sharing-button td-social-sharing-button-js td-social-network td-social-twitter\" href=\"https:\/\/twitter.com\/intent\/tweet?text=Medic+primar+din+F%C4%83get%2C+32+de+%C8%99p%C4%83gi+%C3%AEncasate%2C+trimis+%C3%AEn+arest+la+domiciliu.+Ho%C8%9Bul+de+salam+r%C4%83m%C3%A2ne+dup%C4%83+gratii&amp;url=https%3A%2F%2Fvoceatimisului.ro%2Fmedic-primar-din-faget-32-de-spagi-incasate-trimisa-la-arest-la-domiciliu-hotul-de-salam-ramane-dupa-gratii%2F&amp;via=Vocea+Timisului\" title=\"Twitter\" rel=\"noopener\"><\/p>\n<div class=\"td-social-but-text\">Twitter<\/div>\n<p><\/a><a class=\"td-social-sharing-button td-social-sharing-button-js td-social-network td-social-pinterest\" href=\"https:\/\/pinterest.com\/pin\/create\/button\/?url=https:\/\/voceatimisului.ro\/medic-primar-din-faget-32-de-spagi-incasate-trimisa-la-arest-la-domiciliu-hotul-de-salam-ramane-dupa-gratii\/&amp;media=https:\/\/analyse.optim.biz\/wp-content\/uploads\/2025\/12\/medic-primar-din-faget-32-de-spagi-incasate-trimisa-la-arest-la-domiciliu-hotul-de-salam-ramane-dupa-gratii.webp&amp;description=Medic+primar+din+F%C4%83get%2C+32+de+%C8%99p%C4%83gi+%C3%AEncasate%2C+trimis+%C3%AEn+arest+la+domiciliu.+Ho%C8%9Bul+de+salam+r%C4%83m%C3%A2ne+dup%C4%83+gratii\" title=\"Pinterest\" rel=\"noopener\"><\/p>\n<div class=\"td-social-but-text\">Pinterest<\/div>\n<p><\/a><a class=\"td-social-sharing-button td-social-sharing-button-js td-social-network td-social-whatsapp\" href=\"https:\/\/api.whatsapp.com\/send?text=Medic+primar+din+F%C4%83get%2C+32+de+%C8%99p%C4%83gi+%C3%AEncasate%2C+trimis+%C3%AEn+arest+la+domiciliu.+Ho%C8%9Bul+de+salam+r%C4%83m%C3%A2ne+dup%C4%83+gratii%20%0A%0A%20https:\/\/voceatimisului.ro\/medic-primar-din-faget-32-de-spagi-incasate-trimisa-la-arest-la-domiciliu-hotul-de-salam-ramane-dupa-gratii\/\" title=\"WhatsApp\" rel=\"noopener\"><\/p>\n<div class=\"td-social-but-text\">WhatsApp<\/div>\n<p><\/a><a class=\"td-social-sharing-button td-social-sharing-button-js td-social-network td-social-linkedin\" href=\"https:\/\/www.linkedin.com\/shareArticle?mini=true&amp;url=https:\/\/voceatimisului.ro\/medic-primar-din-faget-32-de-spagi-incasate-trimisa-la-arest-la-domiciliu-hotul-de-salam-ramane-dupa-gratii\/&amp;title=Medic+primar+din+F%C4%83get%2C+32+de+%C8%99p%C4%83gi+%C3%AEncasate%2C+trimis+%C3%AEn+arest+la+domiciliu.+Ho%C8%9Bul+de+salam+r%C4%83m%C3%A2ne+dup%C4%83+gratii\" title=\"Linkedin\" rel=\"noopener\"><\/p>\n<div class=\"td-social-but-text\">Linkedin<\/div>\n<p><\/a><a class=\"td-social-sharing-button td-social-sharing-button-js td-social-network td-social-copy_url\" href=\"https:\/\/voceatimisului.ro\/medic-primar-din-faget-32-de-spagi-incasate-trimisa-la-arest-la-domiciliu-hotul-de-salam-ramane-dupa-gratii\/\" title=\"Copy URL\" rel=\"noopener\"><\/p>\n<div class=\"td-social-but-text\">Copy URL<\/div>\n<p><\/a><\/div>\n<\/div>\n<\/div>\n<\/div>\n<\/div>\n<\/div>\n<\/div>\n<div class=\"td_block_wrap tdb_single_featured_image tdi_58 tdb-content-horiz-left td-pb-border-top td_block_template_1\" data-td-block-uid=\"tdi_58\">\n<div class=\"tdb-block-inner td-fix-index\">\n<figure><img fetchpriority=\"high\" decoding=\"async\" width=\"696\" height=\"583\" class=\"entry-thumb\" src=\"https:\/\/analyse.optim.biz\/wp-content\/uploads\/2025\/12\/medic-primar-din-faget-32-de-spagi-incasate-trimisa-la-arest-la-domiciliu-hotul-de-salam-ramane-dupa-gratii-696x583-2.webp\" alt=\"Medic primar din F\u0103get, 32 de \u0219p\u0103gi \u00eencasate, trimis\u0103 la arest la domiciliu. Ho\u021bul de salam r\u0103m\u00e2ne dup\u0103 gratii\" title=\"Medic primar din F\u0103get, 32 de \u0219p\u0103gi \u00eencasate, trimis\u0103 la arest la domiciliu. Ho\u021bul de salam r\u0103m\u00e2ne dup\u0103 gratii\" loading=\"eager\"><figcaption class=\"tdb-caption-text\">Medic primar din F\u0103get, 32 de \u0219p\u0103gi \u00eencasate, trimis\u0103 la arest la domiciliu. Ho\u021bul de salam r\u0103m\u00e2ne dup\u0103 gratii<\/figcaption><\/figure>\n<\/div>\n<\/div>\n<div class=\"vc_row_inner tdi_60  vc_row vc_inner wpb_row td-pb-row\">\n<div class=\"vc_column_inner tdi_62  wpb_column vc_column_container tdc-inner-column td-pb-span4 td-is-sticky\">\n<div class=\"vc_column-inner\">\n<div class=\"wpb_wrapper\" data-sticky-enabled-on=\"W3RydWUsdHJ1ZSx0cnVlLHRydWVd\" data-sticky-offset=\"20\" data-sticky-is-width-auto=\"W2ZhbHNlLGZhbHNlLGZhbHNlLGZhbHNlXQ==\">\n<div class=\"td_block_wrap td_flex_block_1 tdi_63 td-pb-border-top td_block_template_1 td_ajax_preloading_preload td_flex_block\" data-td-block-uid=\"tdi_63\">\n<div id=\"tdi_63\" class=\"td_block_inner td-mc1-wrap\">\n<div class=\"td_module_flex td_module_flex_1 td_module_wrap td-animation-stack td-meta-info-hide td-cpt-post\">\n<div class=\"td-module-container td-category-pos-image\">\n<div class=\"td-module-meta-info\">\n<h3 class=\"entry-title td-module-title\"><a href=\"https:\/\/voceatimisului.ro\/zece-inspectori-isctr-timisoara-retinuti-de-dna-pentru-luare-de-mita-in-forma-continuata\/\" rel=\"bookmark\" title=\"Zece inspectori ISCTR Timi\u0219oara, re\u021binu\u021bi de DNA pentru luare de mit\u0103 \u00een form\u0103 continuat\u0103\">Zece inspectori ISCTR Timi\u0219oara, re\u021binu\u021bi de DNA pentru luare de mit\u0103 \u00een form\u0103 continuat\u0103<\/a><\/h3>\n<\/div>\n<\/div>\n<\/div>\n<div class=\"td_module_flex td_module_flex_1 td_module_wrap td-animation-stack td-meta-info-hide td-cpt-post\">\n<div class=\"td-module-container td-category-pos-image\">\n<div class=\"td-module-meta-info\">\n<h3 class=\"entry-title td-module-title\"><a href=\"https:\/\/voceatimisului.ro\/premierul-sorin-grindeanu-va-gasi-cand-va-reveni-acasa-calorifere-decorative-si-multa-apa-rece\/\" rel=\"bookmark\" title=\"Uni\u021bi \u00een cuget \u0219i-n sim\u021biri! Premierul Sorin Grindeanu va g\u0103si, c\u00e2nd va reveni acas\u0103, calorifere decorative \u0219i mult\u0103 ap\u0103 rece!\">Uni\u021bi \u00een cuget \u0219i-n sim\u021biri! Premierul Sorin Grindeanu va g\u0103si, c\u00e2nd va reveni acas\u0103, calorifere decorative \u0219i mult\u0103 ap\u0103 rece!<\/a><\/h3>\n<\/div>\n<\/div>\n<\/div>\n<div class=\"td_module_flex td_module_flex_1 td_module_wrap td-animation-stack td-meta-info-hide td-cpt-post\">\n<div class=\"td-module-container td-category-pos-image\">\n<div class=\"td-module-meta-info\">\n<h3 class=\"entry-title td-module-title\"><a href=\"https:\/\/voceatimisului.ro\/primarul-din-satchinez-arestat-la-domiciliu\/\" rel=\"bookmark\" title=\"Primarul din Satchinez, arestat la domiciliu\">Primarul din Satchinez, arestat la domiciliu<\/a><\/h3>\n<\/div>\n<\/div>\n<\/div>\n<div class=\"td_module_flex td_module_flex_1 td_module_wrap td-animation-stack td-meta-info-hide td-cpt-post\">\n<div class=\"td-module-container td-category-pos-image\">\n<div class=\"td-module-meta-info\">\n<h3 class=\"entry-title td-module-title\"><a href=\"https:\/\/voceatimisului.ro\/doi-politisti-de-la-sectia-2-politie-timisoara-retinuti-pentru-luare-de-mita-vezi-cine-sunt-acestia\/\" rel=\"bookmark\" title=\"UPDATE Doi poli\u021bi\u0219ti de la Sec\u021bia 2 Poli\u021bie Timi\u0219oara, re\u021binu\u021bi pentru luare de mit\u0103. Vezi cine sunt ace\u0219tia\">UPDATE Doi poli\u021bi\u0219ti de la Sec\u021bia 2 Poli\u021bie Timi\u0219oara, re\u021binu\u021bi pentru luare de mit\u0103. Vezi cine sunt ace\u0219tia<\/a><\/h3>\n<\/div>\n<\/div>\n<\/div>\n<\/div>\n<\/div>\n<div class=\"tdb-author-box td_block_wrap tdb_single_author_box tdi_68 tdb-content-vert-top td-pb-border-top td_block_template_1\" data-td-block-uid=\"tdi_68\">\n<div class=\"tdb-block-inner td-fix-index\">\n<div class=\"tdb-author-info\"><a href=\"https:\/\/voceatimisului.ro\/author\/cataadmin\/\" class=\"tdb-author-name\">Radu Constantin<\/a><a href=\"http:\/\/www.voceatimisului.ro\" rel=\"nofollow\" class=\"tdb-author-url\">http:\/\/www.voceatimisului.ro<\/a><\/p>\n<div class=\"tdb-author-descr\">\u00centreaga responsabilitate a comentariilor l\u0103sate de dumneavoastr\u0103 v\u0103 apar\u021bine!<br \/>\nClick <a href=\"https:\/\/voceatimisului.ro\/termeni-si-conditii\/\">aici<\/a>-citeste condi\u0163iile de utilizare ale site-ului www.voceatimisului.ro<\/div>\n<\/div>\n<\/div>\n<\/div>\n<\/div>\n<\/div>\n<\/div>\n<div class=\"vc_column_inner tdi_70  wpb_column vc_column_container tdc-inner-column td-pb-span8\">\n<div class=\"vc_column-inner\">\n<div class=\"wpb_wrapper\">\n<div class=\"td_block_wrap tdb_single_content tdi_71 td-pb-border-top td_block_template_1 td-post-content tagdiv-type\" data-td-block-uid=\"tdi_71\">\n<div class=\"tdb-block-inner td-fix-index\">\n<h3 class=\"wp-block-heading\">Justi\u021bia din Rom\u00e2nia func\u021bioneaz\u0103 ca un c\u00e2ntar str\u00e2mb, bra\u021bul cade mereu spre cei cu halat \u0219i reputa\u021bie, iar foamea at\u00e2rn\u0103 greu doar pentru s\u0103raci. Parchetul de pe l\u00e2ng\u0103 Tribunalul Timi\u0219 anun\u021b\u0103 c\u0103 un medic primar din cadrul Spitalului Or\u0103\u0219enesc F\u0103get, Compartimentul Pneumologie, a fost pus sub acuzare pentru luare de mit\u0103 \u00een form\u0103 continuat\u0103. Sunt 32 de acte materiale, faptele ar fi fost comise \u00eentre iunie 2024 \u0219i 29 august 2025. Sumele primite ar fi variat \u00eentre 50 de lei \u0219i 4.000 de lei, \u00een leg\u0103tur\u0103 cu eliberarea de concedii medicale \u0219i alte \u00eenscrisuri.<\/h3>\n<p>Procurorul de caz a cerut arest preventiv pentru 30 de zile, din 4 septembrie 2025 p\u00e2n\u0103 la 3 octombrie 2025. Tribunalul Timi\u0219 a respins cererea \u0219i a dispus arestul la domiciliu pentru acela\u0219i interval. \u00cen traducere liber\u0103, pentru 32 de \u0219p\u0103gi \u0219i condi\u021bionarea actului medical, pedeapsa provizorie este confortul propriei locuin\u021be.<\/p>\n<p>\u00cen acela\u0219i timp, dosarele m\u0103runte r\u0103m\u00e2n exemplare. Pentru un tat\u0103 care fur\u0103 un salam \u0219i o p\u00e2ine, hot\u0103r\u00e2rea vine repede, 30 de zile de arest dup\u0103 gratii, f\u0103r\u0103 discu\u021bii despre pericolul social redus sau circumstan\u021be. A\u0219a arat\u0103 echitatea c\u00e2nd o prive\u0219ti din sala de judecat\u0103, una pentru c\u0103m\u0103\u0219i albe \u0219i halate, alta pentru salaria\u021bii pl\u0103ti\u021bi \u00een b\u0103taie de joc \u0219i p\u0103rin\u021bii dispera\u021bi.<\/p>\n<p>Comunicatul Parchetului men\u021bioneaz\u0103 prezum\u021bia de nevinov\u0103\u021bie, o garan\u021bie legal\u0103 care r\u0103m\u00e2ne \u00een picioare p\u00e2n\u0103 la o hot\u0103r\u00e2re definitiv\u0103. Faptele descrise sunt totu\u0219i cifre, 32 de episoade \u0219i pl\u0103\u021bi repetate, iar decizia instan\u021bei de a \u021bine inculpata acas\u0103 nu schimb\u0103 impresia public\u0103. Sistemul sanitar se umple de promisiuni despre integritate, pacien\u021bii se umplu de plicuri, iar balan\u021ba justi\u021biei continu\u0103 s\u0103 arate ru\u0219inos de str\u00e2mb.<\/p>\n<\/div>\n<\/div>\n<div class=\"td_block_wrap tdb_single_tags tdi_74 td-pb-border-top td_block_template_1\" data-td-block-uid=\"tdi_74\">\n<div class=\"tdb-block-inner td-fix-index\">\n<ul class=\"tdb-tags\">\n<li><span>Tags<\/span><\/li>\n<li><a href=\"https:\/\/voceatimisului.ro\/tag\/arest-la-domiciliu\/\">arest la domiciliu<\/a><\/li>\n<li><a href=\"https:\/\/voceatimisului.ro\/tag\/justitie\/\">justitie<\/a><\/li>\n<li><a href=\"https:\/\/voceatimisului.ro\/tag\/luare-de-mita\/\">luare de mita<\/a><\/li>\n<li><a href=\"https:\/\/voceatimisului.ro\/tag\/medic-din-faget\/\">medic din F\u0103get<\/a><\/li>\n<\/ul>\n<\/div>\n<\/div>\n<div class=\"td_block_wrap tdb_single_post_share tdi_75  td-pb-border-top td_block_template_1\" data-td-block-uid=\"tdi_75\">\n<div id=\"tdi_75\" class=\"td-post-sharing tdb-block td-ps-bg td-ps-notext td-post-sharing-style1 \">\n<div class=\"td-post-sharing-visible\"><a class=\"td-social-sharing-button td-social-sharing-button-js td-social-network td-social-facebook\" href=\"https:\/\/www.facebook.com\/sharer.php?u=https%3A%2F%2Fvoceatimisului.ro%2Fmedic-primar-din-faget-32-de-spagi-incasate-trimisa-la-arest-la-domiciliu-hotul-de-salam-ramane-dupa-gratii%2F\" title=\"Facebook\" rel=\"noopener\"><\/p>\n<div class=\"td-social-but-text\">Facebook<\/div>\n<p><\/a><a class=\"td-social-sharing-button td-social-sharing-button-js td-social-network td-social-twitter\" href=\"https:\/\/twitter.com\/intent\/tweet?text=Medic+primar+din+F%C4%83get%2C+32+de+%C8%99p%C4%83gi+%C3%AEncasate%2C+trimis+%C3%AEn+arest+la+domiciliu.+Ho%C8%9Bul+de+salam+r%C4%83m%C3%A2ne+dup%C4%83+gratii&amp;url=https%3A%2F%2Fvoceatimisului.ro%2Fmedic-primar-din-faget-32-de-spagi-incasate-trimisa-la-arest-la-domiciliu-hotul-de-salam-ramane-dupa-gratii%2F&amp;via=Vocea+Timisului\" title=\"Twitter\" rel=\"noopener\"><\/p>\n<div class=\"td-social-but-text\">Twitter<\/div>\n<p><\/a><a class=\"td-social-sharing-button td-social-sharing-button-js td-social-network td-social-pinterest\" href=\"https:\/\/pinterest.com\/pin\/create\/button\/?url=https:\/\/voceatimisului.ro\/medic-primar-din-faget-32-de-spagi-incasate-trimisa-la-arest-la-domiciliu-hotul-de-salam-ramane-dupa-gratii\/&amp;media=https:\/\/analyse.optim.biz\/wp-content\/uploads\/2025\/12\/medic-primar-din-faget-32-de-spagi-incasate-trimisa-la-arest-la-domiciliu-hotul-de-salam-ramane-dupa-gratii.webp&amp;description=Medic+primar+din+F%C4%83get%2C+32+de+%C8%99p%C4%83gi+%C3%AEncasate%2C+trimis+%C3%AEn+arest+la+domiciliu.+Ho%C8%9Bul+de+salam+r%C4%83m%C3%A2ne+dup%C4%83+gratii\" title=\"Pinterest\" rel=\"noopener\"><\/p>\n<div class=\"td-social-but-text\">Pinterest<\/div>\n<p><\/a><a class=\"td-social-sharing-button td-social-sharing-button-js td-social-network td-social-whatsapp\" href=\"https:\/\/api.whatsapp.com\/send?text=Medic+primar+din+F%C4%83get%2C+32+de+%C8%99p%C4%83gi+%C3%AEncasate%2C+trimis+%C3%AEn+arest+la+domiciliu.+Ho%C8%9Bul+de+salam+r%C4%83m%C3%A2ne+dup%C4%83+gratii%20%0A%0A%20https:\/\/voceatimisului.ro\/medic-primar-din-faget-32-de-spagi-incasate-trimisa-la-arest-la-domiciliu-hotul-de-salam-ramane-dupa-gratii\/\" title=\"WhatsApp\" rel=\"noopener\"><\/p>\n<div class=\"td-social-but-text\">WhatsApp<\/div>\n<p><\/a><a class=\"td-social-sharing-button td-social-sharing-button-js td-social-network td-social-linkedin\" href=\"https:\/\/www.linkedin.com\/shareArticle?mini=true&amp;url=https:\/\/voceatimisului.ro\/medic-primar-din-faget-32-de-spagi-incasate-trimisa-la-arest-la-domiciliu-hotul-de-salam-ramane-dupa-gratii\/&amp;title=Medic+primar+din+F%C4%83get%2C+32+de+%C8%99p%C4%83gi+%C3%AEncasate%2C+trimis+%C3%AEn+arest+la+domiciliu.+Ho%C8%9Bul+de+salam+r%C4%83m%C3%A2ne+dup%C4%83+gratii\" title=\"Linkedin\" rel=\"noopener\"><\/p>\n<div class=\"td-social-but-text\">Linkedin<\/div>\n<p><\/a><a class=\"td-social-sharing-button td-social-sharing-button-js td-social-network td-social-copy_url\" href=\"https:\/\/voceatimisului.ro\/medic-primar-din-faget-32-de-spagi-incasate-trimisa-la-arest-la-domiciliu-hotul-de-salam-ramane-dupa-gratii\/\" title=\"Copy URL\" rel=\"noopener\"><\/p>\n<div class=\"td-social-but-text\">Copy URL<\/div>\n<p><\/a><\/div>\n<\/div>\n<\/div>\n<div class=\"td_block_wrap tdb_single_next_prev tdi_76 td-animation-stack td-next-prev-img-on td-pb-border-top td_block_template_1\" data-td-block-uid=\"tdi_76\">\n<div class=\"tdb-block-inner td-fix-index\">\n<div class=\"tdb-next-post tdb-next-post-bg tdb-post-prev\"><span>Articolul precedent<\/span><\/p>\n<div class=\"td-module-container\">\n<div class=\"td-image-container\"><a class=\"td-image-wrap\" href=\"https:\/\/voceatimisului.ro\/bastionul-canta-toamna-concerte-gratuite-in-fiecare-weekend-de-septembrie\/\"><img loading=\"lazy\" decoding=\"async\" class=\"td-next-prev-image td-fix-index td-lazy-img\" title=\"Bastionul c\u00e2nt\u0103 toamna: concerte gratuite \u00een fiecare weekend de septembrie\" width=\"696\" height=\"870\" src=\"https:\/\/analyse.optim.biz\/wp-content\/uploads\/2025\/12\/concerte-gratuite-in-fiecare-weekend-de-septembrie-696x870-1.webp\"><\/a><\/div>\n<div class=\"next-prev-title\"><a href=\"https:\/\/voceatimisului.ro\/bastionul-canta-toamna-concerte-gratuite-in-fiecare-weekend-de-septembrie\/\">Bastionul c\u00e2nt\u0103 toamna: concerte gratuite \u00een fiecare weekend de septembrie<\/a><\/div>\n<\/div>\n<\/div>\n<div class=\"tdb-next-post tdb-next-post-bg tdb-post-next\"><span>Articolul urm\u0103tor<\/span><\/p>\n<div class=\"td-module-container\">\n<div class=\"td-image-container\"><a class=\"td-image-wrap\" href=\"https:\/\/voceatimisului.ro\/ministerul-transporturilor-aproba-opt-proiecte-pentru-energie-verde-la-aerodromuri-cu-finantare-de-260-milioane-lei\/\"><img loading=\"lazy\" decoding=\"async\" class=\"td-next-prev-image td-fix-index td-lazy-img\" title=\"Ministerul Transporturilor aprob\u0103 opt proiecte pentru energie verde la aerodromuri, cu finan\u021bare de 260 milioane lei\" width=\"696\" height=\"901\" src=\"https:\/\/analyse.optim.biz\/wp-content\/uploads\/2025\/12\/ministerul-transporturilor-696x901-2.webp\"><\/a><\/div>\n<div class=\"next-prev-title\"><a href=\"https:\/\/voceatimisului.ro\/ministerul-transporturilor-aproba-opt-proiecte-pentru-energie-verde-la-aerodromuri-cu-finantare-de-260-milioane-lei\/\">Ministerul Transporturilor aprob\u0103 opt proiecte pentru energie verde la aerodromuri, cu finan\u021bare de 260 milioane lei<\/a><\/div>\n<\/div>\n<\/div>\n<\/div>\n<\/div>\n<\/div>\n<\/div>\n<\/div>\n<\/div>\n<div class=\"vc_row_inner tdi_86  vc_row vc_inner wpb_row td-pb-row\">\n<div class=\"vc_column_inner tdi_88  wpb_column vc_column_container tdc-inner-column td-pb-span4 td-is-sticky\">\n<div class=\"vc_column-inner\">\n<div class=\"wpb_wrapper\" data-sticky-enabled-on=\"W3RydWUsdHJ1ZSx0cnVlLHRydWVd\" data-sticky-offset=\"20\" data-sticky-is-width-auto=\"W2ZhbHNlLGZhbHNlLGZhbHNlLGZhbHNlXQ==\">\n<div class=\"td_block_wrap tdb_single_related tdi_89 td_with_ajax_pagination td-pb-border-top td_block_template_1 tdb-single-related-posts\" data-td-block-uid=\"tdi_89\">\n<div id=\"tdi_89\" class=\"td_block_inner tdb-block-inner td-fix-index\">\n<div class=\"tdb_module_related td_module_wrap td-animation-stack td-meta-info-hide\">\n<div class=\"td-module-container td-category-pos-image\">\n<div class=\"td-module-meta-info\">\n<h3 class=\"entry-title td-module-title\"><a href=\"https:\/\/voceatimisului.ro\/justitia-din-sannicolau-mare-scartaie-un-pompier-erou-dupa-ce-a-salvat-o-tanara-amenintata-cu-cutitul-video\/\" rel=\"bookmark\" title=\"Justi\u021bia din S\u00e2nnicolau Mare SC\u00c2R\u021a\u00c2IE! Un pompier, EROU dup\u0103 ce a salvat o t\u00e2n\u0103r\u0103 amenin\u021bat\u0103 cu cu\u021bitul VIDEO\">Justi\u021bia din S\u00e2nnicolau Mare SC\u00c2R\u021a\u00c2IE! Un pompier, EROU dup\u0103 ce a salvat o t\u00e2n\u0103r\u0103 amenin\u021bat\u0103 cu cu\u021bitul VIDEO<\/a><\/h3>\n<\/div>\n<\/div>\n<\/div>\n<div class=\"tdb_module_related td_module_wrap td-animation-stack td-meta-info-hide\">\n<div class=\"td-module-container td-category-pos-image\">\n<div class=\"td-module-meta-info\">\n<h3 class=\"entry-title td-module-title\"><a href=\"https:\/\/voceatimisului.ro\/justitie-politistul-de-frontiera-care-a-fugit-beat-de-rutiera-si-a-omorat-un-om-inchisoare-cu-suspendare\/\" rel=\"bookmark\" title=\"Justi\u021bie? Poli\u021bistul de frontier\u0103 care a fugit, BEAT, de Rutier\u0103 \u0219i a OMOR\u00c2T un om, \u00eenchisoare CU SUSPENDARE\">Justi\u021bie? Poli\u021bistul de frontier\u0103 care a fugit, BEAT, de Rutier\u0103 \u0219i a OMOR\u00c2T un om, \u00eenchisoare CU SUSPENDARE<\/a><\/h3>\n<\/div>\n<\/div>\n<\/div>\n<div class=\"tdb_module_related td_module_wrap td-animation-stack td-meta-info-hide\">\n<div class=\"td-module-container td-category-pos-image\">\n<div class=\"td-module-meta-info\">\n<h3 class=\"entry-title td-module-title\"><a href=\"https:\/\/voceatimisului.ro\/eliberati-din-arest-fostii-sefi-ai-ipj-timis-si-primarul-din-recas-vor-fi-arestati-la-domiciliu\/\" rel=\"bookmark\" title=\"ELIBERA\u021aI din AREST! Fo\u0219tii \u0219efi ai IPJ Timi\u0219 \u0219i primarul din Reca\u0219 vor fi aresta\u021bi la domiciliu\">ELIBERA\u021aI din AREST! Fo\u0219tii \u0219efi ai IPJ Timi\u0219 \u0219i primarul din Reca\u0219 vor fi aresta\u021bi la domiciliu<\/a><\/h3>\n<\/div>\n<\/div>\n<\/div>\n<\/div>\n<\/div>\n<\/div>\n<\/div>\n<\/div>\n<div class=\"vc_column_inner tdi_91  wpb_column vc_column_container tdc-inner-column td-pb-span8\">\n<div class=\"vc_column-inner\">\n<div class=\"wpb_wrapper\">\n<div class=\"td_block_wrap tdb_single_comments tdi_92 tdb-comm-layout2 td-pb-border-top td_block_template_2\" data-td-block-uid=\"tdi_92\">\n<div class=\"tdb-block-inner td-fix-index\">\n<div class=\"comments\" id=\"comments\">\n<div id=\"respond\" class=\"comment-respond\">\n<h3 id=\"reply-title\" class=\"comment-reply-title\">L\u0102SA\u021aI UN MESAJ <small><a rel=\"nofollow\" id=\"cancel-comment-reply-link\" href=\"https:\/\/voceatimisului.ro\/medic-primar-din-faget-32-de-spagi-incasate-trimisa-la-arest-la-domiciliu-hotul-de-salam-ramane-dupa-gratii\/#respond\">Renun\u021ba\u021bi la r\u0103spuns<\/a><\/small><\/h3>\n<div class=\"comment-form-input-wrap td-form-comment\">\n<div class=\"td-warning-comment\">V\u0103 rug\u0103m s\u0103 introduce\u021bi comentariul dvs.!<\/div>\n<\/div>\n<div class=\"comment-form-input-wrap td-form-author\">\n<div class=\"td-warning-author\">Introduce\u021bi aici numele dvs.<\/div>\n<\/div>\n<div class=\"comment-form-input-wrap td-form-email\">\n<div class=\"td-warning-email-error\">A\u021bi introdus o adres\u0103 de e-mail incorect\u0103!<\/div>\n<div class=\"td-warning-email\">V\u0103 rug\u0103m s\u0103 introduce\u021bi adresa dvs. de e-mail aici<\/div>\n<\/div>\n<\/div>\n<\/div>\n<\/div>\n<\/div>\n<\/div>\n<\/div>\n<\/div>\n<\/div>\n<\/div>\n<\/div>\n<div class=\"vc_column tdi_94  wpb_column vc_column_container tdc-column td-pb-span4 td-is-sticky\">\n<div class=\"wpb_wrapper\" data-sticky-enabled-on=\"W3RydWUsdHJ1ZSx0cnVlLHRydWVd\" data-sticky-offset=\"20\" data-sticky-is-width-auto=\"W2ZhbHNlLGZhbHNlLGZhbHNlLGZhbHNlXQ==\">\n<div class=\"vc_row_inner tdi_96  vc_row vc_inner wpb_row td-pb-row\">\n<div class=\"vc_column_inner tdi_98  wpb_column vc_column_container tdc-inner-column td-pb-span12\">\n<div class=\"vc_column-inner\">\n<div class=\"wpb_wrapper\">\n<div class=\"td_block_wrap td_block_title tdi_99 td-pb-border-top td_block_template_11 td-fix-index\" data-td-block-uid=\"tdi_99\">\n<div class=\"td-block-title-wrap\">\n<h4 class=\"td-block-title\"><span class=\"td-pulldown-size\">ANUN\u021aURI \u0218I PUBLICITATE<\/span><\/h4>\n<\/div>\n<\/div>\n<\/div>\n<\/div>\n<\/div>\n<\/div>\n<div class=\"wpb_wrapper td_block_wrap vc_widget_sidebar tdi_101 \">\n<aside id=\"block-10\" class=\"td_block_template_1 widget block-10 widget_block widget_media_image\">\n<figure class=\"wp-block-image size-full\"><a href=\"https:\/\/adpghiroda.ro\/index.html\" target=\"_blank\" rel=\" noreferrer noopener\"><img decoding=\"async\" loading=\"eager\" width=\"960\" height=\"960\" src=\"https:\/\/analyse.optim.biz\/wp-content\/uploads\/2025\/12\/adp-ghiroda2-151.jpg\" class=\"wp-image-171492\" title=\"adp-ghiroda2-151\"><\/a><\/figure>\n<\/aside>\n<aside id=\"block-11\" class=\"td_block_template_1 widget block-11 widget_block widget_media_image\">\n<figure class=\"wp-block-image size-full\"><a href=\"https:\/\/adpghiroda.ro\/index.html\" target=\"_blank\" rel=\" noreferrer noopener\"><img decoding=\"async\" loading=\"eager\" width=\"960\" height=\"960\" src=\"https:\/\/analyse.optim.biz\/wp-content\/uploads\/2025\/12\/adp-ghiroda1-141.jpg\" class=\"wp-image-171491\" title=\"adp-ghiroda1-141\"><\/a><\/figure>\n<\/aside>\n<aside id=\"block-17\" class=\"td_block_template_1 widget block-17 widget_block widget_media_image\">\n<figure class=\"wp-block-image size-large is-resized\"><a href=\"https:\/\/verde.events\/\" target=\"_blank\" rel=\" noreferrer noopener\"><img decoding=\"async\" loading=\"lazy\" width=\"1024\" height=\"683\" src=\"https:\/\/analyse.optim.biz\/wp-content\/uploads\/2025\/12\/verde-events-24-1024x683-144.jpg\" alt=\"Verde Events\" class=\"wp-image-174395\" title=\"verde-events-24-1024x683-144\"><\/a><figcaption class=\"wp-element-caption\"><strong><em>O experien\u021b\u0103 unic\u0103 pentru orice tip de eveniment<\/em><\/strong><\/figcaption><\/figure>\n<\/aside>\n<\/div>\n<div class=\"td_block_wrap td_flex_block_1 tdi_107 td-pb-border-top td_block_template_1 td_ajax_preloading_preload td_flex_block\" data-td-block-uid=\"tdi_107\">\n<div id=\"tdi_107\" class=\"td_block_inner td-mc1-wrap\">\n<div class=\"td_module_flex td_module_flex_1 td_module_wrap td-animation-stack td-meta-info-hide td-cpt-post\">\n<div class=\"td-module-container td-category-pos-image\">\n<div class=\"td-module-meta-info\">\n<h3 class=\"entry-title td-module-title\"><a href=\"https:\/\/voceatimisului.ro\/presedintele-cj-timis-titu-bojin-primit-cadou-de-la-dna-bucuresti-inca-60-de-zile-de-control-judiciar\/\" rel=\"bookmark\" title=\"Pre\u0219edintele CJ Timi\u0219, Titu Bojin, a primit \u201dcadou\u201d de la DNA Bucure\u0219ti \u00eenc\u0103 60 de zile de control judiciar\">Pre\u0219edintele CJ Timi\u0219, Titu Bojin, a primit \u201dcadou\u201d de la DNA Bucure\u0219ti \u00eenc\u0103 60 de zile de control judiciar<\/a><\/h3>\n<\/div>\n<\/div>\n<\/div>\n<div class=\"td_module_flex td_module_flex_1 td_module_wrap td-animation-stack td-meta-info-hide td-cpt-post\">\n<div class=\"td-module-container td-category-pos-image\">\n<div class=\"td-module-meta-info\">\n<h3 class=\"entry-title td-module-title\"><a href=\"https:\/\/voceatimisului.ro\/dna-timisoara-inca-o-arestare-mare-la-ipj-timis-comisarul-sef-gheorghe-popescu-luat-cu-duba-si-dus-la-audieri\/\" rel=\"bookmark\" title=\"DNA Timi\u0219oara, \u00eenc\u0103 o ARESTARE \u201dmare\u201d la IPJ Timi\u0219. Comisarul \u0219ef Gheorghe Popescu, luat cu DUBA \u0219i dus la audieri\">DNA Timi\u0219oara, \u00eenc\u0103 o ARESTARE \u201dmare\u201d la IPJ Timi\u0219. Comisarul \u0219ef Gheorghe Popescu, luat cu DUBA \u0219i dus la audieri<\/a><\/h3>\n<\/div>\n<\/div>\n<\/div>\n<div class=\"td_module_flex td_module_flex_1 td_module_wrap td-animation-stack td-meta-info-hide td-cpt-post\">\n<div class=\"td-module-container td-category-pos-image\">\n<div class=\"td-module-meta-info\">\n<h3 class=\"entry-title td-module-title\"><a href=\"https:\/\/voceatimisului.ro\/la-implinirea-majoratului-psd-timis-presedintele-interimar-sorin-grindeanu-vrea-sa-curete-filiala-de-penali-video\/\" rel=\"bookmark\" title=\"La \u00eemplinirea \u201dmajoratului\u201d \u00een PSD Timi\u0219, pre\u0219edintele interimar Sorin Grindeanu vrea s\u0103 cure\u021be filiala de \u201dpenali\u201d VIDEO\">La \u00eemplinirea \u201dmajoratului\u201d \u00een PSD Timi\u0219, pre\u0219edintele interimar Sorin Grindeanu vrea s\u0103 cure\u021be filiala de \u201dpenali\u201d VIDEO<\/a><\/h3>\n<\/div>\n<\/div>\n<\/div>\n<div class=\"td_module_flex td_module_flex_1 td_module_wrap td-animation-stack td-meta-info-hide td-cpt-post\">\n<div class=\"td-module-container td-category-pos-image\">\n<div class=\"td-module-meta-info\">\n<h3 class=\"entry-title td-module-title\"><a href=\"https:\/\/voceatimisului.ro\/eurodeputatul-constantin-laurentiu-rebega-urmarit-penal-de-dna\/\" rel=\"bookmark\" title=\"Eurodeputatul Constantin Lauren\u021biu Rebega, urm\u0103rit penal de DNA\">Eurodeputatul Constantin Lauren\u021biu Rebega, urm\u0103rit penal de DNA<\/a><\/h3>\n<\/div>\n<\/div>\n<\/div>\n<div class=\"td_module_flex td_module_flex_1 td_module_wrap td-animation-stack td-meta-info-hide td-cpt-post\">\n<div class=\"td-module-container td-category-pos-image\">\n<div class=\"td-module-meta-info\">\n<h3 class=\"entry-title td-module-title\"><a href=\"https:\/\/voceatimisului.ro\/justitia-romana-batut-cuie-managementul-performant-al-pesedistului-dan-idolu-la-aeroportul-international-timisoara\/\" rel=\"bookmark\" title=\"Justi\u021bia rom\u00e2n\u0103 a b\u0103tut \u00een cuie managementul \u201cperformant\u201d al pesedistului Dan Idolu la Aeroportul Interna\u021bional Timi\u0219oara\">Justi\u021bia rom\u00e2n\u0103 a b\u0103tut \u00een cuie managementul \u201cperformant\u201d al pesedistului Dan Idolu la Aeroportul Interna\u021bional Timi\u0219oara<\/a><\/h3>\n<\/div>\n<\/div>\n<\/div>\n<\/div>\n<\/div>\n<\/div>\n<\/div>\n<\/div>\n<\/div>\n<\/div>\n<\/div>\n<p><span class=\"td-page-meta\"><\/span><span class=\"td-page-meta\"><span class=\"td-page-meta\"><\/span><\/span><span class=\"td-page-meta\"><\/span><\/article>\n<p> Source URL: https:\/\/voceatimisului.ro\/medic-primar-din-faget-32-de-spagi-incasate-trimisa-la-arest-la-domiciliu-hotul-de-salam-ramane-dupa-gratii\/<\/p>\n","protected":false},"excerpt":{"rendered":"<p>\u0218tiriS\u0103n\u0103tate Medic primar din F\u0103get, 32 de \u0219p\u0103gi \u00eencasate, trimis \u00een arest la domiciliu. Ho\u021bul de salam r\u0103m\u00e2ne dup\u0103 gratii Procurorii au cerut 30 de zile de arest preventiv, Tribunalul Timi\u0219 a ales arest la domiciliu. Doctori\u021ba este acuzat\u0103 c\u0103 a primit bani de la 32 de pacien\u021bi \u00eentre iunie 2024 \u0219i 29 august 2025 [&hellip;]<\/p>\n","protected":false},"author":1,"featured_media":1214405,"comment_status":"open","ping_status":"","sticky":false,"template":"","format":"standard","meta":{"footnotes":""},"categories":[89],"tags":[199],"class_list":["post-1214404","post","type-post","status-publish","format-standard","has-post-thumbnail","hentry","category-romania","tag-voceatimisului-ro"],"_links":{"self":[{"href":"https:\/\/analyse.optim.biz\/index.php?rest_route=\/wp\/v2\/posts\/1214404","targetHints":{"allow":["GET"]}}],"collection":[{"href":"https:\/\/analyse.optim.biz\/index.php?rest_route=\/wp\/v2\/posts"}],"about":[{"href":"https:\/\/analyse.optim.biz\/index.php?rest_route=\/wp\/v2\/types\/post"}],"author":[{"embeddable":true,"href":"https:\/\/analyse.optim.biz\/index.php?rest_route=\/wp\/v2\/users\/1"}],"replies":[{"embeddable":true,"href":"https:\/\/analyse.optim.biz\/index.php?rest_route=%2Fwp%2Fv2%2Fcomments&post=1214404"}],"version-history":[{"count":0,"href":"https:\/\/analyse.optim.biz\/index.php?rest_route=\/wp\/v2\/posts\/1214404\/revisions"}],"wp:featuredmedia":[{"embeddable":true,"href":"https:\/\/analyse.optim.biz\/index.php?rest_route=\/wp\/v2\/media\/1214405"}],"wp:attachment":[{"href":"https:\/\/analyse.optim.biz\/index.php?rest_route=%2Fwp%2Fv2%2Fmedia&parent=1214404"}],"wp:term":[{"taxonomy":"category","embeddable":true,"href":"https:\/\/analyse.optim.biz\/index.php?rest_route=%2Fwp%2Fv2%2Fcategories&post=1214404"},{"taxonomy":"post_tag","embeddable":true,"href":"https:\/\/analyse.optim.biz\/index.php?rest_route=%2Fwp%2Fv2%2Ftags&post=1214404"}],"curies":[{"name":"wp","href":"https:\/\/api.w.org\/{rel}","templated":true}]}}