{"id":121327,"date":"2018-03-21T13:39:50","date_gmt":"2018-03-21T10:39:50","guid":{"rendered":"https:\/\/analyse.optim.biz\/?p=121327"},"modified":"2018-03-21T13:39:50","modified_gmt":"2018-03-21T10:39:50","slug":"documentul-mcv-din-2012-dancila-voi-cere-detalii-de-la-presedintele-ce-mi-se-pare-deosebit-de-grav","status":"publish","type":"post","link":"https:\/\/analyse.optim.biz\/?p=121327","title":{"rendered":"Documentul MCV din 2012. D\u0103ncil\u0103: Voi cere detalii de la pre\u0219edintele CE. Mi se pare deosebit de grav"},"content":{"rendered":"<div class=\"entry data-app-meta data-app-meta-article\" data-embed-base-url-canonical=\"https:\/\/www.digi24.ro\/embed\/stiri\/actualitate\/politica\/documentul-mcv-din-2012-dancila-voi-cere-detalii-de-la-presedintele-ce-899212\">\n<p data-index=\"1\"><strong>Premierul Viorica D\u0103ncil\u0103 a anun\u021bat, la \u00eenceputul \u0219edin\u021bei de Guvern de ast\u0103zi, c\u0103 va trimite o scrisoare pre\u0219edintelui Comisiei Europene, Jean Claude Juncker, pentru a cere detalii despre documentul MCV din 2012 \u00een care, potrivit unor informa\u021bii ap\u0103rute \u00een pres\u0103, erau cerute detalii \u00een leg\u0103tur\u0103 cu dosarele unor politicieni sau oameni de afaceri.<\/strong><\/p>\n<p data-index=\"2\">D\u0103ncil\u0103 a spus c\u0103 este vorba despre un document datat 10 octombrie 2012, \u201e\u00een care erau solicitate situa\u021bia unor dosare aflate pe rol \u0219i, mai grav, faptul c\u0103 \u00een acea scrisoare aveam \u0219i nume despre care se cerea stadiul \u00een care se afl\u0103 procesul \u0219i pa\u0219ii care trebuiesc urma\u021bi, ceea ce mi se pare deosebit de grav\u201d.<\/p>\n<p data-index=\"3\">\u201eAm solicitat Ministerului Justi\u021biei o analiz\u0103 a cererilor \u0103cute de Comisia European\u0103 c\u0103tre Ministerul Justi\u021biei, daca \u00eentre 2012 \u0219i 2018 au mai existat astfel de solicit\u0103ri . Am primit azi documentul de la Ministerul Justi\u021biei care confirma ceea ce a ap\u0103rut \u00een spa\u021biul public, c\u0103 astfel de practici au mai fost f\u0103cute\u201d, a spus D\u0103ncil\u0103.<\/p>\n<p data-index=\"4\">\u201eAm hot\u0103r\u00e2t ca \u00een cursul zilei de azi s\u0103 trimit o scrisoare pre\u0219edintelui CE, Jean Claude Junker, prin care s\u0103 solicit detaliii \u0219i informa\u021bii legate de aceste aspecte care mi se par total nepotrivite \u0219i total \u00een neconcordondan\u021b\u0103 cu MCV\u201d, a ad\u0103ugat ea.<\/p>\n<p data-index=\"5\">Recent,\u00a0\u00een spa\u021biul public a ap\u0103rut un<a href=\"https:\/\/www.digi24.ro\/stiri\/actualitate\/justitie\/dragnea-imixtiune-brutala-in-actul-de-justitie-din-romania-dancila-va-cere-clarificari-comisiei-europene-897871\" target=\"_blank\" rel=\"noopener\" data-skip-linkfix=\"1\"> presupus document ce ar \u021bine de Mecanismul de Cooperare \u0219i Verificare (MCV<\/a>), prin care se solicitau informa\u021bii, cu nume \u0219i prenume, despre stadiul unor procese de mare corup\u021bie din Rom\u00e2nia.<\/p>\n<p data-index=\"6\"><a href=\"https:\/\/www.digi24.ro\/stiri\/actualitate\/politica\/ce-spune-comisia-europeana-despre-documentul-mcv-din-2012-898547\" target=\"_blank\" rel=\"noopener\" data-skip-linkfix=\"1\">Comisia European\u0103 a precizat, \u00eentr-un r\u0103spuns pentru Digi24<\/a>, c\u0103 documentul MCV din 2012 \u201ea f\u0103cut parte din schimburile tehnice obi\u0219nuite \u00een cadrul MCV\u201d.<\/p>\n<p data-index=\"7\">\u201eA\u0219a cum \u0219ti\u021bi, MCV este un proces al c\u0103rui scop este monitorizarea progreselor f\u0103cute de Rom\u00e2nia \u00eentr-un anumit set de obiective, agreate de ambele p\u0103r\u021bi\u201d, arat\u0103 Christian Wigand, purt\u0103tor de cuv\u00e2nt \u00een cadrul Comisiei Europene.<\/p>\n<figure>\n<div class=\"img-responsive img-responsive-16by9\">\u00a0<\/div>\n<\/figure>\n<\/div>\n<p> Source URL: https:\/\/www.digi24.ro\/stiri\/actualitate\/politica\/documentul-mcv-din-2012-dancila-voi-cere-detalii-de-la-presedintele-ce-899212<\/p>\n","protected":false},"excerpt":{"rendered":"<p>Premierul Viorica D\u0103ncil\u0103 a anun\u021bat, la \u00eenceputul \u0219edin\u021bei de Guvern de ast\u0103zi, c\u0103 va trimite o scrisoare pre\u0219edintelui Comisiei Europene, Jean Claude Juncker, pentru a cere detalii despre documentul MCV din 2012 \u00een care, potrivit unor informa\u021bii ap\u0103rute \u00een pres\u0103, erau cerute detalii \u00een leg\u0103tur\u0103 cu dosarele unor politicieni sau oameni de afaceri. D\u0103ncil\u0103 a [&hellip;]<\/p>\n","protected":false},"author":1,"featured_media":121328,"comment_status":"open","ping_status":"","sticky":false,"template":"","format":"standard","meta":{"footnotes":""},"categories":[2],"tags":[11],"class_list":["post-121327","post","type-post","status-publish","format-standard","has-post-thumbnail","hentry","category-politics","tag-digi24"],"_links":{"self":[{"href":"https:\/\/analyse.optim.biz\/index.php?rest_route=\/wp\/v2\/posts\/121327","targetHints":{"allow":["GET"]}}],"collection":[{"href":"https:\/\/analyse.optim.biz\/index.php?rest_route=\/wp\/v2\/posts"}],"about":[{"href":"https:\/\/analyse.optim.biz\/index.php?rest_route=\/wp\/v2\/types\/post"}],"author":[{"embeddable":true,"href":"https:\/\/analyse.optim.biz\/index.php?rest_route=\/wp\/v2\/users\/1"}],"replies":[{"embeddable":true,"href":"https:\/\/analyse.optim.biz\/index.php?rest_route=%2Fwp%2Fv2%2Fcomments&post=121327"}],"version-history":[{"count":0,"href":"https:\/\/analyse.optim.biz\/index.php?rest_route=\/wp\/v2\/posts\/121327\/revisions"}],"wp:featuredmedia":[{"embeddable":true,"href":"https:\/\/analyse.optim.biz\/index.php?rest_route=\/wp\/v2\/media\/121328"}],"wp:attachment":[{"href":"https:\/\/analyse.optim.biz\/index.php?rest_route=%2Fwp%2Fv2%2Fmedia&parent=121327"}],"wp:term":[{"taxonomy":"category","embeddable":true,"href":"https:\/\/analyse.optim.biz\/index.php?rest_route=%2Fwp%2Fv2%2Fcategories&post=121327"},{"taxonomy":"post_tag","embeddable":true,"href":"https:\/\/analyse.optim.biz\/index.php?rest_route=%2Fwp%2Fv2%2Ftags&post=121327"}],"curies":[{"name":"wp","href":"https:\/\/api.w.org\/{rel}","templated":true}]}}