{"id":121321,"date":"2018-03-21T16:53:35","date_gmt":"2018-03-21T13:53:35","guid":{"rendered":"https:\/\/analyse.optim.biz\/?p=121321"},"modified":"2018-03-21T16:53:35","modified_gmt":"2018-03-21T13:53:35","slug":"comisia-pentru-trecerea-la-euro-cine-o-va-conduce","status":"publish","type":"post","link":"https:\/\/analyse.optim.biz\/?p=121321","title":{"rendered":"Comisia pentru trecerea la euro. Cine o va conduce"},"content":{"rendered":"<div class=\"entry data-app-meta data-app-meta-article\" data-embed-base-url-canonical=\"https:\/\/www.digi24.ro\/embed\/stiri\/actualitate\/politica\/comisia-pentru-trecerea-la-euro-cine-o-va-conduce-899337\">\n<p data-index=\"1\"><strong>Guvernul a adoptat \u00een \u015fedin\u0163a de miercuri Ordonan\u0163a de Ugen\u0163\u0103 privind constituirea Comisiei Na\u0163ionale de fundamentare a planului na\u0163ional de adoptare a monedei euro. Comisia va fi condus\u0103 de doi co-pre\u015fedin\u0163i &#8211; premierul \u015fi pre\u015fedintele Academiei Rom\u00e2ne &#8211; \u015fi de doi vicepre\u015fedin\u0163i &#8211; guvernatorul BNR \u015fi un vicepremier cu atribu\u0163ii \u00een acest domeniu.<\/strong><\/p>\n<figure class=\"article-thumb\"><img decoding=\"async\" src=\"https:\/\/analyse.optim.biz\/wp-content\/uploads\/2024\/09\/emm9mszoyxnopwyznmjkzda4ntvhoguwowq1zwi4njazmwm1mjy2odm0-thumb_.jpg\" alt=\"180312_PSD_BPN_04_viorica dancila INQUAM_Photos_Octav_Ganea\" data-skip-htmlfix=\"1\" title=\"emm9mszoyxnopwyznmjkzda4ntvhoguwowq1zwi4njazmwm1mjy2odm0-thumb_\"><figcaption> Surs\u0103 foto: INQUAM PHOTOS \/ Octav Ganea <\/figcaption><\/figure>\n<p data-index=\"2\">\u201e\u00cen \u015fedin\u0163a de Guvern de ast\u0103zi a fost adoptat\u0103 o OUG prin care s-a decis constituirea Comisiei Na\u0163ionale de fundamentare a planului na\u0163ional de adoptare a monedei euro. Aceast\u0103 comsie va preg\u0103ti calendarul intr\u0103ri Rom\u00e2niei \u00een mecanismul de supraveghere \u015fi adoptare a monedei euro, precum \u015fi toate ac\u0163iunile necesare pentru preg\u0103tirea economiei \u015fi societ\u0103\u0163ii rom\u00e2ne\u015fti\u201d, a declarat purt\u0103torul de cuv\u00e2nt al Executivului, Nelu Barbu.<\/p>\n<p data-index=\"3\">Acesta a anun\u0163at c\u0103 din comisie vor face parte mai mul\u0163i reprezentan\u0163i, printre care membri ai Administra\u0163iei Preziden\u0163iale \u015fi ai BNR.<\/p>\n<p data-index=\"4\">\u201eDin aceast\u0103 comisie (\u2026) vor face reprezentan\u0163i ai institu\u0163iilor publice guvernamentale, cu responsabilit\u0103\u0163i \u00een preg\u0103tirea ader\u0103rii \u015fi derularea reformelor structural, reprezentan\u0163i ai Administra\u0163iei Preziden\u0163iale, ai confederatelor sindicale \u015fi patronale, ai BNR, ASF, personalit\u0103\u0163i ale \u015ftiin\u0163ei, culturii \u015fi mediului academic, reprezentan\u0163i ai ONG-urilor \u015fi ai structurilor associative\u201d, a mai spus acesta.<\/p>\n<p data-index=\"5\">De asemenea, el a precizat c\u0103 aceast\u0103 comisie va fi condus\u0103 de doi co-pre\u015fedin\u0163i \u015fi de doi vicepre\u015fedin\u0163i.<\/p>\n<p data-index=\"6\">\u201eAceast\u0103 comisie va fi condus\u0103 de doi co-pre\u015fedin\u0163i &#8211; premierul Rom\u00e2niei \u015fi pre\u015fedintele Academiei Rom\u00e2ne &#8211; \u015fi de doi vicepre\u015fedin\u0163i &#8211; guvernatorul BNR \u015fi vicepremierul desemnat de premier prin decizie (\u2026) este vorba despre vicepremierul cu atribu\u0163ii \u00een acest domeniu\u201d, a explicat Barbu.<\/p>\n<p data-index=\"7\">Pre\u015fedintele PSD, Liviu Dragnea, a anun\u0163at, luni, c\u0103 va fi \u00eenfiin\u0163at\u0103 Comisia Na\u0163ional\u0103 pentru aprobarea planului de fundamentare a ader\u0103rii la moneda euro \u00een 2024.<\/p>\n<p data-index=\"8\">Miercuri, premierul D\u0103ncil\u0103 a subliniat, la \u00eenceputul \u015fedin\u0163ei de Guvern, c\u0103, de\u015fi s-a vorbit despre trecerea la moneda euro, Rom\u00e2nia nu a avut niciodat\u0103 o perioad\u0103 stabilit\u0103 pentru acest moment.<\/p>\n<p data-index=\"9\">\u201eConsider c\u0103 adoptarea monedei euro este cel mai important proiect dup\u0103 aderarea la Uniunea European\u0103 (UE). \u00cen consecin\u0163\u0103, printr-o OUG, vom \u00eenfiin\u0163a Comisia Na\u0163ional\u0103 de fundamentare a planului na\u0163ional de adoptare a monedei euro. Aceast\u0103 comisie va avea rolul de a preg\u0103ti calendarul de intrare a Rom\u00e2niei \u00een mecanismul unic de aderare la zona euro, precum \u015fi ac\u0163iunile necesare pentru preg\u0103tirea economic\u0103, dar \u015fi a societ\u0103\u0163ii rom\u00e2ne\u015fti pentru acest pas important\u201d, a declarat D\u0103ncil\u0103.<\/p>\n<\/div>\n<p> Source URL: https:\/\/www.digi24.ro\/stiri\/actualitate\/politica\/comisia-pentru-trecerea-la-euro-cine-o-va-conduce-899337<\/p>\n","protected":false},"excerpt":{"rendered":"<p>Guvernul a adoptat \u00een \u015fedin\u0163a de miercuri Ordonan\u0163a de Ugen\u0163\u0103 privind constituirea Comisiei Na\u0163ionale de fundamentare a planului na\u0163ional de adoptare a monedei euro. Comisia va fi condus\u0103 de doi co-pre\u015fedin\u0163i &#8211; premierul \u015fi pre\u015fedintele Academiei Rom\u00e2ne &#8211; \u015fi de doi vicepre\u015fedin\u0163i &#8211; guvernatorul BNR \u015fi un vicepremier cu atribu\u0163ii \u00een acest domeniu. Surs\u0103 foto: [&hellip;]<\/p>\n","protected":false},"author":1,"featured_media":121322,"comment_status":"open","ping_status":"","sticky":false,"template":"","format":"standard","meta":{"footnotes":""},"categories":[2],"tags":[11],"class_list":["post-121321","post","type-post","status-publish","format-standard","has-post-thumbnail","hentry","category-politics","tag-digi24"],"_links":{"self":[{"href":"https:\/\/analyse.optim.biz\/index.php?rest_route=\/wp\/v2\/posts\/121321","targetHints":{"allow":["GET"]}}],"collection":[{"href":"https:\/\/analyse.optim.biz\/index.php?rest_route=\/wp\/v2\/posts"}],"about":[{"href":"https:\/\/analyse.optim.biz\/index.php?rest_route=\/wp\/v2\/types\/post"}],"author":[{"embeddable":true,"href":"https:\/\/analyse.optim.biz\/index.php?rest_route=\/wp\/v2\/users\/1"}],"replies":[{"embeddable":true,"href":"https:\/\/analyse.optim.biz\/index.php?rest_route=%2Fwp%2Fv2%2Fcomments&post=121321"}],"version-history":[{"count":0,"href":"https:\/\/analyse.optim.biz\/index.php?rest_route=\/wp\/v2\/posts\/121321\/revisions"}],"wp:featuredmedia":[{"embeddable":true,"href":"https:\/\/analyse.optim.biz\/index.php?rest_route=\/wp\/v2\/media\/121322"}],"wp:attachment":[{"href":"https:\/\/analyse.optim.biz\/index.php?rest_route=%2Fwp%2Fv2%2Fmedia&parent=121321"}],"wp:term":[{"taxonomy":"category","embeddable":true,"href":"https:\/\/analyse.optim.biz\/index.php?rest_route=%2Fwp%2Fv2%2Fcategories&post=121321"},{"taxonomy":"post_tag","embeddable":true,"href":"https:\/\/analyse.optim.biz\/index.php?rest_route=%2Fwp%2Fv2%2Ftags&post=121321"}],"curies":[{"name":"wp","href":"https:\/\/api.w.org\/{rel}","templated":true}]}}