{"id":1210408,"date":"2017-12-08T01:55:49","date_gmt":"2017-12-07T22:55:49","guid":{"rendered":"https:\/\/analyse.optim.biz\/?p=1210408"},"modified":"2017-12-08T01:55:49","modified_gmt":"2017-12-07T22:55:49","slug":"craciunul-multicultural-si-plin-de-corectitudine-politica-in-europa","status":"publish","type":"post","link":"https:\/\/analyse.optim.biz\/?p=1210408","title":{"rendered":"Cr\u0103ciunul Multicultural \u0219i Plin de Corectitudine Politic\u0103 \u00een Europa"},"content":{"rendered":"<article class=\"post-listing post-2227 post type-post status-publish format-standard has-post-thumbnail  category-international\" id=\"the-post\">\n<div class=\"post-inner\">\n<h1 class=\"name post-title entry-title\"><span>Cr\u0103ciunul Multicultural \u0219i Plin de Corectitudine Politic\u0103 \u00een Europa<\/span><\/h1>\n<div class=\"entry\">\n<p>MNR<br \/><strong>Incorect Politic<\/strong><br \/>\nDecembrie 8, 2017<\/p>\n<p><a href=\"https:\/\/analyse.optim.biz\/wp-content\/uploads\/2025\/12\/isiscraciun2.jpg\"><img loading=\"lazy\" decoding=\"async\" class=\"size-full wp-image-2258 aligncenter lazyload\" width=\"905\" height=\"509\" src=\"https:\/\/analyse.optim.biz\/wp-content\/uploads\/2025\/12\/isiscraciun2.jpg\" title=\"isiscraciun2\"><\/a><\/p>\n<p><img loading=\"lazy\" decoding=\"async\" class=\"size-full wp-image-2258 aligncenter\" src=\"https:\/\/analyse.optim.biz\/wp-content\/uploads\/2025\/12\/isiscraciun2.jpg\" width=\"905\" height=\"509\" data-eio=\"l\" title=\"isiscraciun2\"><\/p>\n<p>\u00cembog\u0103\u021birea cultural\u0103 de care avem parte, cu prec\u0103dere \u00een Europa de vest, \u00eencepe s\u0103 ne afecteze toate aspectele vie\u021bii.<\/p>\n<p><a href=\"https:\/\/analyse.optim.biz\/wp-content\/uploads\/2025\/12\/1144016.jpg\"><img loading=\"lazy\" decoding=\"async\" class=\"size-full wp-image-2234 aligncenter lazyload\" width=\"590\" height=\"333\" src=\"https:\/\/analyse.optim.biz\/wp-content\/uploads\/2025\/12\/1144016.jpg\" title=\"1144016\"><\/a><\/p>\n<p><img loading=\"lazy\" decoding=\"async\" class=\"size-full wp-image-2234 aligncenter\" src=\"https:\/\/analyse.optim.biz\/wp-content\/uploads\/2025\/12\/1144016.jpg\" width=\"590\" height=\"333\" data-eio=\"l\" title=\"1144016\"><\/p>\n<p>Teama de atentate dar \u0219i grija de a nu \u00eei sup\u0103r\u0103 pe viitorii neurochirurgi \u0219i ingineri spa\u021biali, \u0219i pe sacii de gunoi produc\u0103tori de mizerie \u0219i plozi retarda\u021bi, aceste specimene dependente de ajutor social, ce refuz\u0103 s\u0103 se adapteze tradi\u021biilor \u0219i obiceiurilor \u021b\u0103rilor ce \u00eei g\u0103zduiesc, a transformat Cr\u0103ciunul \u00eentr-o b\u0103taie de joc.<\/p>\n<p>\u00cen Marea Britanie, \u00een spiritul corectitudinii politice, lan\u021bul de supermarketuri Tesco a crezut de cuviin\u021b\u0103 ca o reclam\u0103 de Cr\u0103ciun \u00een care include musulmani \u0219i sikhi, un cuplu gay cu copilul lor, dar exclude simboluri cre\u0219tine o s\u0103 fie un succes, \u00eens\u0103 au fost nevoi\u021bi s\u0103 o retrag\u0103 dup\u0103 ce a fost atacat\u0103 intens \u00een mediul online \u0219i nu numai, iar Tesco a fost acuzat c\u0103 vinde \u00een secret carne halal.<\/p>\n\n<p>Tot corectitudinea politic\u0103 distruge \u0219i tradi\u021bia v\u00e2scului, pentru c\u0103 \u00een Irlanda de Nord poli\u021bia a f\u0103cut un anun\u021b public unde semnaleaz\u0103 faptul c\u0103 un s\u0103rut furat sub v\u00e2sc este considerat abuz sexual sau chiar viol \u0219i tratat ca atare.<\/p>\n<p>\u00cen Marea Britanie t\u00e2rgurile de Cr\u0103ciun sunt dotate cu bariere menite s\u0103 opreasc\u0103 camioanele p\u0103cii, detectoare de metale \u0219i poli\u021bie militarizat\u0103.<\/p>\n<p>Charles, maimu\u021boiul regal , a rugat britanicii s\u0103 nu \u00eel uite pe Muhammad \u00een perioada acestor s\u0103rb\u0103tori.<\/p>\n<p><a href=\"https:\/\/analyse.optim.biz\/wp-content\/uploads\/2025\/12\/prince-charles.jpg\"><img loading=\"lazy\" decoding=\"async\" class=\"size-full wp-image-2249 aligncenter lazyload\" width=\"350\" height=\"504\" src=\"https:\/\/analyse.optim.biz\/wp-content\/uploads\/2025\/12\/prince-charles.jpg\" title=\"prince-charles\"><\/a><\/p>\n<p><img loading=\"lazy\" decoding=\"async\" class=\"size-full wp-image-2249 aligncenter\" src=\"https:\/\/analyse.optim.biz\/wp-content\/uploads\/2025\/12\/prince-charles.jpg\" width=\"350\" height=\"504\" data-eio=\"l\" title=\"prince-charles\"><\/p>\n<p>Probabil c\u0103 autorit\u0103\u021bile engleze au fost foarte \u00eenc\u00e2ntate de sugestia m\u0103sc\u0103riciului regal deoarece multe ora\u0219e mici se bucur\u0103 de decora\u021biuni \u00een arab\u0103 sau semne cu *welcome* , simboluri cre\u0219tine sau p\u0103g\u00e2ne tradi\u021bionale de Cr\u0103ciun lipsind total.<\/p>\n<p><a href=\"https:\/\/analyse.optim.biz\/wp-content\/uploads\/2025\/12\/xlarge_2-1.jpg\"><img loading=\"lazy\" decoding=\"async\" class=\"size-full wp-image-2250 aligncenter lazyload\" width=\"1024\" height=\"576\" src=\"https:\/\/analyse.optim.biz\/wp-content\/uploads\/2025\/12\/xlarge_2-1.jpg\" title=\"xlarge_2-1\"><\/a><\/p>\n<p><img loading=\"lazy\" decoding=\"async\" class=\"size-full wp-image-2250 aligncenter\" src=\"https:\/\/analyse.optim.biz\/wp-content\/uploads\/2025\/12\/xlarge_2-1.jpg\" width=\"1024\" height=\"576\" data-eio=\"l\" title=\"xlarge_2-1\"><\/p>\n<p>\u00a0<\/p>\n<p><a href=\"https:\/\/analyse.optim.biz\/wp-content\/uploads\/2025\/12\/cement-blocks-christmas-600x400-1.jpg\"><img loading=\"lazy\" decoding=\"async\" class=\"size-full wp-image-2243 aligncenter lazyload\" width=\"600\" height=\"400\" src=\"https:\/\/analyse.optim.biz\/wp-content\/uploads\/2025\/12\/cement-blocks-christmas-600x400-1.jpg\" title=\"cement-blocks-christmas-600x400-1\"><\/a><\/p>\n<p><img loading=\"lazy\" decoding=\"async\" class=\"size-full wp-image-2243 aligncenter\" src=\"https:\/\/analyse.optim.biz\/wp-content\/uploads\/2025\/12\/cement-blocks-christmas-600x400-1.jpg\" width=\"600\" height=\"400\" data-eio=\"l\" title=\"cement-blocks-christmas-600x400-1\"><a href=\"https:\/\/analyse.optim.biz\/wp-content\/uploads\/2025\/12\/birmingham-1134972.jpg\"><img loading=\"lazy\" decoding=\"async\" class=\"size-full wp-image-2242 aligncenter lazyload\" width=\"590\" height=\"390\" src=\"https:\/\/analyse.optim.biz\/wp-content\/uploads\/2025\/12\/birmingham-1134972.jpg\" title=\"birmingham-1134972\"><img loading=\"lazy\" decoding=\"async\" class=\"size-full wp-image-2242 aligncenter\" src=\"https:\/\/analyse.optim.biz\/wp-content\/uploads\/2025\/12\/birmingham-1134972.jpg\" width=\"590\" height=\"390\" data-eio=\"l\" title=\"birmingham-1134972\"><\/a><\/p>\n<p>https:\/\/www.youtube.com\/watch?v=yvqYfNzrYg0&#038;t=1s<\/p>\n<p>Iar \u0219tirile legate de explozii \u0219i atentate minore sunt at\u00e2t de comune \u00een Europa \u00eenc\u00e2t nici nu mai ajung prezentate la televizor sau pe primele pagini ale ziarelor, astfel c\u0103, atunci c\u00e2nd o ma\u0219in\u0103 a explodat \u00een Londra, \u00een fa\u021ba unui t\u00e2rg de Cr\u0103ciun, la sf\u00e2r\u0219itul lunii noiembrie, nu a interesat pe nimeni.<\/p>\n<p>Probabil c\u0103 Londra \u0219i-a asumat celebra *part and parcel* \u00een timp ce domnul Sadik Khan poate s\u0103 doarm\u0103 \u00een sf\u00e2r\u0219it fericit \u0219tiind c\u0103 rata criminalit\u0103\u021bii, atentatele \u0219i atacurile cu acid sunt \u00een continu\u0103 cre\u0219tere.<\/p>\n<p><a href=\"https:\/\/analyse.optim.biz\/wp-content\/uploads\/2025\/12\/isis-chritsmas-market-attack-queen-london-885517.jpg\"><img loading=\"lazy\" decoding=\"async\" class=\"size-full wp-image-2245 aligncenter lazyload\" width=\"590\" height=\"350\" src=\"https:\/\/analyse.optim.biz\/wp-content\/uploads\/2025\/12\/isis-chritsmas-market-attack-queen-london-885517.jpg\" title=\"isis-chritsmas-market-attack-queen-london-885517\"><\/a><\/p>\n<p><img loading=\"lazy\" decoding=\"async\" class=\"size-full wp-image-2245 aligncenter\" src=\"https:\/\/analyse.optim.biz\/wp-content\/uploads\/2025\/12\/isis-chritsmas-market-attack-queen-london-885517.jpg\" width=\"590\" height=\"350\" data-eio=\"l\" title=\"isis-chritsmas-market-attack-queen-london-885517\"><br \/>\nPrimarul din Lyon a fost nevoit s\u0103 anuleze t\u00e2rgul de Cr\u0103ciun deoarece costurile pentru asigurarea siguran\u021bei dep\u0103\u0219eau cu mult 20 de mii de euro.<\/p>\n<p>Decizia a fost una foarte grea dar autorit\u0103\u021bile nu au g\u0103sit nici o solu\u021bie.<\/p>\n<p>Probabil c\u0103 au f\u0103cut ceea ce trebuie av\u00e2nd \u00een vedere faptul c\u0103 peste 26 de mii de solda\u021bi ISIS au jurat c\u0103 vor ataca Europa luna aceast\u0103 ca \u0219i consecin\u021b\u0103 a \u00eenfr\u00e2ngerilor suferite \u00een Siria, Iraq \u0219i Libia, principalele \u021binte fiind Fran\u021ba \u0219i Marea Britanie.<\/p>\n<p>Printre ultimele imagini de propagand\u0103 postate de Isis se reg\u0103se\u0219te un terorist sinuciga\u0219 merg\u00e2nd pe celebra strad\u0103 Oxford din Londra. Pe l\u00e2ng\u0103 Londra, alte \u021binte anun\u021bate sunt New York, Paris \u0219i Roma.<\/p>\n<p><a href=\"https:\/\/analyse.optim.biz\/wp-content\/uploads\/2025\/12\/784987979415298052.jpg\"><img loading=\"lazy\" decoding=\"async\" class=\"size-full wp-image-2237 aligncenter lazyload\" width=\"1024\" height=\"593\" src=\"https:\/\/analyse.optim.biz\/wp-content\/uploads\/2025\/12\/784987979415298052.jpg\" title=\"784987979415298052\"><\/a><\/p>\n<p><img loading=\"lazy\" decoding=\"async\" class=\"size-full wp-image-2237 aligncenter\" src=\"https:\/\/analyse.optim.biz\/wp-content\/uploads\/2025\/12\/784987979415298052.jpg\" width=\"1024\" height=\"593\" data-eio=\"l\" title=\"784987979415298052\"><br \/>\nSi \u00een Germania, corectitudinea politic\u0103 combinat\u0103 cu \u00eembog\u0103\u021birea cultulara func\u021bioneaz\u0103 minunat, at\u00e2t de minunat \u00eenc\u00e2t un *erudit* musulman a declarat la o emisiune TV c\u0103 ochii alba\u0219tri vor disp\u0103rea \u0219i viitorii germani vor avea etnie str\u0103in\u0103, se va purta hijab.<\/p>\n<p><a href=\"https:\/\/analyse.optim.biz\/wp-content\/uploads\/2025\/12\/isis_craciun.jpg\"><img loading=\"lazy\" decoding=\"async\" class=\"size-full wp-image-2256 aligncenter lazyload\" width=\"634\" height=\"475\" src=\"https:\/\/analyse.optim.biz\/wp-content\/uploads\/2025\/12\/isis_craciun.jpg\" title=\"isis_craciun\"><\/a><\/p>\n<p><img loading=\"lazy\" decoding=\"async\" class=\"size-full wp-image-2256 aligncenter\" src=\"https:\/\/analyse.optim.biz\/wp-content\/uploads\/2025\/12\/isis_craciun.jpg\" width=\"634\" height=\"475\" data-eio=\"l\" title=\"isis_craciun\"><\/p>\n<p>Asta se \u00eent\u00e2mpla acum mai bine de un an, au avult loc multe atacuri \u0219i crime \u00eentre timp dar Germania \u00eenc\u0103 sus\u021bine politica grani\u021belor deschise \u0219i \u00ee\u0219i prive\u0219te pasiv\u0103 sinuciderea cultural\u0103.<\/p>\n<p><a href=\"https:\/\/analyse.optim.biz\/wp-content\/uploads\/2025\/12\/mergerm.jpg\"><img loading=\"lazy\" decoding=\"async\" class=\"size-full wp-image-2247 aligncenter lazyload\" width=\"518\" height=\"481\" src=\"https:\/\/analyse.optim.biz\/wp-content\/uploads\/2025\/12\/mergerm.jpg\" title=\"mergerm\"><\/a><\/p>\n<p><img loading=\"lazy\" decoding=\"async\" class=\"size-full wp-image-2247 aligncenter\" src=\"https:\/\/analyse.optim.biz\/wp-content\/uploads\/2025\/12\/mergerm.jpg\" width=\"518\" height=\"481\" data-eio=\"l\" title=\"mergerm\"><br \/>\nPentru a masca barierele importiva camioanelor p\u0103cii, Germania le-a \u00eembr\u0103cat \u00een cadouri sau cuburi de leggo. Nu p\u0103c\u0103le\u0219ti pe nimeni, tr\u0103d\u0103toare zionista, distrug\u0103toare a Europei, germanul de r\u00e2nd nu o s\u0103 uite ce s-a \u00eent\u00e2mplat \u00een Berlin Cr\u0103ciunul trecut \u0219i pe bun\u0103 dreptate, \u021bin\u00e2nd cont c\u0103 o bomb\u0103 cu cuie a fost descoperit\u0103 \u00eentr-un t\u00e2rg de cr\u0103ciun \u00een Potsdam pe data de 1 decembrie.<\/p>\n<p><a href=\"https:\/\/analyse.optim.biz\/wp-content\/uploads\/2025\/12\/785238145149968397.jpg\"><img loading=\"lazy\" decoding=\"async\" class=\"size-full wp-image-2238 aligncenter lazyload\" width=\"681\" height=\"1024\" src=\"https:\/\/analyse.optim.biz\/wp-content\/uploads\/2025\/12\/785238145149968397.jpg\" title=\"785238145149968397\"><\/a><\/p>\n<p><img loading=\"lazy\" decoding=\"async\" class=\"size-full wp-image-2238 aligncenter\" src=\"https:\/\/analyse.optim.biz\/wp-content\/uploads\/2025\/12\/785238145149968397.jpg\" width=\"681\" height=\"1024\" data-eio=\"l\" title=\"785238145149968397\"><\/p>\n<p>Ca de obicei autorit\u0103\u021bile au dat declara\u021bii ridicole, \u00eencerc\u00e2nd s\u0103 conving\u0103 publicul c\u0103 t\u00e2rgul nu a fost neap\u0103rat \u021binta unui atac.<\/p>\n<p>M\u0103car au \u00eenv\u0103\u021bat s\u0103 reac\u021bioneze mai rapid dup\u0103 atacul din Berlin de anul trecut c\u00e2nd, datorit\u0103 incompeten\u021bei incomensurabile nu au observat pozele cu arme din telefonul viitorului astronaut care a \u00eembog\u0103\u021bit cultural Europa cu 12 mor\u021bi.<\/p>\n<p>\u00cen Essen au fost aresta\u021bi 6 sirieni care pl\u0103nuiau s\u0103 atace un t\u00e2rg de Cr\u0103ciun tradi\u021bional, to\u021bi fiind solicitan\u021bi de azil venind \u00een Europa \u00een 2014 \u0219i 2015, timp \u00een care s-au bucurat de cazare gratuit\u0103 \u0219i ajutor social.<\/p>\n<p>Probabil c\u0103 aceasta o s\u0103 fie atmosfera general\u0103 \u00een majoritatea ora\u0219elor mari din Germania. Oameni stresa\u021bi \u0219i gr\u0103bi\u021bi care vor evita pe c\u00e2t posibil locurile aglomerare \u0219i probabil tradi\u021bionalele t\u00e2rguri.<\/p>\n<p><a href=\"https:\/\/analyse.optim.biz\/wp-content\/uploads\/2025\/12\/777194402475941908.jpg\"><img loading=\"lazy\" decoding=\"async\" class=\"size-full wp-image-2235 aligncenter lazyload\" width=\"893\" height=\"1024\" src=\"https:\/\/analyse.optim.biz\/wp-content\/uploads\/2025\/12\/777194402475941908.jpg\" title=\"777194402475941908\"><\/a><\/p>\n<p><img loading=\"lazy\" decoding=\"async\" class=\"size-full wp-image-2235 aligncenter\" src=\"https:\/\/analyse.optim.biz\/wp-content\/uploads\/2025\/12\/777194402475941908.jpg\" width=\"893\" height=\"1024\" data-eio=\"l\" title=\"777194402475941908\"><\/p>\n<p>Dupa modelul Germaniei, Danemarca, Suedia \u0219i Austria se preg\u0103tesc de un Cr\u0103ciun multicultural cu bariere de beton sau nisip decorate festiv.<\/p>\n<p><a href=\"https:\/\/analyse.optim.biz\/wp-content\/uploads\/2025\/12\/austr.jpg\"><img loading=\"lazy\" decoding=\"async\" class=\"size-full wp-image-2240 aligncenter lazyload\" width=\"493\" height=\"533\" src=\"https:\/\/analyse.optim.biz\/wp-content\/uploads\/2025\/12\/austr.jpg\" title=\"austr\"><\/a><\/p>\n<p><img loading=\"lazy\" decoding=\"async\" class=\"size-full wp-image-2240 aligncenter\" src=\"https:\/\/analyse.optim.biz\/wp-content\/uploads\/2025\/12\/austr.jpg\" width=\"493\" height=\"533\" data-eio=\"l\" title=\"austr\"><\/p>\n<p>Suedia este mai preocupat\u0103 s\u0103 ofere case \u0219i ajutor social lupt\u0103torilor Isis care se \u00eentorc sau hot\u0103r\u0103sc s\u0103 emigreze acolo, dec\u00e2t s\u0103 organizeze un Cr\u0103ciun festiv \u0219i tradi\u021bional.<\/p>\n<p><a href=\"https:\/\/analyse.optim.biz\/wp-content\/uploads\/2025\/12\/pjwsuedia.jpg\"><img loading=\"lazy\" decoding=\"async\" class=\"size-full wp-image-2248 aligncenter lazyload\" width=\"520\" height=\"573\" src=\"https:\/\/analyse.optim.biz\/wp-content\/uploads\/2025\/12\/pjwsuedia.jpg\" title=\"pjwsuedia\"><\/a><\/p>\n<p><img loading=\"lazy\" decoding=\"async\" class=\"size-full wp-image-2248 aligncenter\" src=\"https:\/\/analyse.optim.biz\/wp-content\/uploads\/2025\/12\/pjwsuedia.jpg\" width=\"520\" height=\"573\" data-eio=\"l\" title=\"pjwsuedia\"><\/p>\n<p>Nici Vaticanul nu a sc\u0103pat de furia Isis, ace\u0219tia jur\u00e2nd c\u0103 o s\u0103 \u00eempr\u0103\u0219tie s\u00e2nge de Cr\u0103ciun \u00een Vatican \u0219i post\u00e2nd o imagine cu Papa Francisc decapitat. Pentru Isis Vaticanul reprezint\u0103 un simbol al Cruciadelor \u0219i Cruciatilor, a\u0219a c\u0103 pentru Isis amenin\u021b\u0103rile la adresa Romei \u0219i a Vaticanului reprezint\u0103 amenin\u021b\u0103ri la adresa cre\u0219tinismului.<\/p>\n<p><a href=\"https:\/\/www.incorectpolitic.com\/wp-content\/uploads\/2017\/12\/Christmas-blood-2.jpg\"><img loading=\"lazy\" decoding=\"async\" class=\"wp-image-2244 size-large aligncenter lazyload\" width=\"618\" height=\"348\" src=\"https:\/\/analyse.optim.biz\/wp-content\/uploads\/2025\/12\/christmas-blood-2-1024x576-1.jpg\" title=\"christmas-blood-2-1024x576-1\"><\/a><\/p>\n<p><img loading=\"lazy\" decoding=\"async\" class=\"wp-image-2244 size-large aligncenter\" src=\"https:\/\/analyse.optim.biz\/wp-content\/uploads\/2025\/12\/christmas-blood-2-1024x576-1.jpg\" width=\"618\" height=\"348\" data-eio=\"l\" title=\"christmas-blood-2-1024x576-1\"><\/p>\n<p>\u00cen Norvegia, o \u0219coal\u0103 a g\u0103sit de cuviin\u021b\u0103 s\u0103 citeasc\u0103 versete din Koran la o festivitate de Cr\u0103ciun \u0219i s\u0103 \u00eenve\u021be feti\u021bele s\u0103 poarte hijab.<\/p>\n<p>Departamentul de Stat American a emis avertiz\u0103ri \u00een privin\u021ba c\u0103l\u0103toriilor \u00een Europa luna aceasta, sf\u0103tuind posibilii turi\u0219ti s\u0103 fie vigilen\u021bi \u0219i s\u0103 evite locurile aglomerate.<\/p>\n<p>Turismul Europei de vest, care era deja extrem de afectat din cauza \u00eembog\u0103\u021birii culturale, probabil c\u0103 anul acesta va atinge cel mai sc\u0103zut punct din ultimii 40 de ani.<\/p>\n<p>Pe l\u00e2ng\u0103 avertiz\u0103rile emise de SUA, foarte multe agen\u021bii de turism din Asia de Est \u0219i India au anun\u021bat c\u0103 se vor orienta spre alte loca\u021bii, cu prec\u0103dere spre \u021b\u0103ri din Europa de Est.<\/p>\n\n<p>Acesta este sf\u00e2r\u0219itul de an 2017, un an gri, mohor\u00e2t, \u00een care \u00eenc\u0103 a\u0219tept\u0103m ca Europenii s\u0103 se trezeasc\u0103 \u0219i s\u0103 resping\u0103 multiculturalismul acesta for\u021bat.<\/p>\n<p>Probabil c\u0103, dac\u0103 lucrurile nu o s\u0103 se schimbe, la anul nici nu vom mai s\u0103rb\u0103tori Cr\u0103ciunul, vom s\u0103rb\u0103tori Ramadamul, sub directiva Uniunii Europene.<\/p>\n<p><a href=\"https:\/\/analyse.optim.biz\/wp-content\/uploads\/2025\/12\/isis_merry.jpg\"><img loading=\"lazy\" decoding=\"async\" class=\"size-full wp-image-2257 aligncenter lazyload\" width=\"1000\" height=\"800\" src=\"https:\/\/analyse.optim.biz\/wp-content\/uploads\/2025\/12\/isis_merry.jpg\" title=\"isis_merry\"><\/a><\/p>\n<p><img loading=\"lazy\" decoding=\"async\" class=\"size-full wp-image-2257 aligncenter\" src=\"https:\/\/analyse.optim.biz\/wp-content\/uploads\/2025\/12\/isis_merry.jpg\" width=\"1000\" height=\"800\" data-eio=\"l\" title=\"isis_merry\"><\/div>\n<\/div>\n<\/article>\n<p> Source URL: https:\/\/www.incorectpolitic.com\/craciunul-multicultural-si-plin-de-corectitudine-politica-europa\/<\/p>\n","protected":false},"excerpt":{"rendered":"<p>Cr\u0103ciunul Multicultural \u0219i Plin de Corectitudine Politic\u0103 \u00een Europa MNRIncorect Politic Decembrie 8, 2017 \u00cembog\u0103\u021birea cultural\u0103 de care avem parte, cu prec\u0103dere \u00een Europa de vest, \u00eencepe s\u0103 ne afecteze toate aspectele vie\u021bii. Teama de atentate dar \u0219i grija de a nu \u00eei sup\u0103r\u0103 pe viitorii neurochirurgi \u0219i ingineri spa\u021biali, \u0219i pe sacii de gunoi [&hellip;]<\/p>\n","protected":false},"author":1,"featured_media":1210411,"comment_status":"open","ping_status":"","sticky":false,"template":"","format":"standard","meta":{"footnotes":""},"categories":[89],"tags":[95],"class_list":["post-1210408","post","type-post","status-publish","format-standard","has-post-thumbnail","hentry","category-romania","tag-incorectpolitic-com"],"_links":{"self":[{"href":"https:\/\/analyse.optim.biz\/index.php?rest_route=\/wp\/v2\/posts\/1210408","targetHints":{"allow":["GET"]}}],"collection":[{"href":"https:\/\/analyse.optim.biz\/index.php?rest_route=\/wp\/v2\/posts"}],"about":[{"href":"https:\/\/analyse.optim.biz\/index.php?rest_route=\/wp\/v2\/types\/post"}],"author":[{"embeddable":true,"href":"https:\/\/analyse.optim.biz\/index.php?rest_route=\/wp\/v2\/users\/1"}],"replies":[{"embeddable":true,"href":"https:\/\/analyse.optim.biz\/index.php?rest_route=%2Fwp%2Fv2%2Fcomments&post=1210408"}],"version-history":[{"count":0,"href":"https:\/\/analyse.optim.biz\/index.php?rest_route=\/wp\/v2\/posts\/1210408\/revisions"}],"wp:featuredmedia":[{"embeddable":true,"href":"https:\/\/analyse.optim.biz\/index.php?rest_route=\/wp\/v2\/media\/1210411"}],"wp:attachment":[{"href":"https:\/\/analyse.optim.biz\/index.php?rest_route=%2Fwp%2Fv2%2Fmedia&parent=1210408"}],"wp:term":[{"taxonomy":"category","embeddable":true,"href":"https:\/\/analyse.optim.biz\/index.php?rest_route=%2Fwp%2Fv2%2Fcategories&post=1210408"},{"taxonomy":"post_tag","embeddable":true,"href":"https:\/\/analyse.optim.biz\/index.php?rest_route=%2Fwp%2Fv2%2Ftags&post=1210408"}],"curies":[{"name":"wp","href":"https:\/\/api.w.org\/{rel}","templated":true}]}}