{"id":1209270,"date":"2014-05-26T14:45:45","date_gmt":"2014-05-26T11:45:45","guid":{"rendered":"https:\/\/analyse.optim.biz\/?p=1209270"},"modified":"2014-05-26T14:45:45","modified_gmt":"2014-05-26T11:45:45","slug":"minor-prins-la-furat-suceavalive","status":"publish","type":"post","link":"https:\/\/analyse.optim.biz\/?p=1209270","title":{"rendered":"Minor prins la furat &#8211; SuceavaLIVE"},"content":{"rendered":"<article id=\"post-38559\" class=\"clearfix post-38559 post type-post status-publish format-standard has-post-thumbnail hentry category-comunicate tag-furt tag-infractiune tag-minor tag-mobil tag-politisti tag-siminicea\">\n<header id=\"cb-standard-featured\">\n<div id=\"cb-fis-wrap\" class=\"cb-entry-header cb-fis cb-style-standard\"><span class=\"cb-title-fi\"><\/p>\n<h1 class=\"entry-title cb-entry-title cb-single-title\">Minor prins la furat<\/h1>\n<div class=\"cb-byline cb-font-header\">\n<div class=\"cb-date cb-byline-element\"><time datetime=\"2014-05-26\">26 mai 2014<\/time><\/div>\n<\/div>\n<p><\/span><\/div>\n<div class=\"cb-mask\"><img decoding=\"async\" width=\"455\" height=\"280\" src=\"https:\/\/analyse.optim.biz\/wp-content\/uploads\/2025\/12\/furt-4.jpg\" class=\"attachment-cb-full-full size-cb-full-full wp-post-image\" loading=\"lazy\" title=\"furt-4\"><\/div>\n<\/header>\n<p>\u00cen cursul serii de duminic\u0103, 25 mai, \u00een jurul orei 19.00, poli\u0163i\u015ftii Postului de poli\u0163ie Siminicea au fost sesiza\u021bi de o femeie de 78 de ani, din localitate, despre faptul c\u0103 \u00een intervalul 13.00 \u2013 14.00, persoane necunoscute, prin folosirea de chei potrivite, i-au p\u0103truns \u00een locuin\u021ba proprietate personal\u0103, de unde i-au sustras mai multe bunuri.<\/p>\n<section class=\"cb-entry-content entry-content clearfix\">\n<p>\u00cen urma m\u0103surilor \u00eentreprinse de poli\u021bi\u0219ti, autorul a fost identificat ca fiind un minor de 14 ani, localnic, de la care a fost recuperat \u0219i telefonul mobil sustras, ce a fost restituit persoanei v\u0103t\u0103mate.<\/p>\n<p>\u00cen cauz\u0103 s-a \u00eentocmit dosar penal fa\u021b\u0103 de minor, pentru comiterea infrac\u021biunii de furt calificat.<\/p>\n<\/section>\n<footer class=\"article-footer\">\n<p class=\"cb-tags\"><a href=\"https:\/\/suceavalive.ro\/tag\/furt\/\" rel=\"tag\">furt<\/a><a href=\"https:\/\/suceavalive.ro\/tag\/infractiune\/\" rel=\"tag\">infractiune<\/a><a href=\"https:\/\/suceavalive.ro\/tag\/minor\/\" rel=\"tag\">minor<\/a><a href=\"https:\/\/suceavalive.ro\/tag\/mobil\/\" rel=\"tag\">mobil<\/a><a href=\"https:\/\/suceavalive.ro\/tag\/politisti\/\" rel=\"tag\">politisti<\/a><a href=\"https:\/\/suceavalive.ro\/tag\/siminicea\/\" rel=\"tag\">siminicea<\/a><\/p>\n<div class=\"cb-social-sharing cb-post-footer-block cb-beside clearfix\">\n<div class=\"cb-title-subtle\">Share On:<\/div>\n<div class=\"cb-twitter\"><a href=\"https:\/\/twitter.com\/share\" class=\"twitter-share-button\" data-dnt=\"true\" data-count=\"horizontal\">Tweet<\/a><\/div>\n<\/div>\n<div id=\"cb-previous-next-links\" class=\"cb-post-footer-block clearfix\">\n<div id=\"cb-previous-link\"><a href=\"https:\/\/suceavalive.ro\/s-au-ranit-dupa-ce-masina-ajuns-sant\/\" rel=\"prev\">R\u0103ni\u0163i cu ma\u015fina \u00een \u015fan\u0163<\/a><\/div>\n<div id=\"cb-next-link\"><a href=\"https:\/\/suceavalive.ro\/bataie-intre-consateni-la-prelipca\/\" rel=\"next\">B\u0103taie \u00eentre cons\u0103teni la Prelipca<\/a><\/div>\n<\/div>\n<div id=\"cb-author-box\" class=\"clearfix\">\n<h3 class=\"cb-block-title\">Despre autor<\/h3>\n<div class=\"cb-mask\"><a href=\"https:\/\/suceavalive.ro\/author\/tilihoi\/\"><img decoding=\"async\" src=\"https:\/\/analyse.optim.biz\/wp-content\/uploads\/2025\/12\/fa2d18728c5d81a58c6469ecd1ad7e557d4f11a4993458ce4a8238aca4504c9f-17.jpg\" class=\"avatar avatar-120 photo\" height=\"120\" width=\"120\" loading=\"lazy\" title=\"fa2d18728c5d81a58c6469ecd1ad7e557d4f11a4993458ce4a8238aca4504c9f-17\"><\/a><\/div>\n<div class=\"cb-meta\">\n<div class=\"cb-info\">\n<div class=\"cb-author-title vcard\"><a href=\"https:\/\/suceavalive.ro\/author\/tilihoi\/\"><span class=\"fn\">Cornel Tilihoi<\/span><\/a><\/div>\n<\/div>\n<\/div>\n<\/div>\n<div id=\"cb-related-posts\" class=\"cb-related-posts-block cb-post-end-block clearfix\">\n<h3 class=\"cb-block-title\">Postari asemanatoare<\/h3>\n<ul>\n<li class=\"cb-style-overlay cb-grid-entry cb-related-post no-1\">\n<div class=\"cb-mask\"><a href=\"https:\/\/suceavalive.ro\/o-femeie-de-29-de-ani-a-furat-un-portofel-din-cosul-de-cumparaturi\/\"><img decoding=\"async\" width=\"360\" height=\"240\" src=\"https:\/\/analyse.optim.biz\/wp-content\/uploads\/2025\/12\/cos-cumparaturi-supermarket-360x240-2.jpg\" class=\"attachment-cb-360-240 size-cb-360-240 wp-post-image\" loading=\"lazy\" title=\"cos-cumparaturi-supermarket-360x240-2\"><\/a><\/div>\n<div class=\"cb-meta cb-article-meta\">\n<h4 class=\"h3 cb-post-title\"><a href=\"https:\/\/suceavalive.ro\/o-femeie-de-29-de-ani-a-furat-un-portofel-din-cosul-de-cumparaturi\/\">O femeie de 29 de ani a furat un portofel din co\u015ful de cump\u0103r\u0103turi<\/a><\/h4>\n<div class=\"cb-byline cb-font-header\">\n<div class=\"cb-date cb-byline-element\"><time datetime=\"2017-11-19\">19 noiembrie 2017<\/time><\/div>\n<\/div>\n<\/div>\n<\/li>\n<li class=\"cb-style-overlay cb-grid-entry cb-related-post no-2\">\n<div class=\"cb-mask\"><a href=\"https:\/\/suceavalive.ro\/doi-tineri-prinsi-la-doi-dupa-ce-au-taiat-doi-molizi\/\"><img decoding=\"async\" width=\"360\" height=\"240\" src=\"https:\/\/analyse.optim.biz\/wp-content\/uploads\/2025\/12\/copaci-taiati-ilegal-1-360x240-1.jpg\" class=\"attachment-cb-360-240 size-cb-360-240 wp-post-image\" loading=\"lazy\" title=\"copaci-taiati-ilegal-1-360x240-1\"><\/a><\/div>\n<div class=\"cb-meta cb-article-meta\">\n<h4 class=\"h3 cb-post-title\"><a href=\"https:\/\/suceavalive.ro\/doi-tineri-prinsi-la-doi-dupa-ce-au-taiat-doi-molizi\/\">Doi tineri prin\u0219i la doi dup\u0103 ce au t\u0103iat doi molizi<\/a><\/h4>\n<div class=\"cb-byline cb-font-header\">\n<div class=\"cb-date cb-byline-element\"><time datetime=\"2017-11-19\">19 noiembrie 2017<\/time><\/div>\n<div class=\"cb-comments cb-byline-element\"><a href=\"https:\/\/suceavalive.ro\/doi-tineri-prinsi-la-doi-dupa-ce-au-taiat-doi-molizi\/#comments\">1<\/a><\/div>\n<\/div>\n<\/div>\n<\/li>\n<\/ul>\n<\/div>\n<\/footer>\n<div id=\"respond\" class=\"comment-respond\">\n<h3 id=\"reply-title\" class=\"comment-reply-title\">Lasa un raspuns <small><a rel=\"nofollow\" id=\"cancel-comment-reply-link\" href=\"https:\/\/suceavalive.ro\/minor-prins-la-furat\/#respond\">Anuleaza raspunsul<\/a><\/small><\/h3>\n<p class=\"comment-notes\">Adresa ta de email nu va fi publicat\u0103.<\/p>\n<\/div>\n<\/article>\n<p> Source URL: https:\/\/suceavalive.ro\/minor-prins-la-furat\/<\/p>\n","protected":false},"excerpt":{"rendered":"<p>Minor prins la furat 26 mai 2014 \u00cen cursul serii de duminic\u0103, 25 mai, \u00een jurul orei 19.00, poli\u0163i\u015ftii Postului de poli\u0163ie Siminicea au fost sesiza\u021bi de o femeie de 78 de ani, din localitate, despre faptul c\u0103 \u00een intervalul 13.00 \u2013 14.00, persoane necunoscute, prin folosirea de chei potrivite, i-au p\u0103truns \u00een locuin\u021ba proprietate [&hellip;]<\/p>\n","protected":false},"author":1,"featured_media":1209271,"comment_status":"open","ping_status":"","sticky":false,"template":"","format":"standard","meta":{"footnotes":""},"categories":[89],"tags":[173],"class_list":["post-1209270","post","type-post","status-publish","format-standard","has-post-thumbnail","hentry","category-romania","tag-suceavalive-ro"],"_links":{"self":[{"href":"https:\/\/analyse.optim.biz\/index.php?rest_route=\/wp\/v2\/posts\/1209270","targetHints":{"allow":["GET"]}}],"collection":[{"href":"https:\/\/analyse.optim.biz\/index.php?rest_route=\/wp\/v2\/posts"}],"about":[{"href":"https:\/\/analyse.optim.biz\/index.php?rest_route=\/wp\/v2\/types\/post"}],"author":[{"embeddable":true,"href":"https:\/\/analyse.optim.biz\/index.php?rest_route=\/wp\/v2\/users\/1"}],"replies":[{"embeddable":true,"href":"https:\/\/analyse.optim.biz\/index.php?rest_route=%2Fwp%2Fv2%2Fcomments&post=1209270"}],"version-history":[{"count":0,"href":"https:\/\/analyse.optim.biz\/index.php?rest_route=\/wp\/v2\/posts\/1209270\/revisions"}],"wp:featuredmedia":[{"embeddable":true,"href":"https:\/\/analyse.optim.biz\/index.php?rest_route=\/wp\/v2\/media\/1209271"}],"wp:attachment":[{"href":"https:\/\/analyse.optim.biz\/index.php?rest_route=%2Fwp%2Fv2%2Fmedia&parent=1209270"}],"wp:term":[{"taxonomy":"category","embeddable":true,"href":"https:\/\/analyse.optim.biz\/index.php?rest_route=%2Fwp%2Fv2%2Fcategories&post=1209270"},{"taxonomy":"post_tag","embeddable":true,"href":"https:\/\/analyse.optim.biz\/index.php?rest_route=%2Fwp%2Fv2%2Ftags&post=1209270"}],"curies":[{"name":"wp","href":"https:\/\/api.w.org\/{rel}","templated":true}]}}