{"id":120916,"date":"2018-03-29T10:16:12","date_gmt":"2018-03-29T07:16:12","guid":{"rendered":"https:\/\/analyse.optim.biz\/?p=120916"},"modified":"2018-03-29T10:16:12","modified_gmt":"2018-03-29T07:16:12","slug":"adrian-nastase-vrea-sa-investeasca-in-fotbal","status":"publish","type":"post","link":"https:\/\/analyse.optim.biz\/?p=120916","title":{"rendered":"Adrian N\u0103stase vrea s\u0103 investeasc\u0103 \u00een fotbal"},"content":{"rendered":"<div class=\"entry data-app-meta data-app-meta-article\" data-embed-base-url-canonical=\"https:\/\/www.digi24.ro\/embed\/stiri\/sport\/fotbal\/adrian-nastase-vrea-sa-investeasca-in-fotbal-903971\">\n<p data-index=\"1\"><strong>Fostul premier Adrian N\u0103stase a declarat, pentru<a href=\"http:\/\/www.gsp.ro\/fotbal\/liga-1\/exclusiv-adrian-nastase-confirma-dezvaluirile-gsp-da-vreau-sa-ma-implic-la-dinamo-536008.html\" target=\"_blank\" rel=\"noopener\" data-skip-linkfix=\"1\"><em> Gazeta Sporturilor<\/em><\/a>, c\u0103 este dispus s\u0103 participe la proiectul de preluare a FC Dinamo de la actualul ac\u0163ionar majoritar Ionu\u0163 Negoi\u0163\u0103, ini\u0163iativ\u0103 ce-i apar\u0163ine fostului interna\u0163ional Cornel Dinu, informeaz\u0103 News.ro.<\/strong><\/p>\n<figure class=\"article-thumb\"><img decoding=\"async\" src=\"https:\/\/analyse.optim.biz\/wp-content\/uploads\/2024\/09\/y2i3yznlmzjlytkzowzlzjvjngy1mjg3zjm4ztqz-thumb_-1.jpg\" alt=\"adrian nastase facebook\" data-skip-htmlfix=\"1\" title=\"y2i3yznlmzjlytkzowzlzjvjngy1mjg3zjm4ztqz-thumb_-1\"><figcaption> Foto: Facebook <\/figcaption><\/figure>\n<p data-index=\"2\">\u201eI-am transmis domnului Dinu dorin\u0163a mea de a participa la un proiect de revigorare a clubului Dinamo\u201d, a declarat N\u0103stase, cunoscut fan dinamovist.<\/p>\n<p data-index=\"3\">Dinu inten\u0163ioneaz\u0103 s\u0103 \u00eenfiin\u0163eze un ONG care s\u0103 cumpere ac\u0163iunile de\u0163inute de Ionu\u0163 Negoi\u0163\u0103, dup\u0103 modelul asocia\u0163iei fondate \u00een 1994 care a preluat gruparea de fotbal \u201ealb-ro\u015fie\u201d de la Ministerul de Interne. Dinu dore\u015fte s\u0103-i atrag\u0103 \u00een acest proiect \u015fi pe antrenorul Mircea Lucescu, dar \u0219i pe omul de afaceri Ion \u021airiac.<\/p>\n<p data-index=\"4\">\u201e<strong>Am vorbit cu Mircea Lucescu. Este un dinamovist pur s\u00e2nge, dore\u0219te s\u0103 participe, dar mi-a spus c\u0103 are rezervele lui fa\u021b\u0103 de ce s-a \u00eent\u00e2mplat \u00een Rom\u00e2nia. A zis c\u0103 atunci c\u00e2nd va reveni \u00een \u021bar\u0103 va analiza proiectul \u0219i dac\u0103 va constata c\u0103 e spre binele lui Dinamo, va participa. Vom avea o discu\u021bie \u0219i \u00een acest sens cu Ion \u021airiac, care simpatizeaz\u0103 Dinamo, iar la finalul anilor 90 chiar a vrut s\u0103 preia echipa. N-am vorbit deocamdat\u0103, dar vom avea \u00een viitorul apropiat o discu\u021bie cu domnul \u021airiac. Pa\u0219ii adev\u0103ra\u021bi au pornit deja. Cei care suntem lega\u021bi de acest concept avem diferite contacte cu oameni din toate categoriile. Nu evit s\u0103 spun c\u0103 sunt oameni poten\u021bi, care au dovedit c\u0103 se poate face profit \u0219i f\u0103r\u0103 \u00eenc\u0103lcarea legii. Avem r\u0103spunsuri pozitive de la oameni capabili, cu societ\u0103\u021bi cu profituri mari\u201d<\/strong>, a declarat Cornel Dinu \u00eentr-o interven\u021bie telefonic\u0103 <a href=\"https:\/\/www.digisport.ro\/fotbal\/liga-1\/scandal-intre-cei-care-vor-sa-preia-dinamo-dinu-vorbeste-prostii-in-legatura-cu-tiriac-si-lucescu-417811\" target=\"_blank\" rel=\"noopener\" data-skip-linkfix=\"1\">la Digi Sport Special<\/a>.<\/p>\n<p data-index=\"5\">Adrian N\u0103stase s-a num\u0103rat printre membrii fondatori ai asocia\u0163iei create \u00een 1994.<\/p>\n<p data-index=\"6\">Pe de alt\u0103 parte, amul de afaceri Adrian Thiess a declarat de cur\u00e2nd c\u0103 un grup de investitori din Zona Golfului negociaz\u0103 cu ac\u0163ionarul majoritar al FC Dinamo, Ionu\u0163 Negoi\u0163\u0103, preluarea clubului din \u015eoseaua \u015etefan cel Mare.<\/p>\n<p data-index=\"7\">Actualul ac\u0163ionar majoritar al FC Dinamo, Ionu\u0163 Negoi\u0163\u0103, a anun\u0163at la mijlocul lunii noiembrie 2017 c\u0103 a decis s\u0103 se retrag\u0103 de la gruparea bucure\u015ftean\u0103, ale c\u0103rei ac\u0163iuni vrea s\u0103 le v\u00e2nd\u0103. Negoi\u0163\u0103 a precizat c\u0103 pre\u0163ul cerut \u00een schimbul ac\u0163iunilor pe care le de\u0163ine este de aproxiamtiv 5 milioane de euro.<\/p>\n<\/div>\n<p> Source URL: https:\/\/www.digi24.ro\/stiri\/sport\/fotbal\/adrian-nastase-vrea-sa-investeasca-in-fotbal-903971<\/p>\n","protected":false},"excerpt":{"rendered":"<p>Fostul premier Adrian N\u0103stase a declarat, pentru Gazeta Sporturilor, c\u0103 este dispus s\u0103 participe la proiectul de preluare a FC Dinamo de la actualul ac\u0163ionar majoritar Ionu\u0163 Negoi\u0163\u0103, ini\u0163iativ\u0103 ce-i apar\u0163ine fostului interna\u0163ional Cornel Dinu, informeaz\u0103 News.ro. Foto: Facebook \u201eI-am transmis domnului Dinu dorin\u0163a mea de a participa la un proiect de revigorare a clubului [&hellip;]<\/p>\n","protected":false},"author":1,"featured_media":120917,"comment_status":"open","ping_status":"","sticky":false,"template":"","format":"standard","meta":{"footnotes":""},"categories":[2],"tags":[11],"class_list":["post-120916","post","type-post","status-publish","format-standard","has-post-thumbnail","hentry","category-politics","tag-digi24"],"_links":{"self":[{"href":"https:\/\/analyse.optim.biz\/index.php?rest_route=\/wp\/v2\/posts\/120916","targetHints":{"allow":["GET"]}}],"collection":[{"href":"https:\/\/analyse.optim.biz\/index.php?rest_route=\/wp\/v2\/posts"}],"about":[{"href":"https:\/\/analyse.optim.biz\/index.php?rest_route=\/wp\/v2\/types\/post"}],"author":[{"embeddable":true,"href":"https:\/\/analyse.optim.biz\/index.php?rest_route=\/wp\/v2\/users\/1"}],"replies":[{"embeddable":true,"href":"https:\/\/analyse.optim.biz\/index.php?rest_route=%2Fwp%2Fv2%2Fcomments&post=120916"}],"version-history":[{"count":0,"href":"https:\/\/analyse.optim.biz\/index.php?rest_route=\/wp\/v2\/posts\/120916\/revisions"}],"wp:featuredmedia":[{"embeddable":true,"href":"https:\/\/analyse.optim.biz\/index.php?rest_route=\/wp\/v2\/media\/120917"}],"wp:attachment":[{"href":"https:\/\/analyse.optim.biz\/index.php?rest_route=%2Fwp%2Fv2%2Fmedia&parent=120916"}],"wp:term":[{"taxonomy":"category","embeddable":true,"href":"https:\/\/analyse.optim.biz\/index.php?rest_route=%2Fwp%2Fv2%2Fcategories&post=120916"},{"taxonomy":"post_tag","embeddable":true,"href":"https:\/\/analyse.optim.biz\/index.php?rest_route=%2Fwp%2Fv2%2Ftags&post=120916"}],"curies":[{"name":"wp","href":"https:\/\/api.w.org\/{rel}","templated":true}]}}