{"id":120913,"date":"2018-03-29T10:18:47","date_gmt":"2018-03-29T07:18:47","guid":{"rendered":"https:\/\/analyse.optim.biz\/?p=120913"},"modified":"2018-03-29T10:18:47","modified_gmt":"2018-03-29T07:18:47","slug":"guvernul-va-modifica-a-patra-oara-codul-fiscal-prin-ordonanta-de-urgenta","status":"publish","type":"post","link":"https:\/\/analyse.optim.biz\/?p=120913","title":{"rendered":"Guvernul va modifica a patra oar\u0103 Codul Fiscal, prin ordonan\u021b\u0103 de urgen\u021b\u0103"},"content":{"rendered":"<div class=\"entry data-app-meta data-app-meta-article\" data-embed-base-url-canonical=\"https:\/\/www.digi24.ro\/embed\/stiri\/economie\/finante-economie\/guvernul-va-modifica-a-patru-oara-codul-fiscal-prin-ordonanta-de-urgenta-903977\">\n<p lang=\"ro-RO\" data-index=\"1\"><strong>Guvernul ar urma s\u0103 discute \u00een \u015fedin\u0163a de joi o Ordonan\u0163\u0103 de Urgen\u0163\u0103 care vizeaz\u0103 mai multe modific\u0103ri ale Codului fiscal, printre care posibilitatea ca firmele s\u0103 opteze pentru impozitul pe profit sau cifra de afaceri dac\u0103 se \u00eencadreaz\u0103 sub plafonul de un milion de euro. Tot \u00een \u015fedin\u0163a de joi a Cabinetului D\u0103ncil\u0103, ar urma s\u0103 fie discutat\u0103 posibilitatea ca salariile bugetarilor s\u0103 fie pl\u0103tite \u00eenaintea vacan\u0163ei de Pa\u015fte.<\/strong><\/p>\n<figure class=\"article-thumb\"><img decoding=\"async\" src=\"https:\/\/analyse.optim.biz\/wp-content\/uploads\/2024\/09\/yz0xjmhhc2g9zwuzzwq0ymixmdzhmdi2nweymgmxnjkyzwi4ntiwntq-thumb_-1.jpg\" alt=\"viorica dancila cu ochelari_gov ro\" data-skip-htmlfix=\"1\" title=\"yz0xjmhhc2g9zwuzzwq0ymixmdzhmdi2nweymgmxnjkyzwi4ntiwntq-thumb_-1\"><figcaption> Foto: gov.ro <\/figcaption><\/figure>\n<p lang=\"ro-RO\" data-index=\"2\">Ministrul Finan\u0163elor, Eugen Teodorovici, a explicat, miercuri, c\u0103 una dintre principalele modific\u0103ri este impunerea unui plafon de un milion de euro sub care firmele pot s\u0103 opteze \u00een a fi impozitate pe cifra de afaceri sau pe impozitul pe profit, cu condi\u0163ia s\u0103 aib\u0103 doi angaja\u0163i \u015fi capital social de minimum 45.000 de lei.\u00a0<\/p>\n<p data-index=\"3\">O alt\u0103 propunere vizeaz\u0103 rambursarea taxei de mediu doar pe baza unei cereri care s\u0103 con\u0163in\u0103 codul numeric personal.<\/p>\n<p data-index=\"4\">\u201eO alt\u0103 modificare este aceea de a simplifica atunci c\u00e2nd se solicit\u0103 rambursarea taxelor de mediu. Ast\u0103zi, oamenii depun o serie de documente \u00een copie ca dovad\u0103 \u015fi simplificarea const\u0103 \u00een faptul c\u0103 acele persoane care doresc recuperarea acelor sume s-o fac\u0103 doar prin simpla depunere a unei cereri \u00een care este CNP-ul, iar noi verific\u0103m baza de date c\u0103 plata s-a f\u0103cut de c\u0103tre acea persoan\u0103 \u015fi s\u0103 primeasc\u0103 banii f\u0103r\u0103 alte documente\u201d, a mai spus Teodorovici, relateaz\u0103 News.ro.\u00a0<\/p>\n<p data-index=\"5\">Potrivit acestuia, Ordonan\u0163a de Guvern care va fi discutat\u0103 \u00een \u015fedin\u0163a de joi include \u015fi alte modific\u0103ri \u201ecare ajut\u0103 mediul economic \u015fi ajut\u0103 consumatorii\u201d.\u00a0<\/p>\n<p data-index=\"6\">Ministrul Finan\u0163elor a sus\u0163inut c\u0103 dup\u0103 1 ianuarie 2019 nu ar mai trebui modificat Codul fiscal, pentru a se asigura stabilitate, iar p\u00e2n\u0103 atunci eventualele modific\u0103ri trebuie s\u0103 fie \u201edoar \u00een beneficiul economiei\u201d.<\/p>\n<p data-index=\"7\">\u201eDoar dac\u0103 mai apar urgen\u0163e vizavi de Codul fiscal s\u0103 mai facem astfel de modific\u0103ri. \u00cen caz contrar, efectiv, analiz\u0103m \u00eentregul Cod fiscal \u015fi Codul de procedur\u0103 fiscal\u0103 articol cu articol, va fi \u00een dezbatere public\u0103 \u015fi o discu\u0163ie foarte clar\u0103 cu to\u0163i cei aviza\u0163i, iar la final de iunie s\u0103 post\u0103m public forma final\u0103 a celor dou\u0103 acte normative extrem de importante pentru economie. L\u0103s\u0103m iulie, august, septembrie, pentru o dezbatere public\u0103 \u015fi mai larg\u0103, iar undeva pe final de an s\u0103 adopt\u0103m ultima modificare a Codului fiscal, dar, repet, doar m\u0103suri care sunt \u00een beneficiul economiei \u015fi nimic altceva. Dup\u0103 1 ianuarie, s\u0103 nu ne mai \u0163inem de Codul fiscal pentru c\u0103 e nevoie de stabilitate\u201d, a mai spus Eugen Teodorovici.\u00a0<\/p>\n<p data-index=\"8\">Tot \u00een \u015fedin\u0163a de joi a Cabinetului D\u0103ncil\u0103, ar urma s\u0103 fie discutat\u0103 posibilitatea ca\u00a0salariile celor peste un milion de bugetari s\u0103 fie pl\u0103tite mai devreme, \u00eenaintea vacan\u0163ei de Pa\u015fte.<\/p>\n<p data-index=\"9\">\u201eNoi analiz\u0103m aceast\u0103 propunere la nivelul Guvernului. Dac\u0103 va fi cazul s\u0103 fie luat\u0103 o astfel de decizie, se va anun\u0163a \u00een \u015fedin\u0163a de Guvern de joi\u201d, a declarat, mar\u0163i, la Antena 3, ministrul Finan\u0163elor, Eugen Teodorovici.<\/p>\n<p data-index=\"10\">Ministrul a subliniat, \u00eens\u0103, c\u0103 m\u0103sura va fi luat\u0103 doar \u00een condi\u0163iile \u00een care statul \u00eei va trata \u00een mod egal at\u00e2t pe angaja\u0163i, c\u00e2t \u015fi pe pensionari.<\/p>\n<p data-index=\"11\">Vacan\u0163a de Pa\u015fte va fi \u00een perioada 6-9 aprilie.<\/p>\n<p data-index=\"12\">\u00a0<\/p>\n<\/div>\n<p> Source URL: https:\/\/www.digi24.ro\/stiri\/economie\/finante-economie\/guvernul-va-modifica-a-patru-oara-codul-fiscal-prin-ordonanta-de-urgenta-903977<\/p>\n","protected":false},"excerpt":{"rendered":"<p>Guvernul ar urma s\u0103 discute \u00een \u015fedin\u0163a de joi o Ordonan\u0163\u0103 de Urgen\u0163\u0103 care vizeaz\u0103 mai multe modific\u0103ri ale Codului fiscal, printre care posibilitatea ca firmele s\u0103 opteze pentru impozitul pe profit sau cifra de afaceri dac\u0103 se \u00eencadreaz\u0103 sub plafonul de un milion de euro. Tot \u00een \u015fedin\u0163a de joi a Cabinetului D\u0103ncil\u0103, ar [&hellip;]<\/p>\n","protected":false},"author":1,"featured_media":120914,"comment_status":"open","ping_status":"","sticky":false,"template":"","format":"standard","meta":{"footnotes":""},"categories":[2],"tags":[11],"class_list":["post-120913","post","type-post","status-publish","format-standard","has-post-thumbnail","hentry","category-politics","tag-digi24"],"_links":{"self":[{"href":"https:\/\/analyse.optim.biz\/index.php?rest_route=\/wp\/v2\/posts\/120913","targetHints":{"allow":["GET"]}}],"collection":[{"href":"https:\/\/analyse.optim.biz\/index.php?rest_route=\/wp\/v2\/posts"}],"about":[{"href":"https:\/\/analyse.optim.biz\/index.php?rest_route=\/wp\/v2\/types\/post"}],"author":[{"embeddable":true,"href":"https:\/\/analyse.optim.biz\/index.php?rest_route=\/wp\/v2\/users\/1"}],"replies":[{"embeddable":true,"href":"https:\/\/analyse.optim.biz\/index.php?rest_route=%2Fwp%2Fv2%2Fcomments&post=120913"}],"version-history":[{"count":0,"href":"https:\/\/analyse.optim.biz\/index.php?rest_route=\/wp\/v2\/posts\/120913\/revisions"}],"wp:featuredmedia":[{"embeddable":true,"href":"https:\/\/analyse.optim.biz\/index.php?rest_route=\/wp\/v2\/media\/120914"}],"wp:attachment":[{"href":"https:\/\/analyse.optim.biz\/index.php?rest_route=%2Fwp%2Fv2%2Fmedia&parent=120913"}],"wp:term":[{"taxonomy":"category","embeddable":true,"href":"https:\/\/analyse.optim.biz\/index.php?rest_route=%2Fwp%2Fv2%2Fcategories&post=120913"},{"taxonomy":"post_tag","embeddable":true,"href":"https:\/\/analyse.optim.biz\/index.php?rest_route=%2Fwp%2Fv2%2Ftags&post=120913"}],"curies":[{"name":"wp","href":"https:\/\/api.w.org\/{rel}","templated":true}]}}