{"id":1209063,"date":"2015-02-23T21:44:55","date_gmt":"2015-02-23T18:44:55","guid":{"rendered":"https:\/\/analyse.optim.biz\/?p=1209063"},"modified":"2015-02-23T21:44:55","modified_gmt":"2015-02-23T18:44:55","slug":"23-02-2015-invitat-marian-vasile","status":"publish","type":"post","link":"https:\/\/analyse.optim.biz\/?p=1209063","title":{"rendered":"23.02.2015 Invitat Marian Vasile"},"content":{"rendered":"<article id=\"post-164290\" class=\"post-164290 post type-post status-publish format-video has-post-thumbnail hentry category-pressalert-tv category-pressalert-tv-live-sezonul-2 tag-administratie tag-consiliul-judetean-timis tag-marian-vasile tag-politica tag-pressalert-live tag-timisoara post_format-post-format-video\">\n<div class=\"td-post-header td-pb-padding-side\">\n<div class=\"entry-crumbs\"><span><a title class=\"entry-crumb\" href=\"https:\/\/www.pressalert.ro\/\"><span>Acas\u0103<\/span><\/a><\/span><span><a title=\"Vede\u021bi toate articolele \u00een PRESSALERT LIVE\" class=\"entry-crumb\" href=\"https:\/\/www.pressalert.ro\/category\/pressalert-tv\/\"><span>PRESSALERT LIVE<\/span><\/a><\/span><span class=\"td-bred-no-url-last\">23.02.2015 Invitat Marian Vasile<\/span><\/div>\n<ul class=\"td-category\">\n<li class=\"entry-category\"><a href=\"https:\/\/www.pressalert.ro\/category\/pressalert-tv\/\">PRESSALERT LIVE<\/a><\/li>\n<li class=\"entry-category\"><a href=\"https:\/\/www.pressalert.ro\/category\/pressalert-tv\/pressalert-tv-live-sezonul-2\/\">Pressalert LIVE &#8211; Sezonul II<\/a><\/li>\n<\/ul>\n<header>\n<h1 class=\"entry-title\">23.02.2015 Invitat Marian Vasile<\/h1>\n<div class=\"meta-info\">\n<div class=\"td-post-author-name\">\n<div class=\"td-author-by\">De<\/div>\n<p><a href=\"https:\/\/www.pressalert.ro\/author\/marius-popescu\/\">Marius Popescu<\/a><\/p>\n<div class=\"td-author-line\"> &#8211; <\/div>\n<\/div>\n<p><span class=\"td-post-date\"><time class=\"entry-date updated td-module-date\" datetime=\"2015-02-23T21:44:55+00:00\">feb. 23, 2015<\/time><\/span><\/p>\n<div class=\"td-post-comments\"><a href=\"https:\/\/www.pressalert.ro\/2015\/02\/23-02-2015-invitat-marian-vasile\/#respond\">0<\/a><\/div>\n<\/div>\n<\/header>\n<\/div>\n<div class=\"td-post-sharing td-post-sharing-top td-pb-padding-side\"><span class=\"td-post-share-title\">DISTRIBUI\u021aI<\/span><\/p>\n<div class=\"td-default-sharing \"><a class=\"td-social-sharing-buttons td-social-facebook\" href=\"http:\/\/www.facebook.com\/sharer.php?u=https%3A%2F%2Fwww.pressalert.ro%2F2015%2F02%2F23-02-2015-invitat-marian-vasile%2F\"><\/p>\n<div class=\"td-social-but-text\">Facebook<\/div>\n<p><\/a><a class=\"td-social-sharing-buttons td-social-twitter\" href=\"https:\/\/twitter.com\/intent\/tweet?text=23.02.2015+Invitat+Marian+Vasile&amp;url=https%3A%2F%2Fwww.pressalert.ro%2F2015%2F02%2F23-02-2015-invitat-marian-vasile%2F&amp;via=PRESSALERT.ro\"><\/p>\n<div class=\"td-social-but-text\">Twitter<\/div>\n<p><\/a><\/div>\n<\/div>\n<div class=\"td-post-content td-pb-padding-side\">\n<div class=\"wpb_video_wrapper\">\n                    <iframe loading=\"lazy\" id=\"td_youtube_player\" width=\"600\" height=\"560\" src=\"https:\/\/www.youtube.com\/embed\/podrk04nvlg?enablejsapi=1&amp;feature=oembed&amp;wmode=opaque&amp;vq=hd720\" frameborder allowfullscreen><\/iframe><\/p><\/div>\n<\/div>\n<footer>\n<div class=\"td-post-source-tags td-pb-padding-side\">\n<ul class=\"td-tags td-post-small-box clearfix\">\n<li><span>ETICHETE<\/span><\/li>\n<li><a href=\"https:\/\/www.pressalert.ro\/tag\/administratie\/\">administratie<\/a><\/li>\n<li><a href=\"https:\/\/www.pressalert.ro\/tag\/consiliul-judetean-timis\/\">consiliul judetean timis<\/a><\/li>\n<li><a href=\"https:\/\/www.pressalert.ro\/tag\/marian-vasile\/\">marian vasile<\/a><\/li>\n<li><a href=\"https:\/\/www.pressalert.ro\/tag\/politica\/\">politica<\/a><\/li>\n<li><a href=\"https:\/\/www.pressalert.ro\/tag\/pressalert-live\/\">pressalert live<\/a><\/li>\n<li><a href=\"https:\/\/www.pressalert.ro\/tag\/timisoara\/\">Timisoara<\/a><\/li>\n<\/ul>\n<\/div>\n<div class=\"td-post-sharing td-post-sharing-bottom td-pb-padding-side\"><span class=\"td-post-share-title\">DISTRIBUI\u021aI<\/span><\/p>\n<div class=\"td-default-sharing \"><a class=\"td-social-sharing-buttons td-social-facebook\" href=\"http:\/\/www.facebook.com\/sharer.php?u=https%3A%2F%2Fwww.pressalert.ro%2F2015%2F02%2F23-02-2015-invitat-marian-vasile%2F\"><\/p>\n<div class=\"td-social-but-text\">Facebook<\/div>\n<p><\/a><a class=\"td-social-sharing-buttons td-social-twitter\" href=\"https:\/\/twitter.com\/intent\/tweet?text=23.02.2015+Invitat+Marian+Vasile&amp;url=https%3A%2F%2Fwww.pressalert.ro%2F2015%2F02%2F23-02-2015-invitat-marian-vasile%2F&amp;via=PRESSALERT.ro\"><\/p>\n<div class=\"td-social-but-text\">Twitter<\/div>\n<p><\/a><\/div>\n<\/div>\n<div class=\"td-block-row td-post-next-prev\">\n<div class=\"td-block-span6 td-post-prev-post\">\n<div class=\"td-post-next-prev-content\"><span>Articolul precedent<\/span><a href=\"https:\/\/www.pressalert.ro\/2015\/02\/nu-mai-suntem-pnl-si-pdl-suntem-un-singur-partid-ce-spune-marian-vasile-despre-duelul-cu-alin-popoviciu-pentru-candidatura-la-presedintia-cjt-2016-si-ce-crede-despre-criteriile\/\">\u201eNu mai suntem PNL \u015fi PDL, suntem un singur partid\u201d. Ce spune Marian Vasile despre duelul cu Alin Popoviciu pentru candidatura la pre\u0219edin\u021bia CJT \u00een 2016 \u0219i ce crede despre criteriile de selec\u021bie VIDEO<\/a><\/div>\n<\/div>\n<div class=\"td-block-span6 td-post-next-post\">\n<div class=\"td-post-next-prev-content\"><span>Articolul urm\u0103tor<\/span><a href=\"https:\/\/www.pressalert.ro\/2015\/02\/marian-vasile-despre-revenirea-sa-pe-functia-de-presedinte-al-cjt-reverificat-hotararea-voi-putea-pune-aplicare-executarea-silita-cum-il-ameninta-pe-prefectul-eugen-dogariu\/\">Marian Vasile despre revenirea sa pe func\u0163ia de pre\u015fedinte al CJT: \u201eAm reverificat hot\u0103r\u00e2rea, voi putea pune \u00een aplicare executarea silit\u0103\u201d. Cum \u00eel amenin\u0163\u0103 pe prefectul Eugen Dogariu VIDEO<\/a><\/div>\n<\/div>\n<\/div>\n<div class=\"author-box-wrap\"><a href=\"https:\/\/www.pressalert.ro\/author\/marius-popescu\/\"><img loading=\"lazy\" decoding=\"async\" src=\"https:\/\/analyse.optim.biz\/wp-content\/uploads\/2025\/12\/6ff5b29455ffa79f6eac9c7ee3cb2891-318.jpg\" class=\"avatar avatar-96 photo\" height=\"96\" width=\"96\" title=\"6ff5b29455ffa79f6eac9c7ee3cb2891-318\"><\/a><\/p>\n<div class=\"desc\">\n<div class=\"td-author-name vcard author\"><span class=\"fn\"><a href=\"https:\/\/www.pressalert.ro\/author\/marius-popescu\/\">Marius Popescu<\/a><\/span><\/div>\n<div class=\"td-author-url\"><a href=\"http:\/\/www.pressalert.ro\">http:\/\/www.pressalert.ro<\/a><\/div>\n<\/div>\n<\/div>\n<p><span><\/span><span><span><\/span><\/span><span><\/span><\/footer>\n<\/article>\n<p> Source URL: https:\/\/www.pressalert.ro\/2015\/02\/23-02-2015-invitat-marian-vasile\/<\/p>\n","protected":false},"excerpt":{"rendered":"<p>Acas\u0103PRESSALERT LIVE23.02.2015 Invitat Marian Vasile PRESSALERT LIVE Pressalert LIVE &#8211; Sezonul II 23.02.2015 Invitat Marian Vasile De Marius Popescu &#8211; feb. 23, 2015 0 DISTRIBUI\u021aI Facebook Twitter ETICHETE administratie consiliul judetean timis marian vasile politica pressalert live Timisoara DISTRIBUI\u021aI Facebook Twitter Articolul precedent\u201eNu mai suntem PNL \u015fi PDL, suntem un singur partid\u201d. Ce spune Marian [&hellip;]<\/p>\n","protected":false},"author":1,"featured_media":1209064,"comment_status":"open","ping_status":"","sticky":false,"template":"","format":"standard","meta":{"footnotes":""},"categories":[89],"tags":[176],"class_list":["post-1209063","post","type-post","status-publish","format-standard","has-post-thumbnail","hentry","category-romania","tag-pressalert-ro"],"_links":{"self":[{"href":"https:\/\/analyse.optim.biz\/index.php?rest_route=\/wp\/v2\/posts\/1209063","targetHints":{"allow":["GET"]}}],"collection":[{"href":"https:\/\/analyse.optim.biz\/index.php?rest_route=\/wp\/v2\/posts"}],"about":[{"href":"https:\/\/analyse.optim.biz\/index.php?rest_route=\/wp\/v2\/types\/post"}],"author":[{"embeddable":true,"href":"https:\/\/analyse.optim.biz\/index.php?rest_route=\/wp\/v2\/users\/1"}],"replies":[{"embeddable":true,"href":"https:\/\/analyse.optim.biz\/index.php?rest_route=%2Fwp%2Fv2%2Fcomments&post=1209063"}],"version-history":[{"count":0,"href":"https:\/\/analyse.optim.biz\/index.php?rest_route=\/wp\/v2\/posts\/1209063\/revisions"}],"wp:featuredmedia":[{"embeddable":true,"href":"https:\/\/analyse.optim.biz\/index.php?rest_route=\/wp\/v2\/media\/1209064"}],"wp:attachment":[{"href":"https:\/\/analyse.optim.biz\/index.php?rest_route=%2Fwp%2Fv2%2Fmedia&parent=1209063"}],"wp:term":[{"taxonomy":"category","embeddable":true,"href":"https:\/\/analyse.optim.biz\/index.php?rest_route=%2Fwp%2Fv2%2Fcategories&post=1209063"},{"taxonomy":"post_tag","embeddable":true,"href":"https:\/\/analyse.optim.biz\/index.php?rest_route=%2Fwp%2Fv2%2Ftags&post=1209063"}],"curies":[{"name":"wp","href":"https:\/\/api.w.org\/{rel}","templated":true}]}}