{"id":120906,"date":"2018-03-29T11:20:40","date_gmt":"2018-03-29T08:20:40","guid":{"rendered":"https:\/\/analyse.optim.biz\/?p=120906"},"modified":"2018-03-29T11:20:40","modified_gmt":"2018-03-29T08:20:40","slug":"reactia-lui-daniel-zamfir-dupa-ce-ludovic-orban-a-propus-excluderea-sa-din-pnl","status":"publish","type":"post","link":"https:\/\/analyse.optim.biz\/?p=120906","title":{"rendered":"Reac\u021bia lui Daniel Zamfir dup\u0103 ce Ludovic Orban a propus excluderea sa din PNL"},"content":{"rendered":"<div class=\"entry data-app-meta data-app-meta-article\" data-embed-base-url-canonical=\"https:\/\/www.digi24.ro\/embed\/stiri\/actualitate\/politica\/reactia-lui-daniel-zamfir-dupa-ce-ludovic-orban-a-propus-excluderea-sa-din-pnl-904017\">\n<p data-index=\"1\"><strong><span lang=\"ro-RO\">Senatorul Daniel Zamfir spune \u00eentr-un interviu la RFI c\u0103 \u00een spatele propunerii de excludere a sa din PNL st\u0103 \u201elobby-ul bancar \u015fi al IFN-urilor\u201d, care l-au \u201esucit\u201d pe pre\u015fedintele forma\u0163iunii, Ludovic Orban. Daniel Zamfir acuz\u0103 PNL c\u0103, de c\u00e2nd este condus de Ludovic Orban, \u00eenchide ochii la abuzuri.<\/span><\/strong><\/p>\n<p data-index=\"2\"><img loading=\"lazy\" decoding=\"async\" class=\"alignnone size-full wp-image-904018\" src=\"https:\/\/analyse.optim.biz\/wp-content\/uploads\/2024\/09\/ytjmnmy1zdg4ytc1nziwntiyzjllzguzogq0-thumb_.jpg\" width=\"800\" height=\"450\" data-skip-htmlfix=\"1\" title=\"ytjmnmy1zdg4ytc1nziwntiyzjllzguzogq0-thumb_\"><\/p>\n<p data-index=\"3\"><span lang=\"ro-RO\">Biroul Executiv al PNL a propus excluderea lui Daniel Zamfir din partid, \u00eentre altele pentru o presupus\u0103 apropiere de PSD, care i-a sus\u0163inut proiectele de legi \u00een Parlament. Decizia trebuie confirmat\u0103 de Consiliul Na\u0163ional.<\/span><\/p>\n<p data-index=\"4\">\u201eAceste proiecte au fost ini\u0163ial acceptate de domnul Orban, dup\u0103 care cineva sau ceva l-a sucit pe domnul Orban \u015fi a decis c\u0103 aceste proiecte nu mai trebuie sus\u0163inute de PNL, justificarea fiind c\u0103 b\u0103ncile \u015fi IFN-urile practic sunt electoratul de dreapta, iar aceste legi d\u0103uneaz\u0103 electoratului de dreapta. Mie nu \u00eemi place tipul \u0103sta de politic\u0103, politica asta \u00een tran\u015fee, adic\u0103 nu sunt \u00een Parlament acolo s\u0103 fac legi doar care s\u0103 serveasc\u0103 electoratului meu, adic\u0103 s\u0103 fac legi \u00een momentul \u0103sta care servesc sistemului bancar \u015fi IFN-urilor\u201d, a declarat Daniel Zamfir.<\/p>\n<p data-index=\"5\">\u00cen leg\u0103tur\u0103 cu ceea ce l-a \u201esucit\u201d pe Ludovic Orban, senatorul sus\u0163ine: \u201eNu e nicio noutate \u015fi nu e prima dat\u0103 c\u00e2nd lobby-ul bancar \u015fi al IFN-urilor a ac\u0163ionat, ac\u0163ioneaz\u0103 \u015fi acum, prin diverse mijloace. Iat\u0103, secretarul general al PNL este un posesor de IFN, public a ie\u015fit, ceea ce e un lucru extrem de nepotrivit, ca secretarul general al partidului, care este proprietarul unui IFN, s\u0103 ias\u0103 public, s\u0103 conteste aceast\u0103 lege. Domnul Robert Sighiart\u0103u, secretarul general al partidului, este proprietar de IFN\u201d.<\/p>\n<p data-index=\"6\"><strong><span lang=\"ro-RO\">Citi\u021bi \u0219i <a href=\"https:\/\/www.digi24.ro\/stiri\/actualitate\/politica\/saftoiu-scrisoare-catre-l-orban-puterea-e-intotdeauna-cel-mai-bun-test-pentru-caracter-903998\" data-skip-linkfix=\"1\">S\u0103ftoiu, scrisoare c\u0103tre L. Orban: Puterea e \u00eentotdeauna cel mai bun test pentru caracter<\/a><\/span><\/strong><\/p>\n<p data-index=\"7\">Zamfir spune c\u0103 nu a mai vorbit cu Ludovic Orban din vara anului 2017.<\/p>\n<p data-index=\"8\">\u201eN-a dorit niciodat\u0103 acest dialog cu mine. Ultima discu\u0163ie pe care am avut-o cu domnul Ludovic Orban a fost \u00een vara anului trecut, c\u00e2nd i-am prezentat proiectele de legi, pe 5 iulie, i le-am \u015fi trimis pe e-mail, le-a studiat \u015fi la sf\u00e2r\u015fitul anului, adic\u0103 dup\u0103 \u015fase luni de zile, a ie\u015fit public s\u0103 spun\u0103 c\u0103 m\u0103 d\u0103 afar\u0103 din partid, dac\u0103 continui cu aceste proiecte. De atunci, nu mi-a r\u0103spuns la telefon, nici la mesaje\u201d, a mai spus el.<\/p>\n<p data-index=\"9\">Daniel Zamfir acuz\u0103 PNL c\u0103, de c\u00e2nd este condus de Ludovic Orban, \u00eenchide ochii la abuzuri: \u201e\u00cemi doresc s\u0103 se ajung\u0103 la acest Consiliu Na\u0163ional, pentru c\u0103, dincolo de excluderea mea, cred c\u0103 un lucru este mult mai important: care este pozi\u0163ia PNL vizavi de abuzuri. Am v\u0103zut c\u0103, de c\u00e2nd este Ludovic Orban pre\u015fedinte, PNL \u00eenchide ochii la abuzuri. Abuzuri de toate felurile, plec\u00e2nd de la abuzurile procurorilor \u015fi iat\u0103, aici, abuzurile concrete pe care le fac cei din sistemul bancar \u015fi IFN-urile\u201d.<\/p>\n<p data-index=\"10\">Senatorul ia \u00een calcul o demisie din PNL, \u00eenaintea confirm\u0103rii propunerii de excludere a sa din partid: \u201eC\u00e2nt\u0103resc foarte bine \u00een momentul \u0103sta. Nu vreau s\u0103-mi irosesc energiile, s\u0103 lupt cu colegii mei de partid. Poate c\u0103 aceast\u0103 decizie nici n-ajunge s\u0103 fie luat\u0103, pentru c\u0103, dac\u0103 eu constat c\u0103 PNL \u00eembr\u0103\u0163i\u015feaz\u0103 politica lui Ludovic Orban de a \u00eenchide ochii la abuzuri, nu o s\u0103 mai fie nevoie s\u0103 fiu exclus din partid, o s\u0103 plec eu. N-am s\u0103 m\u0103 reg\u0103sesc niciodat\u0103 \u00eentr-un partid care \u00eenchide ochii la abuzuri\u201d.<\/p>\n<p data-index=\"11\">Sursa: News.ro<\/p>\n<\/div>\n<p> Source URL: https:\/\/www.digi24.ro\/stiri\/actualitate\/politica\/reactia-lui-daniel-zamfir-dupa-ce-ludovic-orban-a-propus-excluderea-sa-din-pnl-904017<\/p>\n","protected":false},"excerpt":{"rendered":"<p>Senatorul Daniel Zamfir spune \u00eentr-un interviu la RFI c\u0103 \u00een spatele propunerii de excludere a sa din PNL st\u0103 \u201elobby-ul bancar \u015fi al IFN-urilor\u201d, care l-au \u201esucit\u201d pe pre\u015fedintele forma\u0163iunii, Ludovic Orban. Daniel Zamfir acuz\u0103 PNL c\u0103, de c\u00e2nd este condus de Ludovic Orban, \u00eenchide ochii la abuzuri. Biroul Executiv al PNL a propus excluderea [&hellip;]<\/p>\n","protected":false},"author":1,"featured_media":120907,"comment_status":"open","ping_status":"","sticky":false,"template":"","format":"standard","meta":{"footnotes":""},"categories":[2],"tags":[11],"class_list":["post-120906","post","type-post","status-publish","format-standard","has-post-thumbnail","hentry","category-politics","tag-digi24"],"_links":{"self":[{"href":"https:\/\/analyse.optim.biz\/index.php?rest_route=\/wp\/v2\/posts\/120906","targetHints":{"allow":["GET"]}}],"collection":[{"href":"https:\/\/analyse.optim.biz\/index.php?rest_route=\/wp\/v2\/posts"}],"about":[{"href":"https:\/\/analyse.optim.biz\/index.php?rest_route=\/wp\/v2\/types\/post"}],"author":[{"embeddable":true,"href":"https:\/\/analyse.optim.biz\/index.php?rest_route=\/wp\/v2\/users\/1"}],"replies":[{"embeddable":true,"href":"https:\/\/analyse.optim.biz\/index.php?rest_route=%2Fwp%2Fv2%2Fcomments&post=120906"}],"version-history":[{"count":0,"href":"https:\/\/analyse.optim.biz\/index.php?rest_route=\/wp\/v2\/posts\/120906\/revisions"}],"wp:featuredmedia":[{"embeddable":true,"href":"https:\/\/analyse.optim.biz\/index.php?rest_route=\/wp\/v2\/media\/120907"}],"wp:attachment":[{"href":"https:\/\/analyse.optim.biz\/index.php?rest_route=%2Fwp%2Fv2%2Fmedia&parent=120906"}],"wp:term":[{"taxonomy":"category","embeddable":true,"href":"https:\/\/analyse.optim.biz\/index.php?rest_route=%2Fwp%2Fv2%2Fcategories&post=120906"},{"taxonomy":"post_tag","embeddable":true,"href":"https:\/\/analyse.optim.biz\/index.php?rest_route=%2Fwp%2Fv2%2Ftags&post=120906"}],"curies":[{"name":"wp","href":"https:\/\/api.w.org\/{rel}","templated":true}]}}