{"id":1208603,"date":"2025-09-05T11:56:55","date_gmt":"2025-09-05T08:56:55","guid":{"rendered":"https:\/\/analyse.optim.biz\/?p=1208603"},"modified":"2025-09-05T11:56:55","modified_gmt":"2025-09-05T08:56:55","slug":"ministerul-transporturilor-aproba-opt-proiecte-pentru-energie-verde-la-aerodromuri-cu-finantare-de-260-milioane-lei","status":"publish","type":"post","link":"https:\/\/analyse.optim.biz\/?p=1208603","title":{"rendered":"Ministerul Transporturilor aprob\u0103 opt proiecte pentru energie verde la aerodromuri, cu finan\u021bare de 260 milioane lei"},"content":{"rendered":"<article id=\"template-id-172790\" class=\"post-172790 tdb_templates type-tdb_templates status-publish post\">\n<div id=\"tdi_38\" class=\"tdc-zone\">\n<div class=\"tdc_zone tdi_39  wpb_row td-pb-row\">\n<div id=\"tdi_40\" class=\"tdc-row stretch_row_1400 td-stretch-content\">\n<div class=\"vc_row tdi_41  wpb_row td-pb-row tdc-element-style\">\n<div class=\"vc_column tdi_43  wpb_column vc_column_container tdc-column td-pb-span8\">\n<div class=\"wpb_wrapper\">\n<div class=\"td_block_wrap tdb_single_categories tdi_44 td-pb-border-top td_block_template_1 \" data-td-block-uid=\"tdi_44\">\n<div class=\"tdb-category td-fix-index\"><a class=\"tdb-entry-category\" href=\"https:\/\/voceatimisului.ro\/stiri-din-timisoara-si-timis\/\">\u0218tiri<\/a><a class=\"tdb-entry-category\" href=\"https:\/\/voceatimisului.ro\/stiri-din-timisoara-si-timis\/social\/\">Social<\/a><\/div>\n<\/div>\n<div class=\"td_block_wrap tdb_title tdi_45 tdb-single-title td-pb-border-top td_block_template_1\" data-td-block-uid=\"tdi_45\">\n<div class=\"tdb-block-inner td-fix-index\">\n<h1 class=\"tdb-title-text\">Ministerul Transporturilor aprob\u0103 opt proiecte pentru energie verde la aerodromuri, cu finan\u021bare de 260 milioane lei<\/h1>\n<\/div>\n<\/div>\n<div class=\"td_block_wrap tdb_single_subtitle tdi_46 td-pb-border-top td_block_template_1\" data-td-block-uid=\"tdi_46\">\n<div class=\"tdb-block-inner td-fix-index\">\n<h2>Ministerul Transporturilor a finalizat evaluarea cererilor: 260 milioane lei pentru investi\u021bii \u00een surse regenerabile \u0219i stocare de energie.<\/h2>\n<\/div>\n<\/div>\n<div class=\"vc_row_inner tdi_48  vc_row vc_inner wpb_row td-pb-row\">\n<div class=\"vc_column_inner tdi_50  wpb_column vc_column_container tdc-inner-column td-pb-span6\">\n<div class=\"vc_column-inner\">\n<div class=\"wpb_wrapper\">\n<div class=\"td_block_wrap tdb_single_author tdi_51 td-pb-border-top td_block_template_1 tdb-post-meta\" data-td-block-uid=\"tdi_51\">\n<div class=\"tdb-block-inner td-fix-index\">\n<div class=\"tdb-author-name-wrap\"><span class=\"tdb-author-by\">Autor-<\/span><a class=\"tdb-author-name\" href=\"https:\/\/voceatimisului.ro\/author\/cataadmin\/\">Radu Constantin<\/a><\/div>\n<\/div>\n<\/div>\n<div class=\"td_block_wrap tdb_single_date tdi_52 td-pb-border-top td_block_template_1 tdb-post-meta\" data-td-block-uid=\"tdi_52\">\n<div class=\"tdb-block-inner td-fix-index\"><time class=\"entry-date updated td-module-date\" datetime=\"2025-09-05T14:56:55+03:00\">5 septembrie 2025<\/time><\/div>\n<\/div>\n<div class=\"td_block_wrap tdb_single_comments_count tdi_53 td-pb-border-top td_block_template_1 tdb-post-meta\" data-td-block-uid=\"tdi_53\">\n<div class=\"tdb-block-inner td-fix-index\"><a href=\"https:\/\/voceatimisului.ro\/ministerul-transporturilor-aproba-opt-proiecte-pentru-energie-verde-la-aerodromuri-cu-finantare-de-260-milioane-lei\/#respond\"><span>0<\/span><\/a><\/div>\n<\/div>\n<div class=\"td_block_wrap tdb_single_post_views tdi_54 td-pb-border-top td_block_template_1 tdb-post-meta\" data-td-block-uid=\"tdi_54\">\n<div class=\"tdb-block-inner td-fix-index\"><span class=\"tdb-add-text\">1<\/span><span class=\"td-nr-views-174995\">84<\/span><\/div>\n<\/div>\n<\/div>\n<\/div>\n<\/div>\n<div class=\"vc_column_inner tdi_56  wpb_column vc_column_container tdc-inner-column td-pb-span6\">\n<div class=\"vc_column-inner\">\n<div class=\"wpb_wrapper\">\n<div class=\"td_block_wrap tdb_single_post_share tdi_57  td-pb-border-top td_block_template_1\" data-td-block-uid=\"tdi_57\">\n<div id=\"tdi_57\" class=\"td-post-sharing tdb-block td-ps-bg td-ps-notext td-post-sharing-style1 \">\n<div class=\"td-post-sharing-visible\"><a class=\"td-social-sharing-button td-social-sharing-button-js td-social-network td-social-facebook\" href=\"https:\/\/www.facebook.com\/sharer.php?u=https%3A%2F%2Fvoceatimisului.ro%2Fministerul-transporturilor-aproba-opt-proiecte-pentru-energie-verde-la-aerodromuri-cu-finantare-de-260-milioane-lei%2F\" title=\"Facebook\" rel=\"noopener\"><\/p>\n<div class=\"td-social-but-text\">Facebook<\/div>\n<p><\/a><a class=\"td-social-sharing-button td-social-sharing-button-js td-social-network td-social-twitter\" href=\"https:\/\/twitter.com\/intent\/tweet?text=Ministerul+Transporturilor+aprob%C4%83+opt+proiecte+pentru+energie+verde+la+aerodromuri%2C+cu+finan%C8%9Bare+de+260+milioane+lei&amp;url=https%3A%2F%2Fvoceatimisului.ro%2Fministerul-transporturilor-aproba-opt-proiecte-pentru-energie-verde-la-aerodromuri-cu-finantare-de-260-milioane-lei%2F&amp;via=Vocea+Timisului\" title=\"Twitter\" rel=\"noopener\"><\/p>\n<div class=\"td-social-but-text\">Twitter<\/div>\n<p><\/a><a class=\"td-social-sharing-button td-social-sharing-button-js td-social-network td-social-pinterest\" href=\"https:\/\/pinterest.com\/pin\/create\/button\/?url=https:\/\/voceatimisului.ro\/ministerul-transporturilor-aproba-opt-proiecte-pentru-energie-verde-la-aerodromuri-cu-finantare-de-260-milioane-lei\/&amp;media=https:\/\/analyse.optim.biz\/wp-content\/uploads\/2025\/12\/ministerul-transporturilor.webp&amp;description=Ministerul+Transporturilor+aprob%C4%83+opt+proiecte+pentru+energie+verde+la+aerodromuri%2C+cu+finan%C8%9Bare+de+260+milioane+lei\" title=\"Pinterest\" rel=\"noopener\"><\/p>\n<div class=\"td-social-but-text\">Pinterest<\/div>\n<p><\/a><a class=\"td-social-sharing-button td-social-sharing-button-js td-social-network td-social-whatsapp\" href=\"https:\/\/api.whatsapp.com\/send?text=Ministerul+Transporturilor+aprob%C4%83+opt+proiecte+pentru+energie+verde+la+aerodromuri%2C+cu+finan%C8%9Bare+de+260+milioane+lei%20%0A%0A%20https:\/\/voceatimisului.ro\/ministerul-transporturilor-aproba-opt-proiecte-pentru-energie-verde-la-aerodromuri-cu-finantare-de-260-milioane-lei\/\" title=\"WhatsApp\" rel=\"noopener\"><\/p>\n<div class=\"td-social-but-text\">WhatsApp<\/div>\n<p><\/a><a class=\"td-social-sharing-button td-social-sharing-button-js td-social-network td-social-linkedin\" href=\"https:\/\/www.linkedin.com\/shareArticle?mini=true&amp;url=https:\/\/voceatimisului.ro\/ministerul-transporturilor-aproba-opt-proiecte-pentru-energie-verde-la-aerodromuri-cu-finantare-de-260-milioane-lei\/&amp;title=Ministerul+Transporturilor+aprob%C4%83+opt+proiecte+pentru+energie+verde+la+aerodromuri%2C+cu+finan%C8%9Bare+de+260+milioane+lei\" title=\"Linkedin\" rel=\"noopener\"><\/p>\n<div class=\"td-social-but-text\">Linkedin<\/div>\n<p><\/a><a class=\"td-social-sharing-button td-social-sharing-button-js td-social-network td-social-copy_url\" href=\"https:\/\/voceatimisului.ro\/ministerul-transporturilor-aproba-opt-proiecte-pentru-energie-verde-la-aerodromuri-cu-finantare-de-260-milioane-lei\/\" title=\"Copy URL\" rel=\"noopener\"><\/p>\n<div class=\"td-social-but-text\">Copy URL<\/div>\n<p><\/a><\/div>\n<\/div>\n<\/div>\n<\/div>\n<\/div>\n<\/div>\n<\/div>\n<div class=\"td_block_wrap tdb_single_featured_image tdi_58 tdb-content-horiz-left td-pb-border-top td_block_template_1\" data-td-block-uid=\"tdi_58\">\n<div class=\"tdb-block-inner td-fix-index\">\n<figure><img fetchpriority=\"high\" decoding=\"async\" width=\"696\" height=\"901\" class=\"entry-thumb\" src=\"https:\/\/analyse.optim.biz\/wp-content\/uploads\/2025\/12\/ministerul-transporturilor-696x901-1.webp\" alt=\"Ministerul Transporturilor\" title=\"Ministerul Transporturilor\" loading=\"eager\"><figcaption class=\"tdb-caption-text\">Ministerul Transporturilor<\/figcaption><\/figure>\n<\/div>\n<\/div>\n<div class=\"vc_row_inner tdi_60  vc_row vc_inner wpb_row td-pb-row\">\n<div class=\"vc_column_inner tdi_62  wpb_column vc_column_container tdc-inner-column td-pb-span4 td-is-sticky\">\n<div class=\"vc_column-inner\">\n<div class=\"wpb_wrapper\" data-sticky-enabled-on=\"W3RydWUsdHJ1ZSx0cnVlLHRydWVd\" data-sticky-offset=\"20\" data-sticky-is-width-auto=\"W2ZhbHNlLGZhbHNlLGZhbHNlLGZhbHNlXQ==\">\n<div class=\"td_block_wrap td_flex_block_1 tdi_63 td-pb-border-top td_block_template_1 td_ajax_preloading_preload td_flex_block\" data-td-block-uid=\"tdi_63\">\n<div id=\"tdi_63\" class=\"td_block_inner td-mc1-wrap\">\n<div class=\"td_module_flex td_module_flex_1 td_module_wrap td-animation-stack td-meta-info-hide td-cpt-post\">\n<div class=\"td-module-container td-category-pos-image\">\n<div class=\"td-module-meta-info\">\n<h3 class=\"entry-title td-module-title\"><a href=\"https:\/\/voceatimisului.ro\/animawings-lanseaza-cinci-rute-noi-de-la-timisoara-din-sezonul-estival-2026\/\" rel=\"bookmark\" title=\"AnimaWings lanseaz\u0103 cinci rute noi de la Timi\u0219oara din sezonul estival 2026\">AnimaWings lanseaz\u0103 cinci rute noi de la Timi\u0219oara din sezonul estival 2026<\/a><\/h3>\n<\/div>\n<\/div>\n<\/div>\n<div class=\"td_module_flex td_module_flex_1 td_module_wrap td-animation-stack td-meta-info-hide td-cpt-post\">\n<div class=\"td-module-container td-category-pos-image\">\n<div class=\"td-module-meta-info\">\n<h3 class=\"entry-title td-module-title\"><a href=\"https:\/\/voceatimisului.ro\/wizz-air-aduce-o-a-treia-aeronava-la-timisoara-si-lanseaza-cinci-rute-noi\/\" rel=\"bookmark\" title=\"Wizz Air aduce o a treia aeronav\u0103 la Timi\u0219oara \u0219i lanseaz\u0103 cinci rute noi\">Wizz Air aduce o a treia aeronav\u0103 la Timi\u0219oara \u0219i lanseaz\u0103 cinci rute noi<\/a><\/h3>\n<\/div>\n<\/div>\n<\/div>\n<div class=\"td_module_flex td_module_flex_1 td_module_wrap td-animation-stack td-meta-info-hide td-cpt-post\">\n<div class=\"td-module-container td-category-pos-image\">\n<div class=\"td-module-meta-info\">\n<h3 class=\"entry-title td-module-title\"><a href=\"https:\/\/voceatimisului.ro\/animawings-isi-extinde-prezenta-la-timisoara-zboruri-directe-spre-bucuresti-istanbul-si-dubai\/\" rel=\"bookmark\" title=\"AnimaWings \u00ee\u0219i extinde prezen\u021ba la Timi\u0219oara: zboruri directe spre Bucure\u0219ti, Istanbul \u0219i Dubai\">AnimaWings \u00ee\u0219i extinde prezen\u021ba la Timi\u0219oara: zboruri directe spre Bucure\u0219ti, Istanbul \u0219i Dubai<\/a><\/h3>\n<\/div>\n<\/div>\n<\/div>\n<div class=\"td_module_flex td_module_flex_1 td_module_wrap td-animation-stack td-meta-info-hide td-cpt-post\">\n<div class=\"td-module-container td-category-pos-image\">\n<div class=\"td-module-meta-info\">\n<h3 class=\"entry-title td-module-title\"><a href=\"https:\/\/voceatimisului.ro\/aeroportul-international-timisoara-a-inregistrat-pasagerul-cu-numarul-1-milion-in-2025\/\" rel=\"bookmark\" title=\"Aeroportul Interna\u021bional Timi\u0219oara a \u00eenregistrat pasagerul cu num\u0103rul 1 milion \u00een 2025\">Aeroportul Interna\u021bional Timi\u0219oara a \u00eenregistrat pasagerul cu num\u0103rul 1 milion \u00een 2025<\/a><\/h3>\n<\/div>\n<\/div>\n<\/div>\n<\/div>\n<\/div>\n<div class=\"tdb-author-box td_block_wrap tdb_single_author_box tdi_68 tdb-content-vert-top td-pb-border-top td_block_template_1\" data-td-block-uid=\"tdi_68\">\n<div class=\"tdb-block-inner td-fix-index\">\n<div class=\"tdb-author-info\"><a href=\"https:\/\/voceatimisului.ro\/author\/cataadmin\/\" class=\"tdb-author-name\">Radu Constantin<\/a><a href=\"http:\/\/www.voceatimisului.ro\" rel=\"nofollow\" class=\"tdb-author-url\">http:\/\/www.voceatimisului.ro<\/a><\/p>\n<div class=\"tdb-author-descr\">\u00centreaga responsabilitate a comentariilor l\u0103sate de dumneavoastr\u0103 v\u0103 apar\u021bine!<br \/>\nClick <a href=\"https:\/\/voceatimisului.ro\/termeni-si-conditii\/\">aici<\/a>-citeste condi\u0163iile de utilizare ale site-ului www.voceatimisului.ro<\/div>\n<\/div>\n<\/div>\n<\/div>\n<\/div>\n<\/div>\n<\/div>\n<div class=\"vc_column_inner tdi_70  wpb_column vc_column_container tdc-inner-column td-pb-span8\">\n<div class=\"vc_column-inner\">\n<div class=\"wpb_wrapper\">\n<div class=\"td_block_wrap tdb_single_content tdi_71 td-pb-border-top td_block_template_1 td-post-content tagdiv-type\" data-td-block-uid=\"tdi_71\">\n<div class=\"tdb-block-inner td-fix-index\">\n<h3 class=\"wp-block-heading\">Ministerul Transporturilor \u0219i Infrastructurii, \u00een calitate de organism delegat pentru Fondul pentru Modernizare destinat Rom\u00e2niei, a publicat rezultatele apelului de proiecte PFM\/649\/PFM_P9\/NA\/P9_OS1\/FM_9.1. Acesta are ca obiectiv sprijinirea investi\u021biilor \u00een noi capacit\u0103\u021bi de producere a energiei electrice din surse regenerabile pentru autoconsumul aerodromurilor, inclusiv sisteme de stocare.<\/h3>\n<p>\u00cen perioada 19 mai \u2013 1 august 2025, au fost depuse 13 cereri de finan\u021bare. \u00cen urma procesului de evaluare, 8 proiecte au fost declarate eligibile, cu o valoare total\u0103 a ajutorului de stat de <strong>259.725.897,88 lei<\/strong>, \u00een timp ce 5 cereri nu au \u00eendeplinit condi\u021biile de eligibilitate.<\/p>\n<p>Procesul de evaluare tehnico-economic\u0103 s-a \u00eencheiat mai devreme dec\u00e2t termenul prev\u0103zut prin Ordinul MTI nr. 732\/17.07.2025. Astfel, perioada de depunere a contesta\u021biilor \u00eencepe \u00een ziua urm\u0103toare public\u0103rii rezultatelor \u0219i se \u00eencheie la <strong>1 octombrie 2025<\/strong>.<\/p>\n<p>Pentru proiectele declarate eligibile, \u00een intervalul <strong>4 noiembrie \u2013 4 decembrie 2025<\/strong>, solicitan\u021bii vor transmite documentele suport prin care demonstreaz\u0103 \u00eendeplinirea criteriilor de eligibilitate asumate prin Declara\u021bia unic\u0103 \u0219i vor semna contractele de finan\u021bare.<\/p>\n<p>Ministerul Transporturilor a mai anun\u021bat c\u0103, \u00een anul 2026, va fi lansat un nou apel destinat sprijinirii investi\u021biilor \u00een energie regenerabil\u0103 pentru autoconsumul aerodromurilor. Astfel, beneficiarii care nu au \u00eendeplinit condi\u021biile la acest apel vor putea aplica din nou.<\/p>\n<p>Lista proiectelor acceptate \u0219i punctajele ob\u021binute sunt disponibile pe <a href=\"https:\/\/www.mt.ro\/web14\/221-organism-intermediar-transport\/fm-comunicate\/6111-fm03092025\" target=\"_blank\" rel=\"noreferrer noopener\">site-ul oficial al ministerului.<\/a><\/p>\n<\/div>\n<\/div>\n<div class=\"td_block_wrap tdb_single_tags tdi_74 td-pb-border-top td_block_template_1\" data-td-block-uid=\"tdi_74\">\n<div class=\"tdb-block-inner td-fix-index\">\n<ul class=\"tdb-tags\">\n<li><span>Tags<\/span><\/li>\n<li><a href=\"https:\/\/voceatimisului.ro\/tag\/aerodromuri\/\">aerodromuri<\/a><\/li>\n<li><a href=\"https:\/\/voceatimisului.ro\/tag\/aeroportul-international-timisoara\/\">aeroportul international timisoara<\/a><\/li>\n<li><a href=\"https:\/\/voceatimisului.ro\/tag\/energie-verde\/\">energie verde<\/a><\/li>\n<li><a href=\"https:\/\/voceatimisului.ro\/tag\/ministerul-transporturilor\/\">ministerul transporturilor<\/a><\/li>\n<\/ul>\n<\/div>\n<\/div>\n<div class=\"td_block_wrap tdb_single_post_share tdi_75  td-pb-border-top td_block_template_1\" data-td-block-uid=\"tdi_75\">\n<div id=\"tdi_75\" class=\"td-post-sharing tdb-block td-ps-bg td-ps-notext td-post-sharing-style1 \">\n<div class=\"td-post-sharing-visible\"><a class=\"td-social-sharing-button td-social-sharing-button-js td-social-network td-social-facebook\" href=\"https:\/\/www.facebook.com\/sharer.php?u=https%3A%2F%2Fvoceatimisului.ro%2Fministerul-transporturilor-aproba-opt-proiecte-pentru-energie-verde-la-aerodromuri-cu-finantare-de-260-milioane-lei%2F\" title=\"Facebook\" rel=\"noopener\"><\/p>\n<div class=\"td-social-but-text\">Facebook<\/div>\n<p><\/a><a class=\"td-social-sharing-button td-social-sharing-button-js td-social-network td-social-twitter\" href=\"https:\/\/twitter.com\/intent\/tweet?text=Ministerul+Transporturilor+aprob%C4%83+opt+proiecte+pentru+energie+verde+la+aerodromuri%2C+cu+finan%C8%9Bare+de+260+milioane+lei&amp;url=https%3A%2F%2Fvoceatimisului.ro%2Fministerul-transporturilor-aproba-opt-proiecte-pentru-energie-verde-la-aerodromuri-cu-finantare-de-260-milioane-lei%2F&amp;via=Vocea+Timisului\" title=\"Twitter\" rel=\"noopener\"><\/p>\n<div class=\"td-social-but-text\">Twitter<\/div>\n<p><\/a><a class=\"td-social-sharing-button td-social-sharing-button-js td-social-network td-social-pinterest\" href=\"https:\/\/pinterest.com\/pin\/create\/button\/?url=https:\/\/voceatimisului.ro\/ministerul-transporturilor-aproba-opt-proiecte-pentru-energie-verde-la-aerodromuri-cu-finantare-de-260-milioane-lei\/&amp;media=https:\/\/analyse.optim.biz\/wp-content\/uploads\/2025\/12\/ministerul-transporturilor.webp&amp;description=Ministerul+Transporturilor+aprob%C4%83+opt+proiecte+pentru+energie+verde+la+aerodromuri%2C+cu+finan%C8%9Bare+de+260+milioane+lei\" title=\"Pinterest\" rel=\"noopener\"><\/p>\n<div class=\"td-social-but-text\">Pinterest<\/div>\n<p><\/a><a class=\"td-social-sharing-button td-social-sharing-button-js td-social-network td-social-whatsapp\" href=\"https:\/\/api.whatsapp.com\/send?text=Ministerul+Transporturilor+aprob%C4%83+opt+proiecte+pentru+energie+verde+la+aerodromuri%2C+cu+finan%C8%9Bare+de+260+milioane+lei%20%0A%0A%20https:\/\/voceatimisului.ro\/ministerul-transporturilor-aproba-opt-proiecte-pentru-energie-verde-la-aerodromuri-cu-finantare-de-260-milioane-lei\/\" title=\"WhatsApp\" rel=\"noopener\"><\/p>\n<div class=\"td-social-but-text\">WhatsApp<\/div>\n<p><\/a><a class=\"td-social-sharing-button td-social-sharing-button-js td-social-network td-social-linkedin\" href=\"https:\/\/www.linkedin.com\/shareArticle?mini=true&amp;url=https:\/\/voceatimisului.ro\/ministerul-transporturilor-aproba-opt-proiecte-pentru-energie-verde-la-aerodromuri-cu-finantare-de-260-milioane-lei\/&amp;title=Ministerul+Transporturilor+aprob%C4%83+opt+proiecte+pentru+energie+verde+la+aerodromuri%2C+cu+finan%C8%9Bare+de+260+milioane+lei\" title=\"Linkedin\" rel=\"noopener\"><\/p>\n<div class=\"td-social-but-text\">Linkedin<\/div>\n<p><\/a><a class=\"td-social-sharing-button td-social-sharing-button-js td-social-network td-social-copy_url\" href=\"https:\/\/voceatimisului.ro\/ministerul-transporturilor-aproba-opt-proiecte-pentru-energie-verde-la-aerodromuri-cu-finantare-de-260-milioane-lei\/\" title=\"Copy URL\" rel=\"noopener\"><\/p>\n<div class=\"td-social-but-text\">Copy URL<\/div>\n<p><\/a><\/div>\n<\/div>\n<\/div>\n<div class=\"td_block_wrap tdb_single_next_prev tdi_76 td-animation-stack td-next-prev-img-on td-pb-border-top td_block_template_1\" data-td-block-uid=\"tdi_76\">\n<div class=\"tdb-block-inner td-fix-index\">\n<div class=\"tdb-next-post tdb-next-post-bg tdb-post-prev\"><span>Articolul precedent<\/span><\/p>\n<div class=\"td-module-container\">\n<div class=\"td-image-container\"><a class=\"td-image-wrap\" href=\"https:\/\/voceatimisului.ro\/medic-primar-din-faget-32-de-spagi-incasate-trimisa-la-arest-la-domiciliu-hotul-de-salam-ramane-dupa-gratii\/\"><img loading=\"lazy\" decoding=\"async\" class=\"td-next-prev-image td-fix-index td-lazy-img\" title=\"Medic primar din F\u0103get, 32 de \u0219p\u0103gi \u00eencasate, trimis \u00een arest la domiciliu. Ho\u021bul de salam r\u0103m\u00e2ne dup\u0103 gratii\" width=\"696\" height=\"583\" src=\"https:\/\/analyse.optim.biz\/wp-content\/uploads\/2025\/12\/medic-primar-din-faget-32-de-spagi-incasate-trimisa-la-arest-la-domiciliu-hotul-de-salam-ramane-dupa-gratii-696x583-1.webp\"><\/a><\/div>\n<div class=\"next-prev-title\"><a href=\"https:\/\/voceatimisului.ro\/medic-primar-din-faget-32-de-spagi-incasate-trimisa-la-arest-la-domiciliu-hotul-de-salam-ramane-dupa-gratii\/\">Medic primar din F\u0103get, 32 de \u0219p\u0103gi \u00eencasate, trimis \u00een arest la domiciliu. Ho\u021bul de salam r\u0103m\u00e2ne dup\u0103 gratii<\/a><\/div>\n<\/div>\n<\/div>\n<div class=\"tdb-next-post tdb-next-post-bg tdb-post-next\"><span>Articolul urm\u0103tor<\/span><\/p>\n<div class=\"td-module-container\">\n<div class=\"td-image-container\"><a class=\"td-image-wrap\" href=\"https:\/\/voceatimisului.ro\/festivalul-suciturilor-din-gladna-romana-prima-editie-dedicata-traditiilor-banatene-si-gastronomiei-autentice\/\"><img loading=\"lazy\" decoding=\"async\" class=\"td-next-prev-image td-fix-index td-lazy-img\" title=\"Festivalul Suciturilor din Gladna Rom\u00e2n\u0103, prima edi\u021bie dedicat\u0103 tradi\u021biilor b\u0103n\u0103\u021bene \u0219i gastronomiei autentice\" width=\"696\" height=\"963\" src=\"https:\/\/analyse.optim.biz\/wp-content\/uploads\/2025\/12\/festivalul-suciturilor-din-gladna-romana-696x963-2.webp\"><\/a><\/div>\n<div class=\"next-prev-title\"><a href=\"https:\/\/voceatimisului.ro\/festivalul-suciturilor-din-gladna-romana-prima-editie-dedicata-traditiilor-banatene-si-gastronomiei-autentice\/\">Festivalul Suciturilor din Gladna Rom\u00e2n\u0103, prima edi\u021bie dedicat\u0103 tradi\u021biilor b\u0103n\u0103\u021bene \u0219i gastronomiei autentice<\/a><\/div>\n<\/div>\n<\/div>\n<\/div>\n<\/div>\n<\/div>\n<\/div>\n<\/div>\n<\/div>\n<div class=\"vc_row_inner tdi_86  vc_row vc_inner wpb_row td-pb-row\">\n<div class=\"vc_column_inner tdi_88  wpb_column vc_column_container tdc-inner-column td-pb-span4 td-is-sticky\">\n<div class=\"vc_column-inner\">\n<div class=\"wpb_wrapper\" data-sticky-enabled-on=\"W3RydWUsdHJ1ZSx0cnVlLHRydWVd\" data-sticky-offset=\"20\" data-sticky-is-width-auto=\"W2ZhbHNlLGZhbHNlLGZhbHNlLGZhbHNlXQ==\">\n<div class=\"td_block_wrap tdb_single_related tdi_89 td_with_ajax_pagination td-pb-border-top td_block_template_1 tdb-single-related-posts\" data-td-block-uid=\"tdi_89\">\n<div id=\"tdi_89\" class=\"td_block_inner tdb-block-inner td-fix-index\">\n<div class=\"tdb_module_related td_module_wrap td-animation-stack td-meta-info-hide\">\n<div class=\"td-module-container td-category-pos-image\">\n<div class=\"td-module-meta-info\">\n<h3 class=\"entry-title td-module-title\"><a href=\"https:\/\/voceatimisului.ro\/rovinieta-si-peaj-mai-scumpe-din-8-septembrie-2025-tarife-si-amenzi-uriase-pentru-soferi-si-transportatori-in-romania\/\" rel=\"bookmark\" title=\"Rovinieta \u0219i peaj mai scumpe din 8 septembrie 2025. Tarife \u0219i amenzi uria\u0219e pentru \u0219oferi \u0219i transportatori \u00een Rom\u00e2nia\">Rovinieta \u0219i peaj mai scumpe din 8 septembrie 2025. Tarife \u0219i amenzi uria\u0219e pentru \u0219oferi \u0219i transportatori \u00een Rom\u00e2nia<\/a><\/h3>\n<\/div>\n<\/div>\n<\/div>\n<div class=\"tdb_module_related td_module_wrap td-animation-stack td-meta-info-hide\">\n<div class=\"td-module-container td-category-pos-image\">\n<div class=\"td-module-meta-info\">\n<h3 class=\"entry-title td-module-title\"><a href=\"https:\/\/voceatimisului.ro\/animawings-a-transportat-peste-300-000-de-pasageri-in-sezonul-estival-si-isi-dubleaza-operatiunile-pana-la-final-de-an\/\" rel=\"bookmark\" title=\"AnimaWings a transportat peste 300.000 de pasageri \u00een sezonul estival \u0219i \u00ee\u0219i dubleaz\u0103 opera\u021biunile p\u00e2n\u0103 la final de an\">AnimaWings a transportat peste 300.000 de pasageri \u00een sezonul estival \u0219i \u00ee\u0219i dubleaz\u0103 opera\u021biunile p\u00e2n\u0103 la final de an<\/a><\/h3>\n<\/div>\n<\/div>\n<\/div>\n<div class=\"tdb_module_related td_module_wrap td-animation-stack td-meta-info-hide\">\n<div class=\"td-module-container td-category-pos-image\">\n<div class=\"td-module-meta-info\">\n<h3 class=\"entry-title td-module-title\"><a href=\"https:\/\/voceatimisului.ro\/parcarea-aeroportului-timisoara-pastreaza-tarifele-neschimbate-si-facilitati-noi-pentru-calatori\/\" rel=\"bookmark\" title=\"Parcarea Aeroportului Timi\u0219oara, p\u0103streaz\u0103 tarifele neschimbate \u0219i facilit\u0103\u021bi noi pentru c\u0103l\u0103tori\">Parcarea Aeroportului Timi\u0219oara, p\u0103streaz\u0103 tarifele neschimbate \u0219i facilit\u0103\u021bi noi pentru c\u0103l\u0103tori<\/a><\/h3>\n<\/div>\n<\/div>\n<\/div>\n<\/div>\n<\/div>\n<\/div>\n<\/div>\n<\/div>\n<div class=\"vc_column_inner tdi_91  wpb_column vc_column_container tdc-inner-column td-pb-span8\">\n<div class=\"vc_column-inner\">\n<div class=\"wpb_wrapper\">\n<div class=\"td_block_wrap tdb_single_comments tdi_92 tdb-comm-layout2 td-pb-border-top td_block_template_2\" data-td-block-uid=\"tdi_92\">\n<div class=\"tdb-block-inner td-fix-index\">\n<div class=\"comments\" id=\"comments\">\n<div id=\"respond\" class=\"comment-respond\">\n<h3 id=\"reply-title\" class=\"comment-reply-title\">L\u0102SA\u021aI UN MESAJ <small><a rel=\"nofollow\" id=\"cancel-comment-reply-link\" href=\"https:\/\/voceatimisului.ro\/ministerul-transporturilor-aproba-opt-proiecte-pentru-energie-verde-la-aerodromuri-cu-finantare-de-260-milioane-lei\/#respond\">Renun\u021ba\u021bi la r\u0103spuns<\/a><\/small><\/h3>\n<div class=\"comment-form-input-wrap td-form-comment\">\n<div class=\"td-warning-comment\">V\u0103 rug\u0103m s\u0103 introduce\u021bi comentariul dvs.!<\/div>\n<\/div>\n<div class=\"comment-form-input-wrap td-form-author\">\n<div class=\"td-warning-author\">Introduce\u021bi aici numele dvs.<\/div>\n<\/div>\n<div class=\"comment-form-input-wrap td-form-email\">\n<div class=\"td-warning-email-error\">A\u021bi introdus o adres\u0103 de e-mail incorect\u0103!<\/div>\n<div class=\"td-warning-email\">V\u0103 rug\u0103m s\u0103 introduce\u021bi adresa dvs. de e-mail aici<\/div>\n<\/div>\n<\/div>\n<\/div>\n<\/div>\n<\/div>\n<\/div>\n<\/div>\n<\/div>\n<\/div>\n<\/div>\n<\/div>\n<div class=\"vc_column tdi_94  wpb_column vc_column_container tdc-column td-pb-span4 td-is-sticky\">\n<div class=\"wpb_wrapper\" data-sticky-enabled-on=\"W3RydWUsdHJ1ZSx0cnVlLHRydWVd\" data-sticky-offset=\"20\" data-sticky-is-width-auto=\"W2ZhbHNlLGZhbHNlLGZhbHNlLGZhbHNlXQ==\">\n<div class=\"vc_row_inner tdi_96  vc_row vc_inner wpb_row td-pb-row\">\n<div class=\"vc_column_inner tdi_98  wpb_column vc_column_container tdc-inner-column td-pb-span12\">\n<div class=\"vc_column-inner\">\n<div class=\"wpb_wrapper\">\n<div class=\"td_block_wrap td_block_title tdi_99 td-pb-border-top td_block_template_11 td-fix-index\" data-td-block-uid=\"tdi_99\">\n<div class=\"td-block-title-wrap\">\n<h4 class=\"td-block-title\"><span class=\"td-pulldown-size\">ANUN\u021aURI \u0218I PUBLICITATE<\/span><\/h4>\n<\/div>\n<\/div>\n<\/div>\n<\/div>\n<\/div>\n<\/div>\n<div class=\"wpb_wrapper td_block_wrap vc_widget_sidebar tdi_101 \">\n<aside id=\"block-10\" class=\"td_block_template_1 widget block-10 widget_block widget_media_image\">\n<figure class=\"wp-block-image size-full\"><a href=\"https:\/\/adpghiroda.ro\/index.html\" target=\"_blank\" rel=\" noreferrer noopener\"><img decoding=\"async\" loading=\"eager\" width=\"960\" height=\"960\" src=\"https:\/\/analyse.optim.biz\/wp-content\/uploads\/2025\/12\/adp-ghiroda2-146-1.jpg\" class=\"wp-image-171492\" title=\"adp-ghiroda2-146-1\"><\/a><\/figure>\n<\/aside>\n<aside id=\"block-11\" class=\"td_block_template_1 widget block-11 widget_block widget_media_image\">\n<figure class=\"wp-block-image size-full\"><a href=\"https:\/\/adpghiroda.ro\/index.html\" target=\"_blank\" rel=\" noreferrer noopener\"><img decoding=\"async\" loading=\"eager\" width=\"960\" height=\"960\" src=\"https:\/\/analyse.optim.biz\/wp-content\/uploads\/2025\/12\/adp-ghiroda1-138.jpg\" class=\"wp-image-171491\" title=\"adp-ghiroda1-138\"><\/a><\/figure>\n<\/aside>\n<aside id=\"block-17\" class=\"td_block_template_1 widget block-17 widget_block widget_media_image\">\n<figure class=\"wp-block-image size-large is-resized\"><a href=\"https:\/\/verde.events\/\" target=\"_blank\" rel=\" noreferrer noopener\"><img decoding=\"async\" loading=\"lazy\" width=\"1024\" height=\"683\" src=\"https:\/\/analyse.optim.biz\/wp-content\/uploads\/2025\/12\/verde-events-24-1024x683-139.jpg\" alt=\"Verde Events\" class=\"wp-image-174395\" title=\"verde-events-24-1024x683-139\"><\/a><figcaption class=\"wp-element-caption\"><strong><em>O experien\u021b\u0103 unic\u0103 pentru orice tip de eveniment<\/em><\/strong><\/figcaption><\/figure>\n<\/aside>\n<\/div>\n<div class=\"td_block_wrap td_flex_block_1 tdi_107 td-pb-border-top td_block_template_1 td_ajax_preloading_preload td_flex_block\" data-td-block-uid=\"tdi_107\">\n<div id=\"tdi_107\" class=\"td_block_inner td-mc1-wrap\">\n<div class=\"td_module_flex td_module_flex_1 td_module_wrap td-animation-stack td-meta-info-hide td-cpt-post\">\n<div class=\"td-module-container td-category-pos-image\">\n<div class=\"td-module-meta-info\">\n<h3 class=\"entry-title td-module-title\"><a href=\"https:\/\/voceatimisului.ro\/forza-zu-2025-vine-la-timisoara-zeci-de-artisti-romani-urca-pe-scena-pe-aeroportul-traian-vuia-pe-26-iulie\/\" rel=\"bookmark\" title=\"Forza ZU 2025 vine la Timi\u0219oara! Zeci de arti\u0219ti rom\u00e2ni urc\u0103 pe scen\u0103 pe Aeroportul \u201eTraian Vuia\u201d pe 26 iulie\">Forza ZU 2025 vine la Timi\u0219oara! Zeci de arti\u0219ti rom\u00e2ni urc\u0103 pe scen\u0103 pe Aeroportul \u201eTraian Vuia\u201d pe 26 iulie<\/a><\/h3>\n<\/div>\n<\/div>\n<\/div>\n<div class=\"td_module_flex td_module_flex_1 td_module_wrap td-animation-stack td-meta-info-hide td-cpt-post\">\n<div class=\"td-module-container td-category-pos-image\">\n<div class=\"td-module-meta-info\">\n<h3 class=\"entry-title td-module-title\"><a href=\"https:\/\/voceatimisului.ro\/zboruri-zilnice-timisoara-bucuresti-din-octombrie-cu-animawings\/\" rel=\"bookmark\" title=\"Zboruri zilnice Timi\u0219oara\u2013Bucure\u0219ti din octombrie, cu Animawings\">Zboruri zilnice Timi\u0219oara\u2013Bucure\u0219ti din octombrie, cu Animawings<\/a><\/h3>\n<\/div>\n<\/div>\n<\/div>\n<div class=\"td_module_flex td_module_flex_1 td_module_wrap td-animation-stack td-meta-info-hide td-cpt-post\">\n<div class=\"td-module-container td-category-pos-image\">\n<div class=\"td-module-meta-info\">\n<h3 class=\"entry-title td-module-title\"><a href=\"https:\/\/voceatimisului.ro\/timisul-sarbatoreste-106-ani-de-administratie-romaneasca-cu-cinci-zile-pline-de-spectacole-muzica-si-cultura\/\" rel=\"bookmark\" title=\"Timi\u0219ul s\u0103rb\u0103tore\u0219te 106 ani de administra\u021bie rom\u00e2neasc\u0103 cu cinci zile pline de spectacole, muzic\u0103 \u0219i cultur\u0103\">Timi\u0219ul s\u0103rb\u0103tore\u0219te 106 ani de administra\u021bie rom\u00e2neasc\u0103 cu cinci zile pline de spectacole, muzic\u0103 \u0219i cultur\u0103<\/a><\/h3>\n<\/div>\n<\/div>\n<\/div>\n<div class=\"td_module_flex td_module_flex_1 td_module_wrap td-animation-stack td-meta-info-hide td-cpt-post\">\n<div class=\"td-module-container td-category-pos-image\">\n<div class=\"td-module-meta-info\">\n<h3 class=\"entry-title td-module-title\"><a href=\"https:\/\/voceatimisului.ro\/concert-forza-zu-la-timisoara-pe-26-iulie-la-aeroportul-international-sarbatoare-de-ziua-judetului-timis-cu-zeci-de-artisti-pe-scena\/\" rel=\"bookmark\" title=\"Concert Forza ZU la Timi\u0219oara, pe 26 iulie, la Aeroportul Interna\u021bional. S\u0103rb\u0103toare de Ziua Jude\u021bului Timi\u0219, cu zeci de arti\u0219ti pe scen\u0103\">Concert Forza ZU la Timi\u0219oara, pe 26 iulie, la Aeroportul Interna\u021bional. S\u0103rb\u0103toare de Ziua Jude\u021bului Timi\u0219, cu zeci de arti\u0219ti pe scen\u0103<\/a><\/h3>\n<\/div>\n<\/div>\n<\/div>\n<div class=\"td_module_flex td_module_flex_1 td_module_wrap td-animation-stack td-meta-info-hide td-cpt-post\">\n<div class=\"td-module-container td-category-pos-image\">\n<div class=\"td-module-meta-info\">\n<h3 class=\"entry-title td-module-title\"><a href=\"https:\/\/voceatimisului.ro\/directorul-aeroportului-international-timisoara-si-a-dat-demisia-interimat-pana-in-august-decizie-asteptata-de-consiliul-de-administratie\/\" rel=\"bookmark\" title=\"Directorul Aeroportului Interna\u021bional Timi\u0219oara \u0219i-a dat demisia. Interimat p\u00e2n\u0103 \u00een august, decizie a\u0219teptat\u0103 de Consiliul de Administra\u021bie\">Directorul Aeroportului Interna\u021bional Timi\u0219oara \u0219i-a dat demisia. Interimat p\u00e2n\u0103 \u00een august, decizie a\u0219teptat\u0103 de Consiliul de Administra\u021bie<\/a><\/h3>\n<\/div>\n<\/div>\n<\/div>\n<\/div>\n<\/div>\n<\/div>\n<\/div>\n<\/div>\n<\/div>\n<\/div>\n<\/div>\n<p><span class=\"td-page-meta\"><\/span><span class=\"td-page-meta\"><span class=\"td-page-meta\"><\/span><\/span><span class=\"td-page-meta\"><\/span><\/article>\n<p> Source URL: https:\/\/voceatimisului.ro\/ministerul-transporturilor-aproba-opt-proiecte-pentru-energie-verde-la-aerodromuri-cu-finantare-de-260-milioane-lei\/<\/p>\n","protected":false},"excerpt":{"rendered":"<p>\u0218tiriSocial Ministerul Transporturilor aprob\u0103 opt proiecte pentru energie verde la aerodromuri, cu finan\u021bare de 260 milioane lei Ministerul Transporturilor a finalizat evaluarea cererilor: 260 milioane lei pentru investi\u021bii \u00een surse regenerabile \u0219i stocare de energie. Autor-Radu Constantin 5 septembrie 2025 0 184 Facebook Twitter Pinterest WhatsApp Linkedin Copy URL Ministerul Transporturilor AnimaWings lanseaz\u0103 cinci rute [&hellip;]<\/p>\n","protected":false},"author":1,"featured_media":1208604,"comment_status":"open","ping_status":"","sticky":false,"template":"","format":"standard","meta":{"footnotes":""},"categories":[89],"tags":[199],"class_list":["post-1208603","post","type-post","status-publish","format-standard","has-post-thumbnail","hentry","category-romania","tag-voceatimisului-ro"],"_links":{"self":[{"href":"https:\/\/analyse.optim.biz\/index.php?rest_route=\/wp\/v2\/posts\/1208603","targetHints":{"allow":["GET"]}}],"collection":[{"href":"https:\/\/analyse.optim.biz\/index.php?rest_route=\/wp\/v2\/posts"}],"about":[{"href":"https:\/\/analyse.optim.biz\/index.php?rest_route=\/wp\/v2\/types\/post"}],"author":[{"embeddable":true,"href":"https:\/\/analyse.optim.biz\/index.php?rest_route=\/wp\/v2\/users\/1"}],"replies":[{"embeddable":true,"href":"https:\/\/analyse.optim.biz\/index.php?rest_route=%2Fwp%2Fv2%2Fcomments&post=1208603"}],"version-history":[{"count":0,"href":"https:\/\/analyse.optim.biz\/index.php?rest_route=\/wp\/v2\/posts\/1208603\/revisions"}],"wp:featuredmedia":[{"embeddable":true,"href":"https:\/\/analyse.optim.biz\/index.php?rest_route=\/wp\/v2\/media\/1208604"}],"wp:attachment":[{"href":"https:\/\/analyse.optim.biz\/index.php?rest_route=%2Fwp%2Fv2%2Fmedia&parent=1208603"}],"wp:term":[{"taxonomy":"category","embeddable":true,"href":"https:\/\/analyse.optim.biz\/index.php?rest_route=%2Fwp%2Fv2%2Fcategories&post=1208603"},{"taxonomy":"post_tag","embeddable":true,"href":"https:\/\/analyse.optim.biz\/index.php?rest_route=%2Fwp%2Fv2%2Ftags&post=1208603"}],"curies":[{"name":"wp","href":"https:\/\/api.w.org\/{rel}","templated":true}]}}