{"id":1208595,"date":"2025-09-05T13:55:47","date_gmt":"2025-09-05T10:55:47","guid":{"rendered":"https:\/\/analyse.optim.biz\/?p=1208595"},"modified":"2025-09-05T13:55:47","modified_gmt":"2025-09-05T10:55:47","slug":"rovinieta-si-peaj-mai-scumpe-din-8-septembrie-2025-tarife-si-amenzi-uriase-pentru-soferi-si-transportatori-in-romania","status":"publish","type":"post","link":"https:\/\/analyse.optim.biz\/?p=1208595","title":{"rendered":"Rovinieta \u0219i peaj mai scumpe din 8 septembrie 2025. Tarife \u0219i amenzi uria\u0219e pentru \u0219oferi \u0219i transportatori \u00een Rom\u00e2nia"},"content":{"rendered":"<article id=\"template-id-172790\" class=\"post-172790 tdb_templates type-tdb_templates status-publish post\">\n<div id=\"tdi_38\" class=\"tdc-zone\">\n<div class=\"tdc_zone tdi_39  wpb_row td-pb-row\">\n<div id=\"tdi_40\" class=\"tdc-row stretch_row_1400 td-stretch-content\">\n<div class=\"vc_row tdi_41  wpb_row td-pb-row tdc-element-style\">\n<div class=\"vc_column tdi_43  wpb_column vc_column_container tdc-column td-pb-span8\">\n<div class=\"wpb_wrapper\">\n<div class=\"td_block_wrap tdb_single_categories tdi_44 td-pb-border-top td_block_template_1 \" data-td-block-uid=\"tdi_44\">\n<div class=\"tdb-category td-fix-index\"><a class=\"tdb-entry-category\" href=\"https:\/\/voceatimisului.ro\/stiri-din-timisoara-si-timis\/\">\u0218tiri<\/a><a class=\"tdb-entry-category\" href=\"https:\/\/voceatimisului.ro\/stiri-din-timisoara-si-timis\/social\/\">Social<\/a><\/div>\n<\/div>\n<div class=\"td_block_wrap tdb_title tdi_45 tdb-single-title td-pb-border-top td_block_template_1\" data-td-block-uid=\"tdi_45\">\n<div class=\"tdb-block-inner td-fix-index\">\n<h1 class=\"tdb-title-text\">Rovinieta \u0219i peaj mai scumpe din 8 septembrie 2025. Tarife \u0219i amenzi uria\u0219e pentru \u0219oferi \u0219i transportatori \u00een Rom\u00e2nia<\/h1>\n<\/div>\n<\/div>\n<div class=\"td_block_wrap tdb_single_subtitle tdi_46 td-pb-border-top td_block_template_1\" data-td-block-uid=\"tdi_46\">\n<div class=\"tdb-block-inner td-fix-index\">\n<h2>Pl\u0103te\u0219ti ca \u00een Germania, dar circuli ca pe frontul din Donbas.<\/h2>\n<\/div>\n<\/div>\n<div class=\"vc_row_inner tdi_48  vc_row vc_inner wpb_row td-pb-row\">\n<div class=\"vc_column_inner tdi_50  wpb_column vc_column_container tdc-inner-column td-pb-span6\">\n<div class=\"vc_column-inner\">\n<div class=\"wpb_wrapper\">\n<div class=\"td_block_wrap tdb_single_author tdi_51 td-pb-border-top td_block_template_1 tdb-post-meta\" data-td-block-uid=\"tdi_51\">\n<div class=\"tdb-block-inner td-fix-index\">\n<div class=\"tdb-author-name-wrap\"><span class=\"tdb-author-by\">Autor-<\/span><a class=\"tdb-author-name\" href=\"https:\/\/voceatimisului.ro\/author\/cataadmin\/\">Radu Constantin<\/a><\/div>\n<\/div>\n<\/div>\n<div class=\"td_block_wrap tdb_single_date tdi_52 td-pb-border-top td_block_template_1 tdb-post-meta\" data-td-block-uid=\"tdi_52\">\n<div class=\"tdb-block-inner td-fix-index\"><time class=\"entry-date updated td-module-date\" datetime=\"2025-09-05T16:55:47+03:00\">5 septembrie 2025<\/time><\/div>\n<\/div>\n<div class=\"td_block_wrap tdb_single_comments_count tdi_53 td-pb-border-top td_block_template_1 tdb-post-meta\" data-td-block-uid=\"tdi_53\">\n<div class=\"tdb-block-inner td-fix-index\"><a href=\"https:\/\/voceatimisului.ro\/rovinieta-si-peaj-mai-scumpe-din-8-septembrie-2025-tarife-si-amenzi-uriase-pentru-soferi-si-transportatori-in-romania\/#comments\"><span>1<\/span><\/a><\/div>\n<\/div>\n<div class=\"td_block_wrap tdb_single_post_views tdi_54 td-pb-border-top td_block_template_1 tdb-post-meta\" data-td-block-uid=\"tdi_54\">\n<div class=\"tdb-block-inner td-fix-index\"><span class=\"tdb-add-text\">1<\/span><span class=\"td-nr-views-175004\">424<\/span><\/div>\n<\/div>\n<\/div>\n<\/div>\n<\/div>\n<div class=\"vc_column_inner tdi_56  wpb_column vc_column_container tdc-inner-column td-pb-span6\">\n<div class=\"vc_column-inner\">\n<div class=\"wpb_wrapper\">\n<div class=\"td_block_wrap tdb_single_post_share tdi_57  td-pb-border-top td_block_template_1\" data-td-block-uid=\"tdi_57\">\n<div id=\"tdi_57\" class=\"td-post-sharing tdb-block td-ps-bg td-ps-notext td-post-sharing-style1 \">\n<div class=\"td-post-sharing-visible\"><a class=\"td-social-sharing-button td-social-sharing-button-js td-social-network td-social-facebook\" href=\"https:\/\/www.facebook.com\/sharer.php?u=https%3A%2F%2Fvoceatimisului.ro%2Frovinieta-si-peaj-mai-scumpe-din-8-septembrie-2025-tarife-si-amenzi-uriase-pentru-soferi-si-transportatori-in-romania%2F\" title=\"Facebook\" rel=\"noopener\"><\/p>\n<div class=\"td-social-but-text\">Facebook<\/div>\n<p><\/a><a class=\"td-social-sharing-button td-social-sharing-button-js td-social-network td-social-twitter\" href=\"https:\/\/twitter.com\/intent\/tweet?text=Rovinieta+%C8%99i+peaj+mai+scumpe+din+8+septembrie+2025.+Tarife+%C8%99i+amenzi+uria%C8%99e+pentru+%C8%99oferi+%C8%99i+transportatori+%C3%AEn+Rom%C3%A2nia&amp;url=https%3A%2F%2Fvoceatimisului.ro%2Frovinieta-si-peaj-mai-scumpe-din-8-septembrie-2025-tarife-si-amenzi-uriase-pentru-soferi-si-transportatori-in-romania%2F&amp;via=Vocea+Timisului\" title=\"Twitter\" rel=\"noopener\"><\/p>\n<div class=\"td-social-but-text\">Twitter<\/div>\n<p><\/a><a class=\"td-social-sharing-button td-social-sharing-button-js td-social-network td-social-pinterest\" href=\"https:\/\/pinterest.com\/pin\/create\/button\/?url=https:\/\/voceatimisului.ro\/rovinieta-si-peaj-mai-scumpe-din-8-septembrie-2025-tarife-si-amenzi-uriase-pentru-soferi-si-transportatori-in-romania\/&amp;media=https:\/\/analyse.optim.biz\/wp-content\/uploads\/2025\/12\/rovinieta-si-peaj-mai-scumpe-din-8-septembrie-2025.webp&amp;description=Rovinieta+%C8%99i+peaj+mai+scumpe+din+8+septembrie+2025.+Tarife+%C8%99i+amenzi+uria%C8%99e+pentru+%C8%99oferi+%C8%99i+transportatori+%C3%AEn+Rom%C3%A2nia\" title=\"Pinterest\" rel=\"noopener\"><\/p>\n<div class=\"td-social-but-text\">Pinterest<\/div>\n<p><\/a><a class=\"td-social-sharing-button td-social-sharing-button-js td-social-network td-social-whatsapp\" href=\"https:\/\/api.whatsapp.com\/send?text=Rovinieta+%C8%99i+peaj+mai+scumpe+din+8+septembrie+2025.+Tarife+%C8%99i+amenzi+uria%C8%99e+pentru+%C8%99oferi+%C8%99i+transportatori+%C3%AEn+Rom%C3%A2nia%20%0A%0A%20https:\/\/voceatimisului.ro\/rovinieta-si-peaj-mai-scumpe-din-8-septembrie-2025-tarife-si-amenzi-uriase-pentru-soferi-si-transportatori-in-romania\/\" title=\"WhatsApp\" rel=\"noopener\"><\/p>\n<div class=\"td-social-but-text\">WhatsApp<\/div>\n<p><\/a><a class=\"td-social-sharing-button td-social-sharing-button-js td-social-network td-social-linkedin\" href=\"https:\/\/www.linkedin.com\/shareArticle?mini=true&amp;url=https:\/\/voceatimisului.ro\/rovinieta-si-peaj-mai-scumpe-din-8-septembrie-2025-tarife-si-amenzi-uriase-pentru-soferi-si-transportatori-in-romania\/&amp;title=Rovinieta+%C8%99i+peaj+mai+scumpe+din+8+septembrie+2025.+Tarife+%C8%99i+amenzi+uria%C8%99e+pentru+%C8%99oferi+%C8%99i+transportatori+%C3%AEn+Rom%C3%A2nia\" title=\"Linkedin\" rel=\"noopener\"><\/p>\n<div class=\"td-social-but-text\">Linkedin<\/div>\n<p><\/a><a class=\"td-social-sharing-button td-social-sharing-button-js td-social-network td-social-copy_url\" href=\"https:\/\/voceatimisului.ro\/rovinieta-si-peaj-mai-scumpe-din-8-septembrie-2025-tarife-si-amenzi-uriase-pentru-soferi-si-transportatori-in-romania\/\" title=\"Copy URL\" rel=\"noopener\"><\/p>\n<div class=\"td-social-but-text\">Copy URL<\/div>\n<p><\/a><\/div>\n<\/div>\n<\/div>\n<\/div>\n<\/div>\n<\/div>\n<\/div>\n<div class=\"td_block_wrap tdb_single_featured_image tdi_58 tdb-content-horiz-left td-pb-border-top td_block_template_1\" data-td-block-uid=\"tdi_58\">\n<div class=\"tdb-block-inner td-fix-index\">\n<figure><img fetchpriority=\"high\" decoding=\"async\" width=\"696\" height=\"696\" class=\"entry-thumb\" src=\"https:\/\/analyse.optim.biz\/wp-content\/uploads\/2025\/12\/rovinieta-si-peaj-mai-scumpe-din-8-septembrie-2025-696x696-1.webp\" alt=\"Rovinieta \u0219i peaj mai scumpe din 8 septembrie 2025\" title=\"Rovinieta \u0219i peaj mai scumpe din 8 septembrie 2025\" loading=\"eager\"><figcaption class=\"tdb-caption-text\">Rovinieta \u0219i peaj mai scumpe din 8 septembrie 2025<\/figcaption><\/figure>\n<\/div>\n<\/div>\n<div class=\"vc_row_inner tdi_60  vc_row vc_inner wpb_row td-pb-row\">\n<div class=\"vc_column_inner tdi_62  wpb_column vc_column_container tdc-inner-column td-pb-span4 td-is-sticky\">\n<div class=\"vc_column-inner\">\n<div class=\"wpb_wrapper\" data-sticky-enabled-on=\"W3RydWUsdHJ1ZSx0cnVlLHRydWVd\" data-sticky-offset=\"20\" data-sticky-is-width-auto=\"W2ZhbHNlLGZhbHNlLGZhbHNlLGZhbHNlXQ==\">\n<div class=\"td_block_wrap td_flex_block_1 tdi_63 td-pb-border-top td_block_template_1 td_ajax_preloading_preload td_flex_block\" data-td-block-uid=\"tdi_63\">\n<div id=\"tdi_63\" class=\"td_block_inner td-mc1-wrap\">\n<div class=\"td_module_flex td_module_flex_1 td_module_wrap td-animation-stack td-meta-info-hide td-cpt-post\">\n<div class=\"td-module-container td-category-pos-image\">\n<div class=\"td-module-meta-info\">\n<h3 class=\"entry-title td-module-title\"><a href=\"https:\/\/voceatimisului.ro\/ministerul-transporturilor-aproba-opt-proiecte-pentru-energie-verde-la-aerodromuri-cu-finantare-de-260-milioane-lei\/\" rel=\"bookmark\" title=\"Ministerul Transporturilor aprob\u0103 opt proiecte pentru energie verde la aerodromuri, cu finan\u021bare de 260 milioane lei\">Ministerul Transporturilor aprob\u0103 opt proiecte pentru energie verde la aerodromuri, cu finan\u021bare de 260 milioane lei<\/a><\/h3>\n<\/div>\n<\/div>\n<\/div>\n<div class=\"td_module_flex td_module_flex_1 td_module_wrap td-animation-stack td-meta-info-hide td-cpt-post\">\n<div class=\"td-module-container td-category-pos-image\">\n<div class=\"td-module-meta-info\">\n<h3 class=\"entry-title td-module-title\"><a href=\"https:\/\/voceatimisului.ro\/itm-timis-a-aplicat-amenzi-de-507-000-lei-dupa-controale-la-firmele-de-constructii-din-judet\/\" rel=\"bookmark\" title=\"ITM Timi\u0219 a aplicat amenzi de 507.000 lei dup\u0103 controale la firmele de construc\u021bii din jude\u021b\">ITM Timi\u0219 a aplicat amenzi de 507.000 lei dup\u0103 controale la firmele de construc\u021bii din jude\u021b<\/a><\/h3>\n<\/div>\n<\/div>\n<\/div>\n<div class=\"td_module_flex td_module_flex_1 td_module_wrap td-animation-stack td-meta-info-hide td-cpt-post\">\n<div class=\"td-module-container td-category-pos-image\">\n<div class=\"td-module-meta-info\">\n<h3 class=\"entry-title td-module-title\"><a href=\"https:\/\/voceatimisului.ro\/actiune-a-politiei-rutiere-timisoara-impotriva-soferilor-agresivi-amenzi-de-aproape-9-000-de-lei-si-doua-dosare-penale\/\" rel=\"bookmark\" title=\"Ac\u021biune a Poli\u021biei Rutiere Timi\u0219oara \u00eempotriva \u0219oferilor agresivi: amenzi de aproape 9.000 de lei \u0219i dou\u0103 dosare penale\">Ac\u021biune a Poli\u021biei Rutiere Timi\u0219oara \u00eempotriva \u0219oferilor agresivi: amenzi de aproape 9.000 de lei \u0219i dou\u0103 dosare penale<\/a><\/h3>\n<\/div>\n<\/div>\n<\/div>\n<div class=\"td_module_flex td_module_flex_1 td_module_wrap td-animation-stack td-meta-info-hide td-cpt-post\">\n<div class=\"td-module-container td-category-pos-image\">\n<div class=\"td-module-meta-info\">\n<h3 class=\"entry-title td-module-title\"><a href=\"https:\/\/voceatimisului.ro\/mii-de-tone-de-deseuri-aruncate-ilegal-in-timis-garda-de-mediu-a-aplicat-amenzi-de-aproape-jumatate-de-milion-de-lei\/\" rel=\"bookmark\" title=\"Mii de tone de de\u0219euri aruncate ilegal \u00een Timi\u0219. Garda de Mediu a aplicat amenzi de aproape jum\u0103tate de milion de lei\">Mii de tone de de\u0219euri aruncate ilegal \u00een Timi\u0219. Garda de Mediu a aplicat amenzi de aproape jum\u0103tate de milion de lei<\/a><\/h3>\n<\/div>\n<\/div>\n<\/div>\n<\/div>\n<\/div>\n<div class=\"tdb-author-box td_block_wrap tdb_single_author_box tdi_68 tdb-content-vert-top td-pb-border-top td_block_template_1\" data-td-block-uid=\"tdi_68\">\n<div class=\"tdb-block-inner td-fix-index\">\n<div class=\"tdb-author-info\"><a href=\"https:\/\/voceatimisului.ro\/author\/cataadmin\/\" class=\"tdb-author-name\">Radu Constantin<\/a><a href=\"http:\/\/www.voceatimisului.ro\" rel=\"nofollow\" class=\"tdb-author-url\">http:\/\/www.voceatimisului.ro<\/a><\/p>\n<div class=\"tdb-author-descr\">\u00centreaga responsabilitate a comentariilor l\u0103sate de dumneavoastr\u0103 v\u0103 apar\u021bine!<br \/>\nClick <a href=\"https:\/\/voceatimisului.ro\/termeni-si-conditii\/\">aici<\/a>-citeste condi\u0163iile de utilizare ale site-ului www.voceatimisului.ro<\/div>\n<\/div>\n<\/div>\n<\/div>\n<\/div>\n<\/div>\n<\/div>\n<div class=\"vc_column_inner tdi_70  wpb_column vc_column_container tdc-inner-column td-pb-span8\">\n<div class=\"vc_column-inner\">\n<div class=\"wpb_wrapper\">\n<div class=\"td_block_wrap tdb_single_content tdi_71 td-pb-border-top td_block_template_1 td-post-content tagdiv-type\" data-td-block-uid=\"tdi_71\">\n<div class=\"tdb-block-inner td-fix-index\">\n<h3 class=\"wp-block-heading\">Rom\u00e2nia intr\u0103 oficial \u00een epoca \u201earmoniz\u0103rilor\u201d pe h\u00e2rtie \u0219i a \u00eencas\u0103rilor la s\u00e2nge. Din 8 septembrie 2025, tarifele \u0219i amenzile pentru roviniet\u0103 \u0219i peaj cresc prin OG 23, cu cifre care taie respira\u021bia. CNAIR \u00eempacheteaz\u0103 decizia \u00een vorbe frumoase despre \u201ealiniere european\u0103\u201d, dar realitatea e simpl\u0103: statul scoate bani din buzunarul \u0219oferului \u0219i al transportatorului, f\u0103r\u0103 s\u0103 ofere nimic \u00een schimb \u00een materie de drumuri.<\/h3>\n<p>De la 1 septembrie a crescut deja rovinieta pentru autoturisme, 50 de euro pe an prin Legea 141. Statul a \u00eenceput cu omul de r\u00e2nd, acum vine nota de plat\u0103 \u0219i pentru transportatori.<\/p>\n<figure class=\"wp-block-table\">\n<table class=\"has-fixed-layout\">\n<thead>\n<tr>\n<th>Tip vehicul<\/th>\n<th>1 zi<\/th>\n<th>7\/10 zile<\/th>\n<th>30 zile<\/th>\n<th>12 luni<\/th>\n<th>Amend\u0103 minim\u0103<\/th>\n<th>Amend\u0103 maxim\u0103<\/th>\n<\/tr>\n<\/thead>\n<tbody>\n<tr>\n<td>Autoturism<\/td>\n<td>3,5 \u20ac<\/td>\n<td>6 \u20ac (10z)<\/td>\n<td>9,5 \u20ac<\/td>\n<td>50 \u20ac<\/td>\n<td>500 lei<\/td>\n<td>1.000 lei<\/td>\n<\/tr>\n<tr>\n<td>Marf\u0103 \u2264 3,5 t<\/td>\n<td>10 \u20ac<\/td>\n<td>13,5 \u20ac<\/td>\n<td>21,5 \u20ac<\/td>\n<td>114 \u20ac<\/td>\n<td>1.140 lei<\/td>\n<td>2.280 lei<\/td>\n<\/tr>\n<tr>\n<td>Marf\u0103 3,5\u20137,5 t<\/td>\n<td>7,5 \u20ac<\/td>\n<td>19 \u20ac (7z)<\/td>\n<td>38 \u20ac<\/td>\n<td>380 \u20ac<\/td>\n<td>3.800 lei<\/td>\n<td>7.600 lei<\/td>\n<\/tr>\n<tr>\n<td>Marf\u0103 7,5\u201312 t<\/td>\n<td>13 \u20ac<\/td>\n<td>33 \u20ac (7z)<\/td>\n<td>66,5 \u20ac<\/td>\n<td>665 \u20ac<\/td>\n<td>6.650 lei<\/td>\n<td>13.300 lei<\/td>\n<\/tr>\n<tr>\n<td>Marf\u0103 \u226512 t, max. 3 axe<\/td>\n<td>17 \u20ac<\/td>\n<td>42,5 \u20ac<\/td>\n<td>85,5 \u20ac<\/td>\n<td>855 \u20ac<\/td>\n<td>8.550 lei<\/td>\n<td>17.100 lei<\/td>\n<\/tr>\n<tr>\n<td>Marf\u0103 \u226512 t, min. 4 axe<\/td>\n<td>28,5 \u20ac<\/td>\n<td>71 \u20ac<\/td>\n<td>142,5 \u20ac<\/td>\n<td>1.425 \u20ac<\/td>\n<td>14.250 lei<\/td>\n<td>28.500 lei<\/td>\n<\/tr>\n<tr>\n<td>Autobuz \u2264 23 locuri<\/td>\n<td>7,5 \u20ac<\/td>\n<td>19 \u20ac (7z)<\/td>\n<td>38 \u20ac<\/td>\n<td>380 \u20ac<\/td>\n<td>3.800 lei<\/td>\n<td>7.600 lei<\/td>\n<\/tr>\n<tr>\n<td>Autobuz &gt; 23 locuri<\/td>\n<td>13 \u20ac<\/td>\n<td>33 \u20ac (7z)<\/td>\n<td>66,5 \u20ac<\/td>\n<td>665 \u20ac<\/td>\n<td>6.650 lei<\/td>\n<td>13.300 lei<\/td>\n<\/tr>\n<\/tbody>\n<\/table>\n<\/figure>\n<figure class=\"wp-block-table\">\n<table class=\"has-fixed-layout\">\n<thead>\n<tr>\n<th>Tip vehicul<\/th>\n<th>1 trecere<\/th>\n<th>2 treceri<\/th>\n<th>20 treceri<\/th>\n<th>Amend\u0103 minim\u0103<\/th>\n<th>Amend\u0103 maxim\u0103<\/th>\n<\/tr>\n<\/thead>\n<tbody>\n<tr>\n<td>Autoturism \u2264 3,5 t<\/td>\n<td>19 lei<\/td>\n<td>38 lei<\/td>\n<td>304 lei<\/td>\n<td>190 lei<\/td>\n<td>380 lei<\/td>\n<\/tr>\n<tr>\n<td>Microbuz \/ marf\u0103 &lt;12 t<\/td>\n<td>69 lei<\/td>\n<td>137 lei<\/td>\n<td>1.195 lei<\/td>\n<td>690 lei<\/td>\n<td>1.380 lei<\/td>\n<\/tr>\n<tr>\n<td>Autobuz &gt; 23 locuri \/ \u226512 t, max. 3 axe<\/td>\n<td>94 lei<\/td>\n<td>187 lei<\/td>\n<td>1.628 lei<\/td>\n<td>940 lei<\/td>\n<td>1.880 lei<\/td>\n<\/tr>\n<tr>\n<td>Camion \u226512 t, min. 4 axe<\/td>\n<td>133 lei<\/td>\n<td>266 lei<\/td>\n<td>2.315 lei<\/td>\n<td>1.330 lei<\/td>\n<td>2.660 lei<\/td>\n<\/tr>\n<\/tbody>\n<\/table>\n<\/figure>\n<figure class=\"wp-block-table\">\n<table class=\"has-fixed-layout\">\n<thead>\n<tr>\n<th>Tip vehicul<\/th>\n<th>1 trecere<\/th>\n<th>20 treceri<\/th>\n<th>Valabilitate<\/th>\n<\/tr>\n<\/thead>\n<tbody>\n<tr>\n<td>Autoturism \u2264 3,5 t<\/td>\n<td>16 lei<\/td>\n<td>257 lei<\/td>\n<td>p\u00e2n\u0103 la 31 decembrie<\/td>\n<\/tr>\n<tr>\n<td>Microbuz \/ marf\u0103 &lt;12 t<\/td>\n<td>38 lei<\/td>\n<td>662 lei<\/td>\n<td>p\u00e2n\u0103 la 31 decembrie<\/td>\n<\/tr>\n<tr>\n<td>Autobuz &gt; 23 locuri \/ \u226512 t, max. 3 axe<\/td>\n<td>63 lei<\/td>\n<td>1.095 lei<\/td>\n<td>p\u00e2n\u0103 la 31 decembrie<\/td>\n<\/tr>\n<tr>\n<td>Camion \u226512 t, min. 4 axe<\/td>\n<td>94 lei<\/td>\n<td>1.628 lei<\/td>\n<td>p\u00e2n\u0103 la 31 decembrie<\/td>\n<\/tr>\n<\/tbody>\n<\/table>\n<\/figure>\n<p>Podurile Dun\u0103rii sunt taxate ca opere de art\u0103 inginereasc\u0103, dar arat\u0103 ca muzee de fisuri \u0219i c\u00e2rpeli. La Fete\u0219ti\u2013Cernavod\u0103, un autoturism pl\u0103te\u0219te 19 lei trecerea, iar la Giurgeni\u2013Vadu Oii 16 lei, \u00een timp ce camioanele sar direct la mii de lei pentru pachetele multiple.<\/p>\n<p>Oficialii CNAIR vorbesc despre \u201ealiniere european\u0103\u201d \u0219i \u201eresponsabilizare\u201d. \u00cen realitate, e un impozit mascat pe ro\u021bi. Pl\u0103te\u0219ti ca \u00een Occident, circuli ca \u00een Evul Mediu rutier. Statul \u00ee\u021bi cere 1.425 de euro pe camion pentru drumuri pline de gropi, dar nu-\u021bi d\u0103 nici m\u0103car garan\u021bia c\u0103 ajungi la destina\u021bie \u00eentreg.<\/p>\n<p>Cifrele nu mint: \u0219oferii scot zeci de euro, transportatorii mii, iar dac\u0103 ratezi plata, amenzile ajung c\u00e2t o ma\u0219in\u0103. Rom\u00e2nia \u00ee\u0219i construie\u0219te autostr\u0103zile \u00een PowerPoint, dar \u00ee\u0219i \u00eencaseaz\u0103 taxele la secund\u0103.<\/p>\n<\/div>\n<\/div>\n<div class=\"td_block_wrap tdb_single_tags tdi_74 td-pb-border-top td_block_template_1\" data-td-block-uid=\"tdi_74\">\n<div class=\"tdb-block-inner td-fix-index\">\n<ul class=\"tdb-tags\">\n<li><span>Tags<\/span><\/li>\n<li><a href=\"https:\/\/voceatimisului.ro\/tag\/amenzi\/\">amenzi<\/a><\/li>\n<li><a href=\"https:\/\/voceatimisului.ro\/tag\/cnair\/\">cnair<\/a><\/li>\n<li><a href=\"https:\/\/voceatimisului.ro\/tag\/ministerul-transporturilor\/\">ministerul transporturilor<\/a><\/li>\n<li><a href=\"https:\/\/voceatimisului.ro\/tag\/peaj\/\">peaj<\/a><\/li>\n<li><a href=\"https:\/\/voceatimisului.ro\/tag\/rovinieta\/\">rovinieta<\/a><\/li>\n<\/ul>\n<\/div>\n<\/div>\n<div class=\"td_block_wrap tdb_single_post_share tdi_75  td-pb-border-top td_block_template_1\" data-td-block-uid=\"tdi_75\">\n<div id=\"tdi_75\" class=\"td-post-sharing tdb-block td-ps-bg td-ps-notext td-post-sharing-style1 \">\n<div class=\"td-post-sharing-visible\"><a class=\"td-social-sharing-button td-social-sharing-button-js td-social-network td-social-facebook\" href=\"https:\/\/www.facebook.com\/sharer.php?u=https%3A%2F%2Fvoceatimisului.ro%2Frovinieta-si-peaj-mai-scumpe-din-8-septembrie-2025-tarife-si-amenzi-uriase-pentru-soferi-si-transportatori-in-romania%2F\" title=\"Facebook\" rel=\"noopener\"><\/p>\n<div class=\"td-social-but-text\">Facebook<\/div>\n<p><\/a><a class=\"td-social-sharing-button td-social-sharing-button-js td-social-network td-social-twitter\" href=\"https:\/\/twitter.com\/intent\/tweet?text=Rovinieta+%C8%99i+peaj+mai+scumpe+din+8+septembrie+2025.+Tarife+%C8%99i+amenzi+uria%C8%99e+pentru+%C8%99oferi+%C8%99i+transportatori+%C3%AEn+Rom%C3%A2nia&amp;url=https%3A%2F%2Fvoceatimisului.ro%2Frovinieta-si-peaj-mai-scumpe-din-8-septembrie-2025-tarife-si-amenzi-uriase-pentru-soferi-si-transportatori-in-romania%2F&amp;via=Vocea+Timisului\" title=\"Twitter\" rel=\"noopener\"><\/p>\n<div class=\"td-social-but-text\">Twitter<\/div>\n<p><\/a><a class=\"td-social-sharing-button td-social-sharing-button-js td-social-network td-social-pinterest\" href=\"https:\/\/pinterest.com\/pin\/create\/button\/?url=https:\/\/voceatimisului.ro\/rovinieta-si-peaj-mai-scumpe-din-8-septembrie-2025-tarife-si-amenzi-uriase-pentru-soferi-si-transportatori-in-romania\/&amp;media=https:\/\/analyse.optim.biz\/wp-content\/uploads\/2025\/12\/rovinieta-si-peaj-mai-scumpe-din-8-septembrie-2025.webp&amp;description=Rovinieta+%C8%99i+peaj+mai+scumpe+din+8+septembrie+2025.+Tarife+%C8%99i+amenzi+uria%C8%99e+pentru+%C8%99oferi+%C8%99i+transportatori+%C3%AEn+Rom%C3%A2nia\" title=\"Pinterest\" rel=\"noopener\"><\/p>\n<div class=\"td-social-but-text\">Pinterest<\/div>\n<p><\/a><a class=\"td-social-sharing-button td-social-sharing-button-js td-social-network td-social-whatsapp\" href=\"https:\/\/api.whatsapp.com\/send?text=Rovinieta+%C8%99i+peaj+mai+scumpe+din+8+septembrie+2025.+Tarife+%C8%99i+amenzi+uria%C8%99e+pentru+%C8%99oferi+%C8%99i+transportatori+%C3%AEn+Rom%C3%A2nia%20%0A%0A%20https:\/\/voceatimisului.ro\/rovinieta-si-peaj-mai-scumpe-din-8-septembrie-2025-tarife-si-amenzi-uriase-pentru-soferi-si-transportatori-in-romania\/\" title=\"WhatsApp\" rel=\"noopener\"><\/p>\n<div class=\"td-social-but-text\">WhatsApp<\/div>\n<p><\/a><a class=\"td-social-sharing-button td-social-sharing-button-js td-social-network td-social-linkedin\" href=\"https:\/\/www.linkedin.com\/shareArticle?mini=true&amp;url=https:\/\/voceatimisului.ro\/rovinieta-si-peaj-mai-scumpe-din-8-septembrie-2025-tarife-si-amenzi-uriase-pentru-soferi-si-transportatori-in-romania\/&amp;title=Rovinieta+%C8%99i+peaj+mai+scumpe+din+8+septembrie+2025.+Tarife+%C8%99i+amenzi+uria%C8%99e+pentru+%C8%99oferi+%C8%99i+transportatori+%C3%AEn+Rom%C3%A2nia\" title=\"Linkedin\" rel=\"noopener\"><\/p>\n<div class=\"td-social-but-text\">Linkedin<\/div>\n<p><\/a><a class=\"td-social-sharing-button td-social-sharing-button-js td-social-network td-social-copy_url\" href=\"https:\/\/voceatimisului.ro\/rovinieta-si-peaj-mai-scumpe-din-8-septembrie-2025-tarife-si-amenzi-uriase-pentru-soferi-si-transportatori-in-romania\/\" title=\"Copy URL\" rel=\"noopener\"><\/p>\n<div class=\"td-social-but-text\">Copy URL<\/div>\n<p><\/a><\/div>\n<\/div>\n<\/div>\n<div class=\"td_block_wrap tdb_single_next_prev tdi_76 td-animation-stack td-next-prev-img-on td-pb-border-top td_block_template_1\" data-td-block-uid=\"tdi_76\">\n<div class=\"tdb-block-inner td-fix-index\">\n<div class=\"tdb-next-post tdb-next-post-bg tdb-post-prev\"><span>Articolul precedent<\/span><\/p>\n<div class=\"td-module-container\">\n<div class=\"td-image-container\"><a class=\"td-image-wrap\" href=\"https:\/\/voceatimisului.ro\/festivalul-suciturilor-din-gladna-romana-prima-editie-dedicata-traditiilor-banatene-si-gastronomiei-autentice\/\"><img loading=\"lazy\" decoding=\"async\" class=\"td-next-prev-image td-fix-index td-lazy-img\" title=\"Festivalul Suciturilor din Gladna Rom\u00e2n\u0103, prima edi\u021bie dedicat\u0103 tradi\u021biilor b\u0103n\u0103\u021bene \u0219i gastronomiei autentice\" width=\"696\" height=\"963\" src=\"https:\/\/analyse.optim.biz\/wp-content\/uploads\/2025\/12\/festivalul-suciturilor-din-gladna-romana-696x963-1.webp\"><\/a><\/div>\n<div class=\"next-prev-title\"><a href=\"https:\/\/voceatimisului.ro\/festivalul-suciturilor-din-gladna-romana-prima-editie-dedicata-traditiilor-banatene-si-gastronomiei-autentice\/\">Festivalul Suciturilor din Gladna Rom\u00e2n\u0103, prima edi\u021bie dedicat\u0103 tradi\u021biilor b\u0103n\u0103\u021bene \u0219i gastronomiei autentice<\/a><\/div>\n<\/div>\n<\/div>\n<div class=\"tdb-next-post tdb-next-post-bg tdb-post-next\"><span>Articolul urm\u0103tor<\/span><\/p>\n<div class=\"td-module-container\">\n<div class=\"td-image-container\"><a class=\"td-image-wrap\" href=\"https:\/\/voceatimisului.ro\/retim-ne-face-prosti-cu-tupeu-pascu-ii-ataca-pe-simonis-si-nica-da-vina-pe-cetateni-si-scumpeste-tarifele-in-timp-ce-levigatul-se-varsa-in-timis\/\"><img loading=\"lazy\" decoding=\"async\" class=\"td-next-prev-image td-fix-index td-lazy-img\" title=\"RETIM ne face pro\u0219ti cu tupeu: Pascu \u00eei atac\u0103 pe Simonis \u0219i Nica, d\u0103 vina pe cet\u0103\u021beni \u0219i scumpe\u0219te tarifele \u00een timp ce levigatul se vars\u0103 \u00een Timi\u0219\" width=\"696\" height=\"928\" src=\"https:\/\/analyse.optim.biz\/wp-content\/uploads\/2025\/12\/la-glina-utilajele-se-ingroapa-in-gunoaie-4-696x928-1.webp\"><\/a><\/div>\n<div class=\"next-prev-title\"><a href=\"https:\/\/voceatimisului.ro\/retim-ne-face-prosti-cu-tupeu-pascu-ii-ataca-pe-simonis-si-nica-da-vina-pe-cetateni-si-scumpeste-tarifele-in-timp-ce-levigatul-se-varsa-in-timis\/\">RETIM ne face pro\u0219ti cu tupeu: Pascu \u00eei atac\u0103 pe Simonis \u0219i Nica, d\u0103 vina pe cet\u0103\u021beni \u0219i scumpe\u0219te tarifele \u00een timp ce levigatul se vars\u0103 \u00een Timi\u0219<\/a><\/div>\n<\/div>\n<\/div>\n<\/div>\n<\/div>\n<\/div>\n<\/div>\n<\/div>\n<\/div>\n<div class=\"vc_row_inner tdi_86  vc_row vc_inner wpb_row td-pb-row\">\n<div class=\"vc_column_inner tdi_88  wpb_column vc_column_container tdc-inner-column td-pb-span4 td-is-sticky\">\n<div class=\"vc_column-inner\">\n<div class=\"wpb_wrapper\" data-sticky-enabled-on=\"W3RydWUsdHJ1ZSx0cnVlLHRydWVd\" data-sticky-offset=\"20\" data-sticky-is-width-auto=\"W2ZhbHNlLGZhbHNlLGZhbHNlLGZhbHNlXQ==\">\n<div class=\"td_block_wrap tdb_single_related tdi_89 td_with_ajax_pagination td-pb-border-top td_block_template_1 tdb-single-related-posts\" data-td-block-uid=\"tdi_89\">\n<div id=\"tdi_89\" class=\"td_block_inner tdb-block-inner td-fix-index\">\n<div class=\"tdb_module_related td_module_wrap td-animation-stack td-meta-info-hide\">\n<div class=\"td-module-container td-category-pos-image\">\n<div class=\"td-module-meta-info\">\n<h3 class=\"entry-title td-module-title\"><a href=\"https:\/\/voceatimisului.ro\/actiune-de-amploare-la-timisoara-peste-170-de-amenzi-7-permise-retinute-si-22-de-certificate-de-inmatriculare-retrase\/\" rel=\"bookmark\" title=\"Ac\u021biune de amploare la Timi\u0219oara: Peste 170 de amenzi, 7 permise re\u021binute \u0219i 22 de certificate de \u00eenmatriculare retrase\">Ac\u021biune de amploare la Timi\u0219oara: Peste 170 de amenzi, 7 permise re\u021binute \u0219i 22 de certificate de \u00eenmatriculare retrase<\/a><\/h3>\n<\/div>\n<\/div>\n<\/div>\n<div class=\"tdb_module_related td_module_wrap td-animation-stack td-meta-info-hide\">\n<div class=\"td-module-container td-category-pos-image\">\n<div class=\"td-module-meta-info\">\n<h3 class=\"entry-title td-module-title\"><a href=\"https:\/\/voceatimisului.ro\/amenzi-de-peste-60-000-de-lei-date-de-politisti-in-cateva-ore-au-fost-retinute-si-31-de-permise-de-conducere\/\" rel=\"bookmark\" title=\"Amenzi de peste 60.000 de lei date de poli\u0163i\u015fti, \u00een c\u00e2teva ore! Au fost re\u0163inute \u015fi 31 de permise de conducere\">Amenzi de peste 60.000 de lei date de poli\u0163i\u015fti, \u00een c\u00e2teva ore! Au fost re\u0163inute \u015fi 31 de permise de conducere<\/a><\/h3>\n<\/div>\n<\/div>\n<\/div>\n<div class=\"tdb_module_related td_module_wrap td-animation-stack td-meta-info-hide\">\n<div class=\"td-module-container td-category-pos-image\">\n<div class=\"td-module-meta-info\">\n<h3 class=\"entry-title td-module-title\"><a href=\"https:\/\/voceatimisului.ro\/primaria-timisoara-vrea-sa-preia-santierul-centurii-de-vest-a-facut-deja-o-solicitare-ministerului-transporturilor\/\" rel=\"bookmark\" title=\"Prim\u0103ria Timi\u0219oara vrea s\u0103 preia \u0219antierul Centurii de Vest! A f\u0103cut deja o solicitare Ministerului Transporturilor\">Prim\u0103ria Timi\u0219oara vrea s\u0103 preia \u0219antierul Centurii de Vest! A f\u0103cut deja o solicitare Ministerului Transporturilor<\/a><\/h3>\n<\/div>\n<\/div>\n<\/div>\n<\/div>\n<\/div>\n<\/div>\n<\/div>\n<\/div>\n<div class=\"vc_column_inner tdi_91  wpb_column vc_column_container tdc-inner-column td-pb-span8\">\n<div class=\"vc_column-inner\">\n<div class=\"wpb_wrapper\">\n<div class=\"td_block_wrap tdb_single_comments tdi_92 tdb-comm-layout2 td-pb-border-top td_block_template_2\" data-td-block-uid=\"tdi_92\">\n<div class=\"tdb-block-inner td-fix-index\">\n<div class=\"comments\" id=\"comments\">\n<div class=\"td-comments-title-wrap td_block_template_2\">\n<h4 class=\"td-comments-title td-block-title\"><span>1 COMENTARIU<\/span><\/h4>\n<\/div>\n<ol class=\"comment-list\">\n<li class=\"comment \" id=\"comment-29800\">\n<article>\n<footer><cite>marinescu<\/cite><a class=\"comment-link\" href=\"https:\/\/voceatimisului.ro\/rovinieta-si-peaj-mai-scumpe-din-8-septembrie-2025-tarife-si-amenzi-uriase-pentru-soferi-si-transportatori-in-romania\/#comment-29800\"><time><br \/>\n\t\t\t\t\t\t    16 septembrie 2025\t\t\t\t\t\t    La\t\t\t\t\t\t    10:26 AM<\/time><\/a><\/footer>\n<div class=\"comment-content\">\n<p>Daca se fura mult, drumurile se distrug ca in fotografie. Se inlocuieste piatra concasata de cariera de munte cu pietris de rau la 1\/2 din pret. Se toarna straturi mai subtiri decat in proiecte, bitumul del mai ieftin, compactare slaba. Drumul reabilitat dupa 1-2 incepe sa se macine, sa crape si este nevoie de alte reparatii alte spagi primite de politicieni.<\/p>\n<\/div>\n<div class=\"comment-meta\" id=\"comment-29800\"><a rel=\"nofollow\" class=\"comment-reply-link\" href=\"https:\/\/voceatimisului.ro\/rovinieta-si-peaj-mai-scumpe-din-8-septembrie-2025-tarife-si-amenzi-uriase-pentru-soferi-si-transportatori-in-romania\/#comment-29800\" data-commentid=\"29800\" data-postid=\"175004\" data-belowelement=\"comment-29800\" data-respondelement=\"respond\" data-replyto=\"R\u0103spunde-i lui marinescu\" aria-label=\"R\u0103spunde-i lui marinescu\">R\u0103spunde\u021bi<\/a><\/div>\n<\/article>\n<\/li>\n<\/ol>\n<div id=\"respond\" class=\"comment-respond\">\n<h3 id=\"reply-title\" class=\"comment-reply-title\">L\u0102SA\u021aI UN MESAJ <small><a rel=\"nofollow\" id=\"cancel-comment-reply-link\" href=\"https:\/\/voceatimisului.ro\/rovinieta-si-peaj-mai-scumpe-din-8-septembrie-2025-tarife-si-amenzi-uriase-pentru-soferi-si-transportatori-in-romania\/#respond\">Renun\u021ba\u021bi la r\u0103spuns<\/a><\/small><\/h3>\n<div class=\"comment-form-input-wrap td-form-comment\">\n<div class=\"td-warning-comment\">V\u0103 rug\u0103m s\u0103 introduce\u021bi comentariul dvs.!<\/div>\n<\/div>\n<div class=\"comment-form-input-wrap td-form-author\">\n<div class=\"td-warning-author\">Introduce\u021bi aici numele dvs.<\/div>\n<\/div>\n<div class=\"comment-form-input-wrap td-form-email\">\n<div class=\"td-warning-email-error\">A\u021bi introdus o adres\u0103 de e-mail incorect\u0103!<\/div>\n<div class=\"td-warning-email\">V\u0103 rug\u0103m s\u0103 introduce\u021bi adresa dvs. de e-mail aici<\/div>\n<\/div>\n<\/div>\n<\/div>\n<\/div>\n<\/div>\n<\/div>\n<\/div>\n<\/div>\n<\/div>\n<\/div>\n<\/div>\n<div class=\"vc_column tdi_94  wpb_column vc_column_container tdc-column td-pb-span4 td-is-sticky\">\n<div class=\"wpb_wrapper\" data-sticky-enabled-on=\"W3RydWUsdHJ1ZSx0cnVlLHRydWVd\" data-sticky-offset=\"20\" data-sticky-is-width-auto=\"W2ZhbHNlLGZhbHNlLGZhbHNlLGZhbHNlXQ==\">\n<div class=\"vc_row_inner tdi_96  vc_row vc_inner wpb_row td-pb-row\">\n<div class=\"vc_column_inner tdi_98  wpb_column vc_column_container tdc-inner-column td-pb-span12\">\n<div class=\"vc_column-inner\">\n<div class=\"wpb_wrapper\">\n<div class=\"td_block_wrap td_block_title tdi_99 td-pb-border-top td_block_template_11 td-fix-index\" data-td-block-uid=\"tdi_99\">\n<div class=\"td-block-title-wrap\">\n<h4 class=\"td-block-title\"><span class=\"td-pulldown-size\">ANUN\u021aURI \u0218I PUBLICITATE<\/span><\/h4>\n<\/div>\n<\/div>\n<\/div>\n<\/div>\n<\/div>\n<\/div>\n<div class=\"wpb_wrapper td_block_wrap vc_widget_sidebar tdi_101 \">\n<aside id=\"block-10\" class=\"td_block_template_1 widget block-10 widget_block widget_media_image\">\n<figure class=\"wp-block-image size-full\"><a href=\"https:\/\/adpghiroda.ro\/index.html\" target=\"_blank\" rel=\" noreferrer noopener\"><img decoding=\"async\" loading=\"eager\" width=\"960\" height=\"960\" src=\"https:\/\/analyse.optim.biz\/wp-content\/uploads\/2025\/12\/adp-ghiroda2-148.jpg\" class=\"wp-image-171492\" title=\"adp-ghiroda2-148\"><\/a><\/figure>\n<\/aside>\n<aside id=\"block-11\" class=\"td_block_template_1 widget block-11 widget_block widget_media_image\">\n<figure class=\"wp-block-image size-full\"><a href=\"https:\/\/adpghiroda.ro\/index.html\" target=\"_blank\" rel=\" noreferrer noopener\"><img decoding=\"async\" loading=\"eager\" width=\"960\" height=\"960\" src=\"https:\/\/analyse.optim.biz\/wp-content\/uploads\/2025\/12\/adp-ghiroda1-137-2.jpg\" class=\"wp-image-171491\" title=\"adp-ghiroda1-137-2\"><\/a><\/figure>\n<\/aside>\n<aside id=\"block-17\" class=\"td_block_template_1 widget block-17 widget_block widget_media_image\">\n<figure class=\"wp-block-image size-large is-resized\"><a href=\"https:\/\/verde.events\/\" target=\"_blank\" rel=\" noreferrer noopener\"><img decoding=\"async\" loading=\"lazy\" width=\"1024\" height=\"683\" src=\"https:\/\/analyse.optim.biz\/wp-content\/uploads\/2025\/12\/verde-events-24-1024x683-138.jpg\" alt=\"Verde Events\" class=\"wp-image-174395\" title=\"verde-events-24-1024x683-138\"><\/a><figcaption class=\"wp-element-caption\"><strong><em>O experien\u021b\u0103 unic\u0103 pentru orice tip de eveniment<\/em><\/strong><\/figcaption><\/figure>\n<\/aside>\n<\/div>\n<div class=\"td_block_wrap td_flex_block_1 tdi_107 td-pb-border-top td_block_template_1 td_ajax_preloading_preload td_flex_block\" data-td-block-uid=\"tdi_107\">\n<div id=\"tdi_107\" class=\"td_block_inner td-mc1-wrap\">\n<div class=\"td_module_flex td_module_flex_1 td_module_wrap td-animation-stack td-meta-info-hide td-cpt-post\">\n<div class=\"td-module-container td-category-pos-image\">\n<div class=\"td-module-meta-info\">\n<h3 class=\"entry-title td-module-title\"><a href=\"https:\/\/voceatimisului.ro\/o-noua-actiune-de-deratizare-la-timisoara-in-perioada-15-30-noiembrie\/\" rel=\"bookmark\" title=\"O nou\u0103 ac\u021biune de deratizare la Timi\u0219oara, \u00een perioada 15-30 noiembrie!\">O nou\u0103 ac\u021biune de deratizare la Timi\u0219oara, \u00een perioada 15-30 noiembrie!<\/a><\/h3>\n<\/div>\n<\/div>\n<\/div>\n<div class=\"td_module_flex td_module_flex_1 td_module_wrap td-animation-stack td-meta-info-hide td-cpt-post\">\n<div class=\"td-module-container td-category-pos-image\">\n<div class=\"td-module-meta-info\">\n<h3 class=\"entry-title td-module-title\"><a href=\"https:\/\/voceatimisului.ro\/amenzi-de-aproape-370-000-de-lei-date-de-inspectorii-dsvsa-timis-operatorilor-din-industria-alimentara-trei-restaurante-au-fost-inchise\/\" rel=\"bookmark\" title=\"Amenzi de aproape 370.000 de lei, date de inspectorii DSVSA Timi\u0219, operatorilor din industria alimentar\u0103! Trei restaurante au fost \u00eenchise\">Amenzi de aproape 370.000 de lei, date de inspectorii DSVSA Timi\u0219, operatorilor din industria alimentar\u0103! Trei restaurante au fost \u00eenchise<\/a><\/h3>\n<\/div>\n<\/div>\n<\/div>\n<div class=\"td_module_flex td_module_flex_1 td_module_wrap td-animation-stack td-meta-info-hide td-cpt-post\">\n<div class=\"td-module-container td-category-pos-image\">\n<div class=\"td-module-meta-info\">\n<h3 class=\"entry-title td-module-title\"><a href=\"https:\/\/voceatimisului.ro\/peste-250-de-amenzi-date-de-politistii-rutieri-in-weekend-pe-soselele-din-timis-cele-mai-multe-pentru-viteza\/\" rel=\"bookmark\" title=\"Peste 250 de amenzi, date de poli\u0163i\u015ftii rutieri \u00een weekend, pe \u015foselele din Timi\u015f! Cele mai multe pentru vitez\u0103\">Peste 250 de amenzi, date de poli\u0163i\u015ftii rutieri \u00een weekend, pe \u015foselele din Timi\u015f! Cele mai multe pentru vitez\u0103<\/a><\/h3>\n<\/div>\n<\/div>\n<\/div>\n<div class=\"td_module_flex td_module_flex_1 td_module_wrap td-animation-stack td-meta-info-hide td-cpt-post\">\n<div class=\"td-module-container td-category-pos-image\">\n<div class=\"td-module-meta-info\">\n<h3 class=\"entry-title td-module-title\"><a href=\"https:\/\/voceatimisului.ro\/aproape-200-de-amenzi-si-6-permise-de-conducere-retinute-de-politisti-in-doar-cinci-ore\/\" rel=\"bookmark\" title=\"Aproape 200 de amenzi \u0219i 6 permise de conducere, re\u021binute de poli\u021bi\u0219ti, \u00een doar cinci ore!\">Aproape 200 de amenzi \u0219i 6 permise de conducere, re\u021binute de poli\u021bi\u0219ti, \u00een doar cinci ore!<\/a><\/h3>\n<\/div>\n<\/div>\n<\/div>\n<div class=\"td_module_flex td_module_flex_1 td_module_wrap td-animation-stack td-meta-info-hide td-cpt-post\">\n<div class=\"td-module-container td-category-pos-image\">\n<div class=\"td-module-meta-info\">\n<h3 class=\"entry-title td-module-title\"><a href=\"https:\/\/voceatimisului.ro\/politistii-timisoreni-in-strada-amenzi-si-permise-retinute-in-doar-doua-ore\/\" rel=\"bookmark\" title=\"Poli\u0163i\u015ftii timi\u015foreni, \u00een strad\u0103! Amenzi \u015fi permise re\u0163inute, \u00een doar dou\u0103 ore!\">Poli\u0163i\u015ftii timi\u015foreni, \u00een strad\u0103! Amenzi \u015fi permise re\u0163inute, \u00een doar dou\u0103 ore!<\/a><\/h3>\n<\/div>\n<\/div>\n<\/div>\n<\/div>\n<\/div>\n<\/div>\n<\/div>\n<\/div>\n<\/div>\n<\/div>\n<\/div>\n<p><span class=\"td-page-meta\"><\/span><span class=\"td-page-meta\"><span class=\"td-page-meta\"><\/span><\/span><span class=\"td-page-meta\"><\/span><\/article>\n<p> Source URL: https:\/\/voceatimisului.ro\/rovinieta-si-peaj-mai-scumpe-din-8-septembrie-2025-tarife-si-amenzi-uriase-pentru-soferi-si-transportatori-in-romania\/<\/p>\n","protected":false},"excerpt":{"rendered":"<p>\u0218tiriSocial Rovinieta \u0219i peaj mai scumpe din 8 septembrie 2025. Tarife \u0219i amenzi uria\u0219e pentru \u0219oferi \u0219i transportatori \u00een Rom\u00e2nia Pl\u0103te\u0219ti ca \u00een Germania, dar circuli ca pe frontul din Donbas. Autor-Radu Constantin 5 septembrie 2025 1 1424 Facebook Twitter Pinterest WhatsApp Linkedin Copy URL Rovinieta \u0219i peaj mai scumpe din 8 septembrie 2025 Ministerul [&hellip;]<\/p>\n","protected":false},"author":1,"featured_media":1208596,"comment_status":"open","ping_status":"","sticky":false,"template":"","format":"standard","meta":{"footnotes":""},"categories":[89],"tags":[199],"class_list":["post-1208595","post","type-post","status-publish","format-standard","has-post-thumbnail","hentry","category-romania","tag-voceatimisului-ro"],"_links":{"self":[{"href":"https:\/\/analyse.optim.biz\/index.php?rest_route=\/wp\/v2\/posts\/1208595","targetHints":{"allow":["GET"]}}],"collection":[{"href":"https:\/\/analyse.optim.biz\/index.php?rest_route=\/wp\/v2\/posts"}],"about":[{"href":"https:\/\/analyse.optim.biz\/index.php?rest_route=\/wp\/v2\/types\/post"}],"author":[{"embeddable":true,"href":"https:\/\/analyse.optim.biz\/index.php?rest_route=\/wp\/v2\/users\/1"}],"replies":[{"embeddable":true,"href":"https:\/\/analyse.optim.biz\/index.php?rest_route=%2Fwp%2Fv2%2Fcomments&post=1208595"}],"version-history":[{"count":0,"href":"https:\/\/analyse.optim.biz\/index.php?rest_route=\/wp\/v2\/posts\/1208595\/revisions"}],"wp:featuredmedia":[{"embeddable":true,"href":"https:\/\/analyse.optim.biz\/index.php?rest_route=\/wp\/v2\/media\/1208596"}],"wp:attachment":[{"href":"https:\/\/analyse.optim.biz\/index.php?rest_route=%2Fwp%2Fv2%2Fmedia&parent=1208595"}],"wp:term":[{"taxonomy":"category","embeddable":true,"href":"https:\/\/analyse.optim.biz\/index.php?rest_route=%2Fwp%2Fv2%2Fcategories&post=1208595"},{"taxonomy":"post_tag","embeddable":true,"href":"https:\/\/analyse.optim.biz\/index.php?rest_route=%2Fwp%2Fv2%2Ftags&post=1208595"}],"curies":[{"name":"wp","href":"https:\/\/api.w.org\/{rel}","templated":true}]}}