{"id":1205292,"date":"2015-03-23T22:49:33","date_gmt":"2015-03-23T19:49:33","guid":{"rendered":"https:\/\/analyse.optim.biz\/?p=1205292"},"modified":"2015-03-23T22:49:33","modified_gmt":"2015-03-23T19:49:33","slug":"23-03-2015-invitati-roxana-iliescu-si-sebastian-raducanu","status":"publish","type":"post","link":"https:\/\/analyse.optim.biz\/?p=1205292","title":{"rendered":"23.03.2015 Invita\u021bi Roxana Iliescu \u0219i Sebastian R\u0103ducanu"},"content":{"rendered":"<article id=\"post-169294\" class=\"post-169294 post type-post status-publish format-video has-post-thumbnail hentry category-pressalert-tv category-pressalert-tv-live-sezonul-2 tag-pmp tag-politica tag-pressalert-live tag-psd tag-rixana-iliescu tag-sebastian-raducanu tag-timisoara post_format-post-format-video\">\n<div class=\"td-post-header td-pb-padding-side\">\n<div class=\"entry-crumbs\"><span><a title class=\"entry-crumb\" href=\"https:\/\/www.pressalert.ro\/\"><span>Acas\u0103<\/span><\/a><\/span><span><a title=\"Vede\u021bi toate articolele \u00een PRESSALERT LIVE\" class=\"entry-crumb\" href=\"https:\/\/www.pressalert.ro\/category\/pressalert-tv\/\"><span>PRESSALERT LIVE<\/span><\/a><\/span><span class=\"td-bred-no-url-last\">23.03.2015 Invita\u021bi Roxana Iliescu \u0219i Sebastian R\u0103ducanu<\/span><\/div>\n<ul class=\"td-category\">\n<li class=\"entry-category\"><a href=\"https:\/\/www.pressalert.ro\/category\/pressalert-tv\/\">PRESSALERT LIVE<\/a><\/li>\n<li class=\"entry-category\"><a href=\"https:\/\/www.pressalert.ro\/category\/pressalert-tv\/pressalert-tv-live-sezonul-2\/\">Pressalert LIVE &#8211; Sezonul II<\/a><\/li>\n<\/ul>\n<header>\n<h1 class=\"entry-title\">23.03.2015 Invita\u021bi Roxana Iliescu \u0219i Sebastian R\u0103ducanu<\/h1>\n<div class=\"meta-info\">\n<div class=\"td-post-author-name\">\n<div class=\"td-author-by\">De<\/div>\n<p><a href=\"https:\/\/www.pressalert.ro\/author\/marius-popescu\/\">Marius Popescu<\/a><\/p>\n<div class=\"td-author-line\"> &#8211; <\/div>\n<\/div>\n<p><span class=\"td-post-date\"><time class=\"entry-date updated td-module-date\" datetime=\"2015-03-23T22:49:33+00:00\">mart. 23, 2015<\/time><\/span><\/p>\n<div class=\"td-post-comments\"><a href=\"https:\/\/www.pressalert.ro\/2015\/03\/23-03-2015-invitati-roxana-iliescu-si-sebastian-raducanu\/#comments\">2<\/a><\/div>\n<\/div>\n<\/header>\n<\/div>\n<div class=\"td-post-sharing td-post-sharing-top td-pb-padding-side\"><span class=\"td-post-share-title\">DISTRIBUI\u021aI<\/span><\/p>\n<div class=\"td-default-sharing \"><a class=\"td-social-sharing-buttons td-social-facebook\" href=\"http:\/\/www.facebook.com\/sharer.php?u=https%3A%2F%2Fwww.pressalert.ro%2F2015%2F03%2F23-03-2015-invitati-roxana-iliescu-si-sebastian-raducanu%2F\"><\/p>\n<div class=\"td-social-but-text\">Facebook<\/div>\n<p><\/a><a class=\"td-social-sharing-buttons td-social-twitter\" href=\"https:\/\/twitter.com\/intent\/tweet?text=23.03.2015+Invita%C8%9Bi+Roxana+Iliescu+%C8%99i+Sebastian+R%C4%83ducanu&amp;url=https%3A%2F%2Fwww.pressalert.ro%2F2015%2F03%2F23-03-2015-invitati-roxana-iliescu-si-sebastian-raducanu%2F&amp;via=PRESSALERT.ro\"><\/p>\n<div class=\"td-social-but-text\">Twitter<\/div>\n<p><\/a><\/div>\n<\/div>\n<div class=\"td-post-content td-pb-padding-side\">\n<div class=\"wpb_video_wrapper\">\n                    <iframe loading=\"lazy\" id=\"td_youtube_player\" width=\"600\" height=\"560\" src=\"https:\/\/www.youtube.com\/embed\/9pnJMy7diSQ?enablejsapi=1&amp;feature=oembed&amp;wmode=opaque&amp;vq=hd720\" frameborder allowfullscreen><\/iframe><\/p><\/div>\n<\/div>\n<footer>\n<div class=\"td-post-source-tags td-pb-padding-side\">\n<ul class=\"td-tags td-post-small-box clearfix\">\n<li><span>ETICHETE<\/span><\/li>\n<li><a href=\"https:\/\/www.pressalert.ro\/tag\/pmp\/\">pmp<\/a><\/li>\n<li><a href=\"https:\/\/www.pressalert.ro\/tag\/politica\/\">politica<\/a><\/li>\n<li><a href=\"https:\/\/www.pressalert.ro\/tag\/pressalert-live\/\">pressalert live<\/a><\/li>\n<li><a href=\"https:\/\/www.pressalert.ro\/tag\/psd\/\">psd<\/a><\/li>\n<li><a href=\"https:\/\/www.pressalert.ro\/tag\/rixana-iliescu\/\">rixana iliescu<\/a><\/li>\n<li><a href=\"https:\/\/www.pressalert.ro\/tag\/sebastian-raducanu\/\">sebastian raducanu<\/a><\/li>\n<li><a href=\"https:\/\/www.pressalert.ro\/tag\/timisoara\/\">Timisoara<\/a><\/li>\n<\/ul>\n<\/div>\n<div class=\"td-post-sharing td-post-sharing-bottom td-pb-padding-side\"><span class=\"td-post-share-title\">DISTRIBUI\u021aI<\/span><\/p>\n<div class=\"td-default-sharing \"><a class=\"td-social-sharing-buttons td-social-facebook\" href=\"http:\/\/www.facebook.com\/sharer.php?u=https%3A%2F%2Fwww.pressalert.ro%2F2015%2F03%2F23-03-2015-invitati-roxana-iliescu-si-sebastian-raducanu%2F\"><\/p>\n<div class=\"td-social-but-text\">Facebook<\/div>\n<p><\/a><a class=\"td-social-sharing-buttons td-social-twitter\" href=\"https:\/\/twitter.com\/intent\/tweet?text=23.03.2015+Invita%C8%9Bi+Roxana+Iliescu+%C8%99i+Sebastian+R%C4%83ducanu&amp;url=https%3A%2F%2Fwww.pressalert.ro%2F2015%2F03%2F23-03-2015-invitati-roxana-iliescu-si-sebastian-raducanu%2F&amp;via=PRESSALERT.ro\"><\/p>\n<div class=\"td-social-but-text\">Twitter<\/div>\n<p><\/a><\/div>\n<\/div>\n<div class=\"td-block-row td-post-next-prev\">\n<div class=\"td-block-span6 td-post-prev-post\">\n<div class=\"td-post-next-prev-content\"><span>Articolul precedent<\/span><a href=\"https:\/\/www.pressalert.ro\/2015\/03\/un-microbuz-cu-muncitori-s-a-rasturnat-in-urma-ciocnirii-cu-un-autoturism-langa-timisoara-in-ce-stare-sunt-victimele\/\">Un microbuz cu muncitori s-a r\u0103sturnat \u00een urma ciocnirii cu un autoturism, l\u00e2ng\u0103 Timi\u0219oara. \u00cen ce stare sunt victimele<\/a><\/div>\n<\/div>\n<div class=\"td-block-span6 td-post-next-post\">\n<div class=\"td-post-next-prev-content\"><span>Articolul urm\u0103tor<\/span><a href=\"https:\/\/www.pressalert.ro\/2015\/03\/trei-zile-de-film-francez-la-timisoara-vezi-programul-zilelor-filmului-francofon\/\">Trei zile de film francez la Timi\u0219oara. Vezi programul Zilelor Filmului Francofon<\/a><\/div>\n<\/div>\n<\/div>\n<div class=\"author-box-wrap\"><a href=\"https:\/\/www.pressalert.ro\/author\/marius-popescu\/\"><img loading=\"lazy\" decoding=\"async\" src=\"https:\/\/analyse.optim.biz\/wp-content\/uploads\/2025\/12\/6ff5b29455ffa79f6eac9c7ee3cb2891-303.jpg\" class=\"avatar avatar-96 photo\" height=\"96\" width=\"96\" title=\"6ff5b29455ffa79f6eac9c7ee3cb2891-303\"><\/a><\/p>\n<div class=\"desc\">\n<div class=\"td-author-name vcard author\"><span class=\"fn\"><a href=\"https:\/\/www.pressalert.ro\/author\/marius-popescu\/\">Marius Popescu<\/a><\/span><\/div>\n<div class=\"td-author-url\"><a href=\"http:\/\/www.pressalert.ro\">http:\/\/www.pressalert.ro<\/a><\/div>\n<\/div>\n<\/div>\n<p><span><\/span><span><span><\/span><\/span><span><\/span><\/footer>\n<\/article>\n<p> Source URL: https:\/\/www.pressalert.ro\/2015\/03\/23-03-2015-invitati-roxana-iliescu-si-sebastian-raducanu\/<\/p>\n","protected":false},"excerpt":{"rendered":"<p>Acas\u0103PRESSALERT LIVE23.03.2015 Invita\u021bi Roxana Iliescu \u0219i Sebastian R\u0103ducanu PRESSALERT LIVE Pressalert LIVE &#8211; Sezonul II 23.03.2015 Invita\u021bi Roxana Iliescu \u0219i Sebastian R\u0103ducanu De Marius Popescu &#8211; mart. 23, 2015 2 DISTRIBUI\u021aI Facebook Twitter ETICHETE pmp politica pressalert live psd rixana iliescu sebastian raducanu Timisoara DISTRIBUI\u021aI Facebook Twitter Articolul precedentUn microbuz cu muncitori s-a r\u0103sturnat \u00een [&hellip;]<\/p>\n","protected":false},"author":1,"featured_media":1205293,"comment_status":"open","ping_status":"","sticky":false,"template":"","format":"standard","meta":{"footnotes":""},"categories":[89],"tags":[176],"class_list":["post-1205292","post","type-post","status-publish","format-standard","has-post-thumbnail","hentry","category-romania","tag-pressalert-ro"],"_links":{"self":[{"href":"https:\/\/analyse.optim.biz\/index.php?rest_route=\/wp\/v2\/posts\/1205292","targetHints":{"allow":["GET"]}}],"collection":[{"href":"https:\/\/analyse.optim.biz\/index.php?rest_route=\/wp\/v2\/posts"}],"about":[{"href":"https:\/\/analyse.optim.biz\/index.php?rest_route=\/wp\/v2\/types\/post"}],"author":[{"embeddable":true,"href":"https:\/\/analyse.optim.biz\/index.php?rest_route=\/wp\/v2\/users\/1"}],"replies":[{"embeddable":true,"href":"https:\/\/analyse.optim.biz\/index.php?rest_route=%2Fwp%2Fv2%2Fcomments&post=1205292"}],"version-history":[{"count":0,"href":"https:\/\/analyse.optim.biz\/index.php?rest_route=\/wp\/v2\/posts\/1205292\/revisions"}],"wp:featuredmedia":[{"embeddable":true,"href":"https:\/\/analyse.optim.biz\/index.php?rest_route=\/wp\/v2\/media\/1205293"}],"wp:attachment":[{"href":"https:\/\/analyse.optim.biz\/index.php?rest_route=%2Fwp%2Fv2%2Fmedia&parent=1205292"}],"wp:term":[{"taxonomy":"category","embeddable":true,"href":"https:\/\/analyse.optim.biz\/index.php?rest_route=%2Fwp%2Fv2%2Fcategories&post=1205292"},{"taxonomy":"post_tag","embeddable":true,"href":"https:\/\/analyse.optim.biz\/index.php?rest_route=%2Fwp%2Fv2%2Ftags&post=1205292"}],"curies":[{"name":"wp","href":"https:\/\/api.w.org\/{rel}","templated":true}]}}