{"id":1205289,"date":"2015-03-24T22:36:56","date_gmt":"2015-03-24T19:36:56","guid":{"rendered":"https:\/\/analyse.optim.biz\/?p=1205289"},"modified":"2015-03-24T22:36:56","modified_gmt":"2015-03-24T19:36:56","slug":"24-03-2015-invitati-claudia-ieremia-ion-rizea-si-ion-ardeal-ieremia","status":"publish","type":"post","link":"https:\/\/analyse.optim.biz\/?p=1205289","title":{"rendered":"24.03.2015 Invita\u021bi Claudia Ieremia, Ion Rizea \u0219i Ion Ardeal Ieremia"},"content":{"rendered":"<article id=\"post-169478\" class=\"post-169478 post type-post status-publish format-video has-post-thumbnail hentry category-pressalert-tv category-pressalert-tv-live-sezonul-2 tag-claudia-ieremia tag-ioan-ardeal-ieremia tag-ion-rizea tag-pressalert-live tag-prostii-sub-clar-de-luna tag-teatrul-national-timisoara tag-timisoara post_format-post-format-video\">\n<div class=\"td-post-header td-pb-padding-side\">\n<div class=\"entry-crumbs\"><span><a title class=\"entry-crumb\" href=\"https:\/\/www.pressalert.ro\/\"><span>Acas\u0103<\/span><\/a><\/span><span><a title=\"Vede\u021bi toate articolele \u00een PRESSALERT LIVE\" class=\"entry-crumb\" href=\"https:\/\/www.pressalert.ro\/category\/pressalert-tv\/\"><span>PRESSALERT LIVE<\/span><\/a><\/span><span class=\"td-bred-no-url-last\">24.03.2015 Invita\u021bi Claudia Ieremia, Ion Rizea \u0219i Ion Ardeal Ieremia<\/span><\/div>\n<ul class=\"td-category\">\n<li class=\"entry-category\"><a href=\"https:\/\/www.pressalert.ro\/category\/pressalert-tv\/\">PRESSALERT LIVE<\/a><\/li>\n<li class=\"entry-category\"><a href=\"https:\/\/www.pressalert.ro\/category\/pressalert-tv\/pressalert-tv-live-sezonul-2\/\">Pressalert LIVE &#8211; Sezonul II<\/a><\/li>\n<\/ul>\n<header>\n<h1 class=\"entry-title\">24.03.2015 Invita\u021bi Claudia Ieremia, Ion Rizea \u0219i Ion Ardeal Ieremia<\/h1>\n<div class=\"meta-info\">\n<div class=\"td-post-author-name\">\n<div class=\"td-author-by\">De<\/div>\n<p><a href=\"https:\/\/www.pressalert.ro\/author\/marius-popescu\/\">Marius Popescu<\/a><\/p>\n<div class=\"td-author-line\"> &#8211; <\/div>\n<\/div>\n<p><span class=\"td-post-date\"><time class=\"entry-date updated td-module-date\" datetime=\"2015-03-24T22:36:56+00:00\">mart. 24, 2015<\/time><\/span><\/p>\n<div class=\"td-post-comments\"><a href=\"https:\/\/www.pressalert.ro\/2015\/03\/24-03-2015-invitati-claudia-ieremia-ion-rizea-si-ioan-ardeal-ieremia\/#respond\">0<\/a><\/div>\n<\/div>\n<\/header>\n<\/div>\n<div class=\"td-post-sharing td-post-sharing-top td-pb-padding-side\"><span class=\"td-post-share-title\">DISTRIBUI\u021aI<\/span><\/p>\n<div class=\"td-default-sharing \"><a class=\"td-social-sharing-buttons td-social-facebook\" href=\"http:\/\/www.facebook.com\/sharer.php?u=https%3A%2F%2Fwww.pressalert.ro%2F2015%2F03%2F24-03-2015-invitati-claudia-ieremia-ion-rizea-si-ioan-ardeal-ieremia%2F\"><\/p>\n<div class=\"td-social-but-text\">Facebook<\/div>\n<p><\/a><a class=\"td-social-sharing-buttons td-social-twitter\" href=\"https:\/\/twitter.com\/intent\/tweet?text=24.03.2015+Invita%C8%9Bi+Claudia+Ieremia%2C+Ion+Rizea+%C8%99i+Ion+Ardeal+Ieremia&amp;url=https%3A%2F%2Fwww.pressalert.ro%2F2015%2F03%2F24-03-2015-invitati-claudia-ieremia-ion-rizea-si-ioan-ardeal-ieremia%2F&amp;via=PRESSALERT.ro\"><\/p>\n<div class=\"td-social-but-text\">Twitter<\/div>\n<p><\/a><\/div>\n<\/div>\n<div class=\"td-post-content td-pb-padding-side\">\n<div class=\"wpb_video_wrapper\">\n                    <iframe loading=\"lazy\" id=\"td_youtube_player\" width=\"600\" height=\"560\" src=\"https:\/\/www.youtube.com\/embed\/LDfZlDBGuJc?enablejsapi=1&amp;feature=oembed&amp;wmode=opaque&amp;vq=hd720\" frameborder allowfullscreen><\/iframe><\/p><\/div>\n<\/div>\n<footer>\n<div class=\"td-post-source-tags td-pb-padding-side\">\n<ul class=\"td-tags td-post-small-box clearfix\">\n<li><span>ETICHETE<\/span><\/li>\n<li><a href=\"https:\/\/www.pressalert.ro\/tag\/claudia-ieremia\/\">Claudia Ieremia<\/a><\/li>\n<li><a href=\"https:\/\/www.pressalert.ro\/tag\/ioan-ardeal-ieremia\/\">Ioan Ardeal Ieremia<\/a><\/li>\n<li><a href=\"https:\/\/www.pressalert.ro\/tag\/ion-rizea\/\">ion rizea<\/a><\/li>\n<li><a href=\"https:\/\/www.pressalert.ro\/tag\/pressalert-live\/\">pressalert live<\/a><\/li>\n<li><a href=\"https:\/\/www.pressalert.ro\/tag\/prostii-sub-clar-de-luna\/\">prostii sub clar de luna<\/a><\/li>\n<li><a href=\"https:\/\/www.pressalert.ro\/tag\/teatrul-national-timisoara\/\">teatrul national timisoara<\/a><\/li>\n<li><a href=\"https:\/\/www.pressalert.ro\/tag\/timisoara\/\">Timisoara<\/a><\/li>\n<\/ul>\n<\/div>\n<div class=\"td-post-sharing td-post-sharing-bottom td-pb-padding-side\"><span class=\"td-post-share-title\">DISTRIBUI\u021aI<\/span><\/p>\n<div class=\"td-default-sharing \"><a class=\"td-social-sharing-buttons td-social-facebook\" href=\"http:\/\/www.facebook.com\/sharer.php?u=https%3A%2F%2Fwww.pressalert.ro%2F2015%2F03%2F24-03-2015-invitati-claudia-ieremia-ion-rizea-si-ioan-ardeal-ieremia%2F\"><\/p>\n<div class=\"td-social-but-text\">Facebook<\/div>\n<p><\/a><a class=\"td-social-sharing-buttons td-social-twitter\" href=\"https:\/\/twitter.com\/intent\/tweet?text=24.03.2015+Invita%C8%9Bi+Claudia+Ieremia%2C+Ion+Rizea+%C8%99i+Ion+Ardeal+Ieremia&amp;url=https%3A%2F%2Fwww.pressalert.ro%2F2015%2F03%2F24-03-2015-invitati-claudia-ieremia-ion-rizea-si-ioan-ardeal-ieremia%2F&amp;via=PRESSALERT.ro\"><\/p>\n<div class=\"td-social-but-text\">Twitter<\/div>\n<p><\/a><\/div>\n<\/div>\n<div class=\"td-block-row td-post-next-prev\">\n<div class=\"td-block-span6 td-post-prev-post\">\n<div class=\"td-post-next-prev-content\"><span>Articolul precedent<\/span><a href=\"https:\/\/www.pressalert.ro\/2015\/03\/dragan-petricevic-la-final-four-nu-vom-reprezenta-bc-timisoara-ci-orasul-timisoara-unde-crede-sasa-ocokoljic-ca-pierdut-asesoftul-calificarea\/\">Dragan Petricevic: \u201eLa Final Four nu vom reprezenta BC Timi\u0219oara, ci ora\u0219ul Timi\u0219oara\u201d. Unde crede Sasa Ocokoljic ca a pierdut Asesoftul calificarea<\/a><\/div>\n<\/div>\n<div class=\"td-block-span6 td-post-next-post\">\n<div class=\"td-post-next-prev-content\"><span>Articolul urm\u0103tor<\/span><a href=\"https:\/\/www.pressalert.ro\/2015\/03\/regizorul-ioan-ardeal-ieremia-undeva-intr-un-seif-micut-si-discret-un-renoir-dormea-cu-capul-pe-trei-lingouri-de-aur-ce-le-transmite-politicienilor-printr-un-semn-cu-degetul-la\/\">Regizorul Ion Ardeal Ieremia: \u201eLucrurile cresc \u00eentr-o ser\u0103 toxic\u0103 \u00een \u021bara noastr\u0103, care are geamuri cu led-uri\u201d. Ce le transmite politicienilor prin celebrul semn cu degetul la nas VIDEO<\/a><\/div>\n<\/div>\n<\/div>\n<div class=\"author-box-wrap\"><a href=\"https:\/\/www.pressalert.ro\/author\/marius-popescu\/\"><img loading=\"lazy\" decoding=\"async\" src=\"https:\/\/analyse.optim.biz\/wp-content\/uploads\/2025\/12\/6ff5b29455ffa79f6eac9c7ee3cb2891-302.jpg\" class=\"avatar avatar-96 photo\" height=\"96\" width=\"96\" title=\"6ff5b29455ffa79f6eac9c7ee3cb2891-302\"><\/a><\/p>\n<div class=\"desc\">\n<div class=\"td-author-name vcard author\"><span class=\"fn\"><a href=\"https:\/\/www.pressalert.ro\/author\/marius-popescu\/\">Marius Popescu<\/a><\/span><\/div>\n<div class=\"td-author-url\"><a href=\"http:\/\/www.pressalert.ro\">http:\/\/www.pressalert.ro<\/a><\/div>\n<\/div>\n<\/div>\n<p><span><\/span><span><span><\/span><\/span><span><\/span><\/footer>\n<\/article>\n<p> Source URL: https:\/\/www.pressalert.ro\/2015\/03\/24-03-2015-invitati-claudia-ieremia-ion-rizea-si-ioan-ardeal-ieremia\/<\/p>\n","protected":false},"excerpt":{"rendered":"<p>Acas\u0103PRESSALERT LIVE24.03.2015 Invita\u021bi Claudia Ieremia, Ion Rizea \u0219i Ion Ardeal Ieremia PRESSALERT LIVE Pressalert LIVE &#8211; Sezonul II 24.03.2015 Invita\u021bi Claudia Ieremia, Ion Rizea \u0219i Ion Ardeal Ieremia De Marius Popescu &#8211; mart. 24, 2015 0 DISTRIBUI\u021aI Facebook Twitter ETICHETE Claudia Ieremia Ioan Ardeal Ieremia ion rizea pressalert live prostii sub clar de luna teatrul [&hellip;]<\/p>\n","protected":false},"author":1,"featured_media":1205290,"comment_status":"open","ping_status":"","sticky":false,"template":"","format":"standard","meta":{"footnotes":""},"categories":[89],"tags":[176],"class_list":["post-1205289","post","type-post","status-publish","format-standard","has-post-thumbnail","hentry","category-romania","tag-pressalert-ro"],"_links":{"self":[{"href":"https:\/\/analyse.optim.biz\/index.php?rest_route=\/wp\/v2\/posts\/1205289","targetHints":{"allow":["GET"]}}],"collection":[{"href":"https:\/\/analyse.optim.biz\/index.php?rest_route=\/wp\/v2\/posts"}],"about":[{"href":"https:\/\/analyse.optim.biz\/index.php?rest_route=\/wp\/v2\/types\/post"}],"author":[{"embeddable":true,"href":"https:\/\/analyse.optim.biz\/index.php?rest_route=\/wp\/v2\/users\/1"}],"replies":[{"embeddable":true,"href":"https:\/\/analyse.optim.biz\/index.php?rest_route=%2Fwp%2Fv2%2Fcomments&post=1205289"}],"version-history":[{"count":0,"href":"https:\/\/analyse.optim.biz\/index.php?rest_route=\/wp\/v2\/posts\/1205289\/revisions"}],"wp:featuredmedia":[{"embeddable":true,"href":"https:\/\/analyse.optim.biz\/index.php?rest_route=\/wp\/v2\/media\/1205290"}],"wp:attachment":[{"href":"https:\/\/analyse.optim.biz\/index.php?rest_route=%2Fwp%2Fv2%2Fmedia&parent=1205289"}],"wp:term":[{"taxonomy":"category","embeddable":true,"href":"https:\/\/analyse.optim.biz\/index.php?rest_route=%2Fwp%2Fv2%2Fcategories&post=1205289"},{"taxonomy":"post_tag","embeddable":true,"href":"https:\/\/analyse.optim.biz\/index.php?rest_route=%2Fwp%2Fv2%2Ftags&post=1205289"}],"curies":[{"name":"wp","href":"https:\/\/api.w.org\/{rel}","templated":true}]}}