{"id":1204914,"date":"2025-06-08T06:22:22","date_gmt":"2025-06-08T03:22:22","guid":{"rendered":"https:\/\/analyse.optim.biz\/?p=1204914"},"modified":"2025-06-08T06:22:22","modified_gmt":"2025-06-08T03:22:22","slug":"grindeanu-psd-protejeaza-puterea-de-cumparare-a-romanilor-cu-venituri-mici-si-medii","status":"publish","type":"post","link":"https:\/\/analyse.optim.biz\/?p=1204914","title":{"rendered":"Grindeanu: &#8220;PSD protejeaz\u0103 puterea de cump\u0103rare a rom\u00e2nilor cu venituri mici \u0219i medii&#8221;"},"content":{"rendered":"<article id=\"template-id-172790\" class=\"post-172790 tdb_templates type-tdb_templates status-publish post\">\n<div id=\"tdi_38\" class=\"tdc-zone\">\n<div class=\"tdc_zone tdi_39  wpb_row td-pb-row\">\n<div id=\"tdi_40\" class=\"tdc-row stretch_row_1400 td-stretch-content\">\n<div class=\"vc_row tdi_41  wpb_row td-pb-row tdc-element-style\">\n<div class=\"vc_column tdi_43  wpb_column vc_column_container tdc-column td-pb-span8\">\n<div class=\"wpb_wrapper\">\n<div class=\"td_block_wrap tdb_single_categories tdi_44 td-pb-border-top td_block_template_1 \" data-td-block-uid=\"tdi_44\">\n<div class=\"tdb-category td-fix-index\"><a class=\"tdb-entry-category\" href=\"https:\/\/voceatimisului.ro\/stiri-din-timisoara-si-timis\/\">\u0218tiri<\/a><a class=\"tdb-entry-category\" href=\"https:\/\/voceatimisului.ro\/stiri-din-timisoara-si-timis\/politica\/\">Politic\u0103<\/a><\/div>\n<\/div>\n<div class=\"td_block_wrap tdb_title tdi_45 tdb-single-title td-pb-border-top td_block_template_1\" data-td-block-uid=\"tdi_45\">\n<div class=\"tdb-block-inner td-fix-index\">\n<h1 class=\"tdb-title-text\">Grindeanu: \u201ePSD protejeaz\u0103 puterea de cump\u0103rare a rom\u00e2nilor cu venituri mici \u0219i medii\u201d<\/h1>\n<\/div>\n<\/div>\n<div class=\"vc_row_inner tdi_48  vc_row vc_inner wpb_row td-pb-row\">\n<div class=\"vc_column_inner tdi_50  wpb_column vc_column_container tdc-inner-column td-pb-span6\">\n<div class=\"vc_column-inner\">\n<div class=\"wpb_wrapper\">\n<div class=\"td_block_wrap tdb_single_author tdi_51 td-pb-border-top td_block_template_1 tdb-post-meta\" data-td-block-uid=\"tdi_51\">\n<div class=\"tdb-block-inner td-fix-index\">\n<div class=\"tdb-author-name-wrap\"><span class=\"tdb-author-by\">Autor-<\/span><a class=\"tdb-author-name\" href=\"https:\/\/voceatimisului.ro\/author\/cataadmin\/\">Radu Constantin<\/a><\/div>\n<\/div>\n<\/div>\n<div class=\"td_block_wrap tdb_single_date tdi_52 td-pb-border-top td_block_template_1 tdb-post-meta\" data-td-block-uid=\"tdi_52\">\n<div class=\"tdb-block-inner td-fix-index\"><time class=\"entry-date updated td-module-date\" datetime=\"2025-06-08T09:22:22+03:00\">8 iunie 2025<\/time><\/div>\n<\/div>\n<div class=\"td_block_wrap tdb_single_comments_count tdi_53 td-pb-border-top td_block_template_1 tdb-post-meta\" data-td-block-uid=\"tdi_53\">\n<div class=\"tdb-block-inner td-fix-index\"><a href=\"https:\/\/voceatimisului.ro\/grindeanu-psd-protejeaza-puterea-de-cumparare-a-romanilor-cu-venituri-mici-si-medii\/#respond\"><span>0<\/span><\/a><\/div>\n<\/div>\n<div class=\"td_block_wrap tdb_single_post_views tdi_54 td-pb-border-top td_block_template_1 tdb-post-meta\" data-td-block-uid=\"tdi_54\">\n<div class=\"tdb-block-inner td-fix-index\"><span class=\"tdb-add-text\">1<\/span><span class=\"td-nr-views-172532\">396<\/span><\/div>\n<\/div>\n<\/div>\n<\/div>\n<\/div>\n<div class=\"vc_column_inner tdi_56  wpb_column vc_column_container tdc-inner-column td-pb-span6\">\n<div class=\"vc_column-inner\">\n<div class=\"wpb_wrapper\">\n<div class=\"td_block_wrap tdb_single_post_share tdi_57  td-pb-border-top td_block_template_1\" data-td-block-uid=\"tdi_57\">\n<div id=\"tdi_57\" class=\"td-post-sharing tdb-block td-ps-bg td-ps-notext td-post-sharing-style1 \">\n<div class=\"td-post-sharing-visible\"><a class=\"td-social-sharing-button td-social-sharing-button-js td-social-network td-social-facebook\" href=\"https:\/\/www.facebook.com\/sharer.php?u=https%3A%2F%2Fvoceatimisului.ro%2Fgrindeanu-psd-protejeaza-puterea-de-cumparare-a-romanilor-cu-venituri-mici-si-medii%2F\" title=\"Facebook\" rel=\"noopener\"><\/p>\n<div class=\"td-social-but-text\">Facebook<\/div>\n<p><\/a><a class=\"td-social-sharing-button td-social-sharing-button-js td-social-network td-social-twitter\" href=\"https:\/\/twitter.com\/intent\/tweet?text=Grindeanu%3A+%E2%80%9EPSD+protejeaz%C4%83+puterea+de+cump%C4%83rare+a+rom%C3%A2nilor+cu+venituri+mici+%C8%99i+medii%E2%80%9D&amp;url=https%3A%2F%2Fvoceatimisului.ro%2Fgrindeanu-psd-protejeaza-puterea-de-cumparare-a-romanilor-cu-venituri-mici-si-medii%2F&amp;via=Vocea+Timisului\" title=\"Twitter\" rel=\"noopener\"><\/p>\n<div class=\"td-social-but-text\">Twitter<\/div>\n<p><\/a><a class=\"td-social-sharing-button td-social-sharing-button-js td-social-network td-social-pinterest\" href=\"https:\/\/pinterest.com\/pin\/create\/button\/?url=https:\/\/voceatimisului.ro\/grindeanu-psd-protejeaza-puterea-de-cumparare-a-romanilor-cu-venituri-mici-si-medii\/&amp;media=https:\/\/analyse.optim.biz\/wp-content\/uploads\/2025\/12\/grindeanu-3.jpg&amp;description=Grindeanu%3A+%E2%80%9EPSD+protejeaz%C4%83+puterea+de+cump%C4%83rare+a+rom%C3%A2nilor+cu+venituri+mici+%C8%99i+medii%E2%80%9D\" title=\"Pinterest\" rel=\"noopener\"><\/p>\n<div class=\"td-social-but-text\">Pinterest<\/div>\n<p><\/a><a class=\"td-social-sharing-button td-social-sharing-button-js td-social-network td-social-whatsapp\" href=\"https:\/\/api.whatsapp.com\/send?text=Grindeanu%3A+%E2%80%9EPSD+protejeaz%C4%83+puterea+de+cump%C4%83rare+a+rom%C3%A2nilor+cu+venituri+mici+%C8%99i+medii%E2%80%9D%20%0A%0A%20https:\/\/voceatimisului.ro\/grindeanu-psd-protejeaza-puterea-de-cumparare-a-romanilor-cu-venituri-mici-si-medii\/\" title=\"WhatsApp\" rel=\"noopener\"><\/p>\n<div class=\"td-social-but-text\">WhatsApp<\/div>\n<p><\/a><a class=\"td-social-sharing-button td-social-sharing-button-js td-social-network td-social-linkedin\" href=\"https:\/\/www.linkedin.com\/shareArticle?mini=true&amp;url=https:\/\/voceatimisului.ro\/grindeanu-psd-protejeaza-puterea-de-cumparare-a-romanilor-cu-venituri-mici-si-medii\/&amp;title=Grindeanu%3A+%E2%80%9EPSD+protejeaz%C4%83+puterea+de+cump%C4%83rare+a+rom%C3%A2nilor+cu+venituri+mici+%C8%99i+medii%E2%80%9D\" title=\"Linkedin\" rel=\"noopener\"><\/p>\n<div class=\"td-social-but-text\">Linkedin<\/div>\n<p><\/a><a class=\"td-social-sharing-button td-social-sharing-button-js td-social-network td-social-copy_url\" href=\"https:\/\/voceatimisului.ro\/grindeanu-psd-protejeaza-puterea-de-cumparare-a-romanilor-cu-venituri-mici-si-medii\/\" title=\"Copy URL\" rel=\"noopener\"><\/p>\n<div class=\"td-social-but-text\">Copy URL<\/div>\n<p><\/a><\/div>\n<\/div>\n<\/div>\n<\/div>\n<\/div>\n<\/div>\n<\/div>\n<div class=\"td_block_wrap tdb_single_featured_image tdi_58 tdb-content-horiz-left td-pb-border-top td_block_template_1\" data-td-block-uid=\"tdi_58\">\n<div class=\"tdb-block-inner td-fix-index\">\n<figure><img fetchpriority=\"high\" decoding=\"async\" width=\"696\" height=\"392\" class=\"entry-thumb\" src=\"https:\/\/analyse.optim.biz\/wp-content\/uploads\/2025\/12\/grindeanu-696x392-1.jpg\" title=\"Grindeanu\" loading=\"eager\"><figcaption class=\"tdb-caption-text\">Grindeanu: &#8220;PSD protejeaz\u0103 puterea de cump\u0103rare a rom\u00e2nilor cu venituri mici \u0219i medii&#8221;<\/figcaption><\/figure>\n<\/div>\n<\/div>\n<div class=\"vc_row_inner tdi_60  vc_row vc_inner wpb_row td-pb-row\">\n<div class=\"vc_column_inner tdi_62  wpb_column vc_column_container tdc-inner-column td-pb-span4 td-is-sticky\">\n<div class=\"vc_column-inner\">\n<div class=\"wpb_wrapper\" data-sticky-enabled-on=\"W3RydWUsdHJ1ZSx0cnVlLHRydWVd\" data-sticky-offset=\"20\" data-sticky-is-width-auto=\"W2ZhbHNlLGZhbHNlLGZhbHNlLGZhbHNlXQ==\">\n<div class=\"td_block_wrap td_flex_block_1 tdi_63 td-pb-border-top td_block_template_1 td_ajax_preloading_preload td_flex_block\" data-td-block-uid=\"tdi_63\">\n<div id=\"tdi_63\" class=\"td_block_inner td-mc1-wrap\">\n<div class=\"td_module_flex td_module_flex_1 td_module_wrap td-animation-stack td-meta-info-hide td-cpt-post\">\n<div class=\"td-module-container td-category-pos-image\">\n<div class=\"td-module-meta-info\">\n<h3 class=\"entry-title td-module-title\"><a href=\"https:\/\/voceatimisului.ro\/grindeanu-gest-ferm-la-congresul-udmr-romania-are-un-singur-imn\/\" rel=\"bookmark\" title=\"Grindeanu, gest ferm la congresul UDMR: \u201eRom\u00e2nia are un singur imn\u201d\">Grindeanu, gest ferm la congresul UDMR: \u201eRom\u00e2nia are un singur imn\u201d<\/a><\/h3>\n<\/div>\n<\/div>\n<\/div>\n<div class=\"td_module_flex td_module_flex_1 td_module_wrap td-animation-stack td-meta-info-hide td-cpt-post\">\n<div class=\"td-module-container td-category-pos-image\">\n<div class=\"td-module-meta-info\">\n<h3 class=\"entry-title td-module-title\"><a href=\"https:\/\/voceatimisului.ro\/drumul-de-legatura-a1-dn69-noua-poarta-rapida-spre-timisoara-se-deschide-saptamana-viitoare\/\" rel=\"bookmark\" title=\"Drumul de leg\u0103tur\u0103 A1\u2013DN69, noua poart\u0103 rapid\u0103 spre Timi\u0219oara, se deschide s\u0103pt\u0103m\u00e2na viitoare\">Drumul de leg\u0103tur\u0103 A1\u2013DN69, noua poart\u0103 rapid\u0103 spre Timi\u0219oara, se deschide s\u0103pt\u0103m\u00e2na viitoare<\/a><\/h3>\n<\/div>\n<\/div>\n<\/div>\n<div class=\"td_module_flex td_module_flex_1 td_module_wrap td-animation-stack td-meta-info-hide td-cpt-post\">\n<div class=\"td-module-container td-category-pos-image\">\n<div class=\"td-module-meta-info\">\n<h3 class=\"entry-title td-module-title\"><a href=\"https:\/\/voceatimisului.ro\/simonis-si-grindeanu-mesaj-ferm-catre-guvernul-bolojan-anghel-saligny-nu-se-opreste\/\" rel=\"bookmark\" title=\"Simonis \u0219i Grindeanu, mesaj ferm c\u0103tre Guvernul Bolojan: \u201eAnghel Saligny nu se opre\u0219te!\u201d\">Simonis \u0219i Grindeanu, mesaj ferm c\u0103tre Guvernul Bolojan: \u201eAnghel Saligny nu se opre\u0219te!\u201d<\/a><\/h3>\n<\/div>\n<\/div>\n<\/div>\n<div class=\"td_module_flex td_module_flex_1 td_module_wrap td-animation-stack td-meta-info-hide td-cpt-post\">\n<div class=\"td-module-container td-category-pos-image\">\n<div class=\"td-module-meta-info\">\n<h3 class=\"entry-title td-module-title\"><a href=\"https:\/\/voceatimisului.ro\/sorin-grindeanu-cere-impozitarea-dura-a-multinationalelor-si-taieri-de-indemnizatii-in-consiliile-de-administratie\/\" rel=\"bookmark\" title=\"Sorin Grindeanu cere impozitarea dur\u0103 a multina\u021bionalelor \u0219i t\u0103ieri de indemniza\u021bii \u00een Consiliile de Administra\u021bie\">Sorin Grindeanu cere impozitarea dur\u0103 a multina\u021bionalelor \u0219i t\u0103ieri de indemniza\u021bii \u00een Consiliile de Administra\u021bie<\/a><\/h3>\n<\/div>\n<\/div>\n<\/div>\n<\/div>\n<\/div>\n<div class=\"tdb-author-box td_block_wrap tdb_single_author_box tdi_68 tdb-content-vert-top td-pb-border-top td_block_template_1\" data-td-block-uid=\"tdi_68\">\n<div class=\"tdb-block-inner td-fix-index\">\n<div class=\"tdb-author-info\"><a href=\"https:\/\/voceatimisului.ro\/author\/cataadmin\/\" class=\"tdb-author-name\">Radu Constantin<\/a><a href=\"http:\/\/www.voceatimisului.ro\" rel=\"nofollow\" class=\"tdb-author-url\">http:\/\/www.voceatimisului.ro<\/a><\/p>\n<div class=\"tdb-author-descr\">\u00centreaga responsabilitate a comentariilor l\u0103sate de dumneavoastr\u0103 v\u0103 apar\u021bine!<br \/>\nClick <a href=\"https:\/\/voceatimisului.ro\/termeni-si-conditii\/\">aici<\/a>-citeste condi\u0163iile de utilizare ale site-ului www.voceatimisului.ro<\/div>\n<\/div>\n<\/div>\n<\/div>\n<\/div>\n<\/div>\n<\/div>\n<div class=\"vc_column_inner tdi_70  wpb_column vc_column_container tdc-inner-column td-pb-span8\">\n<div class=\"vc_column-inner\">\n<div class=\"wpb_wrapper\">\n<div class=\"td_block_wrap tdb_single_content tdi_71 td-pb-border-top td_block_template_1 td-post-content tagdiv-type\" data-td-block-uid=\"tdi_71\">\n<div class=\"tdb-block-inner td-fix-index\">\n<h5 class=\"wp-block-heading\">Ministrul Transporturilor, Sorin Grindeanu, transmite un mesaj ferm privind direc\u021bia pe care Partidul Social Democrat o sus\u021bine \u00een actualul context economic: echitate fiscal\u0103, investi\u021bii continue \u0219i stoparea privilegiilor nejustificate \u00een sectorul public.<\/h5>\n<p><strong><em>\u201eNu po\u021bi cere unui popor s\u0103 treac\u0103 prin sacrificii \u00een timp ce un grup restr\u00e2ns de privilegia\u021bi prime\u0219te sporuri \u0219i bonusuri pl\u0103tite din bani publici\u201d,<\/em><\/strong> a declarat Grindeanu, critic\u00e2nd discrepan\u021bele \u00eentre veniturile bugetarilor de r\u00e2nd \u0219i cele ale conducerii din institu\u021biile de stat sau companiile publice.<\/p>\n<p>Social-democra\u021bii anun\u021b\u0103 c\u0103 vor sus\u021bine eliminarea acestor beneficii nejustificate, considerate o form\u0103 de inechitate social\u0103, \u00een timp ce rom\u00e2nii cu salarii mici \u0219i medii se confrunt\u0103 cu cre\u0219teri de pre\u021buri \u0219i incertitudini economice.<\/p>\n<p>Totodat\u0103, PSD se opune categoric suspend\u0103rii investi\u021biilor publice deja demarate. Potrivit lui Grindeanu, \u201e\u00eenchiderea unor \u0219antiere \u00eenseamn\u0103 risip\u0103, nu economisire\u201d. Acesta sus\u021bine c\u0103 proiectele de infrastructur\u0103, dezvoltare local\u0103 \u0219i modernizare trebuie continuate, fiind esen\u021biale pentru economia Rom\u00e2niei.<\/p>\n<p>\u00cen ceea ce prive\u0219te consolidarea fiscal\u0103, ministrul Transporturilor afirm\u0103 c\u0103 aceasta trebuie s\u0103 vizeze \u00een primul r\u00e2nd persoanele cu venituri mari. \u201eSolu\u021bia corect\u0103 este ca sarcina fiscal\u0103 s\u0103 fie pus\u0103 pe umerii celor care \u00ee\u0219i permit, nu a celor care abia reu\u0219esc s\u0103-\u0219i pl\u0103teasc\u0103 facturile\u201d, a ad\u0103ugat liderul social-democrat.<\/p>\n<p>Mesajul lui Sorin Grindeanu vine \u00een contextul discu\u021biilor aprinse despre reducerea cheltuielilor bugetare, reformarea aparatului de stat \u0219i aplicarea unor m\u0103suri fiscale menite s\u0103 reduc\u0103 deficitul.<\/p>\n<\/div>\n<\/div>\n<div class=\"td_block_wrap tdb_single_tags tdi_74 td-pb-border-top td_block_template_1\" data-td-block-uid=\"tdi_74\">\n<div class=\"tdb-block-inner td-fix-index\">\n<ul class=\"tdb-tags\">\n<li><span>Tags<\/span><\/li>\n<li><a href=\"https:\/\/voceatimisului.ro\/tag\/ministrul-transporturilor\/\">ministrul transporturilor<\/a><\/li>\n<li><a href=\"https:\/\/voceatimisului.ro\/tag\/psd-timis\/\">psd timis<\/a><\/li>\n<li><a href=\"https:\/\/voceatimisului.ro\/tag\/sorin-grindeanu\/\">sorin grindeanu<\/a><\/li>\n<\/ul>\n<\/div>\n<\/div>\n<div class=\"td_block_wrap tdb_single_post_share tdi_75  td-pb-border-top td_block_template_1\" data-td-block-uid=\"tdi_75\">\n<div id=\"tdi_75\" class=\"td-post-sharing tdb-block td-ps-bg td-ps-notext td-post-sharing-style1 \">\n<div class=\"td-post-sharing-visible\"><a class=\"td-social-sharing-button td-social-sharing-button-js td-social-network td-social-facebook\" href=\"https:\/\/www.facebook.com\/sharer.php?u=https%3A%2F%2Fvoceatimisului.ro%2Fgrindeanu-psd-protejeaza-puterea-de-cumparare-a-romanilor-cu-venituri-mici-si-medii%2F\" title=\"Facebook\" rel=\"noopener\"><\/p>\n<div class=\"td-social-but-text\">Facebook<\/div>\n<p><\/a><a class=\"td-social-sharing-button td-social-sharing-button-js td-social-network td-social-twitter\" href=\"https:\/\/twitter.com\/intent\/tweet?text=Grindeanu%3A+%E2%80%9EPSD+protejeaz%C4%83+puterea+de+cump%C4%83rare+a+rom%C3%A2nilor+cu+venituri+mici+%C8%99i+medii%E2%80%9D&amp;url=https%3A%2F%2Fvoceatimisului.ro%2Fgrindeanu-psd-protejeaza-puterea-de-cumparare-a-romanilor-cu-venituri-mici-si-medii%2F&amp;via=Vocea+Timisului\" title=\"Twitter\" rel=\"noopener\"><\/p>\n<div class=\"td-social-but-text\">Twitter<\/div>\n<p><\/a><a class=\"td-social-sharing-button td-social-sharing-button-js td-social-network td-social-pinterest\" href=\"https:\/\/pinterest.com\/pin\/create\/button\/?url=https:\/\/voceatimisului.ro\/grindeanu-psd-protejeaza-puterea-de-cumparare-a-romanilor-cu-venituri-mici-si-medii\/&amp;media=https:\/\/analyse.optim.biz\/wp-content\/uploads\/2025\/12\/grindeanu-3.jpg&amp;description=Grindeanu%3A+%E2%80%9EPSD+protejeaz%C4%83+puterea+de+cump%C4%83rare+a+rom%C3%A2nilor+cu+venituri+mici+%C8%99i+medii%E2%80%9D\" title=\"Pinterest\" rel=\"noopener\"><\/p>\n<div class=\"td-social-but-text\">Pinterest<\/div>\n<p><\/a><a class=\"td-social-sharing-button td-social-sharing-button-js td-social-network td-social-whatsapp\" href=\"https:\/\/api.whatsapp.com\/send?text=Grindeanu%3A+%E2%80%9EPSD+protejeaz%C4%83+puterea+de+cump%C4%83rare+a+rom%C3%A2nilor+cu+venituri+mici+%C8%99i+medii%E2%80%9D%20%0A%0A%20https:\/\/voceatimisului.ro\/grindeanu-psd-protejeaza-puterea-de-cumparare-a-romanilor-cu-venituri-mici-si-medii\/\" title=\"WhatsApp\" rel=\"noopener\"><\/p>\n<div class=\"td-social-but-text\">WhatsApp<\/div>\n<p><\/a><a class=\"td-social-sharing-button td-social-sharing-button-js td-social-network td-social-linkedin\" href=\"https:\/\/www.linkedin.com\/shareArticle?mini=true&amp;url=https:\/\/voceatimisului.ro\/grindeanu-psd-protejeaza-puterea-de-cumparare-a-romanilor-cu-venituri-mici-si-medii\/&amp;title=Grindeanu%3A+%E2%80%9EPSD+protejeaz%C4%83+puterea+de+cump%C4%83rare+a+rom%C3%A2nilor+cu+venituri+mici+%C8%99i+medii%E2%80%9D\" title=\"Linkedin\" rel=\"noopener\"><\/p>\n<div class=\"td-social-but-text\">Linkedin<\/div>\n<p><\/a><a class=\"td-social-sharing-button td-social-sharing-button-js td-social-network td-social-copy_url\" href=\"https:\/\/voceatimisului.ro\/grindeanu-psd-protejeaza-puterea-de-cumparare-a-romanilor-cu-venituri-mici-si-medii\/\" title=\"Copy URL\" rel=\"noopener\"><\/p>\n<div class=\"td-social-but-text\">Copy URL<\/div>\n<p><\/a><\/div>\n<\/div>\n<\/div>\n<div class=\"td_block_wrap tdb_single_next_prev tdi_76 td-animation-stack td-next-prev-img-on td-pb-border-top td_block_template_1\" data-td-block-uid=\"tdi_76\">\n<div class=\"tdb-block-inner td-fix-index\">\n<div class=\"tdb-next-post tdb-next-post-bg tdb-post-prev\"><span>Articolul precedent<\/span><\/p>\n<div class=\"td-module-container\">\n<div class=\"td-image-container\"><a class=\"td-image-wrap\" href=\"https:\/\/voceatimisului.ro\/directorul-aeroportului-international-timisoara-si-a-dat-demisia-interimat-pana-in-august-decizie-asteptata-de-consiliul-de-administratie\/\"><img decoding=\"async\" class=\"td-next-prev-image td-fix-index td-lazy-img\" title=\"Directorul Aeroportului Interna\u021bional Timi\u0219oara \u0219i-a dat demisia. Interimat p\u00e2n\u0103 \u00een august, decizie a\u0219teptat\u0103 de Consiliul de Administra\u021bie\" src=\"https:\/\/analyse.optim.biz\/wp-content\/uploads\/2025\/12\/daniel-stamatovici-1.jpg\"><\/a><\/div>\n<div class=\"next-prev-title\"><a href=\"https:\/\/voceatimisului.ro\/directorul-aeroportului-international-timisoara-si-a-dat-demisia-interimat-pana-in-august-decizie-asteptata-de-consiliul-de-administratie\/\">Directorul Aeroportului Interna\u021bional Timi\u0219oara \u0219i-a dat demisia. Interimat p\u00e2n\u0103 \u00een august, decizie a\u0219teptat\u0103 de Consiliul de Administra\u021bie<\/a><\/div>\n<\/div>\n<\/div>\n<div class=\"tdb-next-post tdb-next-post-bg tdb-post-next\"><span>Articolul urm\u0103tor<\/span><\/p>\n<div class=\"td-module-container\">\n<div class=\"td-image-container\"><a class=\"td-image-wrap\" href=\"https:\/\/voceatimisului.ro\/expozitii-teatru-si-filosofie-saptamana-culturala-de-exceptie-la-timisoara\/\"><img decoding=\"async\" class=\"td-next-prev-image td-fix-index td-lazy-img\" title=\"Expozi\u021bii, teatru \u0219i filosofie: S\u0103pt\u0103m\u00e2n\u0103 cultural\u0103 de excep\u021bie la Timi\u0219oara\" src=\"https:\/\/analyse.optim.biz\/wp-content\/uploads\/2025\/12\/expozitii-teatru-si-filosofie-saptamana-culturala-de-exceptie-la-timisoara.jpg\"><\/a><\/div>\n<div class=\"next-prev-title\"><a href=\"https:\/\/voceatimisului.ro\/expozitii-teatru-si-filosofie-saptamana-culturala-de-exceptie-la-timisoara\/\">Expozi\u021bii, teatru \u0219i filosofie: S\u0103pt\u0103m\u00e2n\u0103 cultural\u0103 de excep\u021bie la Timi\u0219oara<\/a><\/div>\n<\/div>\n<\/div>\n<\/div>\n<\/div>\n<\/div>\n<\/div>\n<\/div>\n<\/div>\n<div class=\"vc_row_inner tdi_86  vc_row vc_inner wpb_row td-pb-row\">\n<div class=\"vc_column_inner tdi_88  wpb_column vc_column_container tdc-inner-column td-pb-span4 td-is-sticky\">\n<div class=\"vc_column-inner\">\n<div class=\"wpb_wrapper\" data-sticky-enabled-on=\"W3RydWUsdHJ1ZSx0cnVlLHRydWVd\" data-sticky-offset=\"20\" data-sticky-is-width-auto=\"W2ZhbHNlLGZhbHNlLGZhbHNlLGZhbHNlXQ==\">\n<div class=\"td_block_wrap tdb_single_related tdi_89 td_with_ajax_pagination td-pb-border-top td_block_template_1 tdb-single-related-posts\" data-td-block-uid=\"tdi_89\">\n<div id=\"tdi_89\" class=\"td_block_inner tdb-block-inner td-fix-index\">\n<div class=\"tdb_module_related td_module_wrap td-animation-stack td-meta-info-hide\">\n<div class=\"td-module-container td-category-pos-image\">\n<div class=\"td-module-meta-info\">\n<h3 class=\"entry-title td-module-title\"><a href=\"https:\/\/voceatimisului.ro\/ciolacu-si-grindeanu-in-inspectie-la-marile-santiere-din-timisoara\/\" rel=\"bookmark\" title=\"Ciolacu \u0219i Grindeanu, \u00een inspec\u021bie la marile \u0219antiere din Timi\u0219oara\">Ciolacu \u0219i Grindeanu, \u00een inspec\u021bie la marile \u0219antiere din Timi\u0219oara<\/a><\/h3>\n<\/div>\n<\/div>\n<\/div>\n<div class=\"tdb_module_related td_module_wrap td-animation-stack td-meta-info-hide\">\n<div class=\"td-module-container td-category-pos-image\">\n<div class=\"td-module-meta-info\">\n<h3 class=\"entry-title td-module-title\"><a href=\"https:\/\/voceatimisului.ro\/psd-timis-si-a-stabilit-candidatii-pentru-alegerile-parlamentare-din-1-decembrie\/\" rel=\"bookmark\" title=\"PSD Timi\u0219 \u0219i-a stabilit candida\u021bii pentru alegerile parlamentare din 1 decembrie\">PSD Timi\u0219 \u0219i-a stabilit candida\u021bii pentru alegerile parlamentare din 1 decembrie<\/a><\/h3>\n<\/div>\n<\/div>\n<\/div>\n<div class=\"tdb_module_related td_module_wrap td-animation-stack td-meta-info-hide\">\n<div class=\"td-module-container td-category-pos-image\">\n<div class=\"td-module-meta-info\">\n<h3 class=\"entry-title td-module-title\"><a href=\"https:\/\/voceatimisului.ro\/de-poveste-cea-mai-mare-investitie-din-istoria-timisoarei-blocata-de-un-imobil-colectiv-aprobat-de-administratia-fritz-in-mijlocul-unui-sens-giratoriu\/\" rel=\"bookmark\" title=\"De poveste! Cea mai mare investi\u021bie din istoria Timi\u0219oarei, blocat\u0103 de un imobil colectiv, aprobat de administra\u021bia Fritz, \u00een mijlocul unui sens giratoriu\u00a0\">De poveste! Cea mai mare investi\u021bie din istoria Timi\u0219oarei, blocat\u0103 de un imobil colectiv, aprobat de administra\u021bia Fritz, \u00een mijlocul unui sens giratoriu\u00a0<\/a><\/h3>\n<\/div>\n<\/div>\n<\/div>\n<\/div>\n<\/div>\n<\/div>\n<\/div>\n<\/div>\n<div class=\"vc_column_inner tdi_91  wpb_column vc_column_container tdc-inner-column td-pb-span8\">\n<div class=\"vc_column-inner\">\n<div class=\"wpb_wrapper\">\n<div class=\"td_block_wrap tdb_single_comments tdi_92 tdb-comm-layout2 td-pb-border-top td_block_template_2\" data-td-block-uid=\"tdi_92\">\n<div class=\"tdb-block-inner td-fix-index\">\n<div class=\"comments\" id=\"comments\">\n<div id=\"respond\" class=\"comment-respond\">\n<h3 id=\"reply-title\" class=\"comment-reply-title\">L\u0102SA\u021aI UN MESAJ <small><a rel=\"nofollow\" id=\"cancel-comment-reply-link\" href=\"https:\/\/voceatimisului.ro\/grindeanu-psd-protejeaza-puterea-de-cumparare-a-romanilor-cu-venituri-mici-si-medii\/#respond\">Renun\u021ba\u021bi la r\u0103spuns<\/a><\/small><\/h3>\n<div class=\"comment-form-input-wrap td-form-comment\">\n<div class=\"td-warning-comment\">V\u0103 rug\u0103m s\u0103 introduce\u021bi comentariul dvs.!<\/div>\n<\/div>\n<div class=\"comment-form-input-wrap td-form-author\">\n<div class=\"td-warning-author\">Introduce\u021bi aici numele dvs.<\/div>\n<\/div>\n<div class=\"comment-form-input-wrap td-form-email\">\n<div class=\"td-warning-email-error\">A\u021bi introdus o adres\u0103 de e-mail incorect\u0103!<\/div>\n<div class=\"td-warning-email\">V\u0103 rug\u0103m s\u0103 introduce\u021bi adresa dvs. de e-mail aici<\/div>\n<\/div>\n<\/div>\n<\/div>\n<\/div>\n<\/div>\n<\/div>\n<\/div>\n<\/div>\n<\/div>\n<\/div>\n<\/div>\n<div class=\"vc_column tdi_94  wpb_column vc_column_container tdc-column td-pb-span4 td-is-sticky\">\n<div class=\"wpb_wrapper\" data-sticky-enabled-on=\"W3RydWUsdHJ1ZSx0cnVlLHRydWVd\" data-sticky-offset=\"20\" data-sticky-is-width-auto=\"W2ZhbHNlLGZhbHNlLGZhbHNlLGZhbHNlXQ==\">\n<div class=\"vc_row_inner tdi_96  vc_row vc_inner wpb_row td-pb-row\">\n<div class=\"vc_column_inner tdi_98  wpb_column vc_column_container tdc-inner-column td-pb-span12\">\n<div class=\"vc_column-inner\">\n<div class=\"wpb_wrapper\">\n<div class=\"td_block_wrap td_block_title tdi_99 td-pb-border-top td_block_template_11 td-fix-index\" data-td-block-uid=\"tdi_99\">\n<div class=\"td-block-title-wrap\">\n<h4 class=\"td-block-title\"><span class=\"td-pulldown-size\">ANUN\u021aURI \u0218I PUBLICITATE<\/span><\/h4>\n<\/div>\n<\/div>\n<\/div>\n<\/div>\n<\/div>\n<\/div>\n<div class=\"wpb_wrapper td_block_wrap vc_widget_sidebar tdi_101 \">\n<aside id=\"block-10\" class=\"td_block_template_1 widget block-10 widget_block widget_media_image\">\n<figure class=\"wp-block-image size-full\"><a href=\"https:\/\/adpghiroda.ro\/index.html\" target=\"_blank\" rel=\" noreferrer noopener\"><img decoding=\"async\" loading=\"eager\" width=\"960\" height=\"960\" src=\"https:\/\/analyse.optim.biz\/wp-content\/uploads\/2025\/12\/adp-ghiroda2-144.jpg\" class=\"wp-image-171492\" title=\"adp-ghiroda2-144\"><\/a><\/figure>\n<\/aside>\n<aside id=\"block-11\" class=\"td_block_template_1 widget block-11 widget_block widget_media_image\">\n<figure class=\"wp-block-image size-full\"><a href=\"https:\/\/adpghiroda.ro\/index.html\" target=\"_blank\" rel=\" noreferrer noopener\"><img decoding=\"async\" loading=\"eager\" width=\"960\" height=\"960\" src=\"https:\/\/analyse.optim.biz\/wp-content\/uploads\/2025\/12\/adp-ghiroda1-134.jpg\" class=\"wp-image-171491\" title=\"adp-ghiroda1-134\"><\/a><\/figure>\n<\/aside>\n<aside id=\"block-17\" class=\"td_block_template_1 widget block-17 widget_block widget_media_image\">\n<figure class=\"wp-block-image size-large is-resized\"><a href=\"https:\/\/verde.events\/\" target=\"_blank\" rel=\" noreferrer noopener\"><img decoding=\"async\" loading=\"lazy\" width=\"1024\" height=\"683\" src=\"https:\/\/analyse.optim.biz\/wp-content\/uploads\/2025\/12\/verde-events-24-1024x683-134.jpg\" alt=\"Verde Events\" class=\"wp-image-174395\" title=\"verde-events-24-1024x683-134\"><\/a><figcaption class=\"wp-element-caption\"><strong><em>O experien\u021b\u0103 unic\u0103 pentru orice tip de eveniment<\/em><\/strong><\/figcaption><\/figure>\n<\/aside>\n<\/div>\n<div class=\"td_block_wrap td_flex_block_1 tdi_107 td-pb-border-top td_block_template_1 td_ajax_preloading_preload td_flex_block\" data-td-block-uid=\"tdi_107\">\n<div id=\"tdi_107\" class=\"td_block_inner td-mc1-wrap\">\n<div class=\"td_module_flex td_module_flex_1 td_module_wrap td-animation-stack td-meta-info-hide td-cpt-post\">\n<div class=\"td-module-container td-category-pos-image\">\n<div class=\"td-module-meta-info\">\n<h3 class=\"entry-title td-module-title\"><a href=\"https:\/\/voceatimisului.ro\/productie-tefelista-avocatul-cristian-clipa-acuzat-ca-se-drogheaza-prin-camine-cot-la-cot-cu-stagiarii-cu-marfa-de-la-dealeri-din-psd-timis\/\" rel=\"bookmark\" title=\"Produc\u021bie tefelist\u0103! Avocatul Cristian Clipa, acuzat c\u0103 se drogheaz\u0103 prin c\u0103mine, cot la cot cu stagiarii, cu marf\u0103 de la dealeri din PSD Timi\u0219\">Produc\u021bie tefelist\u0103! Avocatul Cristian Clipa, acuzat c\u0103 se drogheaz\u0103 prin c\u0103mine, cot la cot cu stagiarii, cu marf\u0103 de la dealeri din PSD Timi\u0219<\/a><\/h3>\n<\/div>\n<\/div>\n<\/div>\n<div class=\"td_module_flex td_module_flex_1 td_module_wrap td-animation-stack td-meta-info-hide td-cpt-post\">\n<div class=\"td-module-container td-category-pos-image\">\n<div class=\"td-module-meta-info\">\n<h3 class=\"entry-title td-module-title\"><a href=\"https:\/\/voceatimisului.ro\/stenograme-in-scandalul-cu-borseta-si-vanzatorul-de-iluzii-birlic-presedintele-alin-nica-decreteaza-atac-din-partea-lui-grindeanu-si-al-unora-dintre-colegi\/\" rel=\"bookmark\" title=\"Stenograme! \u00cen scandalul cu \u201dBorset\u0103\u201d \u0219i v\u00e2nz\u0103torul de iluzii Birlic, pre\u0219edintele Alin Nica decreteaz\u0103: \u201dAtac din partea lui Grindeanu \u0219i al unora dintre colegi\u201d\">Stenograme! \u00cen scandalul cu \u201dBorset\u0103\u201d \u0219i v\u00e2nz\u0103torul de iluzii Birlic, pre\u0219edintele Alin Nica decreteaz\u0103: \u201dAtac din partea lui Grindeanu \u0219i al unora dintre colegi\u201d<\/a><\/h3>\n<\/div>\n<\/div>\n<\/div>\n<div class=\"td_module_flex td_module_flex_1 td_module_wrap td-animation-stack td-meta-info-hide td-cpt-post\">\n<div class=\"td-module-container td-category-pos-image\">\n<div class=\"td-module-meta-info\">\n<h3 class=\"entry-title td-module-title\"><a href=\"https:\/\/voceatimisului.ro\/film-artistic-timisoara-se-scufunda-dar-prefectul-psd-mihai-ritivoiu-si-viceprimarul-usr-ruben-latcau-se-intrec-in-competitii-de-imagine\/\" rel=\"bookmark\" title=\"Film artistic! Timi\u0219oara se scufund\u0103 dar prefectul PSD Mihai Ritivoiu \u0219i viceprimarul USR Ruben La\u021bc\u0103u se \u00eentrec \u00een competi\u021bii de imagine\">Film artistic! Timi\u0219oara se scufund\u0103 dar prefectul PSD Mihai Ritivoiu \u0219i viceprimarul USR Ruben La\u021bc\u0103u se \u00eentrec \u00een competi\u021bii de imagine<\/a><\/h3>\n<\/div>\n<\/div>\n<\/div>\n<div class=\"td_module_flex td_module_flex_1 td_module_wrap td-animation-stack td-meta-info-hide td-cpt-post\">\n<div class=\"td-module-container td-category-pos-image\">\n<div class=\"td-module-meta-info\">\n<h3 class=\"entry-title td-module-title\"><a href=\"https:\/\/voceatimisului.ro\/vicepremierul-sorin-grindeanu-cauta-solutii-pentru-descentralizarea-unor-proiecte-de-infrastructura-rutiera\/\" rel=\"bookmark\" title=\"Vicepremierul Sorin Grindeanu caut\u0103 solu\u021bii pentru descentralizarea unor proiecte de infrastructur\u0103 rutier\u0103\">Vicepremierul Sorin Grindeanu caut\u0103 solu\u021bii pentru descentralizarea unor proiecte de infrastructur\u0103 rutier\u0103<\/a><\/h3>\n<\/div>\n<\/div>\n<\/div>\n<div class=\"td_module_flex td_module_flex_1 td_module_wrap td-animation-stack td-meta-info-hide td-cpt-post\">\n<div class=\"td-module-container td-category-pos-image\">\n<div class=\"td-module-meta-info\">\n<h3 class=\"entry-title td-module-title\"><a href=\"https:\/\/voceatimisului.ro\/directorul-colegiului-national-banatean-se-incalzeste-pentru-candidatura-la-primaria-timisoara-din-partea-psd\/\" rel=\"bookmark\" title=\"Directorul Colegiului Na\u021bional B\u0103n\u0103\u021bean se \u00eenc\u0103lze\u0219te pentru candidatura la Prim\u0103ria Timi\u0219oara din partea PSD\">Directorul Colegiului Na\u021bional B\u0103n\u0103\u021bean se \u00eenc\u0103lze\u0219te pentru candidatura la Prim\u0103ria Timi\u0219oara din partea PSD<\/a><\/h3>\n<\/div>\n<\/div>\n<\/div>\n<\/div>\n<\/div>\n<\/div>\n<\/div>\n<\/div>\n<\/div>\n<\/div>\n<\/div>\n<p><span class=\"td-page-meta\"><\/span><span class=\"td-page-meta\"><span class=\"td-page-meta\"><\/span><\/span><span class=\"td-page-meta\"><\/span><\/article>\n<p> Source URL: https:\/\/voceatimisului.ro\/grindeanu-psd-protejeaza-puterea-de-cumparare-a-romanilor-cu-venituri-mici-si-medii\/<\/p>\n","protected":false},"excerpt":{"rendered":"<p>\u0218tiriPolitic\u0103 Grindeanu: \u201ePSD protejeaz\u0103 puterea de cump\u0103rare a rom\u00e2nilor cu venituri mici \u0219i medii\u201d Autor-Radu Constantin 8 iunie 2025 0 1396 Facebook Twitter Pinterest WhatsApp Linkedin Copy URL Grindeanu: &#8220;PSD protejeaz\u0103 puterea de cump\u0103rare a rom\u00e2nilor cu venituri mici \u0219i medii&#8221; Grindeanu, gest ferm la congresul UDMR: \u201eRom\u00e2nia are un singur imn\u201d Drumul de leg\u0103tur\u0103 [&hellip;]<\/p>\n","protected":false},"author":1,"featured_media":1204915,"comment_status":"open","ping_status":"","sticky":false,"template":"","format":"standard","meta":{"footnotes":""},"categories":[89],"tags":[199],"class_list":["post-1204914","post","type-post","status-publish","format-standard","has-post-thumbnail","hentry","category-romania","tag-voceatimisului-ro"],"_links":{"self":[{"href":"https:\/\/analyse.optim.biz\/index.php?rest_route=\/wp\/v2\/posts\/1204914","targetHints":{"allow":["GET"]}}],"collection":[{"href":"https:\/\/analyse.optim.biz\/index.php?rest_route=\/wp\/v2\/posts"}],"about":[{"href":"https:\/\/analyse.optim.biz\/index.php?rest_route=\/wp\/v2\/types\/post"}],"author":[{"embeddable":true,"href":"https:\/\/analyse.optim.biz\/index.php?rest_route=\/wp\/v2\/users\/1"}],"replies":[{"embeddable":true,"href":"https:\/\/analyse.optim.biz\/index.php?rest_route=%2Fwp%2Fv2%2Fcomments&post=1204914"}],"version-history":[{"count":0,"href":"https:\/\/analyse.optim.biz\/index.php?rest_route=\/wp\/v2\/posts\/1204914\/revisions"}],"wp:featuredmedia":[{"embeddable":true,"href":"https:\/\/analyse.optim.biz\/index.php?rest_route=\/wp\/v2\/media\/1204915"}],"wp:attachment":[{"href":"https:\/\/analyse.optim.biz\/index.php?rest_route=%2Fwp%2Fv2%2Fmedia&parent=1204914"}],"wp:term":[{"taxonomy":"category","embeddable":true,"href":"https:\/\/analyse.optim.biz\/index.php?rest_route=%2Fwp%2Fv2%2Fcategories&post=1204914"},{"taxonomy":"post_tag","embeddable":true,"href":"https:\/\/analyse.optim.biz\/index.php?rest_route=%2Fwp%2Fv2%2Ftags&post=1204914"}],"curies":[{"name":"wp","href":"https:\/\/api.w.org\/{rel}","templated":true}]}}