{"id":1204713,"date":"2024-05-02T18:29:59","date_gmt":"2024-05-02T15:29:59","guid":{"rendered":"https:\/\/analyse.optim.biz\/?p=1204713"},"modified":"2024-05-02T18:29:59","modified_gmt":"2024-05-02T15:29:59","slug":"neculai-moraru-dragi-locuitori-ai-comunei-falciu-va-urez-sarbatori-linistite-alaturi-de-familie-si-de-cei-dragi-un-moment-de-ragaz-si-pace-sufleteasca-ziarul-de-vaslui","status":"publish","type":"post","link":"https:\/\/analyse.optim.biz\/?p=1204713","title":{"rendered":"Neculai Moraru: &#8220;Dragi locuitori ai comunei F\u0103lciu, v\u0103 urez s\u0103rb\u0103tori lini\u0219tite al\u0103turi de familie \u0219i de cei dragi, un moment de r\u0103gaz \u0219i pace sufleteasc\u0103&#8221; &#8211; Ziarul de Vaslui"},"content":{"rendered":"<div class=\"entry-content clearfix\">\n<p>\u201eDragi locuitori ai comunei F\u0103lciu, v\u0103 urez s\u0103rb\u0103tori lini\u0219tite al\u0103turi de familie \u0219i de cei dragi, un moment de r\u0103gaz \u0219i pace sufleteasc\u0103. Sfintele S\u0103rb\u0103tori Pascale sunt ocazia s\u0103 uit\u0103m pentru c\u00e2teva zile de cotidianul plin de zgomot \u0219i provoc\u0103ri \u0219i s\u0103 ne petrecem acest timp \u00een tihn\u0103, s\u0103rb\u0103torind aceste momente cu credin\u021b\u0103 \u0219i speran\u021b\u0103. Din partea mea \u0219i a colegilor din Consiliul Local F\u0103lciu, v\u0103 doresc tuturor un Pa\u0219te Fericit!\u201d<\/p>\n<aside class=\"mashsb-container mashsb-main \">\n<div class=\"mashsb-box\">\n<div class=\"mashsb-count mash-medium\">\n<div class=\"counts mashsbcount\">0<\/div>\n<p><span class=\"mashsb-sharetext\">SHARES<\/span><\/div>\n<div class=\"mashsb-buttons\"><a class=\"mashicon-facebook mash-medium mashsb-noshadow\" href=\"https:\/\/www.facebook.com\/sharer.php?u=https%3A%2F%2Fwww.ziaruldevaslui.ro%2Fneculai-moraru-dragi-locuitori-ai-comunei-falciu-va-urez-sarbatori-linistite-alaturi-de-familie-si-de-cei-dragi-un-moment-de-ragaz-si-pace-sufleteasca%2F\" target=\"_top\" rel=\"nofollow\"><span class=\"text\">Share\u00a0pe\u00a0facebook<\/span><\/a><a class=\"mashicon-twitter mash-medium mashsb-noshadow\" href=\"https:\/\/twitter.com\/intent\/tweet?text=Neculai%20Moraru%3A%20%E2%80%9EDragi%20locuitori%20ai%20comunei%20F%C4%83lciu%2C%20v%C4%83%20urez%20s%C4%83rb%C4%83tori%20lini%C8%99tite%20al%C4%83turi%20de%20familie%20%C8%99i%20de%20cei%20dragi%2C%20un%20moment%20de%20r%C4%83gaz%20%C8%99i%20pace%20sufleteasc%C4%83%22&amp;url=https:\/\/www.ziaruldevaslui.ro\/?p=45903\" target=\"_top\" rel=\"nofollow\"><span class=\"text\">Share\u00a0pe\u00a0twitter<\/span><\/a><\/div>\n<\/div>\n<\/aside>\n<\/div>\n<div class=\"entry-content\">\n<p>Ini\u021bial am crezut c\u0103 Ionel Sandu s-a apucat de Stand Up Comedy. Cu afacerile nu st\u0103 extraordinar, cu politica nici<\/p>\n<\/div>\n<p> Source URL: https:\/\/www.ziaruldevaslui.ro\/neculai-moraru-dragi-locuitori-ai-comunei-falciu-va-urez-sarbatori-linistite-alaturi-de-familie-si-de-cei-dragi-un-moment-de-ragaz-si-pace-sufleteasca\/<\/p>\n","protected":false},"excerpt":{"rendered":"<p>\u201eDragi locuitori ai comunei F\u0103lciu, v\u0103 urez s\u0103rb\u0103tori lini\u0219tite al\u0103turi de familie \u0219i de cei dragi, un moment de r\u0103gaz \u0219i pace sufleteasc\u0103. Sfintele S\u0103rb\u0103tori Pascale sunt ocazia s\u0103 uit\u0103m pentru c\u00e2teva zile de cotidianul plin de zgomot \u0219i provoc\u0103ri \u0219i s\u0103 ne petrecem acest timp \u00een tihn\u0103, s\u0103rb\u0103torind aceste momente cu credin\u021b\u0103 \u0219i speran\u021b\u0103. [&hellip;]<\/p>\n","protected":false},"author":1,"featured_media":1204714,"comment_status":"open","ping_status":"","sticky":false,"template":"","format":"standard","meta":{"footnotes":""},"categories":[89],"tags":[218],"class_list":["post-1204713","post","type-post","status-publish","format-standard","has-post-thumbnail","hentry","category-romania","tag-ziaruldevaslui-ro"],"_links":{"self":[{"href":"https:\/\/analyse.optim.biz\/index.php?rest_route=\/wp\/v2\/posts\/1204713","targetHints":{"allow":["GET"]}}],"collection":[{"href":"https:\/\/analyse.optim.biz\/index.php?rest_route=\/wp\/v2\/posts"}],"about":[{"href":"https:\/\/analyse.optim.biz\/index.php?rest_route=\/wp\/v2\/types\/post"}],"author":[{"embeddable":true,"href":"https:\/\/analyse.optim.biz\/index.php?rest_route=\/wp\/v2\/users\/1"}],"replies":[{"embeddable":true,"href":"https:\/\/analyse.optim.biz\/index.php?rest_route=%2Fwp%2Fv2%2Fcomments&post=1204713"}],"version-history":[{"count":0,"href":"https:\/\/analyse.optim.biz\/index.php?rest_route=\/wp\/v2\/posts\/1204713\/revisions"}],"wp:featuredmedia":[{"embeddable":true,"href":"https:\/\/analyse.optim.biz\/index.php?rest_route=\/wp\/v2\/media\/1204714"}],"wp:attachment":[{"href":"https:\/\/analyse.optim.biz\/index.php?rest_route=%2Fwp%2Fv2%2Fmedia&parent=1204713"}],"wp:term":[{"taxonomy":"category","embeddable":true,"href":"https:\/\/analyse.optim.biz\/index.php?rest_route=%2Fwp%2Fv2%2Fcategories&post=1204713"},{"taxonomy":"post_tag","embeddable":true,"href":"https:\/\/analyse.optim.biz\/index.php?rest_route=%2Fwp%2Fv2%2Ftags&post=1204713"}],"curies":[{"name":"wp","href":"https:\/\/api.w.org\/{rel}","templated":true}]}}