{"id":120416,"date":"2018-04-10T15:33:01","date_gmt":"2018-04-10T12:33:01","guid":{"rendered":"https:\/\/analyse.optim.biz\/?p=120416"},"modified":"2018-04-10T15:33:01","modified_gmt":"2018-04-10T12:33:01","slug":"tariceanu-despre-intalnirile-informale-organizate-de-sri-civilii-cu-civilii-si-restul","status":"publish","type":"post","link":"https:\/\/analyse.optim.biz\/?p=120416","title":{"rendered":"T\u0103riceanu, despre \u00eent\u00e2lnirile informale organizate de SRI: \u201eCivilii cu civilii \u0219i restul\u201d"},"content":{"rendered":"<div class=\"entry data-app-meta data-app-meta-article\" data-embed-base-url-canonical=\"https:\/\/www.digi24.ro\/embed\/stiri\/actualitate\/politica\/tariceanu-despre-intalnirile-informale-organizate-de-sri-civilii-cu-civilii-si-restul-910378\">\n<p data-index=\"1\"><strong>Pre\u015fedintele Senatului, C\u0103lin Popescu-T\u0103riceanu, a refuzat, mar\u021bi, s\u0103 comenteze participarea liderului PSD, Liviu Dragnea, la un eveniment organizat de SRI, dar a explicat de ce nu a mers el la astfel de \u00eent\u00e2lniri informale.<\/strong><\/p>\n<figure class=\"article-thumb\"><img decoding=\"async\" src=\"https:\/\/analyse.optim.biz\/wp-content\/uploads\/2024\/09\/zjk1ytgzndkyodcwm2fkmmjmywq1odeyyzy-thumb_.jpg\" alt=\"180130_INTALNIRE_ROMANIA_30 tariceanu_002_INQUAM_Photos_Octav_Ganea\" data-skip-htmlfix=\"1\" title=\"zjk1ytgzndkyodcwm2fkmmjmywq1odeyyzy-thumb_\"><figcaption> Surs\u0103 foto: INQUAM PHOTOS \/ Octav Ganea <\/figcaption><\/figure>\n<p data-index=\"2\">Dup\u0103 \u0219edin\u021ba Biroului Permanent al Senatului, C\u0103lin Popescu T\u0103riceanu a fost \u00eentrebat de jurnali\u0219ti dac\u0103 i se pare potrivit\u0103 prezen\u0163a lui Liviu Dragnea la un eveniment de Cr\u0103ciun organizat de SRI, a c\u0103rui participare a fost confirmat\u0103 la audierile din cadrul Comisiei parlamentare pentru controlul activit\u0103\u0163ii SRI de fostul \u015fef al SRI, George Maior, \u015fi de fostul prim-adjunct al Serviciului, Florian Coldea.<\/p>\n<p data-index=\"3\">\u201eDiscuta\u0163i cu cei care au f\u0103cut aceste afirma\u0163ii, nu-mi pune\u0163i mie \u00eentrebarea referitoare la obliga\u0163iile sau calit\u0103\u0163ile \u00een care particip\u0103 la o serie de reuniuni alte persoane. Eu, \u00een ceea ce m\u0103 prive\u015fte, \u015ftiu cum s\u0103 m\u0103 comport. \u00cen via\u0163\u0103 eu am \u00eenv\u0103\u0163at a\u015fa: civilii cu civilii \u015fi restul\u201d, a r\u0103spuns T\u0103riceanu.<\/p>\n<p data-index=\"4\">Pre\u015fedintele Comisiei parlamentare pentru controlul activit\u0103\u0163ii SRI, Claudiu Manda, a declarat pe 5 aprilie, dup\u0103 audierea lui Florian Coldea, c\u0103 a existat un eveniment \u00een ajunul Cr\u0103ciunului la care au participat mai multe persoane, beneficiari sau parteneri ai SRI.<\/p>\n<p data-index=\"5\">\u201eA spus c\u0103 a existat un altfel de eveniment \u00een Ajunul Cr\u0103ciunului. La acel eveniment au participat mai multe persoane. A fost \u00eentrebat c\u00e2te, (n.r. &#8211; Coldea) a spus c\u0103 peste zece persoane, nu vrea sa detalieze numele. A fost rugat doar s\u0103 confirme unele persoanele despre care \u015ftim \u00een spa\u0163iul public \u015fi a confirmat. A spus c\u0103 toate acele persoane erau beneficiari sau parteneri ai SRI. A fost un astfel de eveniment, nu s-a t\u0103iat niciun porc. Printre aceste persoane erau domnul Ghi\u0163\u0103, domnul Dragnea, domnul Maior, domnul Coldea, parteneri externi \u015fi domnul Ponta, dar nu mai \u015ftiu dac\u0103 l-a \u00eentrebat, dar exista afirma\u0163ia domnului Maior despre acest eveniment\u201d, a declarat Manda.\u00a0<\/p>\n<\/div>\n<p> Source URL: https:\/\/www.digi24.ro\/stiri\/actualitate\/politica\/tariceanu-despre-intalnirile-informale-organizate-de-sri-civilii-cu-civilii-si-restul-910378<\/p>\n","protected":false},"excerpt":{"rendered":"<p>Pre\u015fedintele Senatului, C\u0103lin Popescu-T\u0103riceanu, a refuzat, mar\u021bi, s\u0103 comenteze participarea liderului PSD, Liviu Dragnea, la un eveniment organizat de SRI, dar a explicat de ce nu a mers el la astfel de \u00eent\u00e2lniri informale. Surs\u0103 foto: INQUAM PHOTOS \/ Octav Ganea Dup\u0103 \u0219edin\u021ba Biroului Permanent al Senatului, C\u0103lin Popescu T\u0103riceanu a fost \u00eentrebat de jurnali\u0219ti [&hellip;]<\/p>\n","protected":false},"author":1,"featured_media":120417,"comment_status":"open","ping_status":"","sticky":false,"template":"","format":"standard","meta":{"footnotes":""},"categories":[2],"tags":[11],"class_list":["post-120416","post","type-post","status-publish","format-standard","has-post-thumbnail","hentry","category-politics","tag-digi24"],"_links":{"self":[{"href":"https:\/\/analyse.optim.biz\/index.php?rest_route=\/wp\/v2\/posts\/120416","targetHints":{"allow":["GET"]}}],"collection":[{"href":"https:\/\/analyse.optim.biz\/index.php?rest_route=\/wp\/v2\/posts"}],"about":[{"href":"https:\/\/analyse.optim.biz\/index.php?rest_route=\/wp\/v2\/types\/post"}],"author":[{"embeddable":true,"href":"https:\/\/analyse.optim.biz\/index.php?rest_route=\/wp\/v2\/users\/1"}],"replies":[{"embeddable":true,"href":"https:\/\/analyse.optim.biz\/index.php?rest_route=%2Fwp%2Fv2%2Fcomments&post=120416"}],"version-history":[{"count":0,"href":"https:\/\/analyse.optim.biz\/index.php?rest_route=\/wp\/v2\/posts\/120416\/revisions"}],"wp:featuredmedia":[{"embeddable":true,"href":"https:\/\/analyse.optim.biz\/index.php?rest_route=\/wp\/v2\/media\/120417"}],"wp:attachment":[{"href":"https:\/\/analyse.optim.biz\/index.php?rest_route=%2Fwp%2Fv2%2Fmedia&parent=120416"}],"wp:term":[{"taxonomy":"category","embeddable":true,"href":"https:\/\/analyse.optim.biz\/index.php?rest_route=%2Fwp%2Fv2%2Fcategories&post=120416"},{"taxonomy":"post_tag","embeddable":true,"href":"https:\/\/analyse.optim.biz\/index.php?rest_route=%2Fwp%2Fv2%2Ftags&post=120416"}],"curies":[{"name":"wp","href":"https:\/\/api.w.org\/{rel}","templated":true}]}}