{"id":120405,"date":"2018-04-10T16:45:13","date_gmt":"2018-04-10T13:45:13","guid":{"rendered":"https:\/\/analyse.optim.biz\/?p=120405"},"modified":"2018-04-10T16:45:13","modified_gmt":"2018-04-10T13:45:13","slug":"ce-spune-dragnea-despre-audierea-lui-coldea-in-comisia-sri","status":"publish","type":"post","link":"https:\/\/analyse.optim.biz\/?p=120405","title":{"rendered":"Ce spune Dragnea despre audierea lui Coldea \u00een Comisia SRI"},"content":{"rendered":"<div class=\"entry data-app-meta data-app-meta-article\" data-embed-base-url-canonical=\"https:\/\/www.digi24.ro\/embed\/stiri\/actualitate\/politica\/ce-spune-dragnea-despre-audierea-lui-coldea-in-comisia-sri-910425\">\n<p data-index=\"1\"><strong>Pre\u015fedintele PSD, Liviu Dragnea, a declarat, mar\u0163i, referitor la audierea lui Florian Coldea \u00een Comisia SRI, c\u0103 la audieri nu cite\u015fti \u015fi pleci, pentru c\u0103 asta nu e audiere, ci \u201eeste un seminar \u00een care cineva vine, cite\u015fte ni\u015fte h\u00e2rtii \u015fi eventual mai spune ni\u015fte pilde\u201d.<\/strong><\/p>\n<p data-index=\"2\"><strong>\u201eEu \u00een general nu \u00eei cert pe colegii mei din Comisia SRI, nici m\u0103car pe pre\u015fedintele Manda, dar eu am \u00een\u0163eles c\u0103 acolo sunt audieri. La audieri nu cite\u015fti \u015fi pleci, din c\u00e2te \u00een\u0163eleg eu. Aia nu e audiere, este un seminar \u00een care cineva vine, cite\u015fte ni\u015fte h\u00e2rtii \u015fi a plecat, eventual mai spune ni\u015fte pilde\u201d<\/strong>, a afirmat Liviu Dragnea.<\/p>\n<p data-index=\"3\">Liderul PSD a spus c\u0103 nu \u015ftie la cine se referea fostul prim adjunct al SRI c\u00e2nd a amintit de pilda cu Iuda: <strong><span lang=\"ro-RO\">\u201e<\/span>Habar n-am la cine se referea \u015fi sincer nici nu m\u0103 intereseaz\u0103 foarte mult\u201d<\/strong>.<\/p>\n<p data-index=\"4\">De asemenea, \u00eentrebat dac\u0103 Florian Coldea a vrut s\u0103 abat\u0103 aten\u0163ia de la alte lucruri c\u00e2nd a amintit de Iuda, Dragnea a spus c\u0103 important este ceea ce s-a \u00eent\u00e2mplat \u00een ace\u015fti ani, iar <strong><span lang=\"ro-RO\">\u201e<\/span>aceste perdele de fum nu pot acoperi\u201d<\/strong>.<\/p>\n<p data-index=\"5\"><strong>\u201eEu nu m\u0103 uit la asta. Eu cred c\u0103 principalele subiecte sunt legate de ce s-a \u00eent\u00e2mplat \u00een ace\u015fti ani. Nici de porci, nici de \u015forici, nici de pilda respectiv\u0103. S\u0103 se amenin\u0163e \u00eentre ei care vor. Toate aceste perdele de fum nu pot acoperi ce s-a \u00eent\u00e2mplat \u015fi \u00eencepe s\u0103 ias\u0103 la iveal\u0103 \u00een fiecare zi. Este un proces care, dup\u0103 p\u0103rerea mea, nu mai poate fi oprit\u201d<\/strong>, a continuat liderul PSD.<\/p>\n<p data-index=\"6\">El a mai precizat c\u0103 va spune dac\u0103 a participat sau nu la petrecerile organizate de SRI dac\u0103 va fi chemat \u00een Comisia SRI.<\/p>\n<p data-index=\"7\"><strong>\u201eO s\u0103 spun la Comisia SRI, probabil \u00een aceast\u0103 via\u0163\u0103, c\u00e2nd domnul Manda o s\u0103 se uite \u00een agend\u0103 \u015fi o s\u0103 \u00eemi fac\u0103 \u015fi mie loc\u201d<\/strong>, a afirmat liderul PSD.<\/p>\n<p data-index=\"8\">Dragnea a mai spus \u00een final c\u0103 rela\u0163ia pe care o are cu actualul director al SRI, Eduard Hellvig, o avea \u015fi \u00eenainte cu George Maior \u015fi cu Florian Coldea.<\/p>\n<p data-index=\"9\">Fostul prim-adjunct al SRI Florian Coldea sus\u0163ine c\u0103 \u00eencheierea protocoalelor interinstitu\u0163ionale este o practic\u0103 interna\u0163ional\u0103, inclusiv la nivelul UE \u015fi al NATO \u015fi c\u0103, \u00een acest moment, din cauza asaltului f\u0103r\u0103 precedent \u00een leg\u0103tur\u0103 cu protocolul SRI-Ministerul Public, Serviciul este \u00een imposibilitatea de a ac\u0163iona pentru contracararea ac\u0163iunilor de terorism \u015fi spionaj, ceea ce risc\u0103 s\u0103 vulnerabilizeze securitatea Rom\u00e2niei \u015fi a alia\u0163ilor. El a remarcat c\u0103 subiecte care ini\u0163ial au fost lansate \u00een spa\u0163iul public pe Facebook s-au transformat \u00een fake stories, iar acestea intens promovate \u00eencearc\u0103 s\u0103 ia locul realit\u0103\u0163ii. Coldea s-a referit \u015fi la cei care tr\u0103deaz\u0103 interesele statului, compar\u00e2ndu-i cu Iuda, despre care a afirmat c\u0103 a sf\u00e2r\u015fit tragic, <strong><span lang=\"ro-RO\">\u201e<\/span>ca orice tr\u0103d\u0103tor<span lang=\"ro-RO\">\u201d<\/span><\/strong>.<\/p>\n<p data-index=\"10\"><em><span lang=\"ro-RO\">Sursa: News.ro<br \/> Sursa foto: Inquam Photos \/ Octav Dragnea<\/span><\/em><\/p>\n<\/div>\n<p> Source URL: https:\/\/www.digi24.ro\/stiri\/actualitate\/politica\/ce-spune-dragnea-despre-audierea-lui-coldea-in-comisia-sri-910425<\/p>\n","protected":false},"excerpt":{"rendered":"<p>Pre\u015fedintele PSD, Liviu Dragnea, a declarat, mar\u0163i, referitor la audierea lui Florian Coldea \u00een Comisia SRI, c\u0103 la audieri nu cite\u015fti \u015fi pleci, pentru c\u0103 asta nu e audiere, ci \u201eeste un seminar \u00een care cineva vine, cite\u015fte ni\u015fte h\u00e2rtii \u015fi eventual mai spune ni\u015fte pilde\u201d. \u201eEu \u00een general nu \u00eei cert pe colegii mei [&hellip;]<\/p>\n","protected":false},"author":1,"featured_media":120406,"comment_status":"open","ping_status":"","sticky":false,"template":"","format":"standard","meta":{"footnotes":""},"categories":[2],"tags":[11],"class_list":["post-120405","post","type-post","status-publish","format-standard","has-post-thumbnail","hentry","category-politics","tag-digi24"],"_links":{"self":[{"href":"https:\/\/analyse.optim.biz\/index.php?rest_route=\/wp\/v2\/posts\/120405","targetHints":{"allow":["GET"]}}],"collection":[{"href":"https:\/\/analyse.optim.biz\/index.php?rest_route=\/wp\/v2\/posts"}],"about":[{"href":"https:\/\/analyse.optim.biz\/index.php?rest_route=\/wp\/v2\/types\/post"}],"author":[{"embeddable":true,"href":"https:\/\/analyse.optim.biz\/index.php?rest_route=\/wp\/v2\/users\/1"}],"replies":[{"embeddable":true,"href":"https:\/\/analyse.optim.biz\/index.php?rest_route=%2Fwp%2Fv2%2Fcomments&post=120405"}],"version-history":[{"count":0,"href":"https:\/\/analyse.optim.biz\/index.php?rest_route=\/wp\/v2\/posts\/120405\/revisions"}],"wp:featuredmedia":[{"embeddable":true,"href":"https:\/\/analyse.optim.biz\/index.php?rest_route=\/wp\/v2\/media\/120406"}],"wp:attachment":[{"href":"https:\/\/analyse.optim.biz\/index.php?rest_route=%2Fwp%2Fv2%2Fmedia&parent=120405"}],"wp:term":[{"taxonomy":"category","embeddable":true,"href":"https:\/\/analyse.optim.biz\/index.php?rest_route=%2Fwp%2Fv2%2Fcategories&post=120405"},{"taxonomy":"post_tag","embeddable":true,"href":"https:\/\/analyse.optim.biz\/index.php?rest_route=%2Fwp%2Fv2%2Ftags&post=120405"}],"curies":[{"name":"wp","href":"https:\/\/api.w.org\/{rel}","templated":true}]}}