{"id":120390,"date":"2018-04-11T13:16:52","date_gmt":"2018-04-11T10:16:52","guid":{"rendered":"https:\/\/analyse.optim.biz\/?p=120390"},"modified":"2018-04-11T13:16:52","modified_gmt":"2018-04-11T10:16:52","slug":"legea-privind-autonomia-tinutului-secuiesc-respinsa-de-camera-deputatilor","status":"publish","type":"post","link":"https:\/\/analyse.optim.biz\/?p=120390","title":{"rendered":"Legea privind autonomia \u0162inutului Secuiesc, respins\u0103 de Camera Deputa\u0163ilor"},"content":{"rendered":"<div class=\"entry data-app-meta data-app-meta-article\" data-embed-base-url-canonical=\"https:\/\/www.digi24.ro\/embed\/stiri\/actualitate\/politica\/legea-privind-autonomia-tinutului-secuiesc-respinsa-de-camera-deputatilor-910886\">\n<p data-index=\"1\"><strong>Plenul Camerei Deputa\u0163ilor a respins miercuri, cu 20 de voturi &#8220;pentru&#8221; \u015fi 218 de voturi &#8220;\u00eempotriv\u0103&#8221; proiectul de lege privind Statutul de autonomie a \u0162inutului Secuiesc.<\/strong><\/p>\n<figure class=\"article-thumb\"><img decoding=\"async\" src=\"https:\/\/analyse.optim.biz\/wp-content\/uploads\/2024\/09\/c2g9ymuzntq3odnmzti0zju3n2i5yju3ytfhoti4yta4zwq-thumb_.jpg\" alt=\"170920_parlament camera deputatilor PLEN_REUNIT_05_INQUAM_Photos_Octav_Ganea\" data-skip-htmlfix=\"1\" title=\"c2g9ymuzntq3odnmzti0zju3n2i5yju3ytfhoti4yta4zwq-thumb_\"><figcaption> FOTO: INQUAM PHOTOS &#8211; Octav Ganea <\/figcaption><\/figure>\n<p data-index=\"2\">Potrivit raportului Comisiei de administra\u0163ie public\u0103, ini\u0163iativa legislativ\u0103 vizeaz\u0103 crearea unei entit\u0103\u0163i statale distincte, paralel\u0103 cu statul na\u0163ional unitar rom\u00e2n. \u00cen timpul dezbaterilor, deputatul UDMR Kulcsar Gyorgy a acuzat de ur\u0103 \u015fi de necunoa\u015ftere a istoriei persoanele sau institu\u0163iile care sus\u0163in c\u0103 \u0162inutul Secuiesc nu exist\u0103, iar PSD \u015fi PNL au invocat anul Centenarului \u015fi riscul de a crea falii \u00een societate, anun\u0163\u00e2nd c\u0103 vor vota \u00eemotriva proiectului. Fostul premier Mihai Tudose a sugerat o disu\u0163ie amiabil\u0103 pe acest subiect, afirm\u00e2nd c\u0103 &#8220;pe teme de genul \u0103sta am ajuns s\u0103 facem un referendum, s\u0103 vedem dac\u0103 un copil, de 8 martie, \u00eei ia lui maic\u0103-sa un ruj sau o spum\u0103 de b\u0103rbierit&#8221;.<\/p>\n<p data-index=\"3\">Propunerea legislativ\u0103 are ca obiect de reglementare autonomizarea jude\u0163elor Covasna, Harghita \u015fi a unei p\u0103r\u0163i din jude\u0163ul Mure\u015f \u015fi constituirea lor ca regiune autonom\u0103, cu personalitate juridic\u0103, \u00een cadrul statului rom\u00e2n. Sunt redate limitele teritoriului care ar urma s\u0103 devin\u0103 \u0162inutul Secuiesc, pentru care este prev\u0103zut\u0103 \u015fi o organizare administrativ\u0103 proprie, cu autorit\u0103\u0163i publice \u015fi institu\u0163ii proprii la toate nivelurile, conferirea unor competen\u0163e specifice, folosirea limbii maghiare ca limb\u0103 oficial\u0103 a \u0162inutului Secuiesc \u015fi a simbolurilor na\u0163iunii maghiare.<\/p>\n<p data-index=\"4\">De asemenea, se dore\u015fte ca autonomia regional\u0103 s\u0103 fie exercitat\u0103 de Consiliul de Autoadministrare, autoritate public\u0103 regional\u0103 aleas\u0103 prin vot universal, egal, direct secret \u015fi liber exprimat, precum \u015fi de Comisia de Autoadministrare desemnat\u0103 de aceasta. Ca autorit\u0103\u0163i ale \u0162inutului Secuiesc sunt definite: autorit\u0103\u0163ile regiunii autonome (Consiliul de Autoadministrare, Comisia de Autoadministrare, Pre\u015fedintele \u0162inutului Secuiesc), autorit\u0103\u0163ile scaunelor (Consiliul Scaunal, Comisia Scaunal\u0103, Pre\u015fedintele Scaunului) \u015fi autorit\u0103\u0163ile locale (Consiliul Comunal, Consiliul Or\u0103\u015fenesc, Consiliul Municipal \u015fi Primarul).<\/p>\n<p data-index=\"5\">Proiectul a primit raport negativ la comisia de administra\u0163ie public\u0103, Camera Deputa\u0163ilor este prima Camer\u0103 sesizat\u0103, iar Senatul este for decizional.<\/p>\n<p data-index=\"6\">Ini\u0163iatorul proiectului, deputatul UDMR Kulcsar Gyorgy, a spus \u00een timpul dezbaterilor c\u0103 persoanele sau institu\u0163iile care sus\u0163in c\u0103 \u0162inutul Secuiesc nu exist\u0103 sunt conduse din umbr\u0103 de ur\u0103 fa\u0163\u0103 de maghiari \u015fi \u00eendeamn\u0103 ca acestea s\u0103 pun\u0103 m\u00e2n\u0103 pe carte \u015fi s\u0103 citeasc\u0103 istoria.<\/p>\n<p data-index=\"7\">\u201eSecuii au luptat pentru ap\u0103rarea cre\u015ftinismului de partea lui Mihai Viteazul \u015fi \u015etefan cel Mare. Acele persoane \u015fi institu\u0163ii care sus\u0163in c\u0103 \u0163inutul secuiesc nu exist\u0103 sunt conduse din umbr\u0103 sau sunt conduse de ur\u0103 fa\u0163\u0103 de maghiari \u015fi secui. Acestor persoane \u015fi institu\u0163ii le transmit s\u0103 pun\u0103 m\u00e2na pe carte \u015fi s\u0103 \u00eenve\u0163e istoria proprie. Comunitatea maghiar\u0103 din Rom\u00e2nia nu cere dec\u00e2t ceea ce li se cuvinetuturor na\u0163iunilor europene. Europa sprijin\u0103 autonomia, este cel mai important mesaj de comunitatea european\u0103 dup\u0103 evenimentele din Catalonia. Nu dorim modificarea grani\u0163elor, noi dorim doar autonomie teritorial\u0103 a \u0162inutului Secuiesc \u00een interiorul statului rom\u00e2n\u201d, sus\u0163ine Kulcsar Gyorgy.<\/p>\n<p data-index=\"8\">\u00cen replic\u0103, deputatul PNL Angelica Fodor a spus c\u0103 PNL va vota \u00eempotriva acestei propuneri legislative \u015fi a catalogat-o ca fiind inadmisibil\u0103.<\/p>\n<p data-index=\"9\">\u201eGrupul PNL va vota, cum este \u015fi firesc, \u00eempotriva propunerii legislative. (&#8230;) Este inadmisibil ca \u00een anul Centenarului Marii Uniri 149 de localit\u0103\u0163i din jude\u0163ele Harghita,Covasna \u015fi o parte din Mure\u015f s\u0103 fie propuse pentru a avea o guvernare paralel\u0103 \u00een cadrul statului rom\u00e2n\u201d, a sus\u0163inut Angelica Fodor.<\/p>\n<p data-index=\"10\">De asemenea, deputatul PSD Daniel Suciu a spus c\u0103 social-democra\u0163ii vor vota \u00eempotriva proiectului.<\/p>\n<p data-index=\"11\">&#8220;Stima\u0163i colegi de la UDMR, ave\u0163i toat\u0103\u00a0 pre\u0163uirea \u015fi sus\u0163inerea noastr\u0103, dar r\u0103spunsul nostru fa\u0163\u0103 de acest proiect este nu. Mi-a\u015f dori ca \u00een acest an al Centenarului, aceste lu\u0103ri de cuv\u00e2nt s\u0103 nu fie p\u0103tima\u015fe \u015fi s\u0103 creeze falii. PSD va vota \u00eempotriva acestui proiect&#8221;, a spus Suciu.<\/p>\n<p data-index=\"12\">Fostul premier Mihai Tudose a spus c\u0103 pe teme de acest fel s-a ajuns la organizarea unui referendum, pentru a vedea \u201cdac\u0103 un copil, de 8 martie, \u00eei ia lui maic\u0103-sa un ruj sau o spum\u0103 de b\u0103rbierit\u201d.<\/p>\n<p data-index=\"13\">\u201dNu cred c\u0103 a\u0163i reac\u0163iona foarte frumos, stima\u0163i colegi de la UDMR, dac\u0103, \u00eencep\u00e2nd de ast\u0103zi sau de m\u00e2ine, o mul\u0163ime de colegi de-ai dumneavoastr\u0103 din Parlament ar avea ni\u015fte propuneri de discu\u0163ie amiabil\u0103 de restr\u00e2ngere a unor drepturi pe care le ave\u0163i deja. Nu ne-am dori, Dumnezeule, dar s\u0103 discut\u0103m despre chestia aia amiabil, f\u0103r\u0103 patim\u0103, fiindc\u0103 pe teme de genul \u0103sta am ajuns s\u0103 facem un referendum, s\u0103 vedem dac\u0103 un copil, de 8 martie, \u00eei ia lui maic\u0103-sa un ruj sau o spum\u0103 de b\u0103rbierit, tot a\u015fa, amiabil. E jenant ce face\u0163i, stima\u0163i colegi\u201d, a spus Mihai Tudose.<\/p>\n<p data-index=\"14\">Deputatul UDMR Korodi Attila a spus c\u0103 sus\u0163ine proiectul, deoarece autonomia \u00eenseamn\u0103 &#8220;mesajul unei comunit\u0103\u0163i&#8221; care vrea organizarea unei alte administra\u0163ii publice.<\/p>\n<p data-index=\"15\">&#8220;Autonomia nu \u00eenseamn\u0103 secesionism, nu \u00eenseamn\u0103 un atac la integritatea Rom\u00e2niei, autonomia \u00eenseamn\u0103 mesajul unei comunit\u0103\u0163ii care \u00ee\u015fi manifest\u0103 dorin\u0163a organiz\u0103rii administra\u0163iei publice \u00eentr-un anumit fel. (&#8230;) Rom\u00e2na, din p\u0103cate, are anumite caren\u0163e \u00een a r\u0103spunde cerin\u0163ele comunit\u0103\u0163ilor minorit\u0103\u0163ilor. Observ\u0103m \u015fi noi \u015fi exper\u0163ii interna\u0163ionali c\u0103 exist\u0103 o serie de tratate intern\u0163ionale ratificate de Rom\u00e2nia ale c\u0103ror prevederi nu sunt puse \u00een practic sau sunt numai par\u0163ial implementate&#8221;, potrivit acestuia.<\/p>\n<p data-index=\"16\">PSD, PNL, USR, PMP \u015fi grupul minorit\u0103\u0163ilor au votat \u00eempotriva ini\u0163iativei UDMR.<\/p>\n<p data-index=\"17\">Sursa: news.ro<\/p>\n<\/div>\n<p> Source URL: https:\/\/www.digi24.ro\/stiri\/actualitate\/politica\/legea-privind-autonomia-tinutului-secuiesc-respinsa-de-camera-deputatilor-910886<\/p>\n","protected":false},"excerpt":{"rendered":"<p>Plenul Camerei Deputa\u0163ilor a respins miercuri, cu 20 de voturi &#8220;pentru&#8221; \u015fi 218 de voturi &#8220;\u00eempotriv\u0103&#8221; proiectul de lege privind Statutul de autonomie a \u0162inutului Secuiesc. FOTO: INQUAM PHOTOS &#8211; Octav Ganea Potrivit raportului Comisiei de administra\u0163ie public\u0103, ini\u0163iativa legislativ\u0103 vizeaz\u0103 crearea unei entit\u0103\u0163i statale distincte, paralel\u0103 cu statul na\u0163ional unitar rom\u00e2n. \u00cen timpul dezbaterilor, [&hellip;]<\/p>\n","protected":false},"author":1,"featured_media":120391,"comment_status":"open","ping_status":"","sticky":false,"template":"","format":"standard","meta":{"footnotes":""},"categories":[2],"tags":[11],"class_list":["post-120390","post","type-post","status-publish","format-standard","has-post-thumbnail","hentry","category-politics","tag-digi24"],"_links":{"self":[{"href":"https:\/\/analyse.optim.biz\/index.php?rest_route=\/wp\/v2\/posts\/120390","targetHints":{"allow":["GET"]}}],"collection":[{"href":"https:\/\/analyse.optim.biz\/index.php?rest_route=\/wp\/v2\/posts"}],"about":[{"href":"https:\/\/analyse.optim.biz\/index.php?rest_route=\/wp\/v2\/types\/post"}],"author":[{"embeddable":true,"href":"https:\/\/analyse.optim.biz\/index.php?rest_route=\/wp\/v2\/users\/1"}],"replies":[{"embeddable":true,"href":"https:\/\/analyse.optim.biz\/index.php?rest_route=%2Fwp%2Fv2%2Fcomments&post=120390"}],"version-history":[{"count":0,"href":"https:\/\/analyse.optim.biz\/index.php?rest_route=\/wp\/v2\/posts\/120390\/revisions"}],"wp:featuredmedia":[{"embeddable":true,"href":"https:\/\/analyse.optim.biz\/index.php?rest_route=\/wp\/v2\/media\/120391"}],"wp:attachment":[{"href":"https:\/\/analyse.optim.biz\/index.php?rest_route=%2Fwp%2Fv2%2Fmedia&parent=120390"}],"wp:term":[{"taxonomy":"category","embeddable":true,"href":"https:\/\/analyse.optim.biz\/index.php?rest_route=%2Fwp%2Fv2%2Fcategories&post=120390"},{"taxonomy":"post_tag","embeddable":true,"href":"https:\/\/analyse.optim.biz\/index.php?rest_route=%2Fwp%2Fv2%2Ftags&post=120390"}],"curies":[{"name":"wp","href":"https:\/\/api.w.org\/{rel}","templated":true}]}}