{"id":1203420,"date":"2018-02-21T21:28:02","date_gmt":"2018-02-21T18:28:02","guid":{"rendered":"https:\/\/analyse.optim.biz\/?p=1203420"},"modified":"2018-02-21T21:28:02","modified_gmt":"2018-02-21T18:28:02","slug":"bravo-poloniei-prim-ministrul-polonez-a-afirmat-sambata-ca-evreii-s-au-numarat-printre-faptasii-holocaustului-incorect-politic","status":"publish","type":"post","link":"https:\/\/analyse.optim.biz\/?p=1203420","title":{"rendered":"BRAVO POLONIEI! Prim-ministrul Polonez a Afirmat S\u00e2mb\u0103t\u0103 C\u0103 Evreii S-au Num\u0103rat Printre F\u0103pta\u015fii Holocaustului &#8211; Incorect Politic"},"content":{"rendered":"<article class=\"post-listing post-4144 post type-post status-publish format-standard has-post-thumbnail  category-international category-stirea-zilei\" id=\"the-post\">\n<div class=\"post-inner\">\n<h1 class=\"name post-title entry-title\"><span>BRAVO POLONIEI! Prim-ministrul Polonez a Afirmat S\u00e2mb\u0103t\u0103 C\u0103 Evreii S-au Num\u0103rat Printre F\u0103pta\u015fii Holocaustului<\/span><\/h1>\n<div class=\"entry\">\n<div class=\"share-post\"><span class=\"share-text\">Share<\/span><\/p>\n<ul class=\"flat-social\">\n<li><a href=\"http:\/\/www.facebook.com\/sharer.php?u=https:\/\/www.incorectpolitic.com\/?p=4144\" class=\"social-facebook\" rel=\"external\" target=\"_blank\"><span>Facebook<\/span><\/a><\/li>\n<li><a href=\"https:\/\/twitter.com\/intent\/tweet?text=BRAVO+POLONIEI%21+Prim-ministrul+Polonez+a+Afirmat+S%C3%A2mb%C4%83t%C4%83+C%C4%83+Evreii+S-au+Num%C4%83rat+Printre+F%C4%83pta%C5%9Fii+Holocaustului&amp;url=https:\/\/www.incorectpolitic.com\/?p=4144\" class=\"social-twitter\" rel=\"external\" target=\"_blank\"><span>Twitter<\/span><\/a><\/li>\n<li><a href=\"http:\/\/pinterest.com\/pin\/create\/button\/?url=https:\/\/www.incorectpolitic.com\/?p=4144&amp;description=BRAVO+POLONIEI%21+Prim-ministrul+Polonez+a+Afirmat+S%C3%A2mb%C4%83t%C4%83+C%C4%83+Evreii+S-au+Num%C4%83rat+Printre+F%C4%83pta%C5%9Fii+Holocaustului&amp;media=https:\/\/www.incorectpolitic.com\/wp-content\/uploads\/2018\/02\/evrei-israel-640x330.jpg\" class=\"social-pinterest\" rel=\"external\" target=\"_blank\"><span>Pinterest<\/span><\/a><\/li>\n<\/ul>\n<\/div>\n<p>Sterie Ciumetti<br \/><strong>Incorect Politic<\/strong><br \/>\nFebruarie 21, 2018<\/p>\n<p><a href=\"https:\/\/analyse.optim.biz\/wp-content\/uploads\/2025\/12\/evrei-israel-1.jpg\"><img loading=\"lazy\" decoding=\"async\" class=\"aligncenter wp-image-4172 size-full lazyload\" alt=\"Prim-ministrul Polonez a Afirmat S\u00e2mb\u0103t\u0103 C\u0103 Evreii S-au Num\u0103rat Printre F\u0103pta\u015fii Holocaustului\" width=\"640\" height=\"480\" src=\"https:\/\/analyse.optim.biz\/wp-content\/uploads\/2025\/12\/evrei-israel-1.jpg\" title=\"evrei-israel-1\"><\/a><\/p>\n<p><img loading=\"lazy\" decoding=\"async\" class=\"aligncenter wp-image-4172 size-full\" src=\"https:\/\/analyse.optim.biz\/wp-content\/uploads\/2025\/12\/evrei-israel-1.jpg\" alt=\"Prim-ministrul Polonez a Afirmat S\u00e2mb\u0103t\u0103 C\u0103 Evreii S-au Num\u0103rat Printre F\u0103pta\u015fii Holocaustului\" width=\"640\" height=\"480\" data-eio=\"l\" title=\"evrei-israel-1\"><\/p>\n<p>Polonia nu se opre\u0219te, chiar \u0219i cu un prim ministru iudeu, legile sunt date \u00een favoarea polonezilor!<\/p>\n<p>Noua lege incrimineaz\u0103 evreii ca parte vinovat\u0103 pentru s\u0103v\u00e2r\u0219irea Holocaustului.<\/p>\n<p>Dinamica este simpl\u0103:<\/p>\n<p>Polonia, fiind inamicul istoric al Germaniei, a fost mul\u021bumit\u0103 s\u0103 accepte narativa Holocaustului \u0219i repara\u021bii pentru r\u0103zboi. A\u0219a c\u0103 au \u021binut lac\u0103tul pe lag\u0103re \u0219i nu au l\u0103sat nici un om de \u0219tiin\u021b\u0103 s\u0103 fac\u0103 cercetare, pentru a nu descoperi adev\u0103rul istoric.<\/p>\n<p>Dar \u00een ultima vreme, evreii au decis s\u0103 \u00eei incrimineze \u0219i pe polonezi pentru s\u0103v\u00e2r\u0219irea Holocaustului (doar \u00een ultimul deceniu a ap\u0103rut acest curent) \u0219i polonezii au spus nu. Au dat legi care interzice a\u0219a ceva.<\/p>\n<p>Din cauza asta, evreii au fost sco\u0219i din s\u0103rite.<\/p>\n<p><a href=\"http:\/\/www.nationalisti.ro\/2018\/02\/bravo-poloniei-prim-ministrul-polonez-a-afirmat-sambata-ca-evreii-s-au-numarat-printre-faptasii-holocaustului\/\">Nationalisti:<\/a><\/p>\n<blockquote>\n<p>LA NOI E INVERS! In Romania te baga la zdup daca spui ca nu a fost Holocaust. In Polonia te baga la zdup daca spui ca a fost Holocaust. Bravo Poloniei!<\/p>\n<p>Prim-ministrul polonez Mateusz Morawiecki a afirmat s\u00e2mb\u0103t\u0103 c\u0103 evreii s-au num\u0103rat printre f\u0103pta\u015fii Holocaustului, iar omologul s\u0103u israelian, Benjamin Netanyahu, l-a criticat aspru, spun\u00e2nd c\u0103 d\u0103 dovad\u0103 de \u201einabilitate de a \u00een\u0163elege istoria\u201d.<\/p>\n<p>Mateusz Morawiecki a f\u0103cut remarca s\u00e2mb\u0103t\u0103, la Conferin\u0163a pe probleme de securitate de la Munchen. \u00cen urma acesteia, Netanyahu a declarat c\u0103 remarcile f\u0103cute de Morawiecki sunt \u201escandaloase\u201d \u015fi c\u0103 demonstreaz\u0103 \u201einabilitatea de a \u00een\u0163elege istoria\u201d, potrivit BBC.<\/p>\n<p>Disputa vine la c\u00e2teva zile dup\u0103 ce Polonia a adoptat o lege care prevede p\u00e2n\u0103 la trei ani de \u00eenchisoare \u00een cazul persoanelor \u2013 inclusiv str\u0103ini \u2013 care acuz\u0103 \u201econtrar faptelor\u201d na\u0163iunea sau statul de participare la crimele Germaniei naziste. Legea are ca scop protejarea imaginii Poloniei \u00een str\u0103in\u0103tate.<\/p>\n<p>\u201eOricine acuz\u0103, public \u015fi contrar faptelor, na\u0163iunea polonez\u0103 sau statul polonez de a fi responsabil sau complice la crimele naziste comise de Al Treilea Reich va fi amendat sau condamnat cu p\u00e2n\u0103 la trei ani de \u00eenchisoare\u201d, arat\u0103 textul legii. \u00cens\u0103 avertizeaz\u0103 c\u0103 o persoan\u0103 \u201enu comite o crim\u0103 dac\u0103 aacuza\u0163ia face parte dintr-o activitate artistic\u0103 ori \u015ftiin\u0163ific\u0103\u201d.<\/p>\n<p>La conferin\u0163\u0103, Morawiecki a fost \u00eentrebat de un jurnalist israelian dac\u0103 oricine spune c\u0103 au existat colaboratori polonezi \u00een Holocaust ar fi considerat un criminal \u00een Polonia, potrivit acestei legi.<\/p>\n<p>El a replicat: \u201eEste foarte important ca mai \u00eent\u00e2i s\u0103 \u00een\u0163elegem c\u0103, desigur, nu va fi pedepsit, nu va fi v\u0103zut ca un criminal dac\u0103 spune c\u0103 au existat colaboratori polonezi \u2013 la fel cum au existat evrei colaboratori, ru\u015fi, ucrainieni\u2026. nu doar nem\u0163i\u201d.<\/p>\n<p>Iasraelul a criticat, \u00eenc\u0103 din ianuarie, proiectul de lege care va face ilegal\u0103 descrierea lag\u0103relor de exterminare naziste ca poloneze.<\/p>\n<\/blockquote>\n<p>O solu\u021bie mai simpl\u0103 pentru polonezi \u0219i folositoare pentru restul Europei ar fi pur \u0219i simplu s\u0103 abroge legile care interzic negarea Holocaustului dec\u00e2t s\u0103 dea alte legi care danseaz\u0103 \u00een jurul elefantului din camer\u0103.<\/p>\n<p>Genocidul Armenian se poate nega, genocidul Holodomor si alte masacre istorice se pot nega, dar o opinie despre presupusul Holocaust te poate trimite la bul\u0103u. Avem nevoie de o alt\u0103 direc\u021bie.<\/p>\n<p>Peste Europa de est bate un v\u00e2nt de schimbare \u0219i Polonia \u00eel \u00eente\u021be\u0219te!<\/p>\n<\/div>\n<div class=\"share-post\"><span class=\"share-text\">Share<\/span><\/p>\n<ul class=\"flat-social\">\n<li><a href=\"http:\/\/www.facebook.com\/sharer.php?u=https:\/\/www.incorectpolitic.com\/?p=4144\" class=\"social-facebook\" rel=\"external\" target=\"_blank\"><span>Facebook<\/span><\/a><\/li>\n<li><a href=\"https:\/\/twitter.com\/intent\/tweet?text=BRAVO+POLONIEI%21+Prim-ministrul+Polonez+a+Afirmat+S%C3%A2mb%C4%83t%C4%83+C%C4%83+Evreii+S-au+Num%C4%83rat+Printre+F%C4%83pta%C5%9Fii+Holocaustului&amp;url=https:\/\/www.incorectpolitic.com\/?p=4144\" class=\"social-twitter\" rel=\"external\" target=\"_blank\"><span>Twitter<\/span><\/a><\/li>\n<li><a href=\"http:\/\/pinterest.com\/pin\/create\/button\/?url=https:\/\/www.incorectpolitic.com\/?p=4144&amp;description=BRAVO+POLONIEI%21+Prim-ministrul+Polonez+a+Afirmat+S%C3%A2mb%C4%83t%C4%83+C%C4%83+Evreii+S-au+Num%C4%83rat+Printre+F%C4%83pta%C5%9Fii+Holocaustului&amp;media=https:\/\/www.incorectpolitic.com\/wp-content\/uploads\/2018\/02\/evrei-israel-640x330.jpg\" class=\"social-pinterest\" rel=\"external\" target=\"_blank\"><span>Pinterest<\/span><\/a><\/li>\n<\/ul>\n<\/div>\n<\/div>\n<\/article>\n<p> Source URL: https:\/\/www.incorectpolitic.com\/bravo-poloniei-prim-ministrul-polonez-afirmat-sambata-ca-evreii-s-au-numarat-printre-faptasii-holocaustului\/<\/p>\n","protected":false},"excerpt":{"rendered":"<p>BRAVO POLONIEI! Prim-ministrul Polonez a Afirmat S\u00e2mb\u0103t\u0103 C\u0103 Evreii S-au Num\u0103rat Printre F\u0103pta\u015fii Holocaustului Share Facebook Twitter Pinterest Sterie CiumettiIncorect Politic Februarie 21, 2018 Polonia nu se opre\u0219te, chiar \u0219i cu un prim ministru iudeu, legile sunt date \u00een favoarea polonezilor! Noua lege incrimineaz\u0103 evreii ca parte vinovat\u0103 pentru s\u0103v\u00e2r\u0219irea Holocaustului. Dinamica este simpl\u0103: Polonia, [&hellip;]<\/p>\n","protected":false},"author":1,"featured_media":1203421,"comment_status":"open","ping_status":"","sticky":false,"template":"","format":"standard","meta":{"footnotes":""},"categories":[89],"tags":[95],"class_list":["post-1203420","post","type-post","status-publish","format-standard","has-post-thumbnail","hentry","category-romania","tag-incorectpolitic-com"],"_links":{"self":[{"href":"https:\/\/analyse.optim.biz\/index.php?rest_route=\/wp\/v2\/posts\/1203420","targetHints":{"allow":["GET"]}}],"collection":[{"href":"https:\/\/analyse.optim.biz\/index.php?rest_route=\/wp\/v2\/posts"}],"about":[{"href":"https:\/\/analyse.optim.biz\/index.php?rest_route=\/wp\/v2\/types\/post"}],"author":[{"embeddable":true,"href":"https:\/\/analyse.optim.biz\/index.php?rest_route=\/wp\/v2\/users\/1"}],"replies":[{"embeddable":true,"href":"https:\/\/analyse.optim.biz\/index.php?rest_route=%2Fwp%2Fv2%2Fcomments&post=1203420"}],"version-history":[{"count":0,"href":"https:\/\/analyse.optim.biz\/index.php?rest_route=\/wp\/v2\/posts\/1203420\/revisions"}],"wp:featuredmedia":[{"embeddable":true,"href":"https:\/\/analyse.optim.biz\/index.php?rest_route=\/wp\/v2\/media\/1203421"}],"wp:attachment":[{"href":"https:\/\/analyse.optim.biz\/index.php?rest_route=%2Fwp%2Fv2%2Fmedia&parent=1203420"}],"wp:term":[{"taxonomy":"category","embeddable":true,"href":"https:\/\/analyse.optim.biz\/index.php?rest_route=%2Fwp%2Fv2%2Fcategories&post=1203420"},{"taxonomy":"post_tag","embeddable":true,"href":"https:\/\/analyse.optim.biz\/index.php?rest_route=%2Fwp%2Fv2%2Ftags&post=1203420"}],"curies":[{"name":"wp","href":"https:\/\/api.w.org\/{rel}","templated":true}]}}