{"id":1201425,"date":"2025-07-03T13:17:36","date_gmt":"2025-07-03T10:17:36","guid":{"rendered":"https:\/\/analyse.optim.biz\/?p=1201425"},"modified":"2025-07-03T13:17:36","modified_gmt":"2025-07-03T10:17:36","slug":"raul-olajos-a-trecut-la-pnl-timis-fostul-lider-usr-plus-spune-ca-nu-vine-pentru-o-functie","status":"publish","type":"post","link":"https:\/\/analyse.optim.biz\/?p=1201425","title":{"rendered":"Raul Olajos a trecut la PNL Timi\u0219. Fostul lider USR PLUS spune c\u0103 \u201enu vine pentru o func\u021bie\u201d"},"content":{"rendered":"<article id=\"template-id-172790\" class=\"post-172790 tdb_templates type-tdb_templates status-publish post\">\n<div id=\"tdi_38\" class=\"tdc-zone\">\n<div class=\"tdc_zone tdi_39  wpb_row td-pb-row\">\n<div id=\"tdi_40\" class=\"tdc-row stretch_row_1400 td-stretch-content\">\n<div class=\"vc_row tdi_41  wpb_row td-pb-row tdc-element-style\">\n<div class=\"vc_column tdi_43  wpb_column vc_column_container tdc-column td-pb-span8\">\n<div class=\"wpb_wrapper\">\n<div class=\"td_block_wrap tdb_single_categories tdi_44 td-pb-border-top td_block_template_1 \" data-td-block-uid=\"tdi_44\">\n<div class=\"tdb-category td-fix-index\"><a class=\"tdb-entry-category\" href=\"https:\/\/voceatimisului.ro\/stiri-din-timisoara-si-timis\/\">\u0218tiri<\/a><a class=\"tdb-entry-category\" href=\"https:\/\/voceatimisului.ro\/stiri-din-timisoara-si-timis\/politica\/\">Politic\u0103<\/a><\/div>\n<\/div>\n<div class=\"td_block_wrap tdb_title tdi_45 tdb-single-title td-pb-border-top td_block_template_1\" data-td-block-uid=\"tdi_45\">\n<div class=\"tdb-block-inner td-fix-index\">\n<h1 class=\"tdb-title-text\">Raul Olajos a trecut la PNL Timi\u0219. Fostul lider USR PLUS spune c\u0103 \u201enu vine pentru o func\u021bie\u201d<\/h1>\n<\/div>\n<\/div>\n<div class=\"td_block_wrap tdb_single_subtitle tdi_46 td-pb-border-top td_block_template_1\" data-td-block-uid=\"tdi_46\">\n<div class=\"tdb-block-inner td-fix-index\">\n<h2>Raul Olajos, fost copre\u0219edinte al USR PLUS Timi\u0219 \u0219i ex-candidat la Prim\u0103ria Timi\u0219oara, s-a al\u0103turat oficial PNL Timi\u0219oara, declar\u00e2nd c\u0103 nu revine \u00een politic\u0103 pentru func\u021bii, ci din convingere \u0219i \u00eencredere \u00een proiectul de reform\u0103 promovat de Ilie Bolojan.<\/h2>\n<\/div>\n<\/div>\n<div class=\"vc_row_inner tdi_48  vc_row vc_inner wpb_row td-pb-row\">\n<div class=\"vc_column_inner tdi_50  wpb_column vc_column_container tdc-inner-column td-pb-span6\">\n<div class=\"vc_column-inner\">\n<div class=\"wpb_wrapper\">\n<div class=\"td_block_wrap tdb_single_author tdi_51 td-pb-border-top td_block_template_1 tdb-post-meta\" data-td-block-uid=\"tdi_51\">\n<div class=\"tdb-block-inner td-fix-index\">\n<div class=\"tdb-author-name-wrap\"><span class=\"tdb-author-by\">Autor-<\/span><a class=\"tdb-author-name\" href=\"https:\/\/voceatimisului.ro\/author\/cataadmin\/\">Radu Constantin<\/a><\/div>\n<\/div>\n<\/div>\n<div class=\"td_block_wrap tdb_single_date tdi_52 td-pb-border-top td_block_template_1 tdb-post-meta\" data-td-block-uid=\"tdi_52\">\n<div class=\"tdb-block-inner td-fix-index\"><time class=\"entry-date updated td-module-date\" datetime=\"2025-07-03T16:17:36+03:00\">3 iulie 2025<\/time><\/div>\n<\/div>\n<div class=\"td_block_wrap tdb_single_comments_count tdi_53 td-pb-border-top td_block_template_1 tdb-post-meta\" data-td-block-uid=\"tdi_53\">\n<div class=\"tdb-block-inner td-fix-index\"><a href=\"https:\/\/voceatimisului.ro\/raul-olajos-a-trecut-la-pnl-timis-fostul-lider-usr-plus-spune-ca-nu-vine-pentru-o-functie\/#respond\"><span>0<\/span><\/a><\/div>\n<\/div>\n<div class=\"td_block_wrap tdb_single_post_views tdi_54 td-pb-border-top td_block_template_1 tdb-post-meta\" data-td-block-uid=\"tdi_54\">\n<div class=\"tdb-block-inner td-fix-index\"><span class=\"tdb-add-text\">1<\/span><span class=\"td-nr-views-173334\">304<\/span><\/div>\n<\/div>\n<\/div>\n<\/div>\n<\/div>\n<div class=\"vc_column_inner tdi_56  wpb_column vc_column_container tdc-inner-column td-pb-span6\">\n<div class=\"vc_column-inner\">\n<div class=\"wpb_wrapper\">\n<div class=\"td_block_wrap tdb_single_post_share tdi_57  td-pb-border-top td_block_template_1\" data-td-block-uid=\"tdi_57\">\n<div id=\"tdi_57\" class=\"td-post-sharing tdb-block td-ps-bg td-ps-notext td-post-sharing-style1 \">\n<div class=\"td-post-sharing-visible\"><a class=\"td-social-sharing-button td-social-sharing-button-js td-social-network td-social-facebook\" href=\"https:\/\/www.facebook.com\/sharer.php?u=https%3A%2F%2Fvoceatimisului.ro%2Fraul-olajos-a-trecut-la-pnl-timis-fostul-lider-usr-plus-spune-ca-nu-vine-pentru-o-functie%2F\" title=\"Facebook\" rel=\"noopener\"><\/p>\n<div class=\"td-social-but-text\">Facebook<\/div>\n<p><\/a><a class=\"td-social-sharing-button td-social-sharing-button-js td-social-network td-social-twitter\" href=\"https:\/\/twitter.com\/intent\/tweet?text=Raul+Olajos+a+trecut+la+PNL+Timi%C8%99.+Fostul+lider+USR+PLUS+spune+c%C4%83+%E2%80%9Enu+vine+pentru+o+func%C8%9Bie%E2%80%9D&amp;url=https%3A%2F%2Fvoceatimisului.ro%2Fraul-olajos-a-trecut-la-pnl-timis-fostul-lider-usr-plus-spune-ca-nu-vine-pentru-o-functie%2F&amp;via=Vocea+Timisului\" title=\"Twitter\" rel=\"noopener\"><\/p>\n<div class=\"td-social-but-text\">Twitter<\/div>\n<p><\/a><a class=\"td-social-sharing-button td-social-sharing-button-js td-social-network td-social-pinterest\" href=\"https:\/\/pinterest.com\/pin\/create\/button\/?url=https:\/\/voceatimisului.ro\/raul-olajos-a-trecut-la-pnl-timis-fostul-lider-usr-plus-spune-ca-nu-vine-pentru-o-functie\/&amp;media=https:\/\/voceatimisului.ro\/wp-content\/uploads\/2025\/07\/Raul-Olajos-scaled.jpg&amp;description=Raul+Olajos+a+trecut+la+PNL+Timi%C8%99.+Fostul+lider+USR+PLUS+spune+c%C4%83+%E2%80%9Enu+vine+pentru+o+func%C8%9Bie%E2%80%9D\" title=\"Pinterest\" rel=\"noopener\"><\/p>\n<div class=\"td-social-but-text\">Pinterest<\/div>\n<p><\/a><a class=\"td-social-sharing-button td-social-sharing-button-js td-social-network td-social-whatsapp\" href=\"https:\/\/api.whatsapp.com\/send?text=Raul+Olajos+a+trecut+la+PNL+Timi%C8%99.+Fostul+lider+USR+PLUS+spune+c%C4%83+%E2%80%9Enu+vine+pentru+o+func%C8%9Bie%E2%80%9D%20%0A%0A%20https:\/\/voceatimisului.ro\/raul-olajos-a-trecut-la-pnl-timis-fostul-lider-usr-plus-spune-ca-nu-vine-pentru-o-functie\/\" title=\"WhatsApp\" rel=\"noopener\"><\/p>\n<div class=\"td-social-but-text\">WhatsApp<\/div>\n<p><\/a><a class=\"td-social-sharing-button td-social-sharing-button-js td-social-network td-social-linkedin\" href=\"https:\/\/www.linkedin.com\/shareArticle?mini=true&amp;url=https:\/\/voceatimisului.ro\/raul-olajos-a-trecut-la-pnl-timis-fostul-lider-usr-plus-spune-ca-nu-vine-pentru-o-functie\/&amp;title=Raul+Olajos+a+trecut+la+PNL+Timi%C8%99.+Fostul+lider+USR+PLUS+spune+c%C4%83+%E2%80%9Enu+vine+pentru+o+func%C8%9Bie%E2%80%9D\" title=\"Linkedin\" rel=\"noopener\"><\/p>\n<div class=\"td-social-but-text\">Linkedin<\/div>\n<p><\/a><a class=\"td-social-sharing-button td-social-sharing-button-js td-social-network td-social-copy_url\" href=\"https:\/\/voceatimisului.ro\/raul-olajos-a-trecut-la-pnl-timis-fostul-lider-usr-plus-spune-ca-nu-vine-pentru-o-functie\/\" title=\"Copy URL\" rel=\"noopener\"><\/p>\n<div class=\"td-social-but-text\">Copy URL<\/div>\n<p><\/a><\/div>\n<\/div>\n<\/div>\n<\/div>\n<\/div>\n<\/div>\n<\/div>\n<div class=\"td_block_wrap tdb_single_featured_image tdi_58 tdb-content-horiz-left td-pb-border-top td_block_template_1\" data-td-block-uid=\"tdi_58\">\n<div class=\"tdb-block-inner td-fix-index\">\n<figure><img fetchpriority=\"high\" decoding=\"async\" width=\"696\" height=\"329\" class=\"entry-thumb\" src=\"https:\/\/analyse.optim.biz\/wp-content\/uploads\/2025\/12\/raul-olajos-696x329-1.jpg\" alt=\"Raul Olajos\" title=\"Raul Olajos\" loading=\"eager\"><figcaption class=\"tdb-caption-text\">Raul Olajos<\/figcaption><\/figure>\n<\/div>\n<\/div>\n<div class=\"vc_row_inner tdi_60  vc_row vc_inner wpb_row td-pb-row\">\n<div class=\"vc_column_inner tdi_62  wpb_column vc_column_container tdc-inner-column td-pb-span4 td-is-sticky\">\n<div class=\"vc_column-inner\">\n<div class=\"wpb_wrapper\" data-sticky-enabled-on=\"W3RydWUsdHJ1ZSx0cnVlLHRydWVd\" data-sticky-offset=\"20\" data-sticky-is-width-auto=\"W2ZhbHNlLGZhbHNlLGZhbHNlLGZhbHNlXQ==\">\n<div class=\"td_block_wrap td_flex_block_1 tdi_63 td-pb-border-top td_block_template_1 td_ajax_preloading_preload td_flex_block\" data-td-block-uid=\"tdi_63\">\n<div id=\"tdi_63\" class=\"td_block_inner td-mc1-wrap\">\n<div class=\"td_module_flex td_module_flex_1 td_module_wrap td-animation-stack td-meta-info-hide td-cpt-post\">\n<div class=\"td-module-container td-category-pos-image\">\n<div class=\"td-module-meta-info\">\n<h3 class=\"entry-title td-module-title\"><a href=\"https:\/\/voceatimisului.ro\/uvt-timisoara-din-nou-campioana-europeana-universitara-la-fotbal\/\" rel=\"bookmark\" title=\"UVT Timi\u0219oara, din nou campioan\u0103 european\u0103 universitar\u0103 la fotbal\">UVT Timi\u0219oara, din nou campioan\u0103 european\u0103 universitar\u0103 la fotbal<\/a><\/h3>\n<\/div>\n<\/div>\n<\/div>\n<div class=\"td_module_flex td_module_flex_1 td_module_wrap td-animation-stack td-meta-info-hide td-cpt-post\">\n<div class=\"td-module-container td-category-pos-image\">\n<div class=\"td-module-meta-info\">\n<h3 class=\"entry-title td-module-title\"><a href=\"https:\/\/voceatimisului.ro\/timis-si-voivodina-pregatesc-proiecte-comune-card-regional-de-sanatate-solutii-pentru-agricultura-si-pista-de-biciclete-transfrontaliera\/\" rel=\"bookmark\" title=\"Timi\u0219 \u0219i Voivodina preg\u0103tesc proiecte comune: card regional de s\u0103n\u0103tate, solu\u021bii pentru agricultur\u0103 \u0219i pist\u0103 de biciclete transfrontalier\u0103\">Timi\u0219 \u0219i Voivodina preg\u0103tesc proiecte comune: card regional de s\u0103n\u0103tate, solu\u021bii pentru agricultur\u0103 \u0219i pist\u0103 de biciclete transfrontalier\u0103<\/a><\/h3>\n<\/div>\n<\/div>\n<\/div>\n<div class=\"td_module_flex td_module_flex_1 td_module_wrap td-animation-stack td-meta-info-hide td-cpt-post\">\n<div class=\"td-module-container td-category-pos-image\">\n<div class=\"td-module-meta-info\">\n<h3 class=\"entry-title td-module-title\"><a href=\"https:\/\/voceatimisului.ro\/pnl-timis-sustine-noul-stadion-dan-paltinisanu-investitiile-majore-trebuie-asumate-nu-confiscate-politic\/\" rel=\"bookmark\" title=\"PNL Timi\u0219 sus\u021bine noul stadion Dan P\u0103ltini\u0219anu: \u201eInvesti\u021biile majore trebuie asumate, nu confiscate politic\u201d\">PNL Timi\u0219 sus\u021bine noul stadion Dan P\u0103ltini\u0219anu: \u201eInvesti\u021biile majore trebuie asumate, nu confiscate politic\u201d<\/a><\/h3>\n<\/div>\n<\/div>\n<\/div>\n<div class=\"td_module_flex td_module_flex_1 td_module_wrap td-animation-stack td-meta-info-hide td-cpt-post\">\n<div class=\"td-module-container td-category-pos-image\">\n<div class=\"td-module-meta-info\">\n<h3 class=\"entry-title td-module-title\"><a href=\"https:\/\/voceatimisului.ro\/timisul-reprezentat-in-noua-conducere-pnl-gheorghe-falca-si-marilen-pirtea-propusi-de-regiunea-vest\/\" rel=\"bookmark\" title=\"Timi\u0219ul, reprezentat \u00een noua conducere PNL: Gheorghe Falc\u0103 \u0219i Marilen Pirtea, propu\u0219i de Regiunea Vest\">Timi\u0219ul, reprezentat \u00een noua conducere PNL: Gheorghe Falc\u0103 \u0219i Marilen Pirtea, propu\u0219i de Regiunea Vest<\/a><\/h3>\n<\/div>\n<\/div>\n<\/div>\n<\/div>\n<\/div>\n<div class=\"tdb-author-box td_block_wrap tdb_single_author_box tdi_68 tdb-content-vert-top td-pb-border-top td_block_template_1\" data-td-block-uid=\"tdi_68\">\n<div class=\"tdb-block-inner td-fix-index\">\n<div class=\"tdb-author-info\"><a href=\"https:\/\/voceatimisului.ro\/author\/cataadmin\/\" class=\"tdb-author-name\">Radu Constantin<\/a><a href=\"http:\/\/www.voceatimisului.ro\" rel=\"nofollow\" class=\"tdb-author-url\">http:\/\/www.voceatimisului.ro<\/a><\/p>\n<div class=\"tdb-author-descr\">\u00centreaga responsabilitate a comentariilor l\u0103sate de dumneavoastr\u0103 v\u0103 apar\u021bine!<br \/>\nClick <a href=\"https:\/\/voceatimisului.ro\/termeni-si-conditii\/\">aici<\/a>-citeste condi\u0163iile de utilizare ale site-ului www.voceatimisului.ro<\/div>\n<\/div>\n<\/div>\n<\/div>\n<\/div>\n<\/div>\n<\/div>\n<div class=\"vc_column_inner tdi_70  wpb_column vc_column_container tdc-inner-column td-pb-span8\">\n<div class=\"vc_column-inner\">\n<div class=\"wpb_wrapper\">\n<div class=\"td_block_wrap tdb_single_content tdi_71 td-pb-border-top td_block_template_1 td-post-content tagdiv-type\" data-td-block-uid=\"tdi_71\">\n<div class=\"tdb-block-inner td-fix-index\">\n<h2 class=\"wp-block-heading\">Raul Olajos a fost prezentat joi \u00een cadrul unei conferin\u021be de pres\u0103 a PNL Timi\u0219oara, la care au participat vicepre\u0219edintele Consiliului Jude\u021bean Timi\u0219, Alin Popoviciu, \u0219i liderii filialei liberale din Timi\u0219oara. Fost lider al USR PLUS Timi\u0219 \u0219i unul dintre vocile critice din politica local\u0103, Olajos a explicat c\u0103 intrarea sa \u00een PNL nu este oportunist\u0103, ci motivat\u0103 de nevoia unei reforme reale \u00een administra\u021bie \u0219i de \u00eencrederea \u00een direc\u021bia dat\u0103 partidului de noul pre\u0219edinte, Ilie Bolojan.<\/h2>\n<p><strong><em>\u201eNu vin \u00eentr-o perioad\u0103 de alegeri ca s\u0103 fiu pus pe o list\u0103, nu vin pe o func\u021bie, pe un post. Vin \u00eentr-un moment \u00een care PNL-ul nu este neap\u0103rat \u00een gloria cifrelor jude\u021bene \u0219i locale. Am muncit toat\u0103 via\u021ba \u00een zona politic\u0103, sper s\u0103 am oportunitatea s\u0103 ajut a\u0219a cum decide organiza\u021bia\u201d,<\/em><\/strong> a declarat Raul Olajos, men\u021bion\u00e2nd c\u0103 \u0219i-a luat o pauz\u0103 lung\u0103 de la politic\u0103 dup\u0103 excluderea sa din USR \u0219i rezultatele slabe ob\u021binute la alegerile locale.<\/p>\n<p>Fost coordonator al filialei PLUS \u0219i lider al grupului USR PLUS din Consiliul Jude\u021bean, Olajos a explicat c\u0103 decizia sa vine \u00een urma unor discu\u021bii consistente cu liderii PNL Timi\u0219 \u0219i c\u0103 respectul fa\u021b\u0103 de modelul administrativ implementat de Bolojan \u00een Bihor a contat decisiv.<\/p>\n<p><strong><em>\u201eNu exist\u0103 alternativ\u0103 f\u0103r\u0103 reform\u0103. Am fost impresionat de eficien\u021ba \u0219i profesionalizarea cu care a fost gestionat jude\u021bul Bihor. Sper s\u0103 pot contribui \u0219i eu, cu modestie \u0219i bun sim\u021b, \u00een zona mea de expertiz\u0103: financiar\u0103, economic\u0103 \u0219i managerial\u0103\u201d,<\/em><\/strong> a spus Olajos, ad\u0103ug\u00e2nd c\u0103 f\u0103r\u0103 o reorganizare profund\u0103 a partidelor politice, reforma statului nu va fi posibil\u0103.<\/p>\n<p>Liderii PNL Timi\u0219 au salutat venirea lui Raul Olajos \u00een echip\u0103, consider\u00e2nd c\u0103 experien\u021ba \u0219i expertiza sa vor aduce un plus de valoare \u00eentr-un moment \u00een care partidul are nevoie de consolidare \u0219i recredibilizare. <strong><em>\u201eSunt convins c\u0103 pozi\u021biile \u0219i ideile lui Raul vor conta \u00een interiorul partidului \u0219i vor aduce o valoare ad\u0103ugat\u0103 nou\u0103 tuturor\u201d,<\/em><\/strong> a transmis Marilen Pirtea.<\/p>\n<figure class=\"wp-block-embed is-type-video is-provider-youtube wp-block-embed-youtube wp-embed-aspect-16-9 \">\n<div class=\"wp-block-embed__wrapper\"><span class=\"flying-press-youtube\" data-src=\"https:\/\/www.youtube.com\/embed\/dHF7qs4YiG4?feature=oembed&amp;autoplay=1\"><img decoding=\"async\" src=\"https:\/\/analyse.optim.biz\/wp-content\/uploads\/2025\/12\/b1eb53feca5446313aeeb3a5f0a900e5.jpg\" width=\"1280\" height=\"720\" alt=\"Raul Olajos a trecut la PNL Timi\u0219. Fostul lider USR PLUS spune c\u0103 \u201enu vine pentru o func\u021bie\u201d\" loading=\"lazy\" title=\"b1eb53feca5446313aeeb3a5f0a900e5\"><\/span><\/div>\n<\/figure>\n<\/div>\n<\/div>\n<div class=\"td_block_wrap tdb_single_tags tdi_74 td-pb-border-top td_block_template_1\" data-td-block-uid=\"tdi_74\">\n<div class=\"tdb-block-inner td-fix-index\">\n<ul class=\"tdb-tags\">\n<li><span>Tags<\/span><\/li>\n<li><a href=\"https:\/\/voceatimisului.ro\/tag\/alin-popoviciu\/\">alin popoviciu<\/a><\/li>\n<li><a href=\"https:\/\/voceatimisului.ro\/tag\/marilen-pirtea\/\">marilen pirtea<\/a><\/li>\n<li><a href=\"https:\/\/voceatimisului.ro\/tag\/pnl-timis-2\/\">PNL Timi\u0219<\/a><\/li>\n<li><a href=\"https:\/\/voceatimisului.ro\/tag\/raul-olajos\/\">Raul Olajos<\/a><\/li>\n<\/ul>\n<\/div>\n<\/div>\n<div class=\"td_block_wrap tdb_single_post_share tdi_75  td-pb-border-top td_block_template_1\" data-td-block-uid=\"tdi_75\">\n<div id=\"tdi_75\" class=\"td-post-sharing tdb-block td-ps-bg td-ps-notext td-post-sharing-style1 \">\n<div class=\"td-post-sharing-visible\"><a class=\"td-social-sharing-button td-social-sharing-button-js td-social-network td-social-facebook\" href=\"https:\/\/www.facebook.com\/sharer.php?u=https%3A%2F%2Fvoceatimisului.ro%2Fraul-olajos-a-trecut-la-pnl-timis-fostul-lider-usr-plus-spune-ca-nu-vine-pentru-o-functie%2F\" title=\"Facebook\" rel=\"noopener\"><\/p>\n<div class=\"td-social-but-text\">Facebook<\/div>\n<p><\/a><a class=\"td-social-sharing-button td-social-sharing-button-js td-social-network td-social-twitter\" href=\"https:\/\/twitter.com\/intent\/tweet?text=Raul+Olajos+a+trecut+la+PNL+Timi%C8%99.+Fostul+lider+USR+PLUS+spune+c%C4%83+%E2%80%9Enu+vine+pentru+o+func%C8%9Bie%E2%80%9D&amp;url=https%3A%2F%2Fvoceatimisului.ro%2Fraul-olajos-a-trecut-la-pnl-timis-fostul-lider-usr-plus-spune-ca-nu-vine-pentru-o-functie%2F&amp;via=Vocea+Timisului\" title=\"Twitter\" rel=\"noopener\"><\/p>\n<div class=\"td-social-but-text\">Twitter<\/div>\n<p><\/a><a class=\"td-social-sharing-button td-social-sharing-button-js td-social-network td-social-pinterest\" href=\"https:\/\/pinterest.com\/pin\/create\/button\/?url=https:\/\/voceatimisului.ro\/raul-olajos-a-trecut-la-pnl-timis-fostul-lider-usr-plus-spune-ca-nu-vine-pentru-o-functie\/&amp;media=https:\/\/voceatimisului.ro\/wp-content\/uploads\/2025\/07\/Raul-Olajos-scaled.jpg&amp;description=Raul+Olajos+a+trecut+la+PNL+Timi%C8%99.+Fostul+lider+USR+PLUS+spune+c%C4%83+%E2%80%9Enu+vine+pentru+o+func%C8%9Bie%E2%80%9D\" title=\"Pinterest\" rel=\"noopener\"><\/p>\n<div class=\"td-social-but-text\">Pinterest<\/div>\n<p><\/a><a class=\"td-social-sharing-button td-social-sharing-button-js td-social-network td-social-whatsapp\" href=\"https:\/\/api.whatsapp.com\/send?text=Raul+Olajos+a+trecut+la+PNL+Timi%C8%99.+Fostul+lider+USR+PLUS+spune+c%C4%83+%E2%80%9Enu+vine+pentru+o+func%C8%9Bie%E2%80%9D%20%0A%0A%20https:\/\/voceatimisului.ro\/raul-olajos-a-trecut-la-pnl-timis-fostul-lider-usr-plus-spune-ca-nu-vine-pentru-o-functie\/\" title=\"WhatsApp\" rel=\"noopener\"><\/p>\n<div class=\"td-social-but-text\">WhatsApp<\/div>\n<p><\/a><a class=\"td-social-sharing-button td-social-sharing-button-js td-social-network td-social-linkedin\" href=\"https:\/\/www.linkedin.com\/shareArticle?mini=true&amp;url=https:\/\/voceatimisului.ro\/raul-olajos-a-trecut-la-pnl-timis-fostul-lider-usr-plus-spune-ca-nu-vine-pentru-o-functie\/&amp;title=Raul+Olajos+a+trecut+la+PNL+Timi%C8%99.+Fostul+lider+USR+PLUS+spune+c%C4%83+%E2%80%9Enu+vine+pentru+o+func%C8%9Bie%E2%80%9D\" title=\"Linkedin\" rel=\"noopener\"><\/p>\n<div class=\"td-social-but-text\">Linkedin<\/div>\n<p><\/a><a class=\"td-social-sharing-button td-social-sharing-button-js td-social-network td-social-copy_url\" href=\"https:\/\/voceatimisului.ro\/raul-olajos-a-trecut-la-pnl-timis-fostul-lider-usr-plus-spune-ca-nu-vine-pentru-o-functie\/\" title=\"Copy URL\" rel=\"noopener\"><\/p>\n<div class=\"td-social-but-text\">Copy URL<\/div>\n<p><\/a><\/div>\n<\/div>\n<\/div>\n<div class=\"td_block_wrap tdb_single_next_prev tdi_76 td-animation-stack td-next-prev-img-on td-pb-border-top td_block_template_1\" data-td-block-uid=\"tdi_76\">\n<div class=\"tdb-block-inner td-fix-index\">\n<div class=\"tdb-next-post tdb-next-post-bg tdb-post-prev\"><span>Articolul precedent<\/span><\/p>\n<div class=\"td-module-container\">\n<div class=\"td-image-container\"><a class=\"td-image-wrap\" href=\"https:\/\/voceatimisului.ro\/alfred-simonis-22-de-milioane-de-lei-pentru-finalizarea-salii-polivalente-din-timisoara-parteneriat-cu-politehnica-si-primaria\/\"><img loading=\"lazy\" decoding=\"async\" class=\"td-next-prev-image td-fix-index td-lazy-img\" title=\"Alfred Simonis: 22 de milioane de lei pentru finalizarea s\u0103lii polivalente din Timi\u0219oara. Parteneriat cu Politehnica \u0219i Prim\u0103ria\" width=\"696\" height=\"392\" src=\"https:\/\/analyse.optim.biz\/wp-content\/uploads\/2025\/12\/alfred-simonis-22-de-milioane-de-lei-pentru-finalizarea-salii-polivalente-din-timisoara-696x392-1.png\"><\/a><\/div>\n<div class=\"next-prev-title\"><a href=\"https:\/\/voceatimisului.ro\/alfred-simonis-22-de-milioane-de-lei-pentru-finalizarea-salii-polivalente-din-timisoara-parteneriat-cu-politehnica-si-primaria\/\">Alfred Simonis: 22 de milioane de lei pentru finalizarea s\u0103lii polivalente din Timi\u0219oara. Parteneriat cu Politehnica \u0219i Prim\u0103ria<\/a><\/div>\n<\/div>\n<\/div>\n<div class=\"tdb-next-post tdb-next-post-bg tdb-post-next\"><span>Articolul urm\u0103tor<\/span><\/p>\n<div class=\"td-module-container\">\n<div class=\"td-image-container\"><a class=\"td-image-wrap\" href=\"https:\/\/voceatimisului.ro\/concerte-gratuite-in-timisoara-3-sud-est-si-abra-canta-live-la-bastionul-theresia\/\"><img loading=\"lazy\" decoding=\"async\" class=\"td-next-prev-image td-fix-index td-lazy-img\" title=\"Concerte gratuite \u00een Timi\u0219oara: 3 Sud Est \u0219i Abra c\u00e2nt\u0103 live la Bastionul Theresia\" width=\"696\" height=\"870\" src=\"https:\/\/analyse.optim.biz\/wp-content\/uploads\/2025\/12\/3-sud-est-si-abra-canta-live-la-bastionul-theresia2-696x870-1.jpg\"><\/a><\/div>\n<div class=\"next-prev-title\"><a href=\"https:\/\/voceatimisului.ro\/concerte-gratuite-in-timisoara-3-sud-est-si-abra-canta-live-la-bastionul-theresia\/\">Concerte gratuite \u00een Timi\u0219oara: 3 Sud Est \u0219i Abra c\u00e2nt\u0103 live la Bastionul Theresia<\/a><\/div>\n<\/div>\n<\/div>\n<\/div>\n<\/div>\n<\/div>\n<\/div>\n<\/div>\n<\/div>\n<div class=\"vc_row_inner tdi_86  vc_row vc_inner wpb_row td-pb-row\">\n<div class=\"vc_column_inner tdi_88  wpb_column vc_column_container tdc-inner-column td-pb-span4 td-is-sticky\">\n<div class=\"vc_column-inner\">\n<div class=\"wpb_wrapper\" data-sticky-enabled-on=\"W3RydWUsdHJ1ZSx0cnVlLHRydWVd\" data-sticky-offset=\"20\" data-sticky-is-width-auto=\"W2ZhbHNlLGZhbHNlLGZhbHNlLGZhbHNlXQ==\">\n<div class=\"td_block_wrap tdb_single_related tdi_89 td_with_ajax_pagination td-pb-border-top td_block_template_1 tdb-single-related-posts\" data-td-block-uid=\"tdi_89\">\n<div id=\"tdi_89\" class=\"td_block_inner tdb-block-inner td-fix-index\">\n<div class=\"tdb_module_related td_module_wrap td-animation-stack td-meta-info-hide\">\n<div class=\"td-module-container td-category-pos-image\">\n<div class=\"td-module-meta-info\">\n<h3 class=\"entry-title td-module-title\"><a href=\"https:\/\/voceatimisului.ro\/alin-popoviciu-apel-catre-autoritati-trotinetele-si-bicicletele-electrice-sunt-un-pericol-copiii-circula-ilegal-cu-70-km-h\/\" rel=\"bookmark\" title=\"Alin Popoviciu, apel c\u0103tre autorit\u0103\u021bi: \u201eTrotinetele \u0219i bicicletele electrice sunt un pericol. Copiii circul\u0103 ilegal cu 70 km\/h!\u201d\">Alin Popoviciu, apel c\u0103tre autorit\u0103\u021bi: \u201eTrotinetele \u0219i bicicletele electrice sunt un pericol. Copiii circul\u0103 ilegal cu 70 km\/h!\u201d<\/a><\/h3>\n<\/div>\n<\/div>\n<\/div>\n<div class=\"tdb_module_related td_module_wrap td-animation-stack td-meta-info-hide\">\n<div class=\"td-module-container td-category-pos-image\">\n<div class=\"td-module-meta-info\">\n<h3 class=\"entry-title td-module-title\"><a href=\"https:\/\/voceatimisului.ro\/marilen-pirtea-consilier-onorific-al-premierului-ilie-bolojan-pe-educatie-si-cercetare\/\" rel=\"bookmark\" title=\"Marilen Pirtea, consilier onorific al premierului Ilie Bolojan pe educa\u021bie \u0219i cercetare\">Marilen Pirtea, consilier onorific al premierului Ilie Bolojan pe educa\u021bie \u0219i cercetare<\/a><\/h3>\n<\/div>\n<\/div>\n<\/div>\n<div class=\"tdb_module_related td_module_wrap td-animation-stack td-meta-info-hide\">\n<div class=\"td-module-container td-category-pos-image\">\n<div class=\"td-module-meta-info\">\n<h3 class=\"entry-title td-module-title\"><a href=\"https:\/\/voceatimisului.ro\/blat-total-dominic-fritz-are-asigurat-al-doilea-mandat-in-fruntea-primariei-timisoara-odata-cu-iminenta-debarcare-a-presedintelui-alin-nica-din-fruntea-pnl-timis\/\" rel=\"bookmark\" title=\"Blat total! Dominic Fritz are asigurat al doilea mandat \u00een fruntea Prim\u0103riei Timi\u0219oara, odat\u0103 cu iminenta debarcare a pre\u0219edintelui Alin Nica din fruntea PNL Timi\u0219\u00a0\">Blat total! Dominic Fritz are asigurat al doilea mandat \u00een fruntea Prim\u0103riei Timi\u0219oara, odat\u0103 cu iminenta debarcare a pre\u0219edintelui Alin Nica din fruntea PNL&#8230;<\/a><\/h3>\n<\/div>\n<\/div>\n<\/div>\n<\/div>\n<\/div>\n<\/div>\n<\/div>\n<\/div>\n<div class=\"vc_column_inner tdi_91  wpb_column vc_column_container tdc-inner-column td-pb-span8\">\n<div class=\"vc_column-inner\">\n<div class=\"wpb_wrapper\">\n<div class=\"td_block_wrap tdb_single_comments tdi_92 tdb-comm-layout2 td-pb-border-top td_block_template_2\" data-td-block-uid=\"tdi_92\">\n<div class=\"tdb-block-inner td-fix-index\">\n<div class=\"comments\" id=\"comments\">\n<div id=\"respond\" class=\"comment-respond\">\n<h3 id=\"reply-title\" class=\"comment-reply-title\">L\u0102SA\u021aI UN MESAJ <small><a rel=\"nofollow\" id=\"cancel-comment-reply-link\" href=\"https:\/\/voceatimisului.ro\/raul-olajos-a-trecut-la-pnl-timis-fostul-lider-usr-plus-spune-ca-nu-vine-pentru-o-functie\/#respond\">Renun\u021ba\u021bi la r\u0103spuns<\/a><\/small><\/h3>\n<div class=\"comment-form-input-wrap td-form-comment\">\n<div class=\"td-warning-comment\">V\u0103 rug\u0103m s\u0103 introduce\u021bi comentariul dvs.!<\/div>\n<\/div>\n<div class=\"comment-form-input-wrap td-form-author\">\n<div class=\"td-warning-author\">Introduce\u021bi aici numele dvs.<\/div>\n<\/div>\n<div class=\"comment-form-input-wrap td-form-email\">\n<div class=\"td-warning-email-error\">A\u021bi introdus o adres\u0103 de e-mail incorect\u0103!<\/div>\n<div class=\"td-warning-email\">V\u0103 rug\u0103m s\u0103 introduce\u021bi adresa dvs. de e-mail aici<\/div>\n<\/div>\n<\/div>\n<\/div>\n<\/div>\n<\/div>\n<\/div>\n<\/div>\n<\/div>\n<\/div>\n<\/div>\n<\/div>\n<div class=\"vc_column tdi_94  wpb_column vc_column_container tdc-column td-pb-span4 td-is-sticky\">\n<div class=\"wpb_wrapper\" data-sticky-enabled-on=\"W3RydWUsdHJ1ZSx0cnVlLHRydWVd\" data-sticky-offset=\"20\" data-sticky-is-width-auto=\"W2ZhbHNlLGZhbHNlLGZhbHNlLGZhbHNlXQ==\">\n<div class=\"vc_row_inner tdi_96  vc_row vc_inner wpb_row td-pb-row\">\n<div class=\"vc_column_inner tdi_98  wpb_column vc_column_container tdc-inner-column td-pb-span12\">\n<div class=\"vc_column-inner\">\n<div class=\"wpb_wrapper\">\n<div class=\"td_block_wrap td_block_title tdi_99 td-pb-border-top td_block_template_11 td-fix-index\" data-td-block-uid=\"tdi_99\">\n<div class=\"td-block-title-wrap\">\n<h4 class=\"td-block-title\"><span class=\"td-pulldown-size\">ANUN\u021aURI \u0218I PUBLICITATE<\/span><\/h4>\n<\/div>\n<\/div>\n<\/div>\n<\/div>\n<\/div>\n<\/div>\n<div class=\"wpb_wrapper td_block_wrap vc_widget_sidebar tdi_101 \">\n<aside id=\"block-10\" class=\"td_block_template_1 widget block-10 widget_block widget_media_image\">\n<figure class=\"wp-block-image size-full\"><a href=\"https:\/\/adpghiroda.ro\/index.html\" target=\"_blank\" rel=\" noreferrer noopener\"><img decoding=\"async\" loading=\"eager\" width=\"960\" height=\"960\" src=\"https:\/\/analyse.optim.biz\/wp-content\/uploads\/2025\/12\/adp-ghiroda2-142-1.jpg\" class=\"wp-image-171492\" title=\"adp-ghiroda2-142-1\"><\/a><\/figure>\n<\/aside>\n<aside id=\"block-11\" class=\"td_block_template_1 widget block-11 widget_block widget_media_image\">\n<figure class=\"wp-block-image size-full\"><a href=\"https:\/\/adpghiroda.ro\/index.html\" target=\"_blank\" rel=\" noreferrer noopener\"><img decoding=\"async\" loading=\"eager\" width=\"960\" height=\"960\" src=\"https:\/\/analyse.optim.biz\/wp-content\/uploads\/2025\/12\/adp-ghiroda1-133.jpg\" class=\"wp-image-171491\" title=\"adp-ghiroda1-133\"><\/a><\/figure>\n<\/aside>\n<aside id=\"block-17\" class=\"td_block_template_1 widget block-17 widget_block widget_media_image\">\n<figure class=\"wp-block-image size-large is-resized\"><a href=\"https:\/\/verde.events\/\" target=\"_blank\" rel=\" noreferrer noopener\"><img decoding=\"async\" loading=\"lazy\" width=\"1024\" height=\"683\" src=\"https:\/\/analyse.optim.biz\/wp-content\/uploads\/2025\/12\/verde-events-24-1024x683-133.jpg\" alt=\"Verde Events\" class=\"wp-image-174395\" title=\"verde-events-24-1024x683-133\"><\/a><figcaption class=\"wp-element-caption\"><strong><em>O experien\u021b\u0103 unic\u0103 pentru orice tip de eveniment<\/em><\/strong><\/figcaption><\/figure>\n<\/aside>\n<\/div>\n<div class=\"td_block_wrap td_flex_block_1 tdi_107 td-pb-border-top td_block_template_1 td_ajax_preloading_preload td_flex_block\" data-td-block-uid=\"tdi_107\">\n<div id=\"tdi_107\" class=\"td_block_inner td-mc1-wrap\">\n<div class=\"td_module_flex td_module_flex_1 td_module_wrap td-animation-stack td-meta-info-hide td-cpt-post\">\n<div class=\"td-module-container td-category-pos-image\">\n<div class=\"td-module-meta-info\">\n<h3 class=\"entry-title td-module-title\"><a href=\"https:\/\/voceatimisului.ro\/ca-la-1907-marilen-pirtea-sustinut-de-primari-pnl-atac-devastator-la-garda-pretoriana-a-slugilor-din-ograda-tandemului-alin-nica-danut-groza\/\" rel=\"bookmark\" title=\"Ca la 1907! Marilen Pirtea, sus\u021binut de primari PNL, atac devastator la garda pretorian\u0103 a slugilor din ograda tandemului Alin Nica \u2013 D\u0103nu\u021b Groza\">Ca la 1907! Marilen Pirtea, sus\u021binut de primari PNL, atac devastator la garda pretorian\u0103 a slugilor din ograda tandemului Alin Nica \u2013 D\u0103nu\u021b Groza<\/a><\/h3>\n<\/div>\n<\/div>\n<\/div>\n<div class=\"td_module_flex td_module_flex_1 td_module_wrap td-animation-stack td-meta-info-hide td-cpt-post\">\n<div class=\"td-module-container td-category-pos-image\">\n<div class=\"td-module-meta-info\">\n<h3 class=\"entry-title td-module-title\"><a href=\"https:\/\/voceatimisului.ro\/alin-popoviciu-si-calin-roman-pierd-in-instanta-in-fata-pnl-timis-si-urmeaza-sa-fie-exclusi-din-partid\/\" rel=\"bookmark\" title=\"Alin Popoviciu \u0219i C\u0103lin Roman pierd \u00een instan\u021b\u0103 \u00een fa\u021ba PNL Timi\u0219 \u0219i urmeaz\u0103 s\u0103 fie exclu\u0219i din partid!\">Alin Popoviciu \u0219i C\u0103lin Roman pierd \u00een instan\u021b\u0103 \u00een fa\u021ba PNL Timi\u0219 \u0219i urmeaz\u0103 s\u0103 fie exclu\u0219i din partid!<\/a><\/h3>\n<\/div>\n<\/div>\n<\/div>\n<div class=\"td_module_flex td_module_flex_1 td_module_wrap td-animation-stack td-meta-info-hide td-cpt-post\">\n<div class=\"td-module-container td-category-pos-image\">\n<div class=\"td-module-meta-info\">\n<h3 class=\"entry-title td-module-title\"><a href=\"https:\/\/voceatimisului.ro\/ca-n-basme-spectaculoasa-achizitie-a-pensiunii-turistice-sus-in-deal-din-garana-de-catre-universitatea-de-vest-timisoara-a-trezit-interesul-dna\/\" rel=\"bookmark\" title=\"Ca-n basme! Spectaculoasa achizi\u021bie a pensiunii turistice \u201dSus \u00een deal\u201d din G\u0103r\u00e2na de c\u0103tre Universitatea de Vest Timi\u0219oara a trezit interesul DNA\">Ca-n basme! Spectaculoasa achizi\u021bie a pensiunii turistice \u201dSus \u00een deal\u201d din G\u0103r\u00e2na de c\u0103tre Universitatea de Vest Timi\u0219oara a trezit interesul DNA<\/a><\/h3>\n<\/div>\n<\/div>\n<\/div>\n<div class=\"td_module_flex td_module_flex_1 td_module_wrap td-animation-stack td-meta-info-hide td-cpt-post\">\n<div class=\"td-module-container td-category-pos-image\">\n<div class=\"td-module-meta-info\">\n<h3 class=\"entry-title td-module-title\"><a href=\"https:\/\/voceatimisului.ro\/urare-cu-iz-ironic-din-partea-psd-timis-inaintea-alegerilor-din-pnl-timis-pentru-alin-nica\/\" rel=\"bookmark\" title=\"Urare cu iz ironic din partea PSD Timi\u0219, \u00eenaintea alegerilor din PNL Timi\u0219, pentru Alin Nica!\">Urare cu iz ironic din partea PSD Timi\u0219, \u00eenaintea alegerilor din PNL Timi\u0219, pentru Alin Nica!<\/a><\/h3>\n<\/div>\n<\/div>\n<\/div>\n<div class=\"td_module_flex td_module_flex_1 td_module_wrap td-animation-stack td-meta-info-hide td-cpt-post\">\n<div class=\"td-module-container td-category-pos-image\">\n<div class=\"td-module-meta-info\">\n<h3 class=\"entry-title td-module-title\"><a href=\"https:\/\/voceatimisului.ro\/prea-ca-la-tara-alin-nica-merge-dupa-fenta-si-instituie-tribunale-politico-populare-ca-sa-i-pedepseasca-pe-infideli\/\" rel=\"bookmark\" title=\"Prea ca la \u021bar\u0103! Alin Nica merge dup\u0103 fent\u0103 \u0219i instituie tribunale politico-populare ca s\u0103-i pedepseasc\u0103 pe infideli\">Prea ca la \u021bar\u0103! Alin Nica merge dup\u0103 fent\u0103 \u0219i instituie tribunale politico-populare ca s\u0103-i pedepseasc\u0103 pe infideli<\/a><\/h3>\n<\/div>\n<\/div>\n<\/div>\n<\/div>\n<\/div>\n<\/div>\n<\/div>\n<\/div>\n<\/div>\n<\/div>\n<\/div>\n<p><span class=\"td-page-meta\"><\/span><span class=\"td-page-meta\"><span class=\"td-page-meta\"><\/span><\/span><span class=\"td-page-meta\"><\/span><\/article>\n<p> Source URL: https:\/\/voceatimisului.ro\/raul-olajos-a-trecut-la-pnl-timis-fostul-lider-usr-plus-spune-ca-nu-vine-pentru-o-functie\/<\/p>\n","protected":false},"excerpt":{"rendered":"<p>\u0218tiriPolitic\u0103 Raul Olajos a trecut la PNL Timi\u0219. Fostul lider USR PLUS spune c\u0103 \u201enu vine pentru o func\u021bie\u201d Raul Olajos, fost copre\u0219edinte al USR PLUS Timi\u0219 \u0219i ex-candidat la Prim\u0103ria Timi\u0219oara, s-a al\u0103turat oficial PNL Timi\u0219oara, declar\u00e2nd c\u0103 nu revine \u00een politic\u0103 pentru func\u021bii, ci din convingere \u0219i \u00eencredere \u00een proiectul de reform\u0103 promovat [&hellip;]<\/p>\n","protected":false},"author":1,"featured_media":1201426,"comment_status":"open","ping_status":"","sticky":false,"template":"","format":"standard","meta":{"footnotes":""},"categories":[89],"tags":[199],"class_list":["post-1201425","post","type-post","status-publish","format-standard","has-post-thumbnail","hentry","category-romania","tag-voceatimisului-ro"],"_links":{"self":[{"href":"https:\/\/analyse.optim.biz\/index.php?rest_route=\/wp\/v2\/posts\/1201425","targetHints":{"allow":["GET"]}}],"collection":[{"href":"https:\/\/analyse.optim.biz\/index.php?rest_route=\/wp\/v2\/posts"}],"about":[{"href":"https:\/\/analyse.optim.biz\/index.php?rest_route=\/wp\/v2\/types\/post"}],"author":[{"embeddable":true,"href":"https:\/\/analyse.optim.biz\/index.php?rest_route=\/wp\/v2\/users\/1"}],"replies":[{"embeddable":true,"href":"https:\/\/analyse.optim.biz\/index.php?rest_route=%2Fwp%2Fv2%2Fcomments&post=1201425"}],"version-history":[{"count":0,"href":"https:\/\/analyse.optim.biz\/index.php?rest_route=\/wp\/v2\/posts\/1201425\/revisions"}],"wp:featuredmedia":[{"embeddable":true,"href":"https:\/\/analyse.optim.biz\/index.php?rest_route=\/wp\/v2\/media\/1201426"}],"wp:attachment":[{"href":"https:\/\/analyse.optim.biz\/index.php?rest_route=%2Fwp%2Fv2%2Fmedia&parent=1201425"}],"wp:term":[{"taxonomy":"category","embeddable":true,"href":"https:\/\/analyse.optim.biz\/index.php?rest_route=%2Fwp%2Fv2%2Fcategories&post=1201425"},{"taxonomy":"post_tag","embeddable":true,"href":"https:\/\/analyse.optim.biz\/index.php?rest_route=%2Fwp%2Fv2%2Ftags&post=1201425"}],"curies":[{"name":"wp","href":"https:\/\/api.w.org\/{rel}","templated":true}]}}