{"id":1201404,"date":"2025-07-05T13:52:54","date_gmt":"2025-07-05T10:52:54","guid":{"rendered":"https:\/\/analyse.optim.biz\/?p=1201404"},"modified":"2025-07-05T13:52:54","modified_gmt":"2025-07-05T10:52:54","slug":"alin-popoviciu-apel-catre-autoritati-trotinetele-si-bicicletele-electrice-sunt-un-pericol-copiii-circula-ilegal-cu-70-km-h","status":"publish","type":"post","link":"https:\/\/analyse.optim.biz\/?p=1201404","title":{"rendered":"Alin Popoviciu, apel c\u0103tre autorit\u0103\u021bi: \u201eTrotinetele \u0219i bicicletele electrice sunt un pericol. Copiii circul\u0103 ilegal cu 70 km\/h!\u201d"},"content":{"rendered":"<article id=\"template-id-172790\" class=\"post-172790 tdb_templates type-tdb_templates status-publish post\">\n<div id=\"tdi_38\" class=\"tdc-zone\">\n<div class=\"tdc_zone tdi_39  wpb_row td-pb-row\">\n<div id=\"tdi_40\" class=\"tdc-row stretch_row_1400 td-stretch-content\">\n<div class=\"vc_row tdi_41  wpb_row td-pb-row tdc-element-style\">\n<div class=\"vc_column tdi_43  wpb_column vc_column_container tdc-column td-pb-span8\">\n<div class=\"wpb_wrapper\">\n<div class=\"td_block_wrap tdb_single_categories tdi_44 td-pb-border-top td_block_template_1 \" data-td-block-uid=\"tdi_44\">\n<div class=\"tdb-category td-fix-index\"><a class=\"tdb-entry-category\" href=\"https:\/\/voceatimisului.ro\/stiri-din-timisoara-si-timis\/\">\u0218tiri<\/a><a class=\"tdb-entry-category\" href=\"https:\/\/voceatimisului.ro\/stiri-din-timisoara-si-timis\/politica\/\">Politic\u0103<\/a><\/div>\n<\/div>\n<div class=\"td_block_wrap tdb_title tdi_45 tdb-single-title td-pb-border-top td_block_template_1\" data-td-block-uid=\"tdi_45\">\n<div class=\"tdb-block-inner td-fix-index\">\n<h1 class=\"tdb-title-text\">Alin Popoviciu, apel c\u0103tre autorit\u0103\u021bi: \u201eTrotinetele \u0219i bicicletele electrice sunt un pericol. Copiii circul\u0103 ilegal cu 70 km\/h!\u201d<\/h1>\n<\/div>\n<\/div>\n<div class=\"td_block_wrap tdb_single_subtitle tdi_46 td-pb-border-top td_block_template_1\" data-td-block-uid=\"tdi_46\">\n<div class=\"tdb-block-inner td-fix-index\">\n<h2>Vicepre\u0219edintele Consiliului Jude\u021bean Timi\u0219 anun\u021b\u0103 controale, dosare penale \u0219i m\u0103suri concrete dup\u0103 mai multe accidente implic\u00e2nd trotinete \u0219i biciclete electrice de tip Sur-Ron. Se preg\u0103te\u0219te o modificare legislativ\u0103 \u0219i o re\u021bea de 536 km de piste pentru biciclete.<\/h2>\n<\/div>\n<\/div>\n<div class=\"vc_row_inner tdi_48  vc_row vc_inner wpb_row td-pb-row\">\n<div class=\"vc_column_inner tdi_50  wpb_column vc_column_container tdc-inner-column td-pb-span6\">\n<div class=\"vc_column-inner\">\n<div class=\"wpb_wrapper\">\n<div class=\"td_block_wrap tdb_single_author tdi_51 td-pb-border-top td_block_template_1 tdb-post-meta\" data-td-block-uid=\"tdi_51\">\n<div class=\"tdb-block-inner td-fix-index\">\n<div class=\"tdb-author-name-wrap\"><span class=\"tdb-author-by\">Autor-<\/span><a class=\"tdb-author-name\" href=\"https:\/\/voceatimisului.ro\/author\/cataadmin\/\">Radu Constantin<\/a><\/div>\n<\/div>\n<\/div>\n<div class=\"td_block_wrap tdb_single_date tdi_52 td-pb-border-top td_block_template_1 tdb-post-meta\" data-td-block-uid=\"tdi_52\">\n<div class=\"tdb-block-inner td-fix-index\"><time class=\"entry-date updated td-module-date\" datetime=\"2025-07-05T16:52:54+03:00\">5 iulie 2025<\/time><\/div>\n<\/div>\n<div class=\"td_block_wrap tdb_single_comments_count tdi_53 td-pb-border-top td_block_template_1 tdb-post-meta\" data-td-block-uid=\"tdi_53\">\n<div class=\"tdb-block-inner td-fix-index\"><a href=\"https:\/\/voceatimisului.ro\/alin-popoviciu-apel-catre-autoritati-trotinetele-si-bicicletele-electrice-sunt-un-pericol-copiii-circula-ilegal-cu-70-km-h\/#respond\"><span>0<\/span><\/a><\/div>\n<\/div>\n<div class=\"td_block_wrap tdb_single_post_views tdi_54 td-pb-border-top td_block_template_1 tdb-post-meta\" data-td-block-uid=\"tdi_54\">\n<div class=\"tdb-block-inner td-fix-index\"><span class=\"tdb-add-text\">1<\/span><span class=\"td-nr-views-173452\">351<\/span><\/div>\n<\/div>\n<\/div>\n<\/div>\n<\/div>\n<div class=\"vc_column_inner tdi_56  wpb_column vc_column_container tdc-inner-column td-pb-span6\">\n<div class=\"vc_column-inner\">\n<div class=\"wpb_wrapper\">\n<div class=\"td_block_wrap tdb_single_post_share tdi_57  td-pb-border-top td_block_template_1\" data-td-block-uid=\"tdi_57\">\n<div id=\"tdi_57\" class=\"td-post-sharing tdb-block td-ps-bg td-ps-notext td-post-sharing-style1 \">\n<div class=\"td-post-sharing-visible\"><a class=\"td-social-sharing-button td-social-sharing-button-js td-social-network td-social-facebook\" href=\"https:\/\/www.facebook.com\/sharer.php?u=https%3A%2F%2Fvoceatimisului.ro%2Falin-popoviciu-apel-catre-autoritati-trotinetele-si-bicicletele-electrice-sunt-un-pericol-copiii-circula-ilegal-cu-70-km-h%2F\" title=\"Facebook\" rel=\"noopener\"><\/p>\n<div class=\"td-social-but-text\">Facebook<\/div>\n<p><\/a><a class=\"td-social-sharing-button td-social-sharing-button-js td-social-network td-social-twitter\" href=\"https:\/\/twitter.com\/intent\/tweet?text=Alin+Popoviciu%2C+apel+c%C4%83tre+autorit%C4%83%C8%9Bi%3A+%E2%80%9ETrotinetele+%C8%99i+bicicletele+electrice+sunt+un+pericol.+Copiii+circul%C4%83+ilegal+cu+70+km%2Fh%21%E2%80%9D&amp;url=https%3A%2F%2Fvoceatimisului.ro%2Falin-popoviciu-apel-catre-autoritati-trotinetele-si-bicicletele-electrice-sunt-un-pericol-copiii-circula-ilegal-cu-70-km-h%2F&amp;via=Vocea+Timisului\" title=\"Twitter\" rel=\"noopener\"><\/p>\n<div class=\"td-social-but-text\">Twitter<\/div>\n<p><\/a><a class=\"td-social-sharing-button td-social-sharing-button-js td-social-network td-social-pinterest\" href=\"https:\/\/pinterest.com\/pin\/create\/button\/?url=https:\/\/voceatimisului.ro\/alin-popoviciu-apel-catre-autoritati-trotinetele-si-bicicletele-electrice-sunt-un-pericol-copiii-circula-ilegal-cu-70-km-h\/&amp;media=https:\/\/analyse.optim.biz\/wp-content\/uploads\/2025\/12\/maxresdefault-34.jpg&amp;description=Alin+Popoviciu%2C+apel+c%C4%83tre+autorit%C4%83%C8%9Bi%3A+%E2%80%9ETrotinetele+%C8%99i+bicicletele+electrice+sunt+un+pericol.+Copiii+circul%C4%83+ilegal+cu+70+km%2Fh%21%E2%80%9D\" title=\"Pinterest\" rel=\"noopener\"><\/p>\n<div class=\"td-social-but-text\">Pinterest<\/div>\n<p><\/a><a class=\"td-social-sharing-button td-social-sharing-button-js td-social-network td-social-whatsapp\" href=\"https:\/\/api.whatsapp.com\/send?text=Alin+Popoviciu%2C+apel+c%C4%83tre+autorit%C4%83%C8%9Bi%3A+%E2%80%9ETrotinetele+%C8%99i+bicicletele+electrice+sunt+un+pericol.+Copiii+circul%C4%83+ilegal+cu+70+km%2Fh%21%E2%80%9D%20%0A%0A%20https:\/\/voceatimisului.ro\/alin-popoviciu-apel-catre-autoritati-trotinetele-si-bicicletele-electrice-sunt-un-pericol-copiii-circula-ilegal-cu-70-km-h\/\" title=\"WhatsApp\" rel=\"noopener\"><\/p>\n<div class=\"td-social-but-text\">WhatsApp<\/div>\n<p><\/a><a class=\"td-social-sharing-button td-social-sharing-button-js td-social-network td-social-linkedin\" href=\"https:\/\/www.linkedin.com\/shareArticle?mini=true&amp;url=https:\/\/voceatimisului.ro\/alin-popoviciu-apel-catre-autoritati-trotinetele-si-bicicletele-electrice-sunt-un-pericol-copiii-circula-ilegal-cu-70-km-h\/&amp;title=Alin+Popoviciu%2C+apel+c%C4%83tre+autorit%C4%83%C8%9Bi%3A+%E2%80%9ETrotinetele+%C8%99i+bicicletele+electrice+sunt+un+pericol.+Copiii+circul%C4%83+ilegal+cu+70+km%2Fh%21%E2%80%9D\" title=\"Linkedin\" rel=\"noopener\"><\/p>\n<div class=\"td-social-but-text\">Linkedin<\/div>\n<p><\/a><a class=\"td-social-sharing-button td-social-sharing-button-js td-social-network td-social-copy_url\" href=\"https:\/\/voceatimisului.ro\/alin-popoviciu-apel-catre-autoritati-trotinetele-si-bicicletele-electrice-sunt-un-pericol-copiii-circula-ilegal-cu-70-km-h\/\" title=\"Copy URL\" rel=\"noopener\"><\/p>\n<div class=\"td-social-but-text\">Copy URL<\/div>\n<p><\/a><\/div>\n<\/div>\n<\/div>\n<\/div>\n<\/div>\n<\/div>\n<\/div>\n<div class=\"td_block_wrap tdb_single_featured_image tdi_58 tdb-content-horiz-left td-pb-border-top td_block_template_1\" data-td-block-uid=\"tdi_58\">\n<div class=\"tdb-block-inner td-fix-index\">\n<figure><img fetchpriority=\"high\" decoding=\"async\" width=\"696\" height=\"392\" class=\"entry-thumb\" src=\"https:\/\/analyse.optim.biz\/wp-content\/uploads\/2025\/12\/maxresdefault-696x392-5.jpg\" alt=\"173452\" title=\"173452\" loading=\"eager\"><figcaption class=\"tdb-caption-text\">173452<\/figcaption><\/figure>\n<\/div>\n<\/div>\n<div class=\"vc_row_inner tdi_60  vc_row vc_inner wpb_row td-pb-row\">\n<div class=\"vc_column_inner tdi_62  wpb_column vc_column_container tdc-inner-column td-pb-span4 td-is-sticky\">\n<div class=\"vc_column-inner\">\n<div class=\"wpb_wrapper\" data-sticky-enabled-on=\"W3RydWUsdHJ1ZSx0cnVlLHRydWVd\" data-sticky-offset=\"20\" data-sticky-is-width-auto=\"W2ZhbHNlLGZhbHNlLGZhbHNlLGZhbHNlXQ==\">\n<div class=\"td_block_wrap td_flex_block_1 tdi_63 td-pb-border-top td_block_template_1 td_ajax_preloading_preload td_flex_block\" data-td-block-uid=\"tdi_63\">\n<div id=\"tdi_63\" class=\"td_block_inner td-mc1-wrap\">\n<div class=\"td_module_flex td_module_flex_1 td_module_wrap td-animation-stack td-meta-info-hide td-cpt-post\">\n<div class=\"td-module-container td-category-pos-image\">\n<div class=\"td-module-meta-info\">\n<h3 class=\"entry-title td-module-title\"><a href=\"https:\/\/voceatimisului.ro\/timis-si-voivodina-pregatesc-proiecte-comune-card-regional-de-sanatate-solutii-pentru-agricultura-si-pista-de-biciclete-transfrontaliera\/\" rel=\"bookmark\" title=\"Timi\u0219 \u0219i Voivodina preg\u0103tesc proiecte comune: card regional de s\u0103n\u0103tate, solu\u021bii pentru agricultur\u0103 \u0219i pist\u0103 de biciclete transfrontalier\u0103\">Timi\u0219 \u0219i Voivodina preg\u0103tesc proiecte comune: card regional de s\u0103n\u0103tate, solu\u021bii pentru agricultur\u0103 \u0219i pist\u0103 de biciclete transfrontalier\u0103<\/a><\/h3>\n<\/div>\n<\/div>\n<\/div>\n<div class=\"td_module_flex td_module_flex_1 td_module_wrap td-animation-stack td-meta-info-hide td-cpt-post\">\n<div class=\"td-module-container td-category-pos-image\">\n<div class=\"td-module-meta-info\">\n<h3 class=\"entry-title td-module-title\"><a href=\"https:\/\/voceatimisului.ro\/530-de-kilometri-de-piste-de-biciclete-in-judetul-timis-prin-cel-mai-mare-proiect-cicloturistic-din-romania\/\" rel=\"bookmark\" title=\"530 de kilometri de piste de biciclete \u00een jude\u021bul Timi\u0219, prin cel mai mare proiect cicloturistic din Rom\u00e2nia\">530 de kilometri de piste de biciclete \u00een jude\u021bul Timi\u0219, prin cel mai mare proiect cicloturistic din Rom\u00e2nia<\/a><\/h3>\n<\/div>\n<\/div>\n<\/div>\n<div class=\"td_module_flex td_module_flex_1 td_module_wrap td-animation-stack td-meta-info-hide td-cpt-post\">\n<div class=\"td-module-container td-category-pos-image\">\n<div class=\"td-module-meta-info\">\n<h3 class=\"entry-title td-module-title\"><a href=\"https:\/\/voceatimisului.ro\/pista-de-biciclete-timisoara-serbia-va-fi-reabilitata-complet-39-de-kilometri-modernizati-foisoare-noi-si-panouri-cu-pompe-de-aer\/\" rel=\"bookmark\" title=\"Pista de biciclete Timi\u0219oara \u2013 Serbia va fi reabilitat\u0103 complet: 39 de kilometri moderniza\u021bi, foi\u0219oare noi \u0219i panouri cu pompe de aer\">Pista de biciclete Timi\u0219oara \u2013 Serbia va fi reabilitat\u0103 complet: 39 de kilometri moderniza\u021bi, foi\u0219oare noi \u0219i panouri cu pompe de aer<\/a><\/h3>\n<\/div>\n<\/div>\n<\/div>\n<div class=\"td_module_flex td_module_flex_1 td_module_wrap td-animation-stack td-meta-info-hide td-cpt-post\">\n<div class=\"td-module-container td-category-pos-image\">\n<div class=\"td-module-meta-info\">\n<h3 class=\"entry-title td-module-title\"><a href=\"https:\/\/voceatimisului.ro\/raul-olajos-a-trecut-la-pnl-timis-fostul-lider-usr-plus-spune-ca-nu-vine-pentru-o-functie\/\" rel=\"bookmark\" title=\"Raul Olajos a trecut la PNL Timi\u0219. Fostul lider USR PLUS spune c\u0103 \u201enu vine pentru o func\u021bie\u201d\">Raul Olajos a trecut la PNL Timi\u0219. Fostul lider USR PLUS spune c\u0103 \u201enu vine pentru o func\u021bie\u201d<\/a><\/h3>\n<\/div>\n<\/div>\n<\/div>\n<\/div>\n<\/div>\n<div class=\"tdb-author-box td_block_wrap tdb_single_author_box tdi_68 tdb-content-vert-top td-pb-border-top td_block_template_1\" data-td-block-uid=\"tdi_68\">\n<div class=\"tdb-block-inner td-fix-index\">\n<div class=\"tdb-author-info\"><a href=\"https:\/\/voceatimisului.ro\/author\/cataadmin\/\" class=\"tdb-author-name\">Radu Constantin<\/a><a href=\"http:\/\/www.voceatimisului.ro\" rel=\"nofollow\" class=\"tdb-author-url\">http:\/\/www.voceatimisului.ro<\/a><\/p>\n<div class=\"tdb-author-descr\">\u00centreaga responsabilitate a comentariilor l\u0103sate de dumneavoastr\u0103 v\u0103 apar\u021bine!<br \/>\nClick <a href=\"https:\/\/voceatimisului.ro\/termeni-si-conditii\/\">aici<\/a>-citeste condi\u0163iile de utilizare ale site-ului www.voceatimisului.ro<\/div>\n<\/div>\n<\/div>\n<\/div>\n<\/div>\n<\/div>\n<\/div>\n<div class=\"vc_column_inner tdi_70  wpb_column vc_column_container tdc-inner-column td-pb-span8\">\n<div class=\"vc_column-inner\">\n<div class=\"wpb_wrapper\">\n<div class=\"td_block_wrap tdb_single_content tdi_71 td-pb-border-top td_block_template_1 td-post-content tagdiv-type\" data-td-block-uid=\"tdi_71\">\n<div class=\"tdb-block-inner td-fix-index\">\n<h2 class=\"wp-block-heading\">Alin Popoviciu, vicepre\u0219edintele Consiliului Jude\u021bean Timi\u0219, trage un semnal de alarm\u0103 privind utilizarea periculoas\u0103 a trotinetelor \u0219i bicicletelor electrice de c\u0103tre minori, \u00een special a celor din categoria Sur-Ron, care ajung la viteze de p\u00e2n\u0103 la 70 km\/h.<\/h2>\n<p><strong><em>\u201eAceste vehicule sunt conduse de copii de 13, 14, 15 ani, iar unii dintre ei nici nu au carnet. Poli\u021bia Rutier\u0103 are deja 20 de astfel de biciclete confiscate \u0219i mai multe trotinete. Au fost deschise \u0219ase dosare penale\u201d,<\/em><\/strong> a declarat Popoviciu.<\/p>\n<p>El a subliniat c\u0103 nu sus\u021bine interzicerea complet\u0103 a acestor vehicule, dar este nevoie de o reglementare clar\u0103 \u0219i coerent\u0103: \u201eNu vrem s\u0103 mut\u0103m problema dintr-un loc \u00een altul. Trebuie s\u0103 modific\u0103m legisla\u021bia astfel \u00eenc\u00e2t aceste vehicule s\u0103 poat\u0103 circula \u00een siguran\u021b\u0103.\u201d<\/p>\n<p>\u00cen perioada urm\u0103toare, Consiliul Jude\u021bean va organiza o \u00eent\u00e2lnire cu primarii din zona periurban\u0103 a Timi\u0219oarei, cu Poli\u021bia Rutier\u0103 \u0219i cu Inspectoratul \u0218colar, pentru a discuta m\u0103suri concrete de preven\u021bie \u0219i informare a p\u0103rin\u021bilor.<\/p>\n<p>Pe partea de infrastructur\u0103, Popoviciu a anun\u021bat c\u0103 jude\u021bul Timi\u0219 va avea, p\u00e2n\u0103 la 31 august 2026, o re\u021bea de <strong>536 de kilometri de piste de biciclete<\/strong> prin proiectul european EuroVelo 13 \u2013 \u201eDrumul Cortinei de Fier\u201d. Traseul porne\u0219te din Periam \u0219i str\u0103bate \u00eentreg jude\u021bul p\u00e2n\u0103 la F\u0103get.<\/p>\n<p>\u00cen plus, CJ Timi\u0219 va colabora cu asocia\u021bii de cicli\u0219ti \u0219i cu primarii din Pietroasa, Tome\u0219ti, N\u0103drag \u0219i F\u00e2rdea pentru marcarea traseelor montane \u0219i de ciclism \u00een zona de est a jude\u021bului. Vor fi montate foi\u0219oare, b\u0103nci \u0219i panouri informative cu distan\u021be \u0219i direc\u021bii, pentru a transforma zona \u00eentr-o atrac\u021bie turistic\u0103 prietenoas\u0103 cu bicicli\u0219tii.<\/p>\n<p><strong><em>\u201e\u00cencuraj\u0103m mersul pe biciclet\u0103 peste tot \u00een jude\u021b, dar \u00een condi\u021bii de siguran\u021b\u0103 \u0219i cu reguli clare\u201d,<\/em><\/strong> a transmis Alin Popoviciu.<\/p>\n<figure class=\"wp-block-embed is-provider-youtube wp-block-embed-youtube\">\n<div class=\"wp-block-embed__wrapper\"><span class=\"flying-press-youtube\" data-src=\"https:\/\/www.youtube.com\/embed\/OxU5qxSJ0Zk?feature=oembed&amp;autoplay=1\"><img decoding=\"async\" src=\"https:\/\/analyse.optim.biz\/wp-content\/uploads\/2025\/12\/91a6beb1507c86ea355d8d123e47cc0e.jpg\" width=\"1280\" height=\"720\" alt=\"Alin Popoviciu, apel c\u0103tre autorit\u0103\u021bi: \u201eTrotinetele \u0219i bicicletele electrice sunt un pericol.\" loading=\"lazy\" title=\"91a6beb1507c86ea355d8d123e47cc0e\"><\/span><\/div>\n<\/figure>\n<\/div>\n<\/div>\n<div class=\"td_block_wrap tdb_single_tags tdi_74 td-pb-border-top td_block_template_1\" data-td-block-uid=\"tdi_74\">\n<div class=\"tdb-block-inner td-fix-index\">\n<ul class=\"tdb-tags\">\n<li><span>Tags<\/span><\/li>\n<li><a href=\"https:\/\/voceatimisului.ro\/tag\/alin-popoviciu\/\">alin popoviciu<\/a><\/li>\n<li><a href=\"https:\/\/voceatimisului.ro\/tag\/bicicletele-electrice\/\">bicicletele electrice<\/a><\/li>\n<li><a href=\"https:\/\/voceatimisului.ro\/tag\/piste-de-biciclete\/\">piste de biciclete<\/a><\/li>\n<li><a href=\"https:\/\/voceatimisului.ro\/tag\/trotinete-electrice\/\">trotinete electrice<\/a><\/li>\n<\/ul>\n<\/div>\n<\/div>\n<div class=\"td_block_wrap tdb_single_post_share tdi_75  td-pb-border-top td_block_template_1\" data-td-block-uid=\"tdi_75\">\n<div id=\"tdi_75\" class=\"td-post-sharing tdb-block td-ps-bg td-ps-notext td-post-sharing-style1 \">\n<div class=\"td-post-sharing-visible\"><a class=\"td-social-sharing-button td-social-sharing-button-js td-social-network td-social-facebook\" href=\"https:\/\/www.facebook.com\/sharer.php?u=https%3A%2F%2Fvoceatimisului.ro%2Falin-popoviciu-apel-catre-autoritati-trotinetele-si-bicicletele-electrice-sunt-un-pericol-copiii-circula-ilegal-cu-70-km-h%2F\" title=\"Facebook\" rel=\"noopener\"><\/p>\n<div class=\"td-social-but-text\">Facebook<\/div>\n<p><\/a><a class=\"td-social-sharing-button td-social-sharing-button-js td-social-network td-social-twitter\" href=\"https:\/\/twitter.com\/intent\/tweet?text=Alin+Popoviciu%2C+apel+c%C4%83tre+autorit%C4%83%C8%9Bi%3A+%E2%80%9ETrotinetele+%C8%99i+bicicletele+electrice+sunt+un+pericol.+Copiii+circul%C4%83+ilegal+cu+70+km%2Fh%21%E2%80%9D&amp;url=https%3A%2F%2Fvoceatimisului.ro%2Falin-popoviciu-apel-catre-autoritati-trotinetele-si-bicicletele-electrice-sunt-un-pericol-copiii-circula-ilegal-cu-70-km-h%2F&amp;via=Vocea+Timisului\" title=\"Twitter\" rel=\"noopener\"><\/p>\n<div class=\"td-social-but-text\">Twitter<\/div>\n<p><\/a><a class=\"td-social-sharing-button td-social-sharing-button-js td-social-network td-social-pinterest\" href=\"https:\/\/pinterest.com\/pin\/create\/button\/?url=https:\/\/voceatimisului.ro\/alin-popoviciu-apel-catre-autoritati-trotinetele-si-bicicletele-electrice-sunt-un-pericol-copiii-circula-ilegal-cu-70-km-h\/&amp;media=https:\/\/analyse.optim.biz\/wp-content\/uploads\/2025\/12\/maxresdefault-34.jpg&amp;description=Alin+Popoviciu%2C+apel+c%C4%83tre+autorit%C4%83%C8%9Bi%3A+%E2%80%9ETrotinetele+%C8%99i+bicicletele+electrice+sunt+un+pericol.+Copiii+circul%C4%83+ilegal+cu+70+km%2Fh%21%E2%80%9D\" title=\"Pinterest\" rel=\"noopener\"><\/p>\n<div class=\"td-social-but-text\">Pinterest<\/div>\n<p><\/a><a class=\"td-social-sharing-button td-social-sharing-button-js td-social-network td-social-whatsapp\" href=\"https:\/\/api.whatsapp.com\/send?text=Alin+Popoviciu%2C+apel+c%C4%83tre+autorit%C4%83%C8%9Bi%3A+%E2%80%9ETrotinetele+%C8%99i+bicicletele+electrice+sunt+un+pericol.+Copiii+circul%C4%83+ilegal+cu+70+km%2Fh%21%E2%80%9D%20%0A%0A%20https:\/\/voceatimisului.ro\/alin-popoviciu-apel-catre-autoritati-trotinetele-si-bicicletele-electrice-sunt-un-pericol-copiii-circula-ilegal-cu-70-km-h\/\" title=\"WhatsApp\" rel=\"noopener\"><\/p>\n<div class=\"td-social-but-text\">WhatsApp<\/div>\n<p><\/a><a class=\"td-social-sharing-button td-social-sharing-button-js td-social-network td-social-linkedin\" href=\"https:\/\/www.linkedin.com\/shareArticle?mini=true&amp;url=https:\/\/voceatimisului.ro\/alin-popoviciu-apel-catre-autoritati-trotinetele-si-bicicletele-electrice-sunt-un-pericol-copiii-circula-ilegal-cu-70-km-h\/&amp;title=Alin+Popoviciu%2C+apel+c%C4%83tre+autorit%C4%83%C8%9Bi%3A+%E2%80%9ETrotinetele+%C8%99i+bicicletele+electrice+sunt+un+pericol.+Copiii+circul%C4%83+ilegal+cu+70+km%2Fh%21%E2%80%9D\" title=\"Linkedin\" rel=\"noopener\"><\/p>\n<div class=\"td-social-but-text\">Linkedin<\/div>\n<p><\/a><a class=\"td-social-sharing-button td-social-sharing-button-js td-social-network td-social-copy_url\" href=\"https:\/\/voceatimisului.ro\/alin-popoviciu-apel-catre-autoritati-trotinetele-si-bicicletele-electrice-sunt-un-pericol-copiii-circula-ilegal-cu-70-km-h\/\" title=\"Copy URL\" rel=\"noopener\"><\/p>\n<div class=\"td-social-but-text\">Copy URL<\/div>\n<p><\/a><\/div>\n<\/div>\n<\/div>\n<div class=\"td_block_wrap tdb_single_next_prev tdi_76 td-animation-stack td-next-prev-img-on td-pb-border-top td_block_template_1\" data-td-block-uid=\"tdi_76\">\n<div class=\"tdb-block-inner td-fix-index\">\n<div class=\"tdb-next-post tdb-next-post-bg tdb-post-prev\"><span>Articolul precedent<\/span><\/p>\n<div class=\"td-module-container\">\n<div class=\"td-image-container\"><a class=\"td-image-wrap\" href=\"https:\/\/voceatimisului.ro\/conacul-mocioni-din-foeni-un-loc-cu-istorie-disponibil-pentru-evenimente-private\/\"><img loading=\"lazy\" decoding=\"async\" class=\"td-next-prev-image td-fix-index td-lazy-img\" title=\"Conacul Mocioni din Foeni \u2013 un loc cu istorie, disponibil pentru evenimente private\" width=\"696\" height=\"302\" src=\"https:\/\/analyse.optim.biz\/wp-content\/uploads\/2025\/12\/conacul-mocioni-696x302-2.jpg\"><\/a><\/div>\n<div class=\"next-prev-title\"><a href=\"https:\/\/voceatimisului.ro\/conacul-mocioni-din-foeni-un-loc-cu-istorie-disponibil-pentru-evenimente-private\/\">Conacul Mocioni din Foeni \u2013 un loc cu istorie, disponibil pentru evenimente private<\/a><\/div>\n<\/div>\n<\/div>\n<div class=\"tdb-next-post tdb-next-post-bg tdb-post-next\"><span>Articolul urm\u0103tor<\/span><\/p>\n<div class=\"td-module-container\">\n<div class=\"td-image-container\"><a class=\"td-image-wrap\" href=\"https:\/\/voceatimisului.ro\/pista-de-biciclete-timisoara-serbia-va-fi-reabilitata-complet-39-de-kilometri-modernizati-foisoare-noi-si-panouri-cu-pompe-de-aer\/\"><img loading=\"lazy\" decoding=\"async\" class=\"td-next-prev-image td-fix-index td-lazy-img\" title=\"Pista de biciclete Timi\u0219oara \u2013 Serbia va fi reabilitat\u0103 complet: 39 de kilometri moderniza\u021bi, foi\u0219oare noi \u0219i panouri cu pompe de aer\" width=\"696\" height=\"392\" src=\"https:\/\/analyse.optim.biz\/wp-content\/uploads\/2025\/12\/pista-de-biciclete-timisoara-e28093-serbia-696x392-1.jpeg\"><\/a><\/div>\n<div class=\"next-prev-title\"><a href=\"https:\/\/voceatimisului.ro\/pista-de-biciclete-timisoara-serbia-va-fi-reabilitata-complet-39-de-kilometri-modernizati-foisoare-noi-si-panouri-cu-pompe-de-aer\/\">Pista de biciclete Timi\u0219oara \u2013 Serbia va fi reabilitat\u0103 complet: 39 de kilometri moderniza\u021bi, foi\u0219oare noi \u0219i panouri cu pompe de aer<\/a><\/div>\n<\/div>\n<\/div>\n<\/div>\n<\/div>\n<\/div>\n<\/div>\n<\/div>\n<\/div>\n<div class=\"vc_row_inner tdi_86  vc_row vc_inner wpb_row td-pb-row\">\n<div class=\"vc_column_inner tdi_88  wpb_column vc_column_container tdc-inner-column td-pb-span4 td-is-sticky\">\n<div class=\"vc_column-inner\">\n<div class=\"wpb_wrapper\" data-sticky-enabled-on=\"W3RydWUsdHJ1ZSx0cnVlLHRydWVd\" data-sticky-offset=\"20\" data-sticky-is-width-auto=\"W2ZhbHNlLGZhbHNlLGZhbHNlLGZhbHNlXQ==\">\n<div class=\"td_block_wrap tdb_single_related tdi_89 td_with_ajax_pagination td-pb-border-top td_block_template_1 tdb-single-related-posts\" data-td-block-uid=\"tdi_89\">\n<div id=\"tdi_89\" class=\"td_block_inner tdb-block-inner td-fix-index\">\n<div class=\"tdb_module_related td_module_wrap td-animation-stack td-meta-info-hide\">\n<div class=\"td-module-container td-category-pos-image\">\n<div class=\"td-module-meta-info\">\n<h3 class=\"entry-title td-module-title\"><a href=\"https:\/\/voceatimisului.ro\/alin-popoviciu-si-calin-roman-pierd-in-instanta-in-fata-pnl-timis-si-urmeaza-sa-fie-exclusi-din-partid\/\" rel=\"bookmark\" title=\"Alin Popoviciu \u0219i C\u0103lin Roman pierd \u00een instan\u021b\u0103 \u00een fa\u021ba PNL Timi\u0219 \u0219i urmeaz\u0103 s\u0103 fie exclu\u0219i din partid!\">Alin Popoviciu \u0219i C\u0103lin Roman pierd \u00een instan\u021b\u0103 \u00een fa\u021ba PNL Timi\u0219 \u0219i urmeaz\u0103 s\u0103 fie exclu\u0219i din partid!<\/a><\/h3>\n<\/div>\n<\/div>\n<\/div>\n<div class=\"tdb_module_related td_module_wrap td-animation-stack td-meta-info-hide\">\n<div class=\"td-module-container td-category-pos-image\">\n<div class=\"td-module-meta-info\">\n<h3 class=\"entry-title td-module-title\"><a href=\"https:\/\/voceatimisului.ro\/piste-de-biciclete-amenajate-pe-sub-podurile-dacilor-si-saguna-la-timisoara\/\" rel=\"bookmark\" title=\"Piste de biciclete, amenajate pe sub Podurile Dacilor \u0219i \u0218aguna, la Timi\u015foara!\">Piste de biciclete, amenajate pe sub Podurile Dacilor \u0219i \u0218aguna, la Timi\u015foara!<\/a><\/h3>\n<\/div>\n<\/div>\n<\/div>\n<div class=\"tdb_module_related td_module_wrap td-animation-stack td-meta-info-hide\">\n<div class=\"td-module-container td-category-pos-image\">\n<div class=\"td-module-meta-info\">\n<h3 class=\"entry-title td-module-title\"><a href=\"https:\/\/voceatimisului.ro\/prea-ca-la-tara-alin-nica-merge-dupa-fenta-si-instituie-tribunale-politico-populare-ca-sa-i-pedepseasca-pe-infideli\/\" rel=\"bookmark\" title=\"Prea ca la \u021bar\u0103! Alin Nica merge dup\u0103 fent\u0103 \u0219i instituie tribunale politico-populare ca s\u0103-i pedepseasc\u0103 pe infideli\">Prea ca la \u021bar\u0103! Alin Nica merge dup\u0103 fent\u0103 \u0219i instituie tribunale politico-populare ca s\u0103-i pedepseasc\u0103 pe infideli<\/a><\/h3>\n<\/div>\n<\/div>\n<\/div>\n<\/div>\n<\/div>\n<\/div>\n<\/div>\n<\/div>\n<div class=\"vc_column_inner tdi_91  wpb_column vc_column_container tdc-inner-column td-pb-span8\">\n<div class=\"vc_column-inner\">\n<div class=\"wpb_wrapper\">\n<div class=\"td_block_wrap tdb_single_comments tdi_92 tdb-comm-layout2 td-pb-border-top td_block_template_2\" data-td-block-uid=\"tdi_92\">\n<div class=\"tdb-block-inner td-fix-index\">\n<div class=\"comments\" id=\"comments\">\n<div id=\"respond\" class=\"comment-respond\">\n<h3 id=\"reply-title\" class=\"comment-reply-title\">L\u0102SA\u021aI UN MESAJ <small><a rel=\"nofollow\" id=\"cancel-comment-reply-link\" href=\"https:\/\/voceatimisului.ro\/alin-popoviciu-apel-catre-autoritati-trotinetele-si-bicicletele-electrice-sunt-un-pericol-copiii-circula-ilegal-cu-70-km-h\/#respond\">Renun\u021ba\u021bi la r\u0103spuns<\/a><\/small><\/h3>\n<div class=\"comment-form-input-wrap td-form-comment\">\n<div class=\"td-warning-comment\">V\u0103 rug\u0103m s\u0103 introduce\u021bi comentariul dvs.!<\/div>\n<\/div>\n<div class=\"comment-form-input-wrap td-form-author\">\n<div class=\"td-warning-author\">Introduce\u021bi aici numele dvs.<\/div>\n<\/div>\n<div class=\"comment-form-input-wrap td-form-email\">\n<div class=\"td-warning-email-error\">A\u021bi introdus o adres\u0103 de e-mail incorect\u0103!<\/div>\n<div class=\"td-warning-email\">V\u0103 rug\u0103m s\u0103 introduce\u021bi adresa dvs. de e-mail aici<\/div>\n<\/div>\n<\/div>\n<\/div>\n<\/div>\n<\/div>\n<\/div>\n<\/div>\n<\/div>\n<\/div>\n<\/div>\n<\/div>\n<div class=\"vc_column tdi_94  wpb_column vc_column_container tdc-column td-pb-span4 td-is-sticky\">\n<div class=\"wpb_wrapper\" data-sticky-enabled-on=\"W3RydWUsdHJ1ZSx0cnVlLHRydWVd\" data-sticky-offset=\"20\" data-sticky-is-width-auto=\"W2ZhbHNlLGZhbHNlLGZhbHNlLGZhbHNlXQ==\">\n<div class=\"vc_row_inner tdi_96  vc_row vc_inner wpb_row td-pb-row\">\n<div class=\"vc_column_inner tdi_98  wpb_column vc_column_container tdc-inner-column td-pb-span12\">\n<div class=\"vc_column-inner\">\n<div class=\"wpb_wrapper\">\n<div class=\"td_block_wrap td_block_title tdi_99 td-pb-border-top td_block_template_11 td-fix-index\" data-td-block-uid=\"tdi_99\">\n<div class=\"td-block-title-wrap\">\n<h4 class=\"td-block-title\"><span class=\"td-pulldown-size\">ANUN\u021aURI \u0218I PUBLICITATE<\/span><\/h4>\n<\/div>\n<\/div>\n<\/div>\n<\/div>\n<\/div>\n<\/div>\n<div class=\"wpb_wrapper td_block_wrap vc_widget_sidebar tdi_101 \">\n<aside id=\"block-10\" class=\"td_block_template_1 widget block-10 widget_block widget_media_image\">\n<figure class=\"wp-block-image size-full\"><a href=\"https:\/\/adpghiroda.ro\/index.html\" target=\"_blank\" rel=\" noreferrer noopener\"><img decoding=\"async\" loading=\"eager\" width=\"960\" height=\"960\" src=\"https:\/\/analyse.optim.biz\/wp-content\/uploads\/2025\/12\/adp-ghiroda2-142.jpg\" class=\"wp-image-171492\" title=\"adp-ghiroda2-142\"><\/a><\/figure>\n<\/aside>\n<aside id=\"block-11\" class=\"td_block_template_1 widget block-11 widget_block widget_media_image\">\n<figure class=\"wp-block-image size-full\"><a href=\"https:\/\/adpghiroda.ro\/index.html\" target=\"_blank\" rel=\" noreferrer noopener\"><img decoding=\"async\" loading=\"eager\" width=\"960\" height=\"960\" src=\"https:\/\/analyse.optim.biz\/wp-content\/uploads\/2025\/12\/adp-ghiroda1-132.jpg\" class=\"wp-image-171491\" title=\"adp-ghiroda1-132\"><\/a><\/figure>\n<\/aside>\n<aside id=\"block-17\" class=\"td_block_template_1 widget block-17 widget_block widget_media_image\">\n<figure class=\"wp-block-image size-large is-resized\"><a href=\"https:\/\/verde.events\/\" target=\"_blank\" rel=\" noreferrer noopener\"><img decoding=\"async\" loading=\"lazy\" width=\"1024\" height=\"683\" src=\"https:\/\/analyse.optim.biz\/wp-content\/uploads\/2025\/12\/verde-events-24-1024x683-132.jpg\" alt=\"Verde Events\" class=\"wp-image-174395\" title=\"verde-events-24-1024x683-132\"><\/a><figcaption class=\"wp-element-caption\"><strong><em>O experien\u021b\u0103 unic\u0103 pentru orice tip de eveniment<\/em><\/strong><\/figcaption><\/figure>\n<\/aside>\n<\/div>\n<div class=\"td_block_wrap td_flex_block_1 tdi_107 td-pb-border-top td_block_template_1 td_ajax_preloading_preload td_flex_block\" data-td-block-uid=\"tdi_107\">\n<div id=\"tdi_107\" class=\"td_block_inner td-mc1-wrap\">\n<div class=\"td_module_flex td_module_flex_1 td_module_wrap td-animation-stack td-meta-info-hide td-cpt-post\">\n<div class=\"td-module-container td-category-pos-image\">\n<div class=\"td-module-meta-info\">\n<h3 class=\"entry-title td-module-title\"><a href=\"https:\/\/voceatimisului.ro\/pentru-ce-va-fi-folosit-trotuarul-de-jumatate-de-metru-de-la-pasajul-jiul-explicatia-lui-robu\/\" rel=\"bookmark\" title=\"Pentru ce va fi folosit trotuarul de jum\u0103tate de metru de la Pasajul Jiul. Explica\u021bia lui Robu\">Pentru ce va fi folosit trotuarul de jum\u0103tate de metru de la Pasajul Jiul. Explica\u021bia lui Robu<\/a><\/h3>\n<\/div>\n<\/div>\n<\/div>\n<div class=\"td_module_flex td_module_flex_1 td_module_wrap td-animation-stack td-meta-info-hide td-cpt-post\">\n<div class=\"td-module-container td-category-pos-image\">\n<div class=\"td-module-meta-info\">\n<h3 class=\"entry-title td-module-title\"><a href=\"https:\/\/voceatimisului.ro\/cnair-isi-bate-joc-de-proiectul-cu-piste-de-biciclete-pe-bani-europeni-acestea-nu-sunt-incluse-proiectul-centurii-de-sud\/\" rel=\"bookmark\" title=\"CNAIR \u00ee\u015fi bate joc de proiectul cu piste de biciclete pe bani europeni. Acestea nu sunt incluse \u00een proiectul centurii de sud\">CNAIR \u00ee\u015fi bate joc de proiectul cu piste de biciclete pe bani europeni. Acestea nu sunt incluse \u00een proiectul centurii de sud<\/a><\/h3>\n<\/div>\n<\/div>\n<\/div>\n<div class=\"td_module_flex td_module_flex_1 td_module_wrap td-animation-stack td-meta-info-hide td-cpt-post\">\n<div class=\"td-module-container td-category-pos-image\">\n<div class=\"td-module-meta-info\">\n<h3 class=\"entry-title td-module-title\"><a href=\"https:\/\/voceatimisului.ro\/zeci-de-soferi-din-timisoara-amendati-pentru-ca-au-parcat-ca-bizonii\/\" rel=\"bookmark\" title=\"Zeci de \u015foferi din Timi\u015foara, amenda\u0163i pentru c\u0103 au parcat ca \u201ebizonii\u201d\">Zeci de \u015foferi din Timi\u015foara, amenda\u0163i pentru c\u0103 au parcat ca \u201ebizonii\u201d<\/a><\/h3>\n<\/div>\n<\/div>\n<\/div>\n<div class=\"td_module_flex td_module_flex_1 td_module_wrap td-animation-stack td-meta-info-hide td-cpt-post\">\n<div class=\"td-module-container td-category-pos-image\">\n<div class=\"td-module-meta-info\">\n<h3 class=\"entry-title td-module-title\"><a href=\"https:\/\/voceatimisului.ro\/robu-si-popoviciu-candideaza-la-posturi-de-conducere-pnl-functiile-pentru-care-au-aplicat\/\" rel=\"bookmark\" title=\"Robu \u0219i Popoviciu candideaz\u0103 la posturi de conducere \u00een PNL. Func\u021biile pentru care au aplicat\">Robu \u0219i Popoviciu candideaz\u0103 la posturi de conducere \u00een PNL. Func\u021biile pentru care au aplicat<\/a><\/h3>\n<\/div>\n<\/div>\n<\/div>\n<div class=\"td_module_flex td_module_flex_1 td_module_wrap td-animation-stack td-meta-info-hide td-cpt-post\">\n<div class=\"td-module-container td-category-pos-image\">\n<div class=\"td-module-meta-info\">\n<h3 class=\"entry-title td-module-title\"><a href=\"https:\/\/voceatimisului.ro\/politia-locala-la-vanatoare-de-bizoni-parcati-pe-piste-de-biciclete-cate-amenzi-au-fost-aplicate\/\" rel=\"bookmark\" title=\"Poli\u0163ia Local\u0103, la v\u00e2n\u0103toare de \u201ebizoni\u201d parca\u0163i pe pistele de bicicli\u015fti. C\u00e2te amenzi au fost aplicate\">Poli\u0163ia Local\u0103, la v\u00e2n\u0103toare de \u201ebizoni\u201d parca\u0163i pe pistele de bicicli\u015fti. C\u00e2te amenzi au fost aplicate<\/a><\/h3>\n<\/div>\n<\/div>\n<\/div>\n<\/div>\n<\/div>\n<\/div>\n<\/div>\n<\/div>\n<\/div>\n<\/div>\n<\/div>\n<p><span class=\"td-page-meta\"><\/span><span class=\"td-page-meta\"><span class=\"td-page-meta\"><\/span><\/span><span class=\"td-page-meta\"><\/span><\/article>\n<p> Source URL: https:\/\/voceatimisului.ro\/alin-popoviciu-apel-catre-autoritati-trotinetele-si-bicicletele-electrice-sunt-un-pericol-copiii-circula-ilegal-cu-70-km-h\/<\/p>\n","protected":false},"excerpt":{"rendered":"<p>\u0218tiriPolitic\u0103 Alin Popoviciu, apel c\u0103tre autorit\u0103\u021bi: \u201eTrotinetele \u0219i bicicletele electrice sunt un pericol. Copiii circul\u0103 ilegal cu 70 km\/h!\u201d Vicepre\u0219edintele Consiliului Jude\u021bean Timi\u0219 anun\u021b\u0103 controale, dosare penale \u0219i m\u0103suri concrete dup\u0103 mai multe accidente implic\u00e2nd trotinete \u0219i biciclete electrice de tip Sur-Ron. Se preg\u0103te\u0219te o modificare legislativ\u0103 \u0219i o re\u021bea de 536 km de piste [&hellip;]<\/p>\n","protected":false},"author":1,"featured_media":1201405,"comment_status":"open","ping_status":"","sticky":false,"template":"","format":"standard","meta":{"footnotes":""},"categories":[89],"tags":[199],"class_list":["post-1201404","post","type-post","status-publish","format-standard","has-post-thumbnail","hentry","category-romania","tag-voceatimisului-ro"],"_links":{"self":[{"href":"https:\/\/analyse.optim.biz\/index.php?rest_route=\/wp\/v2\/posts\/1201404","targetHints":{"allow":["GET"]}}],"collection":[{"href":"https:\/\/analyse.optim.biz\/index.php?rest_route=\/wp\/v2\/posts"}],"about":[{"href":"https:\/\/analyse.optim.biz\/index.php?rest_route=\/wp\/v2\/types\/post"}],"author":[{"embeddable":true,"href":"https:\/\/analyse.optim.biz\/index.php?rest_route=\/wp\/v2\/users\/1"}],"replies":[{"embeddable":true,"href":"https:\/\/analyse.optim.biz\/index.php?rest_route=%2Fwp%2Fv2%2Fcomments&post=1201404"}],"version-history":[{"count":0,"href":"https:\/\/analyse.optim.biz\/index.php?rest_route=\/wp\/v2\/posts\/1201404\/revisions"}],"wp:featuredmedia":[{"embeddable":true,"href":"https:\/\/analyse.optim.biz\/index.php?rest_route=\/wp\/v2\/media\/1201405"}],"wp:attachment":[{"href":"https:\/\/analyse.optim.biz\/index.php?rest_route=%2Fwp%2Fv2%2Fmedia&parent=1201404"}],"wp:term":[{"taxonomy":"category","embeddable":true,"href":"https:\/\/analyse.optim.biz\/index.php?rest_route=%2Fwp%2Fv2%2Fcategories&post=1201404"},{"taxonomy":"post_tag","embeddable":true,"href":"https:\/\/analyse.optim.biz\/index.php?rest_route=%2Fwp%2Fv2%2Ftags&post=1201404"}],"curies":[{"name":"wp","href":"https:\/\/api.w.org\/{rel}","templated":true}]}}