{"id":1201077,"date":"2020-04-13T13:40:14","date_gmt":"2020-04-13T10:40:14","guid":{"rendered":"https:\/\/analyse.optim.biz\/?p=1201077"},"modified":"2020-04-13T13:40:14","modified_gmt":"2020-04-13T10:40:14","slug":"antrenamente-comune-ale-fortelor-aeriene-romane-si-americane-la-babadag","status":"publish","type":"post","link":"https:\/\/analyse.optim.biz\/?p=1201077","title":{"rendered":"Antrenamente comune ale for\u0163elor aeriene rom\u00e2ne \u015fi americane, la Babadag"},"content":{"rendered":"<article id=\"post-2896\" class=\"post-2896 post type-post status-publish format-standard has-post-thumbnail hentry category-ultimele-stiri tag-antrenamente tag-babadag tag-covid-19 tag-forte-aeriene tag-sua tag-tulcea\">\n<div class=\"td-pb-row\">\n<div class=\"td-pb-span12\">\n<div class=\"td-post-header td-pb-padding-side\">\n<div class=\"entry-crumbs\"><span><a title class=\"entry-crumb\" href=\"https:\/\/subiectivtulcea.ro\/\">Acas\u0103<\/a><\/span><span><a title=\"Vede\u021bi toate articolele \u00een Ultimele \u0218tiri\" class=\"entry-crumb\" href=\"https:\/\/subiectivtulcea.ro\/category\/ultimele-stiri\/\">Ultimele \u0218tiri<\/a><\/span><span class=\"td-bred-no-url-last\">Antrenamente comune ale for\u0163elor aeriene rom\u00e2ne \u015fi americane, la Babadag<\/span><\/div>\n<ul class=\"td-category\">\n<li class=\"entry-category\"><a href=\"https:\/\/subiectivtulcea.ro\/category\/ultimele-stiri\/\">Ultimele \u0218tiri<\/a><\/li>\n<\/ul>\n<header>\n<h1 class=\"entry-title\">Antrenamente comune ale for\u0163elor aeriene rom\u00e2ne \u015fi americane, la Babadag<\/h1>\n<div class=\"meta-info\">\n<div class=\"td-post-author-name\">\n<div class=\"td-author-by\">De c\u0103tre<\/div>\n<p><a href=\"https:\/\/subiectivtulcea.ro\/author\/sorin\/\">Stefan Vasilescu<\/a><\/p>\n<div class=\"td-author-line\"> &#8211; <\/div>\n<\/div>\n<p><span class=\"td-post-date\"><time class=\"entry-date updated td-module-date\" datetime=\"2020-04-13T13:40:14+00:00\">aprilie 13, 2020<\/time><\/span><\/p>\n<div class=\"td-post-views\"><span class=\"td-nr-views-2896\">1170<\/span><\/div>\n<div class=\"td-post-comments\"><a href=\"https:\/\/subiectivtulcea.ro\/antrenamente-comune-ale-fortelor-aeriene-romane-si-americane-la-babadag\/#respond\">0<\/a><\/div>\n<\/div>\n<\/header>\n<\/div>\n<\/div>\n<\/div>\n<div class=\"td-pb-row\">\n<div class=\"td-pb-span8 td-main-content\" role=\"main\">\n<div class=\"td-ss-main-content\">\n<div class=\"td-post-sharing td-post-sharing-top td-pb-padding-side\"><span class=\"td-post-share-title\">DISTRIBUI\u021aI<\/span><\/p>\n<div class=\"td-default-sharing \"><a class=\"td-social-sharing-buttons td-social-facebook\" href=\"https:\/\/www.facebook.com\/sharer.php?u=https%3A%2F%2Fsubiectivtulcea.ro%2Fantrenamente-comune-ale-fortelor-aeriene-romane-si-americane-la-babadag%2F\"><\/p>\n<div class=\"td-social-but-text\">Facebook<\/div>\n<p><\/a><a class=\"td-social-sharing-buttons td-social-twitter\" href=\"https:\/\/twitter.com\/intent\/tweet?text=Antrenamente+comune+ale+for%C5%A3elor+aeriene+rom%C3%A2ne+%C5%9Fi+americane%2C+la+Babadag&amp;url=https%3A%2F%2Fsubiectivtulcea.ro%2Fantrenamente-comune-ale-fortelor-aeriene-romane-si-americane-la-babadag%2F&amp;via=Subiectiv+De+Tulcea+-+Cotidianul+Cu+Stiri+Pe+Surse\"><\/p>\n<div class=\"td-social-but-text\">Twitter<\/div>\n<p><\/a><\/div>\n<\/div>\n<div class=\"td-post-content td-pb-padding-side\">\n<div class=\"td-post-featured-image\"><a href=\"https:\/\/analyse.optim.biz\/wp-content\/uploads\/2025\/12\/zboruri-antrenament-avioane.jpg\" data-caption><img loading=\"lazy\" decoding=\"async\" width=\"640\" height=\"360\" class=\"entry-thumb td-modal-image\" src=\"https:\/\/analyse.optim.biz\/wp-content\/uploads\/2025\/12\/zboruri-antrenament-avioane-640x360-1.jpg\" title=\"zboruri antrenament avioane\"><\/a><\/div>\n<p><strong>Militari rom\u00e2ni \u015fi americani particip\u0103 la exerci\u0163ii comune, \u00een Centrul Secundar de Instruire pentru Lupt\u0103 Babadag din Tulcea, a informat, luni, Ministerul Ap\u0103r\u0103rii Na\u0163ionale (MApN), printr-un comunicat de pres\u0103 transmis Agerpres.<\/strong><\/p>\n<p>De luni p\u00e2n\u0103 vineri, vor avea loc zboruri de antrenament \u00eentre Baza Aerian\u0103 \u201cMihail Kog\u0103lniceanu\u201d \u015fi Centrul Secundar de Instruire pentru Lupt\u0103 din Babadag.<\/p>\n<p>De asemenea, pe 23 aprilie, va avea loc un exerci\u0163iu de antrenament prin care se va simula un asalt aerian asupra unui obiectiv \u00een teren, iar \u00een perioada 27 aprilie \u2013 1 mai, va avea loc un exerci\u0163iu de recuperare a unei aeronave.<\/p>\n<p>MApN precizeaz\u0103 c\u0103 deplas\u0103rile administrative ale militarilor americani pe itinerariul Baza Aerian\u0103 \u201cMihail Kog\u0103lniceanu\u201d \u2013 Centrul Secundar de Instruire pentru Lupt\u0103 Babadag vor fi \u00eenso\u0163ite de echipaje de Poli\u0163ie Militar\u0103 ale For\u0163elor Terestre Rom\u00e2ne.<\/p>\n<p>Potrivit ministerului, planificarea perioadelor de preg\u0103tire s-a f\u0103cut \u00een condi\u0163iile respect\u0103rii tuturor m\u0103surilor impuse \u00een vederea limit\u0103rii r\u0103sp\u00e2ndirii COVID-19.<\/p>\n<\/div>\n<footer>\n<div class=\"td-post-source-tags td-pb-padding-side\">\n<ul class=\"td-tags td-post-small-box clearfix\">\n<li><span>ETICHETE<\/span><\/li>\n<li><a href=\"https:\/\/subiectivtulcea.ro\/tag\/antrenamente\/\">antrenamente<\/a><\/li>\n<li><a href=\"https:\/\/subiectivtulcea.ro\/tag\/babadag\/\">babadag<\/a><\/li>\n<li><a href=\"https:\/\/subiectivtulcea.ro\/tag\/covid-19\/\">covid 19<\/a><\/li>\n<li><a href=\"https:\/\/subiectivtulcea.ro\/tag\/forte-aeriene\/\">forte aeriene<\/a><\/li>\n<li><a href=\"https:\/\/subiectivtulcea.ro\/tag\/sua\/\">sua<\/a><\/li>\n<li><a href=\"https:\/\/subiectivtulcea.ro\/tag\/tulcea\/\">tulcea<\/a><\/li>\n<\/ul>\n<\/div>\n<div class=\"td-post-sharing td-post-sharing-bottom td-pb-padding-side\"><span class=\"td-post-share-title\">DISTRIBUI\u021aI<\/span><\/p>\n<div class=\"td-default-sharing td-with-like\"><a class=\"td-social-sharing-buttons td-social-facebook\" href=\"https:\/\/www.facebook.com\/sharer.php?u=https%3A%2F%2Fsubiectivtulcea.ro%2Fantrenamente-comune-ale-fortelor-aeriene-romane-si-americane-la-babadag%2F\"><\/p>\n<div class=\"td-social-but-text\">Facebook<\/div>\n<p><\/a><a class=\"td-social-sharing-buttons td-social-twitter\" href=\"https:\/\/twitter.com\/intent\/tweet?text=Antrenamente+comune+ale+for%C5%A3elor+aeriene+rom%C3%A2ne+%C5%9Fi+americane%2C+la+Babadag&amp;url=https%3A%2F%2Fsubiectivtulcea.ro%2Fantrenamente-comune-ale-fortelor-aeriene-romane-si-americane-la-babadag%2F&amp;via=Subiectiv+De+Tulcea+-+Cotidianul+Cu+Stiri+Pe+Surse\"><\/p>\n<div class=\"td-social-but-text\">Twitter<\/div>\n<p><\/a><\/div>\n<div class=\"td-classic-sharing\">\n<ul>\n<li class=\"td-classic-facebook\"><iframe frameborder src=\"https:\/\/www.facebook.com\/plugins\/like.php?href=https:\/\/subiectivtulcea.ro\/antrenamente-comune-ale-fortelor-aeriene-romane-si-americane-la-babadag\/&amp;layout=button_count&amp;show_faces=false&amp;width=105&amp;action=like&amp;colorscheme=light&amp;height=21\"><\/iframe><\/li>\n<li class=\"td-classic-twitter\"><a href=\"https:\/\/twitter.com\/share\" class=\"twitter-share-button\" data-url=\"https:\/\/subiectivtulcea.ro\/antrenamente-comune-ale-fortelor-aeriene-romane-si-americane-la-babadag\/\" data-text=\"Antrenamente comune ale for\u0163elor aeriene rom\u00e2ne \u015fi americane, la Babadag\" data-via data-lang=\"en\">tweet<\/a><\/li>\n<\/ul>\n<\/div>\n<\/div>\n<div class=\"td-block-row td-post-next-prev\">\n<div class=\"td-block-span6 td-post-prev-post\">\n<div class=\"td-post-next-prev-content\"><span>Articolul precedent<\/span><a href=\"https:\/\/subiectivtulcea.ro\/a-inceput-saptamana-mare-traditii-si-obiceiuri\/\">A \u00eenceput S\u0103pt\u0103m\u00e2na Mare! Tradi\u021bii \u0219i obiceiuri<\/a><\/div>\n<\/div>\n<div class=\"td-block-span6 td-post-next-post\">\n<div class=\"td-post-next-prev-content\"><span>Articolul urm\u0103tor<\/span><a href=\"https:\/\/subiectivtulcea.ro\/tulcea-pescuitul-sezonier-la-scrumbie-neafectat-de-pandemia-de-coronavirus\/\">Tulcea: Pescuitul sezonier la scrumbie, neafectat de pandemia de coronavirus<\/a><\/div>\n<\/div>\n<\/div>\n<div class=\"author-box-wrap\"><a href=\"https:\/\/subiectivtulcea.ro\/author\/sorin\/\"><img loading=\"lazy\" decoding=\"async\" src=\"https:\/\/analyse.optim.biz\/wp-content\/uploads\/2025\/12\/4054b95552868c8c392af45ec328ee34-162.jpg\" class=\"avatar avatar-96 photo\" height=\"96\" width=\"96\" title=\"4054b95552868c8c392af45ec328ee34-162\"><\/a><\/p>\n<div class=\"desc\">\n<div class=\"td-author-name vcard author\"><span class=\"fn\"><a href=\"https:\/\/subiectivtulcea.ro\/author\/sorin\/\">Stefan Vasilescu<\/a><\/span><\/div>\n<\/div>\n<\/div>\n<p><span><\/span><span><span><\/span><\/span><span><\/span><\/footer>\n<div class=\"td_block_wrap td_block_related_posts td_uid_5_694780b36c81b_rand td_with_ajax_pagination td-pb-border-top td_block_template_1\" data-td-block-uid=\"td_uid_5_694780b36c81b\">\n<h4 class=\"td-related-title\"><a id=\"td_uid_6_694780b37669b\" class=\"td-related-left td-cur-simple-item\" data-td_filter_value data-td_block_id=\"td_uid_5_694780b36c81b\" href=\"https:\/\/subiectivtulcea.ro\/antrenamente-comune-ale-fortelor-aeriene-romane-si-americane-la-babadag\/\">ARTICOLE SIMILARE<\/a><a id=\"td_uid_7_694780b3766dd\" class=\"td-related-right\" data-td_filter_value=\"td_related_more_from_author\" data-td_block_id=\"td_uid_5_694780b36c81b\" href=\"https:\/\/subiectivtulcea.ro\/antrenamente-comune-ale-fortelor-aeriene-romane-si-americane-la-babadag\/\">DE LA ACELA\u0218I AUTOR<\/a><\/h4>\n<div id=\"td_uid_5_694780b36c81b\" class=\"td_block_inner\">\n<div class=\"td-related-row\">\n<div class=\"td-related-span4\">\n<div class=\"td_module_related_posts td-animation-stack td_mod_related_posts\">\n<div class=\"td-module-image\">\n<div class=\"td-module-thumb\"><a href=\"https:\/\/subiectivtulcea.ro\/ministrul-sanatatii-trebuie-sa-ne-obisnuim-ca-pe-perioada-verii-sa-avem-ca-vecin-virusul\/\" rel=\"bookmark\" title=\"Ministrul San\u0103t\u0103\u021bii: Trebuie s\u0103 ne obi\u015fnuim ca pe perioada verii s\u0103 avem ca vecin virusul\"><img loading=\"lazy\" decoding=\"async\" width=\"238\" height=\"178\" class=\"entry-thumb\" src=\"https:\/\/analyse.optim.biz\/wp-content\/uploads\/2025\/12\/izoleta-coronavirus-238x178-166.jpg\" title=\"Ministrul San\u0103t\u0103\u021bii: Trebuie s\u0103 ne obi\u015fnuim ca pe perioada verii s\u0103 avem ca vecin virusul\"><\/a><\/div>\n<\/div>\n<div class=\"item-details\">\n<h3 class=\"entry-title td-module-title\"><a href=\"https:\/\/subiectivtulcea.ro\/ministrul-sanatatii-trebuie-sa-ne-obisnuim-ca-pe-perioada-verii-sa-avem-ca-vecin-virusul\/\" rel=\"bookmark\" title=\"Ministrul San\u0103t\u0103\u021bii: Trebuie s\u0103 ne obi\u015fnuim ca pe perioada verii s\u0103 avem ca vecin virusul\">Ministrul San\u0103t\u0103\u021bii: Trebuie s\u0103 ne obi\u015fnuim ca pe perioada verii s\u0103 avem ca vecin virusul<\/a><\/h3>\n<\/div>\n<\/div>\n<\/div>\n<div class=\"td-related-span4\">\n<div class=\"td_module_related_posts td-animation-stack td_mod_related_posts\">\n<div class=\"td-module-image\">\n<div class=\"td-module-thumb\"><a href=\"https:\/\/subiectivtulcea.ro\/lucrarile-la-podul-peste-dunare-intarziate-din-cauza-procedurii-exproprierilor\/\" rel=\"bookmark\" title=\"Lucr\u0103rile la Podul peste Dun\u0103re, \u00eent\u00e2rziate din cauza procedurii exproprierilor\"><img loading=\"lazy\" decoding=\"async\" width=\"238\" height=\"178\" class=\"entry-thumb\" src=\"https:\/\/analyse.optim.biz\/wp-content\/uploads\/2025\/12\/pod-dunare-238x178-112.jpg\" title=\"Lucr\u0103rile la Podul peste Dun\u0103re, \u00eent\u00e2rziate din cauza procedurii exproprierilor\"><\/a><\/div>\n<\/div>\n<div class=\"item-details\">\n<h3 class=\"entry-title td-module-title\"><a href=\"https:\/\/subiectivtulcea.ro\/lucrarile-la-podul-peste-dunare-intarziate-din-cauza-procedurii-exproprierilor\/\" rel=\"bookmark\" title=\"Lucr\u0103rile la Podul peste Dun\u0103re, \u00eent\u00e2rziate din cauza procedurii exproprierilor\">Lucr\u0103rile la Podul peste Dun\u0103re, \u00eent\u00e2rziate din cauza procedurii exproprierilor<\/a><\/h3>\n<\/div>\n<\/div>\n<\/div>\n<div class=\"td-related-span4\">\n<div class=\"td_module_related_posts td-animation-stack td_mod_related_posts\">\n<div class=\"td-module-image\">\n<div class=\"td-module-thumb\"><a href=\"https:\/\/subiectivtulcea.ro\/tulcea-atentionare-pentru-persoanele-care-doresc-sa-lucreze-in-strainatate\/\" rel=\"bookmark\" title=\"TULCEA Aten\u021bionare pentru persoanele care doresc s\u0103 lucreze \u00een str\u0103in\u0103tate\"><img loading=\"lazy\" decoding=\"async\" width=\"238\" height=\"178\" class=\"entry-thumb\" src=\"https:\/\/analyse.optim.biz\/wp-content\/uploads\/2025\/12\/targ-joburi-238x178-126.jpg\" title=\"TULCEA Aten\u021bionare pentru persoanele care doresc s\u0103 lucreze \u00een str\u0103in\u0103tate\"><\/a><\/div>\n<\/div>\n<div class=\"item-details\">\n<h3 class=\"entry-title td-module-title\"><a href=\"https:\/\/subiectivtulcea.ro\/tulcea-atentionare-pentru-persoanele-care-doresc-sa-lucreze-in-strainatate\/\" rel=\"bookmark\" title=\"TULCEA Aten\u021bionare pentru persoanele care doresc s\u0103 lucreze \u00een str\u0103in\u0103tate\">TULCEA Aten\u021bionare pentru persoanele care doresc s\u0103 lucreze \u00een str\u0103in\u0103tate<\/a><\/h3>\n<\/div>\n<\/div>\n<\/div>\n<\/div>\n<\/div>\n<\/div>\n<div class=\"comments\" id=\"comments\">\n<div id=\"respond\" class=\"comment-respond\">\n<h3 id=\"reply-title\" class=\"comment-reply-title\">L\u0102SA\u021aI UN MESAJ <small><a rel=\"nofollow\" id=\"cancel-comment-reply-link\" href=\"https:\/\/subiectivtulcea.ro\/antrenamente-comune-ale-fortelor-aeriene-romane-si-americane-la-babadag\/#respond\">Renun\u021ba\u021bi la r\u0103spuns<\/a><\/small><\/h3>\n<div class=\"comment-form-input-wrap td-form-comment\">\n<div class=\"td-warning-comment\">Please enter your comment!<\/div>\n<\/div>\n<div class=\"comment-form-input-wrap td-form-author\">\n<div class=\"td-warning-author\">Please enter your name here<\/div>\n<\/div>\n<div class=\"comment-form-input-wrap td-form-email\">\n<div class=\"td-warning-email-error\">You have entered an incorrect email address!<\/div>\n<div class=\"td-warning-email\">Please enter your email address here<\/div>\n<\/div>\n<div class=\"gglcptch gglcptch_v2\">\n<div>\n<div>\n<div>\n\t\t\t\t\t\t\t\t\n\t\t\t\t\t\t\t<\/div>\n<\/div>\n<\/div>\n<\/div>\n<\/div>\n<\/div>\n<\/div>\n<\/div>\n<div class=\"td-pb-span4 td-main-sidebar td-pb-border-top\" role=\"complementary\">\n<div class=\"td-ss-main-sidebar\">\n<div class=\"td-a-rec td-a-rec-id-sidebar  td_uid_8_694780b3791d9_rand td_block_template_1\"><span class=\"td-adspot-title\">&#8211; Advertisement &#8211;<\/span><\/p>\n<div class=\"td-all-devices\"><a href=\"https:\/\/subiectivtulcea.ro\/antrenamente-comune-ale-fortelor-aeriene-romane-si-americane-la-babadag\/\"><img decoding=\"async\" src=\"https:\/\/analyse.optim.biz\/wp-content\/uploads\/2025\/12\/vizual-maximia-tv_cartela-vodafone-130.jpg\" title=\"vizual-maximia-tv_cartela-vodafone-130\"><\/a><\/div>\n<\/div>\n<div class=\"td_block_wrap td_block_9 td_block_widget td_uid_9_694780b37939e_rand td_with_ajax_pagination td-pb-border-top td_block_template_1\" data-td-block-uid=\"td_uid_9_694780b37939e\">\n<h4 class=\"block-title\"><span class=\"td-pulldown-size\">CITESTE SI &#8230;<\/span><\/h4>\n<div id=\"td_uid_9_694780b37939e\" class=\"td_block_inner\">\n<div class=\"td-block-span12\">\n<div class=\"td_module_8 td_module_wrap\">\n<div class=\"item-details\">\n<h3 class=\"entry-title td-module-title\"><a href=\"https:\/\/subiectivtulcea.ro\/2-076-persoane-si-au-gasit-un-loc-de-munca-cu-sprijinul-ajofm-tulcea\/\" rel=\"bookmark\" title=\"2.076 persoane \u015fi-au g\u0103sit un loc de munc\u0103 cu sprijinul AJOFM Tulcea\">2.076 persoane \u015fi-au g\u0103sit un loc de munc\u0103 cu sprijinul AJOFM Tulcea<\/a><\/h3>\n<div class=\"meta-info\"><span class=\"td-post-author-name\"><a href=\"https:\/\/subiectivtulcea.ro\/author\/sorin\/\">Stefan Vasilescu<\/a><span>&#8211;<\/span><\/span><span class=\"td-post-date\"><time class=\"entry-date updated td-module-date\" datetime=\"2019-10-01T07:35:18+00:00\">octombrie 1, 2019<\/time><\/span><\/div>\n<\/div>\n<\/div>\n<\/div>\n<div class=\"td-block-span12\">\n<div class=\"td_module_8 td_module_wrap\">\n<div class=\"item-details\">\n<h3 class=\"entry-title td-module-title\"><a href=\"https:\/\/subiectivtulcea.ro\/tulcea-incendiu-pe-50-de-hectare-de-vegetatie\/\" rel=\"bookmark\" title=\"Tulcea: Incendiu pe 50 de hectare de vegeta\u0163ie\">Tulcea: Incendiu pe 50 de hectare de vegeta\u0163ie<\/a><\/h3>\n<div class=\"meta-info\"><span class=\"td-post-author-name\"><a href=\"https:\/\/subiectivtulcea.ro\/author\/sorin\/\">Stefan Vasilescu<\/a><span>&#8211;<\/span><\/span><span class=\"td-post-date\"><time class=\"entry-date updated td-module-date\" datetime=\"2019-08-27T06:53:23+00:00\">august 27, 2019<\/time><\/span><\/div>\n<\/div>\n<\/div>\n<\/div>\n<div class=\"td-block-span12\">\n<div class=\"td_module_8 td_module_wrap\">\n<div class=\"item-details\">\n<h3 class=\"entry-title td-module-title\"><a href=\"https:\/\/subiectivtulcea.ro\/daunele-de-la-inundatii-bataia-de-joc-a-secretarului-general-toni-grebla\/\" rel=\"bookmark\" title=\"Daunele de la inunda\u021bii, b\u0103taia de joc a secretarului general Toni Grebl\u0103\">Daunele de la inunda\u021bii, b\u0103taia de joc a secretarului general Toni Grebl\u0103<\/a><\/h3>\n<div class=\"meta-info\"><span class=\"td-post-author-name\"><a href=\"https:\/\/subiectivtulcea.ro\/author\/sorin\/\">Stefan Vasilescu<\/a><span>&#8211;<\/span><\/span><span class=\"td-post-date\"><time class=\"entry-date updated td-module-date\" datetime=\"2018-10-30T20:46:17+00:00\">octombrie 30, 2018<\/time><\/span><\/div>\n<\/div>\n<\/div>\n<\/div>\n<div class=\"td-block-span12\">\n<div class=\"td_module_8 td_module_wrap\">\n<div class=\"item-details\">\n<h3 class=\"entry-title td-module-title\"><a href=\"https:\/\/subiectivtulcea.ro\/tulcea-sarbatoarea-comunei-cerna-deschide-sezonul-turistic-in-muntii-macinului\/\" rel=\"bookmark\" title=\"Tulcea: S\u0103rb\u0103toarea comunei Cerna deschide sezonul turistic \u00een Mun\u0163ii M\u0103cinului\">Tulcea: S\u0103rb\u0103toarea comunei Cerna deschide sezonul turistic \u00een Mun\u0163ii M\u0103cinului<\/a><\/h3>\n<div class=\"meta-info\"><span class=\"td-post-author-name\"><a href=\"https:\/\/subiectivtulcea.ro\/author\/sorin\/\">Stefan Vasilescu<\/a><span>&#8211;<\/span><\/span><span class=\"td-post-date\"><time class=\"entry-date updated td-module-date\" datetime=\"2019-05-20T08:22:30+00:00\">mai 20, 2019<\/time><\/span><\/div>\n<\/div>\n<\/div>\n<\/div>\n<div class=\"td-block-span12\">\n<div class=\"td_module_8 td_module_wrap\">\n<div class=\"item-details\">\n<h3 class=\"entry-title td-module-title\"><a href=\"https:\/\/subiectivtulcea.ro\/tulcea-pelicam-festivalul-international-de-film-despre-mediu-si-oameni\/\" rel=\"bookmark\" title=\"Tulcea: Pelicam, Festivalul Interna\u0163ional de Film despre Mediu \u015fi Oameni\">Tulcea: Pelicam, Festivalul Interna\u0163ional de Film despre Mediu \u015fi Oameni<\/a><\/h3>\n<div class=\"meta-info\"><span class=\"td-post-author-name\"><a href=\"https:\/\/subiectivtulcea.ro\/author\/sorin\/\">Stefan Vasilescu<\/a><span>&#8211;<\/span><\/span><span class=\"td-post-date\"><time class=\"entry-date updated td-module-date\" datetime=\"2019-06-07T16:43:45+00:00\">iunie 7, 2019<\/time><\/span><\/div>\n<\/div>\n<\/div>\n<\/div>\n<\/div>\n<\/div>\n<\/div>\n<\/div>\n<\/div>\n<\/article>\n<p> Source URL: https:\/\/subiectivtulcea.ro\/antrenamente-comune-ale-fortelor-aeriene-romane-si-americane-la-babadag\/<\/p>\n","protected":false},"excerpt":{"rendered":"<p>Acas\u0103Ultimele \u0218tiriAntrenamente comune ale for\u0163elor aeriene rom\u00e2ne \u015fi americane, la Babadag Ultimele \u0218tiri Antrenamente comune ale for\u0163elor aeriene rom\u00e2ne \u015fi americane, la Babadag De c\u0103tre Stefan Vasilescu &#8211; aprilie 13, 2020 1170 0 DISTRIBUI\u021aI Facebook Twitter Militari rom\u00e2ni \u015fi americani particip\u0103 la exerci\u0163ii comune, \u00een Centrul Secundar de Instruire pentru Lupt\u0103 Babadag din Tulcea, a [&hellip;]<\/p>\n","protected":false},"author":1,"featured_media":1201078,"comment_status":"open","ping_status":"","sticky":false,"template":"","format":"standard","meta":{"footnotes":""},"categories":[89],"tags":[222],"class_list":["post-1201077","post","type-post","status-publish","format-standard","has-post-thumbnail","hentry","category-romania","tag-subiectivtulcea-ro"],"_links":{"self":[{"href":"https:\/\/analyse.optim.biz\/index.php?rest_route=\/wp\/v2\/posts\/1201077","targetHints":{"allow":["GET"]}}],"collection":[{"href":"https:\/\/analyse.optim.biz\/index.php?rest_route=\/wp\/v2\/posts"}],"about":[{"href":"https:\/\/analyse.optim.biz\/index.php?rest_route=\/wp\/v2\/types\/post"}],"author":[{"embeddable":true,"href":"https:\/\/analyse.optim.biz\/index.php?rest_route=\/wp\/v2\/users\/1"}],"replies":[{"embeddable":true,"href":"https:\/\/analyse.optim.biz\/index.php?rest_route=%2Fwp%2Fv2%2Fcomments&post=1201077"}],"version-history":[{"count":0,"href":"https:\/\/analyse.optim.biz\/index.php?rest_route=\/wp\/v2\/posts\/1201077\/revisions"}],"wp:featuredmedia":[{"embeddable":true,"href":"https:\/\/analyse.optim.biz\/index.php?rest_route=\/wp\/v2\/media\/1201078"}],"wp:attachment":[{"href":"https:\/\/analyse.optim.biz\/index.php?rest_route=%2Fwp%2Fv2%2Fmedia&parent=1201077"}],"wp:term":[{"taxonomy":"category","embeddable":true,"href":"https:\/\/analyse.optim.biz\/index.php?rest_route=%2Fwp%2Fv2%2Fcategories&post=1201077"},{"taxonomy":"post_tag","embeddable":true,"href":"https:\/\/analyse.optim.biz\/index.php?rest_route=%2Fwp%2Fv2%2Ftags&post=1201077"}],"curies":[{"name":"wp","href":"https:\/\/api.w.org\/{rel}","templated":true}]}}