{"id":1201032,"date":"2024-08-29T06:30:07","date_gmt":"2024-08-29T03:30:07","guid":{"rendered":"https:\/\/analyse.optim.biz\/?p=1201032"},"modified":"2024-08-29T06:30:07","modified_gmt":"2024-08-29T03:30:07","slug":"astazi-se-deschide-traficul-pe-varianta-ocolitoare-barlad-ziarul-de-vaslui","status":"publish","type":"post","link":"https:\/\/analyse.optim.biz\/?p=1201032","title":{"rendered":"Ast\u0103zi, se deschide traficul pe Varianta Ocolitoare B\u00e2rlad &#8211; Ziarul de Vaslui"},"content":{"rendered":"<div class=\"entry-content clearfix\">\n<p><strong>Ministerul Transporturilor \u0219i CNAIR au anun\u021bat c\u0103 traficul pe Varianta Ocolitoare B\u00e2rlad va fi deschis joi, pe data de 29 august. Traseul poate reduce cu aproape o or\u0103 timpul de c\u0103l\u0103torie c\u0103tre mai multe destina\u021bii, la ora 15:00<\/strong>.<\/p>\n<p>Acest nou traseu are poten\u021bialul de a reduce timpul de c\u0103l\u0103torie c\u0103tre Vama Siret, Boto\u0219ani, sau Albi\u021ba, Ia\u0219i, cu aproape o or\u0103, oferind totodat\u0103 condi\u021bii de siguran\u021b\u0103 \u00eembun\u0103t\u0103\u021bite.Varianta ocolitoare a ora\u015fului B\u00e2rlad este unul din drumurile de centur\u0103 cele mai a\u015fteptate din Rom\u00e2nia, pentru c\u0103 vine \u00een acest caz cu o \u00eent\u00e2rziere de trei ani, din cauza suspend\u0103rii lucr\u0103rilor, bloc\u0103rii acestora, apoi contract\u0103rii peste o perioad\u0103 lung\u0103 a altui antreprenor, cu necesitata efectu\u0103rii unor noi expertize. Acum, \u00een sf\u00e2r\u015fit, acest drum de centur\u0103 a fost complet finalizat. Contractul, \u00een valoare de 132 de milioane de lei, a fost semnat \u00een 2018 \u0219i trebuia finalizat ini\u021bial \u00een 2022.<\/p>\n<p>Varianta ocolitoare B\u00e2rlad are o lungime total\u0103 de 11,28 km, cu o l\u0103\u0163ime total\u0103 a platformei drumului de 10 metri, cuprinz\u00e2nd 4 poduri, 24 pode\u0163e, 3 pasaje \u015fi 4 intersec\u0163ii. Drumul ocole\u015fte municipiul B\u00e2rlad prin partea estic\u0103, pornind de la traseul DN24 \/ E581 din partea nordic\u0103, utiliz\u00e2nd par\u0163ial conexiunea cu DN24A. Dup\u0103 11,28 km, varianta ocolitoare ajunge la sud de B\u00e2rlad trec\u00e2nd prin apropiere de satul Trestiana \u015fi se reconecteaz\u0103 cu DN24 \/ E581c\u0103tre sensul giratoriu cu DN24, care duce mai departe spre Ti\u015fi\u0163a, \u015fi DN11A, care duce spre Podul Turcului \u015fi One\u015fti.<\/p>\n<p>Prin urmare, datorit\u0103 acestei pozi\u0163ion\u0103ri, varianta ocolitoare va fi un drum extrem de important pentru tot traficul regional \u00eentre ora\u015fe precum Hu\u015fi, Vaslui, Foc\u015fani, Adjud, Tecuci. La fel de important va fi drumul \u015fi pentru cet\u0103\u0163ii Republicii Moldova, care folosesc \u00een prezent traseul DN24 pentru deplas\u0103rile \u00eentre Bucure\u015fti \u015fi Chi\u015fin\u0103u.<\/p>\n<figure class=\"wp-block-image size-full\"><img decoding=\"async\" loading=\"lazy\" width=\"600\" height=\"516\" src=\"https:\/\/analyse.optim.biz\/wp-content\/uploads\/2025\/12\/image-2018-10-23-22773402-41-barlad.webp\" class=\"wp-image-46566\" title=\"image-2018-10-23-22773402-41-barlad\"><\/figure>\n<aside class=\"mashsb-container mashsb-main \">\n<div class=\"mashsb-box\">\n<div class=\"mashsb-count mash-medium\">\n<div class=\"counts mashsbcount\">0<\/div>\n<p><span class=\"mashsb-sharetext\">SHARES<\/span><\/div>\n<div class=\"mashsb-buttons\"><a class=\"mashicon-facebook mash-medium mashsb-noshadow\" href=\"https:\/\/www.facebook.com\/sharer.php?u=https%3A%2F%2Fwww.ziaruldevaslui.ro%2Fastazi-se-deschide-traficul-pe-varianta-ocolitoare-barlad%2F\" target=\"_top\" rel=\"nofollow\"><span class=\"text\">Share\u00a0pe\u00a0facebook<\/span><\/a><a class=\"mashicon-twitter mash-medium mashsb-noshadow\" href=\"https:\/\/twitter.com\/intent\/tweet?text=Ast%C4%83zi%2C%20se%20deschide%20traficul%20pe%20Varianta%20Ocolitoare%20B%C3%A2rlad&amp;url=https:\/\/www.ziaruldevaslui.ro\/?p=46564\" target=\"_top\" rel=\"nofollow\"><span class=\"text\">Share\u00a0pe\u00a0twitter<\/span><\/a><\/div>\n<\/div>\n<\/aside>\n<\/div>\n<div class=\"entry-content\">\n<p>Ini\u021bial am crezut c\u0103 Ionel Sandu s-a apucat de Stand Up Comedy. Cu afacerile nu st\u0103 extraordinar, cu politica nici<\/p>\n<\/div>\n<p> Source URL: https:\/\/www.ziaruldevaslui.ro\/astazi-se-deschide-traficul-pe-varianta-ocolitoare-barlad\/<\/p>\n","protected":false},"excerpt":{"rendered":"<p>Ministerul Transporturilor \u0219i CNAIR au anun\u021bat c\u0103 traficul pe Varianta Ocolitoare B\u00e2rlad va fi deschis joi, pe data de 29 august. Traseul poate reduce cu aproape o or\u0103 timpul de c\u0103l\u0103torie c\u0103tre mai multe destina\u021bii, la ora 15:00. Acest nou traseu are poten\u021bialul de a reduce timpul de c\u0103l\u0103torie c\u0103tre Vama Siret, Boto\u0219ani, sau Albi\u021ba, [&hellip;]<\/p>\n","protected":false},"author":1,"featured_media":1201033,"comment_status":"open","ping_status":"","sticky":false,"template":"","format":"standard","meta":{"footnotes":""},"categories":[89],"tags":[218],"class_list":["post-1201032","post","type-post","status-publish","format-standard","has-post-thumbnail","hentry","category-romania","tag-ziaruldevaslui-ro"],"_links":{"self":[{"href":"https:\/\/analyse.optim.biz\/index.php?rest_route=\/wp\/v2\/posts\/1201032","targetHints":{"allow":["GET"]}}],"collection":[{"href":"https:\/\/analyse.optim.biz\/index.php?rest_route=\/wp\/v2\/posts"}],"about":[{"href":"https:\/\/analyse.optim.biz\/index.php?rest_route=\/wp\/v2\/types\/post"}],"author":[{"embeddable":true,"href":"https:\/\/analyse.optim.biz\/index.php?rest_route=\/wp\/v2\/users\/1"}],"replies":[{"embeddable":true,"href":"https:\/\/analyse.optim.biz\/index.php?rest_route=%2Fwp%2Fv2%2Fcomments&post=1201032"}],"version-history":[{"count":0,"href":"https:\/\/analyse.optim.biz\/index.php?rest_route=\/wp\/v2\/posts\/1201032\/revisions"}],"wp:featuredmedia":[{"embeddable":true,"href":"https:\/\/analyse.optim.biz\/index.php?rest_route=\/wp\/v2\/media\/1201033"}],"wp:attachment":[{"href":"https:\/\/analyse.optim.biz\/index.php?rest_route=%2Fwp%2Fv2%2Fmedia&parent=1201032"}],"wp:term":[{"taxonomy":"category","embeddable":true,"href":"https:\/\/analyse.optim.biz\/index.php?rest_route=%2Fwp%2Fv2%2Fcategories&post=1201032"},{"taxonomy":"post_tag","embeddable":true,"href":"https:\/\/analyse.optim.biz\/index.php?rest_route=%2Fwp%2Fv2%2Ftags&post=1201032"}],"curies":[{"name":"wp","href":"https:\/\/api.w.org\/{rel}","templated":true}]}}