{"id":1198439,"date":"2016-08-02T09:21:02","date_gmt":"2016-08-02T06:21:02","guid":{"rendered":"https:\/\/analyse.optim.biz\/?p=1198439"},"modified":"2016-08-02T09:21:02","modified_gmt":"2016-08-02T06:21:02","slug":"s-a-rasturnat-pe-marginea-drumului-din-cauza-vitezei-excesive-suceavalive","status":"publish","type":"post","link":"https:\/\/analyse.optim.biz\/?p=1198439","title":{"rendered":"S-a r\u0103sturnat pe marginea drumului din cauza vitezei excesive &#8211; SuceavaLIVE"},"content":{"rendered":"<article id=\"post-79432\" class=\"clearfix post-79432 post type-post status-publish format-standard has-post-thumbnail hentry category-comunicate category-slide tag-accident tag-accident-2016-suceava tag-accident-martie-2016 tag-accident-suceava tag-bucovina tag-editorial-suceava tag-furt-martie-2016 tag-furt-suceava tag-informatia tag-informatii-interesante tag-media tag-monitorul-suceava tag-news tag-noutati-suceava tag-obiectiv-suceava tag-orasul-suceava tag-plus-stiri tag-politia-judeteana-suceava tag-politia-suceava tag-reportaje tag-spitalul-judetean-suceava tag-stirea-zilei tag-stiri-de-ultima-ora tag-stiri-suceava tag-stirile-zilei tag-suceava tag-suceavalive tag-ultimele-stiri tag-urgente-suceava tag-victime-accident-suceava tag-victime-suceava\">\n<header id=\"cb-standard-featured\">\n<div id=\"cb-fis-wrap\" class=\"cb-entry-header cb-fis cb-style-standard\"><span class=\"cb-title-fi\"><\/p>\n<h1 class=\"entry-title cb-entry-title cb-single-title\">S-a r\u0103sturnat pe marginea drumului din cauza vitezei excesive<\/h1>\n<div class=\"cb-byline cb-font-header\">\n<div class=\"cb-date cb-byline-element\"><time datetime=\"2016-08-02\">2 august 2016<\/time><\/div>\n<\/div>\n<p><\/span><\/div>\n<div class=\"cb-mask\"><img decoding=\"async\" width=\"541\" height=\"960\" src=\"https:\/\/analyse.optim.biz\/wp-content\/uploads\/2025\/12\/13902764_1733637800217319_6193770591480685305_n-1.jpg\" class=\"attachment-cb-full-full size-cb-full-full wp-post-image\" loading=\"lazy\" title=\"13902764_1733637800217319_6193770591480685305_n-1\"><\/div>\n<\/header>\n<p>Luni sear\u0103, \u00een jurul orei 18:30, militarii Deta\u015famentului de Pompieri C\u00e2mpulung Moldovenesc au intervenit cu modulul SMURD \u00een urma unui accident rutier produs pe raza localit\u0103\u021bii Prisaca Dornei, comuna Vama.<\/p>\n<section class=\"cb-entry-content entry-content clearfix\">\n<p>Un b\u0103rbat, de 52 ani, din municipiul Boto\u015fani, \u00een timp ce conducea ansamblul de autovehicule compus dintr-un autotractor \u0219i o remorc\u0103, f\u0103r\u0103 a fi \u00eenc\u0103rcat, pe DN 17, din direc\u0163ia Suceava spre Vatra Dornei, pe raza localit\u0103\u0163ii Vama, \u00eentr-o curb\u0103\u00a0 periculoas\u0103 la st\u00e2nga, semnalizat\u0103 corespunz\u0103tor \u015fi \u00een ramp\u0103, datorit\u0103 faptului c\u0103 rula cu vitez\u0103 excesiv\u0103, a derapat \u015fi a lovit parapetul metalic de pe partea st\u00e2ng\u0103 a drumului, av\u00e2nd \u00een vedere direc\u0163ia sa de deplasare, dup\u0103 care s-a r\u0103sturnat \u00een decor.<\/p>\n<p>\u00cen urma accidentului a rezultat distrugerea parapetului metalic pe o lungime de 15,70 m, avarierea autovehiculului \u015fi r\u0103nirea conduc\u0103torului auto care a fost preluat de ambulan\u0163\u0103 \u015fi transportat la spital.<\/p>\n<p>\u0218oferul a fost testat cu aparatul alcooltest rezultatul fiind de 0,00 mg\/l alcool \u00een aerul expirat, apoi acestuia i s-au recoltat probe de s\u00e2nge pentru determinarea alcoolemiei.<\/p>\n<p>\u00cen cauz\u0103 s-a \u00eentocmit dosar penal, ce va fi solu\u021bionat procedural.<\/p>\n<p><img decoding=\"async\" loading=\"lazy\" class=\"aligncenter wp-image-79433\" src=\"https:\/\/analyse.optim.biz\/wp-content\/uploads\/2025\/12\/13902764_1733637800217319_6193770591480685305_n-2.jpg\" alt=\"13902764_1733637800217319_6193770591480685305_n\" width=\"500\" height=\"887\" title=\"13902764_1733637800217319_6193770591480685305_n-2\"><\/p>\n<\/section>\n<footer class=\"article-footer\">\n<p class=\"cb-tags\"><a href=\"https:\/\/suceavalive.ro\/tag\/accident\/\" rel=\"tag\">accident<\/a><a href=\"https:\/\/suceavalive.ro\/tag\/accident-2016-suceava\/\" rel=\"tag\">accident 2016 suceava<\/a><a href=\"https:\/\/suceavalive.ro\/tag\/accident-martie-2016\/\" rel=\"tag\">accident martie 2016<\/a><a href=\"https:\/\/suceavalive.ro\/tag\/accident-suceava\/\" rel=\"tag\">accident suceava<\/a><a href=\"https:\/\/suceavalive.ro\/tag\/bucovina\/\" rel=\"tag\">bucovina<\/a><a href=\"https:\/\/suceavalive.ro\/tag\/editorial-suceava\/\" rel=\"tag\">editorial suceava<\/a><a href=\"https:\/\/suceavalive.ro\/tag\/furt-martie-2016\/\" rel=\"tag\">furt martie 2016<\/a><a href=\"https:\/\/suceavalive.ro\/tag\/furt-suceava\/\" rel=\"tag\">furt suceava<\/a><a href=\"https:\/\/suceavalive.ro\/tag\/informatia\/\" rel=\"tag\">informatia<\/a><a href=\"https:\/\/suceavalive.ro\/tag\/informatii-interesante\/\" rel=\"tag\">informatii interesante<\/a><a href=\"https:\/\/suceavalive.ro\/tag\/media\/\" rel=\"tag\">media<\/a><a href=\"https:\/\/suceavalive.ro\/tag\/monitorul-suceava\/\" rel=\"tag\">monitorul suceava<\/a><a href=\"https:\/\/suceavalive.ro\/tag\/news\/\" rel=\"tag\">news<\/a><a href=\"https:\/\/suceavalive.ro\/tag\/noutati-suceava\/\" rel=\"tag\">noutati suceava<\/a><a href=\"https:\/\/suceavalive.ro\/tag\/obiectiv-suceava\/\" rel=\"tag\">obiectiv suceava<\/a><a href=\"https:\/\/suceavalive.ro\/tag\/orasul-suceava\/\" rel=\"tag\">orasul suceava<\/a><a href=\"https:\/\/suceavalive.ro\/tag\/plus-stiri\/\" rel=\"tag\">plus stiri<\/a><a href=\"https:\/\/suceavalive.ro\/tag\/politia-judeteana-suceava\/\" rel=\"tag\">politia judeteana suceava<\/a><a href=\"https:\/\/suceavalive.ro\/tag\/politia-suceava\/\" rel=\"tag\">politia suceava<\/a><a href=\"https:\/\/suceavalive.ro\/tag\/reportaje\/\" rel=\"tag\">reportaje<\/a><a href=\"https:\/\/suceavalive.ro\/tag\/spitalul-judetean-suceava\/\" rel=\"tag\">Spitalul Jude\u0163ean Suceava<\/a><a href=\"https:\/\/suceavalive.ro\/tag\/stirea-zilei\/\" rel=\"tag\">stirea zilei<\/a><a href=\"https:\/\/suceavalive.ro\/tag\/stiri-de-ultima-ora\/\" rel=\"tag\">stiri de ultima ora<\/a><a href=\"https:\/\/suceavalive.ro\/tag\/stiri-suceava\/\" rel=\"tag\">stiri suceava<\/a><a href=\"https:\/\/suceavalive.ro\/tag\/stirile-zilei\/\" rel=\"tag\">stirile zilei<\/a><a href=\"https:\/\/suceavalive.ro\/tag\/suceava\/\" rel=\"tag\">Suceava<\/a><a href=\"https:\/\/suceavalive.ro\/tag\/suceavalive\/\" rel=\"tag\">suceavalive<\/a><a href=\"https:\/\/suceavalive.ro\/tag\/ultimele-stiri\/\" rel=\"tag\">ultimele stiri<\/a><a href=\"https:\/\/suceavalive.ro\/tag\/urgente-suceava\/\" rel=\"tag\">urgente suceava<\/a><a href=\"https:\/\/suceavalive.ro\/tag\/victime-accident-suceava\/\" rel=\"tag\">victime accident suceava<\/a><a href=\"https:\/\/suceavalive.ro\/tag\/victime-suceava\/\" rel=\"tag\">victime suceava<\/a><\/p>\n<div class=\"cb-social-sharing cb-post-footer-block cb-beside clearfix\">\n<div class=\"cb-title-subtle\">Share On:<\/div>\n<div class=\"cb-twitter\"><a href=\"https:\/\/twitter.com\/share\" class=\"twitter-share-button\" data-dnt=\"true\" data-count=\"horizontal\">Tweet<\/a><\/div>\n<\/div>\n<div id=\"cb-previous-next-links\" class=\"cb-post-footer-block clearfix\">\n<div id=\"cb-previous-link\"><a href=\"https:\/\/suceavalive.ro\/sofer-incarcerat-urma-coliziunii-dintre-doua-autoturisme\/\" rel=\"prev\">\u0218ofer \u00eencarcerat \u00een urma coliziunii dintre dou\u0103 autoturisme<\/a><\/div>\n<div id=\"cb-next-link\"><a href=\"https:\/\/suceavalive.ro\/accidentata-pe-o-trecere-de-pietoni-din-suceava-2\/\" rel=\"next\">Femeie accidentat\u0103 pe o trecere de pietoni din Suceava<\/a><\/div>\n<\/div>\n<div id=\"cb-author-box\" class=\"clearfix\">\n<h3 class=\"cb-block-title\">Despre autor<\/h3>\n<div class=\"cb-mask\"><a href=\"https:\/\/suceavalive.ro\/author\/suceavalive\/\"><img decoding=\"async\" src=\"https:\/\/analyse.optim.biz\/wp-content\/uploads\/2025\/12\/d542cd85af72d7d3afad0d26982263c9a64170e87d978956298bfb0122b00b8c-400.jpg\" class=\"avatar avatar-120 photo\" height=\"120\" width=\"120\" loading=\"lazy\" title=\"d542cd85af72d7d3afad0d26982263c9a64170e87d978956298bfb0122b00b8c-400\"><\/a><\/div>\n<div class=\"cb-meta\">\n<div class=\"cb-info\">\n<div class=\"cb-author-title vcard\"><a href=\"https:\/\/suceavalive.ro\/author\/suceavalive\/\"><span class=\"fn\">SuceavaLive<\/span><\/a><\/div>\n<\/div>\n<\/div>\n<\/div>\n<div id=\"cb-related-posts\" class=\"cb-related-posts-block cb-post-end-block clearfix\">\n<h3 class=\"cb-block-title\">Postari asemanatoare<\/h3>\n<ul>\n<li class=\"cb-style-overlay cb-grid-entry cb-related-post no-1\">\n<div class=\"cb-mask\"><a href=\"https:\/\/suceavalive.ro\/calendarul-zilei-de-19-decembrie-2\/\"><img decoding=\"async\" width=\"360\" height=\"240\" src=\"https:\/\/analyse.optim.biz\/wp-content\/uploads\/2025\/12\/nae-lazarescu-360x240-33.jpg\" class=\"attachment-cb-360-240 size-cb-360-240 wp-post-image\" loading=\"lazy\" title=\"nae-lazarescu-360x240-33\"><\/a><\/div>\n<div class=\"cb-meta cb-article-meta\">\n<h4 class=\"h3 cb-post-title\"><a href=\"https:\/\/suceavalive.ro\/calendarul-zilei-de-19-decembrie-2\/\">Calendarul zilei de 19 decembrie<\/a><\/h4>\n<div class=\"cb-byline cb-font-header\">\n<div class=\"cb-date cb-byline-element\"><time datetime=\"2025-12-19\">19 decembrie 2025<\/time><\/div>\n<\/div>\n<\/div>\n<\/li>\n<li class=\"cb-style-overlay cb-grid-entry cb-related-post no-2\">\n<div class=\"cb-mask\"><a href=\"https:\/\/suceavalive.ro\/calendarul-zilei-de-18-decembrie-2\/\"><img decoding=\"async\" width=\"360\" height=\"240\" src=\"https:\/\/analyse.optim.biz\/wp-content\/uploads\/2025\/12\/stefan-banica-360x240-46.jpg\" class=\"attachment-cb-360-240 size-cb-360-240 wp-post-image\" loading=\"lazy\" title=\"stefan-banica-360x240-46\"><\/a><\/div>\n<div class=\"cb-meta cb-article-meta\">\n<h4 class=\"h3 cb-post-title\"><a href=\"https:\/\/suceavalive.ro\/calendarul-zilei-de-18-decembrie-2\/\">Calendarul zilei de 18 decembrie<\/a><\/h4>\n<div class=\"cb-byline cb-font-header\">\n<div class=\"cb-date cb-byline-element\"><time datetime=\"2025-12-18\">18 decembrie 2025<\/time><\/div>\n<\/div>\n<\/div>\n<\/li>\n<\/ul>\n<\/div>\n<\/footer>\n<div id=\"respond\" class=\"comment-respond\">\n<h3 id=\"reply-title\" class=\"comment-reply-title\">Lasa un raspuns <small><a rel=\"nofollow\" id=\"cancel-comment-reply-link\" href=\"https:\/\/suceavalive.ro\/s-rasturnat-pe-marginea-drumului-din-cauza-vitezei-excesive\/#respond\">Anuleaza raspunsul<\/a><\/small><\/h3>\n<p class=\"comment-notes\">Adresa ta de email nu va fi publicat\u0103.<\/p>\n<\/div>\n<\/article>\n<p> Source URL: https:\/\/suceavalive.ro\/s-rasturnat-pe-marginea-drumului-din-cauza-vitezei-excesive\/<\/p>\n","protected":false},"excerpt":{"rendered":"<p>S-a r\u0103sturnat pe marginea drumului din cauza vitezei excesive 2 august 2016 Luni sear\u0103, \u00een jurul orei 18:30, militarii Deta\u015famentului de Pompieri C\u00e2mpulung Moldovenesc au intervenit cu modulul SMURD \u00een urma unui accident rutier produs pe raza localit\u0103\u021bii Prisaca Dornei, comuna Vama. Un b\u0103rbat, de 52 ani, din municipiul Boto\u015fani, \u00een timp ce conducea ansamblul [&hellip;]<\/p>\n","protected":false},"author":1,"featured_media":1198440,"comment_status":"open","ping_status":"","sticky":false,"template":"","format":"standard","meta":{"footnotes":""},"categories":[89],"tags":[173],"class_list":["post-1198439","post","type-post","status-publish","format-standard","has-post-thumbnail","hentry","category-romania","tag-suceavalive-ro"],"_links":{"self":[{"href":"https:\/\/analyse.optim.biz\/index.php?rest_route=\/wp\/v2\/posts\/1198439","targetHints":{"allow":["GET"]}}],"collection":[{"href":"https:\/\/analyse.optim.biz\/index.php?rest_route=\/wp\/v2\/posts"}],"about":[{"href":"https:\/\/analyse.optim.biz\/index.php?rest_route=\/wp\/v2\/types\/post"}],"author":[{"embeddable":true,"href":"https:\/\/analyse.optim.biz\/index.php?rest_route=\/wp\/v2\/users\/1"}],"replies":[{"embeddable":true,"href":"https:\/\/analyse.optim.biz\/index.php?rest_route=%2Fwp%2Fv2%2Fcomments&post=1198439"}],"version-history":[{"count":0,"href":"https:\/\/analyse.optim.biz\/index.php?rest_route=\/wp\/v2\/posts\/1198439\/revisions"}],"wp:featuredmedia":[{"embeddable":true,"href":"https:\/\/analyse.optim.biz\/index.php?rest_route=\/wp\/v2\/media\/1198440"}],"wp:attachment":[{"href":"https:\/\/analyse.optim.biz\/index.php?rest_route=%2Fwp%2Fv2%2Fmedia&parent=1198439"}],"wp:term":[{"taxonomy":"category","embeddable":true,"href":"https:\/\/analyse.optim.biz\/index.php?rest_route=%2Fwp%2Fv2%2Fcategories&post=1198439"},{"taxonomy":"post_tag","embeddable":true,"href":"https:\/\/analyse.optim.biz\/index.php?rest_route=%2Fwp%2Fv2%2Ftags&post=1198439"}],"curies":[{"name":"wp","href":"https:\/\/api.w.org\/{rel}","templated":true}]}}