{"id":1198424,"date":"2015-05-19T22:36:10","date_gmt":"2015-05-19T19:36:10","guid":{"rendered":"https:\/\/analyse.optim.biz\/?p=1198424"},"modified":"2015-05-19T22:36:10","modified_gmt":"2015-05-19T19:36:10","slug":"19-05-2015-invitat-marilen-pirtea","status":"publish","type":"post","link":"https:\/\/analyse.optim.biz\/?p=1198424","title":{"rendered":"19.05.2015 Invitat: Marilen Pirtea"},"content":{"rendered":"<article id=\"post-178701\" class=\"post-178701 post type-post status-publish format-video has-post-thumbnail hentry category-pressalert-tv category-pressalert-tv-live-sezonul-2 tag-marilen-pirtea tag-pressalert-live tag-rector tag-timisoara tag-universitatea-de-vest post_format-post-format-video\">\n<div class=\"td-post-header td-pb-padding-side\">\n<div class=\"entry-crumbs\"><span><a title class=\"entry-crumb\" href=\"https:\/\/www.pressalert.ro\/\"><span>Acas\u0103<\/span><\/a><\/span><span><a title=\"Vede\u021bi toate articolele \u00een PRESSALERT LIVE\" class=\"entry-crumb\" href=\"https:\/\/www.pressalert.ro\/category\/pressalert-tv\/\"><span>PRESSALERT LIVE<\/span><\/a><\/span><span class=\"td-bred-no-url-last\">19.05.2015 Invitat: Marilen Pirtea<\/span><\/div>\n<ul class=\"td-category\">\n<li class=\"entry-category\"><a href=\"https:\/\/www.pressalert.ro\/category\/pressalert-tv\/\">PRESSALERT LIVE<\/a><\/li>\n<li class=\"entry-category\"><a href=\"https:\/\/www.pressalert.ro\/category\/pressalert-tv\/pressalert-tv-live-sezonul-2\/\">Pressalert LIVE &#8211; Sezonul II<\/a><\/li>\n<\/ul>\n<header>\n<h1 class=\"entry-title\">19.05.2015 Invitat: Marilen Pirtea<\/h1>\n<div class=\"meta-info\">\n<div class=\"td-post-author-name\">\n<div class=\"td-author-by\">De<\/div>\n<p><a href=\"https:\/\/www.pressalert.ro\/author\/marius-popescu\/\">Marius Popescu<\/a><\/p>\n<div class=\"td-author-line\"> &#8211; <\/div>\n<\/div>\n<p><span class=\"td-post-date\"><time class=\"entry-date updated td-module-date\" datetime=\"2015-05-19T22:36:10+00:00\">mai 19, 2015<\/time><\/span><\/p>\n<div class=\"td-post-comments\"><a href=\"https:\/\/www.pressalert.ro\/2015\/05\/19-05-2015-invitat-marilen-pirtea\/#respond\">0<\/a><\/div>\n<\/div>\n<\/header>\n<\/div>\n<div class=\"td-post-sharing td-post-sharing-top td-pb-padding-side\"><span class=\"td-post-share-title\">DISTRIBUI\u021aI<\/span><\/p>\n<div class=\"td-default-sharing \"><a class=\"td-social-sharing-buttons td-social-facebook\" href=\"http:\/\/www.facebook.com\/sharer.php?u=https%3A%2F%2Fwww.pressalert.ro%2F2015%2F05%2F19-05-2015-invitat-marilen-pirtea%2F\"><\/p>\n<div class=\"td-social-but-text\">Facebook<\/div>\n<p><\/a><a class=\"td-social-sharing-buttons td-social-twitter\" href=\"https:\/\/twitter.com\/intent\/tweet?text=19.05.2015+Invitat%3A+Marilen+Pirtea&amp;url=https%3A%2F%2Fwww.pressalert.ro%2F2015%2F05%2F19-05-2015-invitat-marilen-pirtea%2F&amp;via=PRESSALERT.ro\"><\/p>\n<div class=\"td-social-but-text\">Twitter<\/div>\n<p><\/a><\/div>\n<\/div>\n<div class=\"td-post-content td-pb-padding-side\">\n<div class=\"wpb_video_wrapper\">\n                    <iframe loading=\"lazy\" id=\"td_youtube_player\" width=\"600\" height=\"560\" src=\"https:\/\/www.youtube.com\/embed\/IYvurp9h900?enablejsapi=1&amp;feature=oembed&amp;wmode=opaque&amp;vq=hd720\" frameborder allowfullscreen><\/iframe><\/p><\/div>\n<\/div>\n<footer>\n<div class=\"td-post-source-tags td-pb-padding-side\">\n<ul class=\"td-tags td-post-small-box clearfix\">\n<li><span>ETICHETE<\/span><\/li>\n<li><a href=\"https:\/\/www.pressalert.ro\/tag\/marilen-pirtea\/\">marilen pirtea<\/a><\/li>\n<li><a href=\"https:\/\/www.pressalert.ro\/tag\/pressalert-live\/\">pressalert live<\/a><\/li>\n<li><a href=\"https:\/\/www.pressalert.ro\/tag\/rector\/\">rector<\/a><\/li>\n<li><a href=\"https:\/\/www.pressalert.ro\/tag\/timisoara\/\">Timisoara<\/a><\/li>\n<li><a href=\"https:\/\/www.pressalert.ro\/tag\/universitatea-de-vest\/\">universitatea de vest<\/a><\/li>\n<\/ul>\n<\/div>\n<div class=\"td-post-sharing td-post-sharing-bottom td-pb-padding-side\"><span class=\"td-post-share-title\">DISTRIBUI\u021aI<\/span><\/p>\n<div class=\"td-default-sharing \"><a class=\"td-social-sharing-buttons td-social-facebook\" href=\"http:\/\/www.facebook.com\/sharer.php?u=https%3A%2F%2Fwww.pressalert.ro%2F2015%2F05%2F19-05-2015-invitat-marilen-pirtea%2F\"><\/p>\n<div class=\"td-social-but-text\">Facebook<\/div>\n<p><\/a><a class=\"td-social-sharing-buttons td-social-twitter\" href=\"https:\/\/twitter.com\/intent\/tweet?text=19.05.2015+Invitat%3A+Marilen+Pirtea&amp;url=https%3A%2F%2Fwww.pressalert.ro%2F2015%2F05%2F19-05-2015-invitat-marilen-pirtea%2F&amp;via=PRESSALERT.ro\"><\/p>\n<div class=\"td-social-but-text\">Twitter<\/div>\n<p><\/a><\/div>\n<\/div>\n<div class=\"td-block-row td-post-next-prev\">\n<div class=\"td-block-span6 td-post-prev-post\">\n<div class=\"td-post-next-prev-content\"><span>Articolul precedent<\/span><a href=\"https:\/\/www.pressalert.ro\/2015\/05\/tanarul-care-a-pus-cutitul-la-gat-unui-taximetrist-acuzat-de-talharie-dupa-dezvaluirea-pressalert-ro\/\">T\u00e2n\u0103rul care a pus cu\u021bitul la g\u00e2t unui taximetrist, acuzat de T\u00c2LH\u0102RIE dup\u0103 dezv\u0103luirea PRESSALERT.ro despre decizia scandaloas\u0103 a procurorului de caz<\/a><\/div>\n<\/div>\n<div class=\"td-block-span6 td-post-next-post\">\n<div class=\"td-post-next-prev-content\"><span>Articolul urm\u0103tor<\/span><a href=\"https:\/\/www.pressalert.ro\/2015\/05\/marilen-pirtea-rectorul-universitatii-de-vest-din-timisoara-decis-sa-nu-intre-politica-care-este-motivul-si-ce-spune-despre-masonerie\/\">Reac\u0163ia rectorului Universit\u0103\u021bii de Vest din Timi\u0219oara c\u00e2nd a fost \u00eentrebat dac\u0103 este MASON. Ce spune despre o posibil\u0103 candidatur\u0103 la Prim\u0103ria Timi\u015foara VIDEO<\/a><\/div>\n<\/div>\n<\/div>\n<div class=\"author-box-wrap\"><a href=\"https:\/\/www.pressalert.ro\/author\/marius-popescu\/\"><img loading=\"lazy\" decoding=\"async\" src=\"https:\/\/analyse.optim.biz\/wp-content\/uploads\/2025\/12\/6ff5b29455ffa79f6eac9c7ee3cb2891-277.jpg\" class=\"avatar avatar-96 photo\" height=\"96\" width=\"96\" title=\"6ff5b29455ffa79f6eac9c7ee3cb2891-277\"><\/a><\/p>\n<div class=\"desc\">\n<div class=\"td-author-name vcard author\"><span class=\"fn\"><a href=\"https:\/\/www.pressalert.ro\/author\/marius-popescu\/\">Marius Popescu<\/a><\/span><\/div>\n<div class=\"td-author-url\"><a href=\"http:\/\/www.pressalert.ro\">http:\/\/www.pressalert.ro<\/a><\/div>\n<\/div>\n<\/div>\n<p><span><\/span><span><span><\/span><\/span><span><\/span><\/footer>\n<\/article>\n<p> Source URL: https:\/\/www.pressalert.ro\/2015\/05\/19-05-2015-invitat-marilen-pirtea\/<\/p>\n","protected":false},"excerpt":{"rendered":"<p>Acas\u0103PRESSALERT LIVE19.05.2015 Invitat: Marilen Pirtea PRESSALERT LIVE Pressalert LIVE &#8211; Sezonul II 19.05.2015 Invitat: Marilen Pirtea De Marius Popescu &#8211; mai 19, 2015 0 DISTRIBUI\u021aI Facebook Twitter ETICHETE marilen pirtea pressalert live rector Timisoara universitatea de vest DISTRIBUI\u021aI Facebook Twitter Articolul precedentT\u00e2n\u0103rul care a pus cu\u021bitul la g\u00e2t unui taximetrist, acuzat de T\u00c2LH\u0102RIE dup\u0103 dezv\u0103luirea [&hellip;]<\/p>\n","protected":false},"author":1,"featured_media":1198425,"comment_status":"open","ping_status":"","sticky":false,"template":"","format":"standard","meta":{"footnotes":""},"categories":[89],"tags":[176],"class_list":["post-1198424","post","type-post","status-publish","format-standard","has-post-thumbnail","hentry","category-romania","tag-pressalert-ro"],"_links":{"self":[{"href":"https:\/\/analyse.optim.biz\/index.php?rest_route=\/wp\/v2\/posts\/1198424","targetHints":{"allow":["GET"]}}],"collection":[{"href":"https:\/\/analyse.optim.biz\/index.php?rest_route=\/wp\/v2\/posts"}],"about":[{"href":"https:\/\/analyse.optim.biz\/index.php?rest_route=\/wp\/v2\/types\/post"}],"author":[{"embeddable":true,"href":"https:\/\/analyse.optim.biz\/index.php?rest_route=\/wp\/v2\/users\/1"}],"replies":[{"embeddable":true,"href":"https:\/\/analyse.optim.biz\/index.php?rest_route=%2Fwp%2Fv2%2Fcomments&post=1198424"}],"version-history":[{"count":0,"href":"https:\/\/analyse.optim.biz\/index.php?rest_route=\/wp\/v2\/posts\/1198424\/revisions"}],"wp:featuredmedia":[{"embeddable":true,"href":"https:\/\/analyse.optim.biz\/index.php?rest_route=\/wp\/v2\/media\/1198425"}],"wp:attachment":[{"href":"https:\/\/analyse.optim.biz\/index.php?rest_route=%2Fwp%2Fv2%2Fmedia&parent=1198424"}],"wp:term":[{"taxonomy":"category","embeddable":true,"href":"https:\/\/analyse.optim.biz\/index.php?rest_route=%2Fwp%2Fv2%2Fcategories&post=1198424"},{"taxonomy":"post_tag","embeddable":true,"href":"https:\/\/analyse.optim.biz\/index.php?rest_route=%2Fwp%2Fv2%2Ftags&post=1198424"}],"curies":[{"name":"wp","href":"https:\/\/api.w.org\/{rel}","templated":true}]}}