{"id":1196249,"date":"2018-05-29T20:44:33","date_gmt":"2018-05-29T17:44:33","guid":{"rendered":"https:\/\/analyse.optim.biz\/?p=1196249"},"modified":"2018-05-29T20:44:33","modified_gmt":"2018-05-29T17:44:33","slug":"elon-musk-face-declaratii-antisemite-ingrijoratoare-incorect-politic","status":"publish","type":"post","link":"https:\/\/analyse.optim.biz\/?p=1196249","title":{"rendered":"Elon Musk Face Declara\u021bii Antisemite \u00cengrijor\u0103toare &#8211; Incorect Politic"},"content":{"rendered":"<article class=\"post-listing post-7071 post type-post status-publish format-standard has-post-thumbnail  category-international category-stirea-zilei\" id=\"the-post\">\n<div class=\"post-inner\">\n<h1 class=\"name post-title entry-title\"><span>Elon Musk Face Declara\u021bii Antisemite \u00cengrijor\u0103toare<\/span><\/h1>\n<div class=\"entry\">\n<p>Sterian David Bruckman Shekelsteinberg<br \/><strong><span>In<\/span><\/strong><strong>Corect Politic<\/strong><br \/>\nMai 30, 2018<\/p>\n<p>Dragi cona\u021bionali fa\u021b\u0103 de care nu am nici un interes ascuns,<\/p>\n<p>V\u0103 aduc la cuno\u0219tin\u021b\u0103 un lucru \u00eengrijor\u0103tor.<\/p>\n<p>Elon Musk a f\u0103cut declara\u021bii periculoase c\u00e2nd a criticat mass media pentru neonestitate.<\/p>\n<p>Pionierul rachetist \u0219i negustorul de ma\u0219ini electrice nu \u0219i-a cerut scuze, ba chiar a mers mai departe spun\u00e2nd c\u0103 va construi un website care s\u0103 verifice acurate\u021bea \u0219tirilor. Acesta se va numi \u201cPravda\u201d, aliment\u00e2nd suspiciunile c\u0103 Elon Musk ar avea leg\u0103turi cu Vladimir Putin.<\/p>\n<p>\u00centrebarea retoric\u0103 \u201cWho do you think *owns* the press? Hello.\u201d este menit\u0103 s\u0103 st\u00e2rneasc\u0103 un r\u0103spuns conspirativ antisemit. Unii internau\u021bi au asociat \u00eentrebarea cu imagini denigratoare pentru evrei.<\/p>\n<p><a href=\"https:\/\/analyse.optim.biz\/wp-content\/uploads\/2025\/12\/1527453224093.png\"><img loading=\"lazy\" decoding=\"async\" class=\"size-full wp-image-7075 aligncenter lazyload\" width=\"551\" height=\"558\" src=\"https:\/\/analyse.optim.biz\/wp-content\/uploads\/2025\/12\/1527453224093.png\" title=\"1527453224093\"><\/a><\/p>\n<p><img loading=\"lazy\" decoding=\"async\" class=\"size-full wp-image-7075 aligncenter\" src=\"https:\/\/analyse.optim.biz\/wp-content\/uploads\/2025\/12\/1527453224093.png\" width=\"551\" height=\"558\" data-eio=\"l\" title=\"1527453224093\"><a href=\"https:\/\/analyse.optim.biz\/wp-content\/uploads\/2025\/12\/1527453787671.png\"><img loading=\"lazy\" decoding=\"async\" class=\"aligncenter wp-image-7076 lazyload\" width=\"401\" height=\"248\" src=\"https:\/\/analyse.optim.biz\/wp-content\/uploads\/2025\/12\/1527453787671.png\" title=\"1527453787671\"><img loading=\"lazy\" decoding=\"async\" class=\"aligncenter wp-image-7076\" src=\"https:\/\/analyse.optim.biz\/wp-content\/uploads\/2025\/12\/1527453787671.png\" width=\"401\" height=\"248\" data-eio=\"l\" title=\"1527453787671\"><\/a><\/p>\n<p><a href=\"https:\/\/analyse.optim.biz\/wp-content\/uploads\/2025\/12\/1527453890967.png\"><img loading=\"lazy\" decoding=\"async\" class=\"aligncenter lazyload\" src=\"https:\/\/analyse.optim.biz\/wp-content\/uploads\/2025\/12\/1527453890967.png\" width=\"291\" height=\"300\" title=\"1527453890967\"><\/a><\/p>\n<p><img loading=\"lazy\" decoding=\"async\" class=\"aligncenter\" src=\"https:\/\/analyse.optim.biz\/wp-content\/uploads\/2025\/12\/1527453890967.png\" width=\"291\" height=\"300\" data-eio=\"l\" title=\"1527453890967\"><\/p>\n<p>Dup\u0103 ce a implicat faptul c\u0103 Israel ar fi o putere ostil\u0103 \u00een tweetul de mai sus, a ap\u0103rut o poz\u0103 pe internet \u00een care se prezint\u0103 mai multe \u0219tiri despre satelitul israelit pe care Elon Musk l-a lansat f\u0103r\u0103 succes, presupun\u00e2ndu-se c\u0103 a fost sabotat chiar de c\u0103tre acesta.<a href=\"https:\/\/analyse.optim.biz\/wp-content\/uploads\/2025\/12\/1527454433421.png\"><img loading=\"lazy\" decoding=\"async\" class=\"size-full wp-image-7078 aligncenter lazyload\" width=\"2948\" height=\"1996\" src=\"https:\/\/analyse.optim.biz\/wp-content\/uploads\/2025\/12\/1527454433421.png\" title=\"1527454433421\"><\/a><\/p>\n<p><img loading=\"lazy\" decoding=\"async\" class=\"size-full wp-image-7078 aligncenter\" src=\"https:\/\/analyse.optim.biz\/wp-content\/uploads\/2025\/12\/1527454433421.png\" width=\"2948\" height=\"1996\" data-eio=\"l\" title=\"1527454433421\"><\/p>\n<p>Alt\u0103 poz\u0103 face leg\u0103tura \u00eentre un autor de romane SF cu convingeri naziste, \u00een cartea c\u0103ruia Elon este \u0219ef de guvern.<\/p>\n<p><a href=\"https:\/\/analyse.optim.biz\/wp-content\/uploads\/2025\/12\/1527454721423.png\"><img loading=\"lazy\" decoding=\"async\" class=\"size-full wp-image-7079 aligncenter lazyload\" width=\"1000\" height=\"910\" src=\"https:\/\/analyse.optim.biz\/wp-content\/uploads\/2025\/12\/1527454721423.png\" title=\"1527454721423\"><\/a><\/p>\n<p><img loading=\"lazy\" decoding=\"async\" class=\"size-full wp-image-7079 aligncenter\" src=\"https:\/\/analyse.optim.biz\/wp-content\/uploads\/2025\/12\/1527454721423.png\" width=\"1000\" height=\"910\" data-eio=\"l\" title=\"1527454721423\"><\/p>\n<p>Comentariile antisemite au avut reac\u021bii \u00eengrijor\u0103toare.<\/p>\n<p>Publica\u021bia Daily Stormer, cel mai rasist website de pe Internet, a lansat un articol \u00een care \u00eel felicit\u0103 pe Elon Musk pentru declara\u021biile sale, \u0219i \u00eei acuz\u0103 pe evrei c\u0103 nu vor s\u0103 fie tra\u0219i la r\u0103spundere.<\/p>\n<p>DailyStormer:<\/p>\n<blockquote>\n<p>Elon Musk has been treading on very dangerous ground lately, complaining about <a href=\"https:\/\/dailystormer.name\/elon-musk-goes-on-anti-semitic-rant-against-jewish-media-vows-revenge\/\">how dishonest the mainstream media is<\/a>. The rocket pioneer and electric car merchant has even doubled down, vowing to build a website to expose these dirty kikes for the liars that they are.<\/p>\n<p>Naturally, <a href=\"https:\/\/dailystormer.name\/eternal-jew-to-elon-musk-you-merely-adopted-the-butthurt-i-was-born-in-it-molded-by-it\/\">the Jews didn\u2019t take kindly to this<\/a>.<\/p>\n<p>But instead of backtracking in the face of overwhelming outrage from kikes and their soyboy golem, Musk is bravely doubling down.<\/p>\n<p>In his latest noteworthy tweet, he asks a critic (who was whining that \u201cthe powers that be\u201d would like to censor journalists) \u201cwho do you think *owns* the press? Hello?\u201d<\/p>\n<p><em>A Jewish journalist who doesn\u2019t want to be held accountable, huh? What a shock.<\/em><\/p>\n<p>It\u2019s hard to say why Elon Musk is continuing to push this. Surely, he knows that he\u2019s making a lot of enemies by doing this. He\u2019s practically crossed the point of no return, where the media Jews will turn against him forever.<\/p>\n<\/blockquote>\n<p>Website-ul hitlerist 4chan \/pol\/ a f\u0103cut un colaj cu mai multe mesaje \u0219i imagini antisemite, ca urmare a declara\u021biilor lui Elon Musk.<\/p>\n<p><a href=\"https:\/\/analyse.optim.biz\/wp-content\/uploads\/2025\/12\/1527456444894.jpg\"><img loading=\"lazy\" decoding=\"async\" class=\"size-full wp-image-7080 aligncenter lazyload\" width=\"4325\" height=\"2346\" src=\"https:\/\/analyse.optim.biz\/wp-content\/uploads\/2025\/12\/1527456444894.jpg\" title=\"1527456444894\"><\/a><\/p>\n<p><img loading=\"lazy\" decoding=\"async\" class=\"size-full wp-image-7080 aligncenter\" src=\"https:\/\/analyse.optim.biz\/wp-content\/uploads\/2025\/12\/1527456444894.jpg\" width=\"4325\" height=\"2346\" data-eio=\"l\" title=\"1527456444894\"><\/p>\n<p>A\u0219a ceva nu s-a mai \u00eent\u00e2mplat p\u00e2n\u0103 acum.<\/p>\n<p>O personalitate de anvergura lui Elon Musk s\u0103 fac\u0103 declara\u021bii \u00eentunecate, de secol 20, ne arat\u0103 c\u0103 nu suntem \u00een siguran\u021b\u0103.<\/p>\n<p>C\u0103 lumea nu este \u00een siguran\u021b\u0103.<\/p>\n<p>C\u0103 demora\u021bia noastr\u0103 este \u00een pericol.<\/p>\n<p>Integritatea moral\u0103 a Europei st\u0103 ca o u\u0219\u0103 de lemn \u00een fa\u021b\u0103 berbecului na\u021bionalist.<\/p>\n<p><a href=\"https:\/\/analyse.optim.biz\/wp-content\/uploads\/2025\/12\/battering-ram-medieval-siege-engine-hand-made-sale-model-4-5159-p.jpg\"><img loading=\"lazy\" decoding=\"async\" class=\"size-full wp-image-7081 aligncenter lazyload\" width=\"821\" height=\"869\" src=\"https:\/\/analyse.optim.biz\/wp-content\/uploads\/2025\/12\/battering-ram-medieval-siege-engine-hand-made-sale-model-4-5159-p.jpg\" title=\"battering-ram-medieval-siege-engine-hand-made-sale-model-4-5159-p\"><\/a><\/p>\n<p><img loading=\"lazy\" decoding=\"async\" class=\"size-full wp-image-7081 aligncenter\" src=\"https:\/\/analyse.optim.biz\/wp-content\/uploads\/2025\/12\/battering-ram-medieval-siege-engine-hand-made-sale-model-4-5159-p.jpg\" width=\"821\" height=\"869\" data-eio=\"l\" title=\"battering-ram-medieval-siege-engine-hand-made-sale-model-4-5159-p\"><\/p>\n<p>\u00a0<\/p>\n<p>\u00a0<\/p>\n<\/div>\n<div class=\"share-post\"><span class=\"share-text\">Share<\/span><\/p>\n<ul class=\"flat-social\">\n<li><a href=\"http:\/\/www.facebook.com\/sharer.php?u=https:\/\/www.incorectpolitic.com\/?p=7071\" class=\"social-facebook\" rel=\"external\" target=\"_blank\"><span>Facebook<\/span><\/a><\/li>\n<li><a href=\"https:\/\/twitter.com\/intent\/tweet?text=Elon+Musk+Face+Declara%C8%9Bii+Antisemite+%C3%8Engrijor%C4%83toare&amp;url=https:\/\/www.incorectpolitic.com\/?p=7071\" class=\"social-twitter\" rel=\"external\" target=\"_blank\"><span>Twitter<\/span><\/a><\/li>\n<li><a href=\"http:\/\/pinterest.com\/pin\/create\/button\/?url=https:\/\/www.incorectpolitic.com\/?p=7071&amp;description=Elon+Musk+Face+Declara%C8%9Bii+Antisemite+%C3%8Engrijor%C4%83toare&amp;media=https:\/\/www.incorectpolitic.com\/wp-content\/uploads\/2018\/05\/musk-smile-660x330.jpg\" class=\"social-pinterest\" rel=\"external\" target=\"_blank\"><span>Pinterest<\/span><\/a><\/li>\n<\/ul>\n<\/div>\n<\/div>\n<\/article>\n<p> Source URL: https:\/\/www.incorectpolitic.com\/elon-musk-face-declaratii-antisemite-ingrijoratoare\/<\/p>\n","protected":false},"excerpt":{"rendered":"<p>Elon Musk Face Declara\u021bii Antisemite \u00cengrijor\u0103toare Sterian David Bruckman ShekelsteinbergInCorect Politic Mai 30, 2018 Dragi cona\u021bionali fa\u021b\u0103 de care nu am nici un interes ascuns, V\u0103 aduc la cuno\u0219tin\u021b\u0103 un lucru \u00eengrijor\u0103tor. Elon Musk a f\u0103cut declara\u021bii periculoase c\u00e2nd a criticat mass media pentru neonestitate. Pionierul rachetist \u0219i negustorul de ma\u0219ini electrice nu \u0219i-a cerut [&hellip;]<\/p>\n","protected":false},"author":1,"featured_media":1196250,"comment_status":"open","ping_status":"","sticky":false,"template":"","format":"standard","meta":{"footnotes":""},"categories":[89],"tags":[95],"class_list":["post-1196249","post","type-post","status-publish","format-standard","has-post-thumbnail","hentry","category-romania","tag-incorectpolitic-com"],"_links":{"self":[{"href":"https:\/\/analyse.optim.biz\/index.php?rest_route=\/wp\/v2\/posts\/1196249","targetHints":{"allow":["GET"]}}],"collection":[{"href":"https:\/\/analyse.optim.biz\/index.php?rest_route=\/wp\/v2\/posts"}],"about":[{"href":"https:\/\/analyse.optim.biz\/index.php?rest_route=\/wp\/v2\/types\/post"}],"author":[{"embeddable":true,"href":"https:\/\/analyse.optim.biz\/index.php?rest_route=\/wp\/v2\/users\/1"}],"replies":[{"embeddable":true,"href":"https:\/\/analyse.optim.biz\/index.php?rest_route=%2Fwp%2Fv2%2Fcomments&post=1196249"}],"version-history":[{"count":0,"href":"https:\/\/analyse.optim.biz\/index.php?rest_route=\/wp\/v2\/posts\/1196249\/revisions"}],"wp:featuredmedia":[{"embeddable":true,"href":"https:\/\/analyse.optim.biz\/index.php?rest_route=\/wp\/v2\/media\/1196250"}],"wp:attachment":[{"href":"https:\/\/analyse.optim.biz\/index.php?rest_route=%2Fwp%2Fv2%2Fmedia&parent=1196249"}],"wp:term":[{"taxonomy":"category","embeddable":true,"href":"https:\/\/analyse.optim.biz\/index.php?rest_route=%2Fwp%2Fv2%2Fcategories&post=1196249"},{"taxonomy":"post_tag","embeddable":true,"href":"https:\/\/analyse.optim.biz\/index.php?rest_route=%2Fwp%2Fv2%2Ftags&post=1196249"}],"curies":[{"name":"wp","href":"https:\/\/api.w.org\/{rel}","templated":true}]}}