{"id":1196227,"date":"2018-05-30T20:21:10","date_gmt":"2018-05-30T17:21:10","guid":{"rendered":"https:\/\/analyse.optim.biz\/?p=1196227"},"modified":"2018-05-30T20:21:10","modified_gmt":"2018-05-30T17:21:10","slug":"redactia-vice-din-quebec-luata-cu-asalt-dupa-modelul-romanesc-incorect-politic","status":"publish","type":"post","link":"https:\/\/analyse.optim.biz\/?p=1196227","title":{"rendered":"Redac\u021bia Vice din Quebec Luat\u0103 cu Asalt Dup\u0103 Modelul Rom\u00e2nesc &#8211; Incorect Politic"},"content":{"rendered":"<article class=\"post-listing post-6956 post type-post status-publish format-standard has-post-thumbnail  category-international category-stirea-zilei\" id=\"the-post\">\n<div class=\"post-inner\">\n<h1 class=\"name post-title entry-title\"><span>Redac\u021bia Vice din Quebec Luat\u0103 cu Asalt Dup\u0103 Modelul Rom\u00e2nesc<\/span><\/h1>\n<div class=\"entry\">\n<p>Sterie Ciumetti<br \/><strong>Incorect Politic<\/strong><br \/>\nMai 31, 2018<\/p>\n<p>Paul Hitter \u0219i C\u0103t\u0103lin M\u0103rincu\u0219 sunt modele pentru na\u021bionali\u0219tii din Quebec.<\/p>\n<p>C\u00e2\u021biva membri din gruparea Atlante, cea mai mare organiza\u021bie na\u021bionalist\u0103 din Quebec, au preluat strategia rom\u00e2nilor \u0219i au intrat peste \u201cjurnali\u0219tii\u201d din redac\u021bia Vice.<\/p>\n<p><a href=\"https:\/\/analyse.optim.biz\/wp-content\/uploads\/2025\/12\/v1-1.jpeg\"><img loading=\"lazy\" decoding=\"async\" class=\"size-full wp-image-7010 aligncenter lazyload\" width=\"2000\" height=\"1123\" src=\"https:\/\/analyse.optim.biz\/wp-content\/uploads\/2025\/12\/v1-1.jpeg\" title=\"v1-1\"><\/a><\/p>\n<p><img loading=\"lazy\" decoding=\"async\" class=\"size-full wp-image-7010 aligncenter\" src=\"https:\/\/analyse.optim.biz\/wp-content\/uploads\/2025\/12\/v1-1.jpeg\" width=\"2000\" height=\"1123\" data-eio=\"l\" title=\"v1-1\">Ace\u0219tia au r\u0103sp\u00e2ndit pliante \u0219i nasuri de clovn (aluzie la \u201clumea clovnilor\u201d, concept care descrie fenomenul de inversare a valorilor).<\/p>\n<p>Activi\u0219tii au adus \u0219i un trofeu pe care scriseser\u0103 \u201cVICE gunoaie media 2018\u201d<\/p>\n<div class=\"wp-video\"><video class=\"wp-video-shortcode\" id=\"video-6956-1\" width=\"600\" height=\"1066\" preload=\"metadata\" controls=\"controls\"><source type=\"video\/mp4\" src=\"https:\/\/www.incorectpolitic.com\/wp-content\/uploads\/2018\/05\/v2.mp4?_=1\" \/><\/video><\/div>\n<p><a href=\"https:\/\/analyse.optim.biz\/wp-content\/uploads\/2025\/12\/v3.jpeg\"><img loading=\"lazy\" decoding=\"async\" class=\"wp-image-7012 size-large aligncenter lazyload\" width=\"618\" height=\"598\" src=\"https:\/\/analyse.optim.biz\/wp-content\/uploads\/2025\/12\/v3-1024x991-1.jpeg\" title=\"v3-1024x991-1\"><\/a><\/p>\n<p><img loading=\"lazy\" decoding=\"async\" class=\"wp-image-7012 size-large aligncenter\" src=\"https:\/\/analyse.optim.biz\/wp-content\/uploads\/2025\/12\/v3-1024x991-1.jpeg\" width=\"618\" height=\"598\" data-eio=\"l\" title=\"v3-1024x991-1\"><\/p>\n<p>Evenimentul a avut loc la patru luni dup\u0103 ce Paul Hitter \u0219i C\u0103lin M\u0103rincu\u0219, au dat buzna \u00een redac\u021bia VICE Rom\u00e2nia.<\/p>\n<p><a href=\"https:\/\/analyse.optim.biz\/wp-content\/uploads\/2025\/12\/1517574409942-hitter-filmand.jpeg\"><img loading=\"lazy\" decoding=\"async\" class=\"size-full wp-image-7013 aligncenter lazyload\" width=\"2000\" height=\"1124\" src=\"https:\/\/analyse.optim.biz\/wp-content\/uploads\/2025\/12\/1517574409942-hitter-filmand.jpeg\" title=\"1517574409942-hitter-filmand\"><\/a><\/p>\n<p><img loading=\"lazy\" decoding=\"async\" class=\"size-full wp-image-7013 aligncenter\" src=\"https:\/\/analyse.optim.biz\/wp-content\/uploads\/2025\/12\/1517574409942-hitter-filmand.jpeg\" width=\"2000\" height=\"1124\" data-eio=\"l\" title=\"1517574409942-hitter-filmand\"><\/p>\n<p>Cel mai mare \u0219oc al str\u0103inilor c\u00e2nd au citit despre episodul de la noi a fost s\u0103 afle c\u0103 Vice.com are o redac\u021bie \u00een Rom\u00e2nia.<\/p>\n<p>Trebuie s\u0103 \u00een\u021belege\u021bi c\u0103 occidentalii cu bun sim\u021b au o p\u0103rere\u00a0 foarte\u2026romantic\u0103 despre Rom\u00e2nia \u0219i \u021b\u0103rile din Europa de Est \u00een general.<\/p>\n<p>\u00ce\u0219i imagineaz\u0103 c\u0103 tragem musulmanii \u00een \u021beap\u0103, batem homosexualii pe strad\u0103, mic\u021bion\u0103m pe directivele europene (mai mult Polonia \u0219i Ungaria) \u0219i \u00een general nu d\u0103m doi bani pe corectitudinea politic\u0103. Sentimentele acestea sunt \u00eemp\u0103rt\u0103\u0219ite de majoritatea popula\u021biei, dar guvernele r\u0103m\u00e2n aservite Por\u021bii Europene \u0219i \u00een ciuda oportunismului electoral, ele nu reprezint\u0103 interesele poporului.<\/p>\n<p>Revenind la Vice, poate \u00eencepe un trend ca \u0219i Ice Bucket Challenge prin care redac\u021biile Vice din diferite \u021b\u0103ri sunt vizitate de na\u021bionali\u0219tii locali.<\/p>\n<p>Vice Trashing Challenge.<\/p>\n<p>\u00a0<\/p>\n<p>\u00a0<\/p>\n<\/div>\n<div class=\"share-post\"><span class=\"share-text\">Share<\/span><\/p>\n<ul class=\"flat-social\">\n<li><a href=\"http:\/\/www.facebook.com\/sharer.php?u=https:\/\/www.incorectpolitic.com\/?p=6956\" class=\"social-facebook\" rel=\"external\" target=\"_blank\"><span>Facebook<\/span><\/a><\/li>\n<li><a href=\"https:\/\/twitter.com\/intent\/tweet?text=Redac%C8%9Bia+Vice+din+Quebec+Luat%C4%83+cu+Asalt+Dup%C4%83+Modelul+Rom%C3%A2nesc&amp;url=https:\/\/www.incorectpolitic.com\/?p=6956\" class=\"social-twitter\" rel=\"external\" target=\"_blank\"><span>Twitter<\/span><\/a><\/li>\n<li><a href=\"http:\/\/pinterest.com\/pin\/create\/button\/?url=https:\/\/www.incorectpolitic.com\/?p=6956&amp;description=Redac%C8%9Bia+Vice+din+Quebec+Luat%C4%83+cu+Asalt+Dup%C4%83+Modelul+Rom%C3%A2nesc&amp;media=https:\/\/www.incorectpolitic.com\/wp-content\/uploads\/2018\/05\/v3-660x330.jpeg\" class=\"social-pinterest\" rel=\"external\" target=\"_blank\"><span>Pinterest<\/span><\/a><\/li>\n<\/ul>\n<\/div>\n<\/div>\n<\/article>\n<p> Source URL: https:\/\/www.incorectpolitic.com\/redactia-vice-quebec-luata-cu-asalt-dupa-modelul-romanesc\/<\/p>\n","protected":false},"excerpt":{"rendered":"<p>Redac\u021bia Vice din Quebec Luat\u0103 cu Asalt Dup\u0103 Modelul Rom\u00e2nesc Sterie CiumettiIncorect Politic Mai 31, 2018 Paul Hitter \u0219i C\u0103t\u0103lin M\u0103rincu\u0219 sunt modele pentru na\u021bionali\u0219tii din Quebec. C\u00e2\u021biva membri din gruparea Atlante, cea mai mare organiza\u021bie na\u021bionalist\u0103 din Quebec, au preluat strategia rom\u00e2nilor \u0219i au intrat peste \u201cjurnali\u0219tii\u201d din redac\u021bia Vice. Ace\u0219tia au r\u0103sp\u00e2ndit pliante [&hellip;]<\/p>\n","protected":false},"author":1,"featured_media":1196228,"comment_status":"open","ping_status":"","sticky":false,"template":"","format":"standard","meta":{"footnotes":""},"categories":[89],"tags":[95],"class_list":["post-1196227","post","type-post","status-publish","format-standard","has-post-thumbnail","hentry","category-romania","tag-incorectpolitic-com"],"_links":{"self":[{"href":"https:\/\/analyse.optim.biz\/index.php?rest_route=\/wp\/v2\/posts\/1196227","targetHints":{"allow":["GET"]}}],"collection":[{"href":"https:\/\/analyse.optim.biz\/index.php?rest_route=\/wp\/v2\/posts"}],"about":[{"href":"https:\/\/analyse.optim.biz\/index.php?rest_route=\/wp\/v2\/types\/post"}],"author":[{"embeddable":true,"href":"https:\/\/analyse.optim.biz\/index.php?rest_route=\/wp\/v2\/users\/1"}],"replies":[{"embeddable":true,"href":"https:\/\/analyse.optim.biz\/index.php?rest_route=%2Fwp%2Fv2%2Fcomments&post=1196227"}],"version-history":[{"count":0,"href":"https:\/\/analyse.optim.biz\/index.php?rest_route=\/wp\/v2\/posts\/1196227\/revisions"}],"wp:featuredmedia":[{"embeddable":true,"href":"https:\/\/analyse.optim.biz\/index.php?rest_route=\/wp\/v2\/media\/1196228"}],"wp:attachment":[{"href":"https:\/\/analyse.optim.biz\/index.php?rest_route=%2Fwp%2Fv2%2Fmedia&parent=1196227"}],"wp:term":[{"taxonomy":"category","embeddable":true,"href":"https:\/\/analyse.optim.biz\/index.php?rest_route=%2Fwp%2Fv2%2Fcategories&post=1196227"},{"taxonomy":"post_tag","embeddable":true,"href":"https:\/\/analyse.optim.biz\/index.php?rest_route=%2Fwp%2Fv2%2Ftags&post=1196227"}],"curies":[{"name":"wp","href":"https:\/\/api.w.org\/{rel}","templated":true}]}}