{"id":1196077,"date":"2018-07-12T20:44:33","date_gmt":"2018-07-12T17:44:33","guid":{"rendered":"https:\/\/analyse.optim.biz\/?p=1196077"},"modified":"2018-07-12T20:44:33","modified_gmt":"2018-07-12T17:44:33","slug":"singurul-argument-al-antifascistilor-e-violenta-incorect-politic","status":"publish","type":"post","link":"https:\/\/analyse.optim.biz\/?p=1196077","title":{"rendered":"Singurul Argument al Antifasci\u0219tilor e Violen\u021ba &#8211; Incorect Politic"},"content":{"rendered":"<article class=\"post-listing post-6068 post type-post status-publish format-standard has-post-thumbnail  category-international category-stirea-zilei\" id=\"the-post\">\n<div class=\"post-inner\">\n<h1 class=\"name post-title entry-title\"><span>Singurul Argument al Antifasci\u0219tilor e Violen\u021ba<\/span><\/h1>\n<div class=\"entry\">\n<p>Sterie Ciumetti<br \/><strong>Incorect Politic<\/strong><br \/>\nIulie 13, 2018<\/p>\n<p><a href=\"https:\/\/analyse.optim.biz\/wp-content\/uploads\/2025\/12\/antifa-2.jpg\"><img loading=\"lazy\" decoding=\"async\" class=\"size-full wp-image-8359 aligncenter lazyload\" width=\"880\" height=\"580\" src=\"https:\/\/analyse.optim.biz\/wp-content\/uploads\/2025\/12\/antifa-2.jpg\" title=\"antifa-2\"><\/a><\/p>\n<p><img loading=\"lazy\" decoding=\"async\" class=\"size-full wp-image-8359 aligncenter\" src=\"https:\/\/analyse.optim.biz\/wp-content\/uploads\/2025\/12\/antifa-2.jpg\" width=\"880\" height=\"580\" data-eio=\"l\" title=\"antifa-2\"><\/p>\n<p>Istoria mi\u0219c\u0103rii Antifa, <a href=\"https:\/\/www.veteranstoday.com\/2017\/08\/28\/jewish-daily-forward-the-original-antifa-was-a-jewish-anti-nazi-militia\/\">organiza\u021bie extremist\u0103 \u00eenfiin\u021bat\u0103 de jidani<\/a> (\u00een anii \u201930), a fost \u0219i este str\u00e2ns legat\u0103 de violen\u021b\u0103.<\/p>\n<p>Av\u00e2nd o imagine mereu sp\u0103l\u0103ta de mass-media, organiza\u021bia a reu\u0219it cumva s\u0103 activeze \u00een continuare \u00een spa\u021biul public, folosind violen\u021ba ca arm\u0103 politic\u0103, f\u0103r\u0103 a fi declarat\u0103 o mi\u0219care terorist\u0103. Presa \u00eei prezint\u0103 ca \u0219i \u201ccontraprotestatari\u201d de fiecare dat\u0103 c\u00e2nd ace\u0219tia r\u0103stoarn\u0103 ordinea pe la vreun miting al conservatorilor (pe care presa \u00eei descrie ca fiind \u201cneo-nazi\u0219ti).<\/p>\n<p>Anul acesta, doar \u00een Germania au recurs la vandalizarea casei unei membre AfD \u0219i la spitalizarea unui participant al unei demonstra\u021bii civice \u00eempotriva lui Merkel.<\/p>\n<p><a href=\"http:\/\/www.buciumul.ro\/2018\/04\/22\/intre-timp-in-germania-conservatorii-sunt-etichetati-ca-fascisti-iar-antifascistii-se-poarta-ca-neonazistii\/\">Buciumul:<\/a><\/p>\n<p><a href=\"https:\/\/analyse.optim.biz\/wp-content\/uploads\/2025\/12\/aufmerkel.jpg\"><img loading=\"lazy\" decoding=\"async\" class=\"size-full wp-image-6356 aligncenter lazyload\" width=\"422\" height=\"600\" src=\"https:\/\/analyse.optim.biz\/wp-content\/uploads\/2025\/12\/aufmerkel.jpg\" title=\"aufmerkel\"><\/a><\/p>\n<p><img loading=\"lazy\" decoding=\"async\" class=\"size-full wp-image-6356 aligncenter\" src=\"https:\/\/analyse.optim.biz\/wp-content\/uploads\/2025\/12\/aufmerkel.jpg\" width=\"422\" height=\"600\" data-eio=\"l\" title=\"aufmerkel\"><\/p>\n<blockquote>\n<p>Un participant la demonstra\u021bia \u201cMerkel muss weg\u201d \u2013 Hamburg a fost b\u0103tut de c\u0103tre Antifa \u0219i dus \u00een com\u0103 la spital.<\/p>\n<p>Organizatorul unei demonstra\u021bii \u201cMerkel muss weg\u201d din Kiel a fost \u201cdemascat\u201d ca \u201cnazist\u201d de c\u0103tre Antifa la locul s\u0103u de munc\u0103. Antifa au cerut angajatorului s\u0103-l concedieze. \u00cen Kiel nu a mai fost organizat\u0103 nici o demonstra\u021bie.<\/p>\n<p>Unei politiciene AfD, membr\u0103 \u00een Landtag-ul Saxoniei i-a fost vandalizat\u0103 casa, atac revendicat apoi de c\u0103tre Antifa, care au promis c\u0103 nu e dec\u00e2t \u00eenceputul.<\/p>\n<p>Postbank a \u00eenchis f\u0103r\u0103 explica\u021bii contul think-tank-ului de dreapta Institut f\u00fcr Staatspolitik, condus de c\u0103tre G\u00f6tz Kubitsheck. Trei cereri de deschidere de cont f\u0103cute la alte b\u0103nci au fost respinse imediat.<\/p>\n<p>WELT \u0219i ZEIT au anchetat colaboratorii angaja\u021bi de c\u0103tre membrii AfD din Bundestag, inclusiv ce scriu ei pe mediile sociale \u0219i la ce dau like, \u00eencerc\u00e2nd s\u0103 g\u0103seasc\u0103 leg\u0103turi cu scena extremist\u0103 de dreapta \/ neo-nazist\u0103.<\/p>\n<p>Un episod al serialului poli\u021bist \u201cTatort\u201d este despre ni\u0219te germani neo-nazi\u0219ti care asasineaz\u0103 ni\u0219te libieni cumsecade. Prin coinciden\u021b\u0103, pe \u0219eful acestor neo-nazi\u0219ti \u00eel cheam\u0103 Gauland.<\/p>\n<\/blockquote>\n<p>Articolul de mai sus este o mostr\u0103 din lungul \u0219ir de violen\u021be politice s\u0103v\u00e2r\u0219ite de Antifa, Charlottesville fiind alt exemplu, chiar unul dintre cele mai relevante. Un rezumat al evenimentelor de la Unite the Right va ap\u0103rea pe Incorect Politic c\u00e2ndva \u00een August.<\/p>\n<p>Dar toate lucrurile au un sf\u00e2\u0219it, iar sf\u00e2r\u0219itul Antifei se apropie cu pa\u0219i repezi, \u00een America fiind propus\u0103 o lege \u00eempotriva anarhi\u0219tilor care poart\u0103 m\u0103\u0219ti la proteste.<\/p>\n<p><a href=\"https:\/\/analyse.optim.biz\/wp-content\/uploads\/2025\/12\/02ceb096a025bcdefbe1c9bb1d4577c71f89a9d22362a0c69fde2ed1521458e5.png\"><img loading=\"lazy\" decoding=\"async\" class=\"aligncenter wp-image-8362 lazyload\" width=\"546\" height=\"548\" src=\"https:\/\/analyse.optim.biz\/wp-content\/uploads\/2025\/12\/02ceb096a025bcdefbe1c9bb1d4577c71f89a9d22362a0c69fde2ed1521458e5.png\" title=\"02ceb096a025bcdefbe1c9bb1d4577c71f89a9d22362a0c69fde2ed1521458e5\"><\/a><\/p>\n<p><img loading=\"lazy\" decoding=\"async\" class=\"aligncenter wp-image-8362\" src=\"https:\/\/analyse.optim.biz\/wp-content\/uploads\/2025\/12\/02ceb096a025bcdefbe1c9bb1d4577c71f89a9d22362a0c69fde2ed1521458e5.png\" width=\"546\" height=\"548\" data-eio=\"l\" title=\"02ceb096a025bcdefbe1c9bb1d4577c71f89a9d22362a0c69fde2ed1521458e5\"><\/p>\n<p><a href=\"https:\/\/www.incorectpolitic.com\/wp-content\/uploads\/2018\/07\/8d4b1de236063ecd810de602632cbe5af0f3babe1fa88cc1fb937e2bbb507fd9.png\"><img loading=\"lazy\" decoding=\"async\" class=\"wp-image-8363 size-large aligncenter lazyload\" width=\"618\" height=\"521\" src=\"https:\/\/analyse.optim.biz\/wp-content\/uploads\/2025\/12\/8d4b1de236063ecd810de602632cbe5af0f3babe1fa88cc1fb937e2bbb507fd9-1024x863-1.png\" title=\"8d4b1de236063ecd810de602632cbe5af0f3babe1fa88cc1fb937e2bbb507fd9-1024x863-1\"><\/a><\/p>\n<p><img loading=\"lazy\" decoding=\"async\" class=\"wp-image-8363 size-large aligncenter\" src=\"https:\/\/analyse.optim.biz\/wp-content\/uploads\/2025\/12\/8d4b1de236063ecd810de602632cbe5af0f3babe1fa88cc1fb937e2bbb507fd9-1024x863-1.png\" width=\"618\" height=\"521\" data-eio=\"l\" title=\"8d4b1de236063ecd810de602632cbe5af0f3babe1fa88cc1fb937e2bbb507fd9-1024x863-1\"><\/p>\n<p>Extras din textul de lege:<\/p>\n<p>\u00a0<\/p>\n<p><a href=\"https:\/\/analyse.optim.biz\/wp-content\/uploads\/2025\/12\/c41862ed36946cd905b7b149a7e73739a0d35ffe_1_690x388-e1531276276606.jpg\"><img loading=\"lazy\" decoding=\"async\" class=\"size-full wp-image-8364 aligncenter lazyload\" width=\"570\" height=\"381\" src=\"https:\/\/analyse.optim.biz\/wp-content\/uploads\/2025\/12\/c41862ed36946cd905b7b149a7e73739a0d35ffe_1_690x388-e1531276276606.jpg\" title=\"c41862ed36946cd905b7b149a7e73739a0d35ffe_1_690x388-e1531276276606\"><\/a><\/p>\n<p><img loading=\"lazy\" decoding=\"async\" class=\"size-full wp-image-8364 aligncenter\" src=\"https:\/\/analyse.optim.biz\/wp-content\/uploads\/2025\/12\/c41862ed36946cd905b7b149a7e73739a0d35ffe_1_690x388-e1531276276606.jpg\" width=\"570\" height=\"381\" data-eio=\"l\" title=\"c41862ed36946cd905b7b149a7e73739a0d35ffe_1_690x388-e1531276276606\"><\/p>\n<p>\u00a0<\/p>\n<p>P\u00e2n\u0103 la 15 ani de pu\u0219c\u0103ie pentru amenin\u021bare, intimidare \u0219i opresare a cet\u0103\u021benilor \u00een spa\u021biul public. Asta a declan\u0219at o serie de reac\u021bii de panic\u0103 prin r\u00e2ndurile (((antifasci\u0219tilor))) de pe paginile de socializare.<\/p>\n<p><a href=\"https:\/\/analyse.optim.biz\/wp-content\/uploads\/2025\/12\/liowenstein.png\"><img loading=\"lazy\" decoding=\"async\" class=\"size-full wp-image-8374 aligncenter lazyload\" width=\"520\" height=\"327\" src=\"https:\/\/analyse.optim.biz\/wp-content\/uploads\/2025\/12\/liowenstein.png\" title=\"liowenstein\"><\/a><\/p>\n<p><img loading=\"lazy\" decoding=\"async\" class=\"size-full wp-image-8374 aligncenter\" src=\"https:\/\/analyse.optim.biz\/wp-content\/uploads\/2025\/12\/liowenstein.png\" width=\"520\" height=\"327\" data-eio=\"l\" title=\"liowenstein\"><\/p>\n<p><a href=\"https:\/\/analyse.optim.biz\/wp-content\/uploads\/2025\/12\/antifareacts2.png\"><img loading=\"lazy\" decoding=\"async\" class=\"size-full wp-image-8375 aligncenter lazyload\" width=\"525\" height=\"886\" src=\"https:\/\/analyse.optim.biz\/wp-content\/uploads\/2025\/12\/antifareacts2.png\" title=\"antifareacts2\"><\/a><\/p>\n<p><img loading=\"lazy\" decoding=\"async\" class=\"size-full wp-image-8375 aligncenter\" src=\"https:\/\/analyse.optim.biz\/wp-content\/uploads\/2025\/12\/antifareacts2.png\" width=\"525\" height=\"886\" data-eio=\"l\" title=\"antifareacts2\"><\/p>\n<p><a href=\"https:\/\/analyse.optim.biz\/wp-content\/uploads\/2025\/12\/antifareacts3.png\"><img loading=\"lazy\" decoding=\"async\" class=\"size-full wp-image-8376 aligncenter lazyload\" width=\"549\" height=\"692\" src=\"https:\/\/analyse.optim.biz\/wp-content\/uploads\/2025\/12\/antifareacts3.png\" title=\"antifareacts3\"><\/a><\/p>\n<p><img loading=\"lazy\" decoding=\"async\" class=\"size-full wp-image-8376 aligncenter\" src=\"https:\/\/analyse.optim.biz\/wp-content\/uploads\/2025\/12\/antifareacts3.png\" width=\"549\" height=\"692\" data-eio=\"l\" title=\"antifareacts3\"><\/p>\n<p>Cu c\u00e2t e st\u00e2nga\u00a0mai radical\u0103 \u00een zv\u0103rcolirile ei neputincioase, cu at\u00e2t mai s\u0103tura\u021bi devin oamenii de huliganismul, ura \u0219i vagabondismul lor.<\/p>\n<p>Ce se \u00eent\u00e2mpl\u0103 cu Antifa atunci c\u00e2nd nu mai sunt l\u0103sa\u021bi s\u0103 foloseasc\u0103 violen\u021ba \u00eempotriva adversarilor lor?<\/p>\n<p>Pierd relevan\u021b\u0103 \u0219i dispar.<\/p>\n<p>Pendulul istoriei se mi\u0219c\u0103 spre dreapta.<\/p>\n<p><a href=\"https:\/\/analyse.optim.biz\/wp-content\/uploads\/2025\/12\/hammdo0dyyzj2bdxff1g.gif\"><img loading=\"lazy\" decoding=\"async\" class=\"size-full wp-image-8377 aligncenter lazyload\" src=\"https:\/\/analyse.optim.biz\/wp-content\/uploads\/2025\/12\/hammdo0dyyzj2bdxff1g.gif\" width=\"636\" height=\"358\" title=\"hammdo0dyyzj2bdxff1g\"><\/a><\/p>\n<p><img loading=\"lazy\" decoding=\"async\" class=\"size-full wp-image-8377 aligncenter\" src=\"https:\/\/analyse.optim.biz\/wp-content\/uploads\/2025\/12\/hammdo0dyyzj2bdxff1g.gif\" width=\"636\" height=\"358\" data-eio=\"l\" title=\"hammdo0dyyzj2bdxff1g\"><\/div>\n<div class=\"share-post\"><span class=\"share-text\">Share<\/span><\/p>\n<ul class=\"flat-social\">\n<li><a href=\"http:\/\/www.facebook.com\/sharer.php?u=https:\/\/www.incorectpolitic.com\/?p=6068\" class=\"social-facebook\" rel=\"external\" target=\"_blank\"><span>Facebook<\/span><\/a><\/li>\n<li><a href=\"https:\/\/twitter.com\/intent\/tweet?text=Singurul+Argument+al+Antifasci%C8%99tilor+e+Violen%C8%9Ba&amp;url=https:\/\/www.incorectpolitic.com\/?p=6068\" class=\"social-twitter\" rel=\"external\" target=\"_blank\"><span>Twitter<\/span><\/a><\/li>\n<li><a href=\"http:\/\/pinterest.com\/pin\/create\/button\/?url=https:\/\/www.incorectpolitic.com\/?p=6068&amp;description=Singurul+Argument+al+Antifasci%C8%99tilor+e+Violen%C8%9Ba&amp;media=https:\/\/www.incorectpolitic.com\/wp-content\/uploads\/2018\/07\/antifa-660x330.jpg\" class=\"social-pinterest\" rel=\"external\" target=\"_blank\"><span>Pinterest<\/span><\/a><\/li>\n<\/ul>\n<\/div>\n<\/div>\n<\/article>\n<p> Source URL: https:\/\/www.incorectpolitic.com\/singurul-argument-al-antifascistilor-e-violenta\/<\/p>\n","protected":false},"excerpt":{"rendered":"<p>Singurul Argument al Antifasci\u0219tilor e Violen\u021ba Sterie CiumettiIncorect Politic Iulie 13, 2018 Istoria mi\u0219c\u0103rii Antifa, organiza\u021bie extremist\u0103 \u00eenfiin\u021bat\u0103 de jidani (\u00een anii \u201930), a fost \u0219i este str\u00e2ns legat\u0103 de violen\u021b\u0103. Av\u00e2nd o imagine mereu sp\u0103l\u0103ta de mass-media, organiza\u021bia a reu\u0219it cumva s\u0103 activeze \u00een continuare \u00een spa\u021biul public, folosind violen\u021ba ca arm\u0103 politic\u0103, f\u0103r\u0103 [&hellip;]<\/p>\n","protected":false},"author":1,"featured_media":1196080,"comment_status":"open","ping_status":"","sticky":false,"template":"","format":"standard","meta":{"footnotes":""},"categories":[89],"tags":[95],"class_list":["post-1196077","post","type-post","status-publish","format-standard","has-post-thumbnail","hentry","category-romania","tag-incorectpolitic-com"],"_links":{"self":[{"href":"https:\/\/analyse.optim.biz\/index.php?rest_route=\/wp\/v2\/posts\/1196077","targetHints":{"allow":["GET"]}}],"collection":[{"href":"https:\/\/analyse.optim.biz\/index.php?rest_route=\/wp\/v2\/posts"}],"about":[{"href":"https:\/\/analyse.optim.biz\/index.php?rest_route=\/wp\/v2\/types\/post"}],"author":[{"embeddable":true,"href":"https:\/\/analyse.optim.biz\/index.php?rest_route=\/wp\/v2\/users\/1"}],"replies":[{"embeddable":true,"href":"https:\/\/analyse.optim.biz\/index.php?rest_route=%2Fwp%2Fv2%2Fcomments&post=1196077"}],"version-history":[{"count":0,"href":"https:\/\/analyse.optim.biz\/index.php?rest_route=\/wp\/v2\/posts\/1196077\/revisions"}],"wp:featuredmedia":[{"embeddable":true,"href":"https:\/\/analyse.optim.biz\/index.php?rest_route=\/wp\/v2\/media\/1196080"}],"wp:attachment":[{"href":"https:\/\/analyse.optim.biz\/index.php?rest_route=%2Fwp%2Fv2%2Fmedia&parent=1196077"}],"wp:term":[{"taxonomy":"category","embeddable":true,"href":"https:\/\/analyse.optim.biz\/index.php?rest_route=%2Fwp%2Fv2%2Fcategories&post=1196077"},{"taxonomy":"post_tag","embeddable":true,"href":"https:\/\/analyse.optim.biz\/index.php?rest_route=%2Fwp%2Fv2%2Ftags&post=1196077"}],"curies":[{"name":"wp","href":"https:\/\/api.w.org\/{rel}","templated":true}]}}