{"id":119500,"date":"2018-04-26T23:30:37","date_gmt":"2018-04-26T20:30:37","guid":{"rendered":"https:\/\/analyse.optim.biz\/?p=119500"},"modified":"2018-04-26T23:30:37","modified_gmt":"2018-04-26T20:30:37","slug":"ce-a-spus-viorica-dancila-in-israel-despre-mutarea-ambasadei","status":"publish","type":"post","link":"https:\/\/analyse.optim.biz\/?p=119500","title":{"rendered":"Ce a spus Viorica D\u0103ncil\u0103 \u00een Israel despre mutarea ambasadei"},"content":{"rendered":"<div class=\"entry data-app-meta data-app-meta-article\" data-embed-base-url-canonical=\"https:\/\/www.digi24.ro\/embed\/stiri\/actualitate\/politica\/ce-a-spus-viorica-dancila-in-israel-despre-mutarea-ambasadei-919728\">\n<p data-index=\"1\"><strong>Agen\u021bia France-Presse, preluat\u0103 de News.ro, relateaz\u0103 c\u0103 premierul Viorica D\u0103ncil\u0103 a declarat joi, \u00een Israel, c\u0103 dore\u015fte mutarea Ambasaderi Rom\u00e2niei de la Tel Aviv la Ierusalim, dar, \u201edin nefericire\u201d, nu beneficiaz\u0103 de suficient sprijin \u00een acest sens.<\/strong><\/p>\n<p class=\"gdpr-placeholder gdpr-social-media gdpr-iframe-fix\" data-index=\"3\"> Setarile tale privind cookie-urile nu permit afisarea continutul din aceasta sectiune. Poti actualiza setarile modulelor coookie direct din browser sau de <a class=\"ot-sdk-show-settings\" data-skip-linkfix=\"1\">aici<\/a> \u2013 e nevoie sa accepti cookie-urile social media<\/p>\n<p data-index=\"4\">\u201eAvem consult\u0103ri pe aceast\u0103 tem\u0103 cu toate institu\u0163iile din Rom\u00e2nia.\u00a0Este dorin\u0163a noastr\u0103, dar din nefericire, nu beneficiem de sus\u0163inerea tuturor p\u0103r\u0163ilor, a\u015fa cum ne-am dori\u201d, a spus premierul Viorica D\u0103ncil\u0103, la\u00a0 o \u00eent\u00e2lnire, la Ierusalim, cu pre\u015fedintele Israelului, Reuven Rivlin.\u00a0<\/p>\n<p data-index=\"5\">\u00centr-un <a href=\"http:\/\/gov.ro\/ro\/media\/comunicate\/primirea-delegatiei-romaniei-de-catre-pre-edintele-statului-israel-reuven-rivlin&amp;page=1\" target=\"_blank\" rel=\"noopener\" data-skip-linkfix=\"1\">comunicat postat pe site-ul Guvernului rom\u00e2n<\/a>, afl\u0103m c\u0103 pe aceast\u0103 tem\u0103 a vorbit la sediul Pre\u0219edin\u021biei israeliene Liviu Dragnea, pre\u0219edintele Camerei Deputa\u021bilor, care a men\u021bionat\u00a0\u201eaccelerarea consult\u0103rilor interne cu privire la relocarea Ambasadei Rom\u00e2niei la Ierusalim\u201d, iar \u201epre\u0219edintele Statului Israel a salutat aceast\u0103 decizie\u201d. \u00cen ceea ce o prive\u0219te pe Viorica D\u0103ncil\u0103, aceasta \u201ea informat partea israelian\u0103 c\u0103 Guvernul a propus viitorul ambasador al Rom\u00e2niei \u00een Statul Israel, decizia de numire a acestuia apar\u021bin\u00e2nd pre\u0219edintelui\u201d. (Pre\u0219edintele Klaus Iohannis a declarat \u00eens\u0103 joi c\u0103 nu a v\u0103zut niciun nume de ambasador propus, dar nici nu a verificat &#8211; n.r.)<\/p>\n<p data-index=\"6\">Premierul Viorica D\u0103ncil\u0103 \u015fi pre\u015fedintele Camerei Deputa\u0163ilor, Liviu Dragnea, s-au aflat, miercuri \u015fi joi, \u00eentr-o vizit\u0103 oficial\u0103 \u00een Israel, la invita\u0163ia prim-ministrului Benjamin Netanyahu,\u00a0\u00een contextul \u00een care s\u0103pt\u0103m\u00e2na trecut\u0103 Guvernul a adoptat un memorandum privind mutarea ambasadei Rom\u00e2niei de la Tel Aviv la Ierusalim, m\u0103sur\u0103 criticat\u0103 dur de pre\u015fedintele Klaus Iohannis.<\/p>\n<p data-index=\"7\">Pre\u015fedintele Klaus Iohannis a spus, joi, c\u0103 vizita \u00een Israel a premierului Viorica D\u0103ncil\u0103 \u015fi a pre\u015fedintelui Camerei Deputa\u0163ilor, Liviu Dragnea, este plin\u0103 de ciud\u0103\u0163enii, f\u0103r\u0103 mandat \u015fi \u00eel \u00eengrijoreaz\u0103 secretomania cu care a fost organizat\u0103. \u201eCine \u015ftie ce \u00een\u0163elegeri secrete face domnul Dragnea acolo cu evrei\u201d, a comentat pre\u015fedintele Iohannis, rectific\u00e2nd ulterior c\u0103 afirma\u021bia nu s-a dorit a fi o jignire la adresa statului israelian.<\/p>\n<p data-index=\"8\">\u201eAceast\u0103 vizit\u0103 pe care o face premierul \u015fi se pare \u015fi pre\u015fedintele Camerei Deputa\u0163ilor \u00een Israel are c\u00e2teva ciud\u0103\u0163enii. Una din ele este c\u0103 nu au venit la discu\u0163ii, nu a plecat doamna prim-ministru cu niciun fel de mandat acolo, deci a vorbit strict doar \u00een numele \u015fi pentru Guvern, \u015fi nu pentru Rom\u00e2nia. \u00cens\u0103 nu acest lucru m-a \u00eengrijorat cel mai mult, ci secretomania cu care s-a organizat aceast\u0103 plecare\u201d, a declarat pre\u015fedintele Iohannis.<\/p>\n<p data-index=\"9\">\u00cen urm\u0103 cu c\u00e2teva zile, \u015feful Partidului Social-Democrat (PSD)\u00a0Liviu Dragnea a anun\u0163at \u201edecizia\u201d Guvernului, \u00een care PSD domin\u0103, cu privire la transferarea reprezentan\u0163ei diplomatice rom\u00e2ne la Ierusalim. Dragnea nu a putut s\u0103 devin\u0103 premier din cauza unei condamn\u0103ri de fraud\u0103 electoral\u0103, \u00eens\u0103 el exercit\u0103 din umbr\u0103 un rol hot\u0103r\u00e2tor \u00een conducerea afecerilor Executivului, potrivit anali\u015ftilor, explic\u0103 AFP.<\/p>\n<p data-index=\"10\">ONU consider\u0103 c\u0103 statutul Ierusalimului trebuie s\u0103 fac\u0103 obiectul unui acord \u00eentre israelieni \u015fi palestinieni. Ierusalimul de Est &#8211; partea palestinian\u0103 a Ora\u015fului Sf\u00e2nt &#8211; este ocupat\u0103 \u015fi anexat\u0103 de statul israelian.<\/p>\n<p data-index=\"11\">Prins\u0103 \u00eentre\u00a0Dragnea \u015fi\u00a0Iohannis, D\u0103ncil\u0103 a dat asigur\u0103ri c\u0103 Guvernul s\u0103u nu a f\u0103cut dec\u00e2t s\u0103 lanseze o \u201eplatform\u0103 de discu\u0163ii\u201d cu privire la un transfer.<\/p>\n<p data-index=\"12\">Dup\u0103 ce s-a \u00eent\u00e2lnit miercuri la Ierusalim cu premierul israelian, Benjamin Netanyahu \u015fi-a \u201eexprimat aprecierea dup\u0103 aprobarea de c\u0103tre Guvernul rom\u00e2n a unui proiect de decizie care ini\u0163iaz\u0103 transferul Ambasadei la Ierusalim\u201d.<\/p>\n<p data-index=\"13\">\u00cen cazul \u00een care va confirma acest proiect,\u00a0Rom\u00e2nia va c\u0103lca pe urmele aliatului s\u0103u american, care a recunoscut unilateral Ierusalimul drept capital\u0103 a Israelului.<\/p>\n<p data-index=\"14\">Singura \u0163ar\u0103 din fostul bloc comunist care a men\u0163inut rela\u0163ii diplomatice cu Israelul dup\u0103 R\u0103zboiul de \u015ease Zile din 1967, Rom\u00e2nia dictatorului Nicolae Ceau\u015fescu a \u00eentre\u0163inut totodat\u0103 rela\u0163ii str\u00e2nse cu Organiza\u0163ia pentru Eliberarea Palestinei (OLP), reaminte\u0219te AFP.<\/p>\n<\/div>\n<p> Source URL: https:\/\/www.digi24.ro\/stiri\/actualitate\/politica\/ce-a-spus-viorica-dancila-in-israel-despre-mutarea-ambasadei-919728<\/p>\n","protected":false},"excerpt":{"rendered":"<p>Agen\u021bia France-Presse, preluat\u0103 de News.ro, relateaz\u0103 c\u0103 premierul Viorica D\u0103ncil\u0103 a declarat joi, \u00een Israel, c\u0103 dore\u015fte mutarea Ambasaderi Rom\u00e2niei de la Tel Aviv la Ierusalim, dar, \u201edin nefericire\u201d, nu beneficiaz\u0103 de suficient sprijin \u00een acest sens. Setarile tale privind cookie-urile nu permit afisarea continutul din aceasta sectiune. Poti actualiza setarile modulelor coookie direct din [&hellip;]<\/p>\n","protected":false},"author":1,"featured_media":119501,"comment_status":"open","ping_status":"","sticky":false,"template":"","format":"standard","meta":{"footnotes":""},"categories":[2],"tags":[11],"class_list":["post-119500","post","type-post","status-publish","format-standard","has-post-thumbnail","hentry","category-politics","tag-digi24"],"_links":{"self":[{"href":"https:\/\/analyse.optim.biz\/index.php?rest_route=\/wp\/v2\/posts\/119500","targetHints":{"allow":["GET"]}}],"collection":[{"href":"https:\/\/analyse.optim.biz\/index.php?rest_route=\/wp\/v2\/posts"}],"about":[{"href":"https:\/\/analyse.optim.biz\/index.php?rest_route=\/wp\/v2\/types\/post"}],"author":[{"embeddable":true,"href":"https:\/\/analyse.optim.biz\/index.php?rest_route=\/wp\/v2\/users\/1"}],"replies":[{"embeddable":true,"href":"https:\/\/analyse.optim.biz\/index.php?rest_route=%2Fwp%2Fv2%2Fcomments&post=119500"}],"version-history":[{"count":0,"href":"https:\/\/analyse.optim.biz\/index.php?rest_route=\/wp\/v2\/posts\/119500\/revisions"}],"wp:featuredmedia":[{"embeddable":true,"href":"https:\/\/analyse.optim.biz\/index.php?rest_route=\/wp\/v2\/media\/119501"}],"wp:attachment":[{"href":"https:\/\/analyse.optim.biz\/index.php?rest_route=%2Fwp%2Fv2%2Fmedia&parent=119500"}],"wp:term":[{"taxonomy":"category","embeddable":true,"href":"https:\/\/analyse.optim.biz\/index.php?rest_route=%2Fwp%2Fv2%2Fcategories&post=119500"},{"taxonomy":"post_tag","embeddable":true,"href":"https:\/\/analyse.optim.biz\/index.php?rest_route=%2Fwp%2Fv2%2Ftags&post=119500"}],"curies":[{"name":"wp","href":"https:\/\/api.w.org\/{rel}","templated":true}]}}