{"id":119477,"date":"2018-04-27T04:17:49","date_gmt":"2018-04-27T01:17:49","guid":{"rendered":"https:\/\/analyse.optim.biz\/?p=119477"},"modified":"2018-04-27T04:17:49","modified_gmt":"2018-04-27T01:17:49","slug":"de-ce-s-a-dus-dragnea-in-israel-ctp-il-suna-nato-liviule-ai-rezolvat","status":"publish","type":"post","link":"https:\/\/analyse.optim.biz\/?p=119477","title":{"rendered":"De ce s-a dus Dragnea \u00een Israel? CTP: \u00cel sun\u0103 NATO: Liviule, ai rezolvat?"},"content":{"rendered":"<div class=\"entry data-app-meta data-app-meta-article\" data-embed-base-url-canonical=\"https:\/\/www.digi24.ro\/embed\/stiri\/actualitate\/de-ce-s-a-dus-dragnea-in-israel-ctp-il-suna-nato-liviule-ai-rezolvat-919720\">\n<p data-index=\"1\"><strong>Liviu Dragnea s-a dus \u00een Ierusalim cu o \u201e\u0219pag\u0103 politic\u0103\u201d &#8211; ideea mut\u0103rii ambasadei de la Tel Aviv la Ierusalim &#8211; care face \u201e\u021b\u0103nd\u0103ri\u201d decenii de politic\u0103 extern\u0103 \u0219i diploma\u021bie\u00a0 rom\u00e2neasc\u0103, a declarat la Digi24 Cristian Tudor Popescu. Jurnalistul a descifrat c\u00e2teva dintre motivele care se ascund \u00een spatele acestui gest \u0219i \u00eel acuz\u0103 pe liderul PSD de iresponsabilitate.<\/strong><\/p>\n<p data-index=\"2\"><strong>Cristian Tudor Popescu a comentat mai \u00eent\u00e2i \u00een cheie ironic\u0103 vizita lui Liviu Dragnea \u00een Israel, g\u0103sind trei posibile motiva\u021bii &#8211; afinitatea cu premierul israelian (\u0219i el suspectat de corup\u021bie), \u201eservicii\u201d aduse NATO \u0219i faptul c\u0103 vrea s\u0103 fie numit un Hagi al politicii rom\u00e2ne\u0219ti. \u00cen ceea ce o prive\u0219te pe Viorica D\u0103ncil\u0103, aceasta l-a dep\u0103\u0219it \u00een istoria Rom\u00e2niei pe fostul premier Radu Vasile, crede Cristian Tudor Popescu<\/strong>. Iat\u0103 de ce:<\/p>\n<p data-index=\"3\">\u201eO fi \u0219i \u0103sta un protocol secret, \u0103sta \u00een care au intrat (Liviu Dragnea \u0219i Viorica D\u0103ncil\u0103 &#8211;\u00a0 n.r.). \u0218ti\u021bi expresia aia: <em>Unde este tov Popescu? E-ntr-un&#8230;<\/em>.<strong><em>protocol <\/em><\/strong>(expresie folosit\u0103 pe vremea lui Ceau\u0219ecu, care sugera c\u0103 respectivul e la o b\u0103ut\u0103 cu ni\u0219te tovar\u0103\u0219i &#8211; n.r.). O icr\u0103, o protein\u0103, \u0219libovi\u021b\u0103, ceva. Am v\u0103zut, s-a pus \u00eentrebarea asta: <em>Ce caut\u0103 neam\u021bu&#8217;-n Bulgaria, ce caut\u0103 Dragnea \u00een Israel?<\/em><\/p>\n<p data-index=\"4\">Domnule, are ce s\u0103 caute acolo! Sunt motive serioase pentru care d\u00e2nsul trebuia s\u0103 fac\u0103 aceast\u0103 vizit\u0103!<\/p>\n<p data-index=\"5\">Mai \u00eent\u00e2i c\u0103 premierul israelian,<strong> dl. Bibi Netanyahu, poate fi un model inspira\u021bional \u0219i aspira\u021bional pentru dl. Dragnea.<\/strong> Dl. Dragnea poate s\u0103 g\u0103seasc\u0103 o similitudine de situa\u021bie cu dl. Bibi Netanyahu. Aproape c\u0103 s-a dus la el ca la un frate. De ce spun asta? Pentru c\u0103 poli\u021bia anticorup\u021bie din Israel a recomandat procurorului-general acuzarea lui Bibi pentru: mit\u0103, fraud\u0103 \u0219i abuz de \u00eencredere. Prin urmare, cred c\u0103 s-a g\u00e2ndit c\u0103 e vorba de o afinitate electiv\u0103, dl. Dragnea, c\u0103 se vor \u00een\u021belege foarte bine pe aceste teme. De aceea, s-a dus la dl. Netanyahu.<\/p>\n<p data-index=\"6\">Apoi. \u00cen comunicatul care a fost emis de c\u0103tre Camera Deputa\u021bilor sau Cabinetul dlui Dragnea \u00een leg\u0103tur\u0103 cu ce a discutat dl. Dragnea cu dl. Netanyahu, printre altele, un subiect foarte important a fost cel<strong> militaro-strategic \u0219i privind securitatea cibernetic\u0103<\/strong>! Deci, eu cred c\u0103 acum, c\u00e2nd se \u00eentoarce dl. Dragnea din Israel &#8211; sunt pe drum? Poate chiar \u00een avion, acum, c\u0103 avem telefoane \u00een avion &#8211; cred c\u0103 e sunat de NATO! <strong>\u00cel sun\u0103 NATO pe dl. Dragnea \u00een avion, poate chiar dl. Stoltenberg, nu \u0219tiu, NATO \u00eel sun\u0103 \u0219i-l \u00eentreab\u0103: <em>Liviu, ai rezolvat \u00een Israel?<\/em><\/strong> Ai rezolvat problemele militaro-strategice cu Israelul? Cu palestinienii, cu tot ce sunt probleme acolo&#8230;\u0218i dl. Dragnea o s\u0103 le spun\u0103: <em>Da, dle, cu prietenul meu, Bibi, am rezolvat!<\/em>\u00a0\u0218i o s\u0103-i mul\u021bumeasc\u0103 NATO pentru aceast\u0103 misiune \u00een Israel!\u00a0<\/p>\n<p data-index=\"7\">Israel nu e o \u021bar\u0103 NATO. E un partener privilegiat al Statelor Unite, dar nu e o \u021bar\u0103 NATO, prin urmare dl. Dragnea s-a dus \u00eentr-o \u021bar\u0103 non-NATO s\u0103 discute chestiuni militaro-strategice, Rom\u00e2nia fiind \u021bar\u0103 NATO! Da? Cu ce mandat se duce dl. Dragnea s\u0103 fac\u0103 a\u0219a ceva? \u0218i \u00een ce calitate? E pre\u0219edintele Camerei Deputa\u021bilor! E cumva ministrul ap\u0103r\u0103rii, e \u0219eful Marelui Stat-Major, <strong>\u00een ce calitate s-a dus s\u0103 discute cu o \u021bar\u0103 non-NATO probleme militaro-strategice rom\u00e2no-israeliene?<\/strong><\/p>\n<p data-index=\"8\">Trei. Ar mai fi un motiv. Dl. Dragnea s-a dus \u00een Israel ca s\u0103 aib\u0103 de unde veni. Eu a\u0219a cred. Ba nu, sta\u021bi! Nuuu! Nu, nu, nu, sta\u021bi c\u0103 \u00een\u021beleg motivul cel mai puternic al dlui Dragnea, acum \u00eemi dau seama. Discutam \u00eenainte de emisiune \u0219i eu am spus <em>Yerushalayim<\/em>, am pronun\u021bat local cuv\u00e2ntul, \u0219i-acum \u00eemi dau seama: <strong>s-a dus dl. Dragnea ca s\u0103 i se poat\u0103 spune un Hagi al politicii, domnule!<\/strong> Pentru c\u0103 dac\u0103 te duci la Sf\u00e2ntul Morm\u00e2nt, atunci e\u0219ti <em>hadji. <\/em>E\u0219ti hadji, adic\u0103 ai fost, ai f\u0103cut pelerinajul la Sf\u00e2ntul Morm\u00e2nt, e\u0219ti hadji. <strong>Hadji Dragnea!<\/strong> Deci, cred c\u0103 de aceea, ca s\u0103 i se spun\u0103 <em><strong>un Hagi al politicii<\/strong><\/em>.<\/p>\n<p data-index=\"9\">De ce s-a dus doamna D\u0103ncil\u0103&#8230;.? Cred c\u0103 nu m-ajut\u0103 nimic. Din tot ce cunosc, din toat\u0103 experien\u021ba mea \u00een materie de politic\u0103, de logic\u0103 \u0219i de psihologie nu cred c\u0103 pot s\u0103 g\u0103sesc un r\u0103spuns de ce s-a dus.<\/p>\n<p data-index=\"10\"><strong>Pot doar s\u0103 b\u0103nuiesc de ce s-a dus dl. Mele\u0219canu pe l\u00e2ng\u0103 dna D\u0103ncil\u0103. Pentru c\u0103 cineva trebuia, totu\u0219i, s\u0103 vorbeasc\u0103!<\/strong><\/p>\n<figure class=\"article-thumb\"><img decoding=\"async\" src=\"https:\/\/analyse.optim.biz\/wp-content\/uploads\/2024\/09\/mjbhzjgxmddiowzmyjbhodi1zjq4ywqxnza5n2yz-thumb_.jpg\" alt=\"melescanu dancila dragnea presedinte israel - gov\" data-skip-htmlfix=\"1\" title=\"mjbhzjgxmddiowzmyjbhodi1zjq4ywqxnza5n2yz-thumb_\"><figcaption> Foto: gov.ro <\/figcaption><\/figure>\n<p data-index=\"11\"><strong>Cred c\u0103 l-a dep\u0103\u0219it doamna D\u0103ncil\u0103, \u00een istoria Rom\u00e2niei, l-a dep\u0103\u0219it pe Radu Vasile<\/strong>, fie-i binecuv\u00e2ntat\u0103 memoria! Dl. Radu Vasile, c\u00e2nd se ducea prin str\u0103in\u0103tate, avea c\u00e2te o \u00eent\u00e2lnire din asta \u0219i trebuia s\u0103 zic\u0103 \u0219i d\u00e2nsul ceva, fiind premierul Rom\u00e2niei. \u0218i orice i s-ar fi spus \u00een englez\u0103 de partea cealalt\u0103, dl. Vasile aprindea o \u021bigar\u0103, era extrem de preocupat, apoi z\u00e2mbitor \u0219i spunea: <em>No problem! No problem!<\/em> Cutare, cutare, cutare, mai zicea ce i-o fi zis acolo, domnule, Rom\u00e2nia s\u0103 cedeze jum\u0103tate din teritoriu Ungariei!&#8230; <em>No problem!<\/em> spunea dl. Radu Vasile. Mai venea pe l\u00e2ng\u0103 d\u00e2nsul ministrul de externe, dl <strong>Andrei Ple\u0219u<\/strong>, care \u00eencerca s\u0103 fac\u0103 acelea\u0219i oficii pe care le-a f\u0103cut probabil dl. Mele\u0219canu la Ierusalim\u201d.<\/p>\n<p data-index=\"12\"><span><strong>Politica \u201emazdracului\u201d<\/strong><\/span><\/p>\n<p data-index=\"13\"><strong>Ulterior, Cristian Tudor Popescu a ar\u0103tat c\u0103 declara\u021biile cu mutarea ambasadei la Ierusalim f\u0103cute de Liviu Dragnea au f\u0103cut \u201e\u021b\u0103nd\u0103ri\u201d decenii de diploma\u021bie rom\u00e2neasc\u0103, ar\u0103t\u00e2nd aici meritele &#8211; care trebuie recunoscute, spune CTP &#8211; ale politicii externe a lui Nicolae Ceau\u0219escu, care a reu\u0219it, \u00eentr-un context dificil, s\u0103 p\u0103streze un echilibru \u00een rela\u021biile cu lumea arab\u0103 \u0219i Israel.<\/strong><\/p>\n<p data-index=\"14\">\u201eMai e ceva important la chestiunea cu Israelul: Domnule, omul \u0103sta, Dragnea, pentru acest interes al lui &#8211; s\u0103-l invite, domnule, \u0219i pe el cineva, acolo, undeva, s\u0103 se afle \u0219i el \u00eentr-o treab\u0103: am fost, am avut convorbiri cu cutare&#8230;.Nu are unde s\u0103 se duc\u0103 \u00een alt\u0103 parte! Nu-l cheam\u0103 nimeni! \u0218i atunci s-a dus aici. Cum s-a dus? Cu o \u0219pag\u0103! <strong>O \u0219pag\u0103 politic\u0103<\/strong>, adic\u0103 repezitul \u0103la, s\u0103ritura aia din baie cu mutarea ambasadei de la Tel Aviv la Ierusalim eu o numesc o \u0219pag\u0103 politic\u0103. Adic\u0103 domnule, am zis chestia asta acum, c\u00e2nd supermajoritatea \u021b\u0103rilor europene &#8211; cu excep\u021bia Cehiei \u0219i a individului \u0103luia care e pre\u0219edinte acolo &#8211; nici nu stau de vorb\u0103 \u00een direc\u021bia asta, \u00een leg\u0103tur\u0103 cu astfel de decizii! Deci, i-a dat o \u0219pag\u0103 lui Netanyahu: uite, domnule, zic chestia asta! \u0218i \u0103sta l-a chemat acolo ca s\u0103-i ofere ceva. Nici m\u0103car n-a f\u0103cut o mare afacere, c\u0103 n-a c\u0103zut lumea pe spate \u00een Rom\u00e2nia, adep\u021bii lui psd-i\u0219ti, c\u0103 s-a dus \u00een Israel Liviu Dragnea! Ba dimpotriv\u0103! Unii au \u0219i recep\u021bionat ce a zis cu <em>evreii<\/em> dl Iohannis! Dar \u00een felul \u0103sta &#8211; <strong>vede\u021bi ce \u00eenseamn\u0103 iresponsabilitate<\/strong> &#8211; decenii de politic\u0103 rom\u00e2neasc\u0103 \u00een Orientul Apropiat au fost f\u0103cute \u021b\u0103nd\u0103ri!\u201d, a spus Cristian Tudor Popescu.<\/p>\n<p data-index=\"15\">\u201eUna din realiz\u0103rile lui Nicolae Ceau\u0219escu \u00een politica extern\u0103 &#8211; pe care trebuie s\u0103 le recunoa\u0219tem, indiferent de crimele lui din politica intern\u0103, \u00een politica extern\u0103 Ceau\u0219escu a f\u0103cut c\u00e2teva lucruri remarcabile. Unul dintre ele este capacitatea de a men\u021bine o linie de echilibru, ca pozi\u021bie, \u00eentre \u021b\u0103rile arabe \u0219i Israel din 1967 p\u00e2n\u0103 h\u0103t, dup\u0103 1980. Deci, \u00een 1967, Rom\u00e2nia a refuzat s\u0103 rup\u0103 rela\u021biile diplomatice cu Israelul dup\u0103 R\u0103zboiul de \u0219ase zile, a\u0219a cum doreau \u021b\u0103rile din Pactul de la Var\u0219ovia, fire\u0219te, la dorin\u021ba Uniunii Sovietice. Iar \u00een 1977 Nicolae Ceau\u0219escu a reu\u0219it s\u0103-\u0219i p\u0103streze acest statut, astfel \u00eenc\u00e2t s\u0103 fie intermediarul primelor convorbiri de pace \u00eentre Anwar Sadat \u0219i Menahem Beghin, pre\u0219edintele Egiptului \u0219i respectiv premierul Israelului, convorbiri care au dus \u00een anul urm\u0103tor, \u00een 1978, la istoricul Acord de la Camp David, sub patronajul pre\u0219edintelui Carter.\u00a0<\/p>\n<p data-index=\"16\">Rom\u00e2nia a avut \u00eentotdeauna aceast\u0103 pozi\u021bie special\u0103, deosebit\u0103, de a avea rela\u021bii \u0219i cu Israelul, \u0219i cu \u021b\u0103rile arabe. \u0218i<strong> acum a venit dl. Dragnea \u0219i s-a apucat el s\u0103 fac\u0103 politic\u0103 cu mazdracul. Deci, o mazdroap\u0103!<\/strong>\u201d, a conchis Cristian Tudor Popescu.<\/p>\n<p data-index=\"17\">Citi\u021bi \u0219i:\u00a0 \u00a0<strong><a title=\"CTP: Iohannis a comis o grav\u0103 eroare diplomatic\u0103 \u0219i politic\u0103\" href=\"https:\/\/www.digi24.ro\/stiri\/actualitate\/politica\/ctp-iohannis-a-comis-o-grava-eroare-diplomatica-si-politica-919820\" data-skip-linkfix=\"1\">CTP: Iohannis a comis o grav\u0103 eroare diplomatic\u0103 \u0219i politic\u0103<\/a><\/strong><\/p>\n<p data-index=\"18\"><strong><a title=\"P\u0103rerea lui CTP despre scandalul TimesNewRoman-Dragnea\" href=\"https:\/\/www.digi24.ro\/stiri\/actualitate\/politica\/parerea-lui-ctp-despre-scandalul-timesnewroman-dragnea-919707\" data-skip-linkfix=\"1\">P\u0103rerea lui CTP despre scandalul TimesNewRoman-Dragnea<\/a><\/strong><\/p>\n<p data-index=\"19\">\u00a0<\/p>\n<\/div>\n<p> Source URL: https:\/\/www.digi24.ro\/stiri\/actualitate\/de-ce-s-a-dus-dragnea-in-israel-ctp-il-suna-nato-liviule-ai-rezolvat-919720<\/p>\n","protected":false},"excerpt":{"rendered":"<p>Liviu Dragnea s-a dus \u00een Ierusalim cu o \u201e\u0219pag\u0103 politic\u0103\u201d &#8211; ideea mut\u0103rii ambasadei de la Tel Aviv la Ierusalim &#8211; care face \u201e\u021b\u0103nd\u0103ri\u201d decenii de politic\u0103 extern\u0103 \u0219i diploma\u021bie\u00a0 rom\u00e2neasc\u0103, a declarat la Digi24 Cristian Tudor Popescu. Jurnalistul a descifrat c\u00e2teva dintre motivele care se ascund \u00een spatele acestui gest \u0219i \u00eel acuz\u0103 pe [&hellip;]<\/p>\n","protected":false},"author":1,"featured_media":119478,"comment_status":"open","ping_status":"","sticky":false,"template":"","format":"standard","meta":{"footnotes":""},"categories":[2],"tags":[11],"class_list":["post-119477","post","type-post","status-publish","format-standard","has-post-thumbnail","hentry","category-politics","tag-digi24"],"_links":{"self":[{"href":"https:\/\/analyse.optim.biz\/index.php?rest_route=\/wp\/v2\/posts\/119477","targetHints":{"allow":["GET"]}}],"collection":[{"href":"https:\/\/analyse.optim.biz\/index.php?rest_route=\/wp\/v2\/posts"}],"about":[{"href":"https:\/\/analyse.optim.biz\/index.php?rest_route=\/wp\/v2\/types\/post"}],"author":[{"embeddable":true,"href":"https:\/\/analyse.optim.biz\/index.php?rest_route=\/wp\/v2\/users\/1"}],"replies":[{"embeddable":true,"href":"https:\/\/analyse.optim.biz\/index.php?rest_route=%2Fwp%2Fv2%2Fcomments&post=119477"}],"version-history":[{"count":0,"href":"https:\/\/analyse.optim.biz\/index.php?rest_route=\/wp\/v2\/posts\/119477\/revisions"}],"wp:featuredmedia":[{"embeddable":true,"href":"https:\/\/analyse.optim.biz\/index.php?rest_route=\/wp\/v2\/media\/119478"}],"wp:attachment":[{"href":"https:\/\/analyse.optim.biz\/index.php?rest_route=%2Fwp%2Fv2%2Fmedia&parent=119477"}],"wp:term":[{"taxonomy":"category","embeddable":true,"href":"https:\/\/analyse.optim.biz\/index.php?rest_route=%2Fwp%2Fv2%2Fcategories&post=119477"},{"taxonomy":"post_tag","embeddable":true,"href":"https:\/\/analyse.optim.biz\/index.php?rest_route=%2Fwp%2Fv2%2Ftags&post=119477"}],"curies":[{"name":"wp","href":"https:\/\/api.w.org\/{rel}","templated":true}]}}