{"id":119466,"date":"2018-04-27T07:25:20","date_gmt":"2018-04-27T04:25:20","guid":{"rendered":"https:\/\/analyse.optim.biz\/?p=119466"},"modified":"2018-04-27T07:25:20","modified_gmt":"2018-04-27T04:25:20","slug":"dancila-asteptata-la-cotroceni-cu-explicatii-dupa-vizita-in-israel","status":"publish","type":"post","link":"https:\/\/analyse.optim.biz\/?p=119466","title":{"rendered":"D\u0103ncil\u0103, a\u0219teptat\u0103 la Cotroceni cu explica\u021bii, dup\u0103 vizita \u00een Israel"},"content":{"rendered":"<div class=\"entry data-app-meta data-app-meta-article\" data-embed-base-url-canonical=\"https:\/\/www.digi24.ro\/embed\/stiri\/actualitate\/politica\/dancila-asteptata-la-cotroceni-cu-explicatii-dupa-vizita-in-israel-919821\">\n<p data-index=\"1\"><strong>Viorica D\u0103ncil\u0103 l-a anun\u021bat pe Klaus Iohannis c\u0103 nu va mai merge la Palatul Cotroceni. Invita\u0163ia fusese lansat\u0103 acum dou\u0103 zile, c\u00e2nd tema propus\u0103 de \u015feful statului era un eventual conflict \u00eentre Guvern \u015fi BNR.<\/strong><\/p>\n<p data-index=\"2\">\u00centre timp, Klaus Iohannis a declarat c\u0103 a\u015fteapt\u0103 explica\u0163ii de la premier \u015fi pentru vizita din Israel, \u00een care aceasta ar fi plecat f\u0103r\u0103 mandat din partea sa.<\/p>\n<p data-index=\"3\">Pre\u015fedintele l-a criticat \u015fi pe Liviu Dragnea, care de asemenea a fost \u00een vizit\u0103 \u00een Israel. Klaus Iohannis a revenit cu scuze \u015fi cu explica\u0163ii, dup\u0103 ce a afirmat: \u201eCine \u015ftie ce \u00een\u0163elegeri face Liviu Dragnea acolo, cu evreii&#8221;.<\/p>\n<p data-index=\"4\">Replica liderului PSD a venit \u00eentr-o interven\u0163ie la Antena 3. \u201eNu am nicio \u00een\u0163elegere secret\u0103 cu nimeni&#8221;, a spus Liviu Dragnea.<\/p>\n<\/div>\n<p> Source URL: https:\/\/www.digi24.ro\/stiri\/actualitate\/politica\/dancila-asteptata-la-cotroceni-cu-explicatii-dupa-vizita-in-israel-919821<\/p>\n","protected":false},"excerpt":{"rendered":"<p>Viorica D\u0103ncil\u0103 l-a anun\u021bat pe Klaus Iohannis c\u0103 nu va mai merge la Palatul Cotroceni. Invita\u0163ia fusese lansat\u0103 acum dou\u0103 zile, c\u00e2nd tema propus\u0103 de \u015feful statului era un eventual conflict \u00eentre Guvern \u015fi BNR. \u00centre timp, Klaus Iohannis a declarat c\u0103 a\u015fteapt\u0103 explica\u0163ii de la premier \u015fi pentru vizita din Israel, \u00een care aceasta [&hellip;]<\/p>\n","protected":false},"author":1,"featured_media":119467,"comment_status":"open","ping_status":"","sticky":false,"template":"","format":"standard","meta":{"footnotes":""},"categories":[2],"tags":[11],"class_list":["post-119466","post","type-post","status-publish","format-standard","has-post-thumbnail","hentry","category-politics","tag-digi24"],"_links":{"self":[{"href":"https:\/\/analyse.optim.biz\/index.php?rest_route=\/wp\/v2\/posts\/119466","targetHints":{"allow":["GET"]}}],"collection":[{"href":"https:\/\/analyse.optim.biz\/index.php?rest_route=\/wp\/v2\/posts"}],"about":[{"href":"https:\/\/analyse.optim.biz\/index.php?rest_route=\/wp\/v2\/types\/post"}],"author":[{"embeddable":true,"href":"https:\/\/analyse.optim.biz\/index.php?rest_route=\/wp\/v2\/users\/1"}],"replies":[{"embeddable":true,"href":"https:\/\/analyse.optim.biz\/index.php?rest_route=%2Fwp%2Fv2%2Fcomments&post=119466"}],"version-history":[{"count":0,"href":"https:\/\/analyse.optim.biz\/index.php?rest_route=\/wp\/v2\/posts\/119466\/revisions"}],"wp:featuredmedia":[{"embeddable":true,"href":"https:\/\/analyse.optim.biz\/index.php?rest_route=\/wp\/v2\/media\/119467"}],"wp:attachment":[{"href":"https:\/\/analyse.optim.biz\/index.php?rest_route=%2Fwp%2Fv2%2Fmedia&parent=119466"}],"wp:term":[{"taxonomy":"category","embeddable":true,"href":"https:\/\/analyse.optim.biz\/index.php?rest_route=%2Fwp%2Fv2%2Fcategories&post=119466"},{"taxonomy":"post_tag","embeddable":true,"href":"https:\/\/analyse.optim.biz\/index.php?rest_route=%2Fwp%2Fv2%2Ftags&post=119466"}],"curies":[{"name":"wp","href":"https:\/\/api.w.org\/{rel}","templated":true}]}}