{"id":1194428,"date":"2014-05-14T22:57:34","date_gmt":"2014-05-14T19:57:34","guid":{"rendered":"https:\/\/analyse.optim.biz\/?p=1194428"},"modified":"2014-05-14T22:57:34","modified_gmt":"2014-05-14T19:57:34","slug":"13-05-2014-invitat-gheorghe-ciuhandu-fostul-primar-al-timisoarei","status":"publish","type":"post","link":"https:\/\/analyse.optim.biz\/?p=1194428","title":{"rendered":"13.05.2014 Invitat Gheorghe Ciuhandu, fostul primar al Timi\u0219oarei"},"content":{"rendered":"<article id=\"post-109447\" class=\"post-109447 post type-post status-publish format-standard hentry category-pressalert-tv category-pressalert-tv-live-sezonul-1 tag-gheorghe-ciuhandu tag-invitat tag-pressalert-live tag-pressalert-tv-2 tag-timisoara\">\n<div class=\"td-post-header td-pb-padding-side\">\n<div class=\"entry-crumbs\"><span><a title class=\"entry-crumb\" href=\"https:\/\/www.pressalert.ro\/\"><span>Acas\u0103<\/span><\/a><\/span><span><a title=\"Vede\u021bi toate articolele \u00een PRESSALERT LIVE\" class=\"entry-crumb\" href=\"https:\/\/www.pressalert.ro\/category\/pressalert-tv\/\"><span>PRESSALERT LIVE<\/span><\/a><\/span><span class=\"td-bred-no-url-last\">13.05.2014 Invitat Gheorghe Ciuhandu, fostul primar al Timi\u0219oarei<\/span><\/div>\n<ul class=\"td-category\">\n<li class=\"entry-category\"><a href=\"https:\/\/www.pressalert.ro\/category\/pressalert-tv\/\">PRESSALERT LIVE<\/a><\/li>\n<li class=\"entry-category\"><a href=\"https:\/\/www.pressalert.ro\/category\/pressalert-tv\/pressalert-tv-live-sezonul-1\/\">Pressalert LIVE &#8211; Sezonul I<\/a><\/li>\n<\/ul>\n<header>\n<h1 class=\"entry-title\">13.05.2014 Invitat Gheorghe Ciuhandu, fostul primar al Timi\u0219oarei<\/h1>\n<div class=\"meta-info\">\n<div class=\"td-post-author-name\">\n<div class=\"td-author-by\">De<\/div>\n<p><a href=\"https:\/\/www.pressalert.ro\/author\/dbota\/\">Drago\u015f Bo\u0163a<\/a><\/p>\n<div class=\"td-author-line\"> &#8211; <\/div>\n<\/div>\n<p><span class=\"td-post-date\"><time class=\"entry-date updated td-module-date\" datetime=\"2014-05-14T22:57:34+00:00\">mai 14, 2014<\/time><\/span><\/p>\n<div class=\"td-post-comments\"><a href=\"https:\/\/www.pressalert.ro\/2014\/05\/13-05-2014-invitat-gheorghe-ciuhandu-fostul-primar-al-timisoarei\/#respond\">0<\/a><\/div>\n<\/div>\n<\/header>\n<\/div>\n<div class=\"td-post-sharing td-post-sharing-top td-pb-padding-side\"><span class=\"td-post-share-title\">DISTRIBUI\u021aI<\/span><\/p>\n<div class=\"td-default-sharing \"><a class=\"td-social-sharing-buttons td-social-facebook\" href=\"http:\/\/www.facebook.com\/sharer.php?u=https%3A%2F%2Fwww.pressalert.ro%2F2014%2F05%2F13-05-2014-invitat-gheorghe-ciuhandu-fostul-primar-al-timisoarei%2F\"><\/p>\n<div class=\"td-social-but-text\">Facebook<\/div>\n<p><\/a><a class=\"td-social-sharing-buttons td-social-twitter\" href=\"https:\/\/twitter.com\/intent\/tweet?text=13.05.2014+Invitat+Gheorghe+Ciuhandu%2C+fostul+primar+al+Timi%C8%99oarei&amp;url=https%3A%2F%2Fwww.pressalert.ro%2F2014%2F05%2F13-05-2014-invitat-gheorghe-ciuhandu-fostul-primar-al-timisoarei%2F&amp;via=PRESSALERT.ro\"><\/p>\n<div class=\"td-social-but-text\">Twitter<\/div>\n<p><\/a><\/div>\n<\/div>\n<div class=\"td-post-content td-pb-padding-side\">p&gt;Invitat Gheorghe Ciuhandu, fostul primar al Timi\u0219oarei<br \/>\n<iframe loading=\"lazy\" src=\"https:\/\/www.youtube.com\/embed\/-YC9XOikO2g\" width=\"560\" height=\"315\" frameborder allowfullscreen=\"allowfullscreen\"><\/iframe><\/p>\n<\/div>\n<footer>\n<div class=\"td-post-source-tags td-pb-padding-side\">\n<ul class=\"td-tags td-post-small-box clearfix\">\n<li><span>ETICHETE<\/span><\/li>\n<li><a href=\"https:\/\/www.pressalert.ro\/tag\/gheorghe-ciuhandu\/\">gheorghe ciuhandu<\/a><\/li>\n<li><a href=\"https:\/\/www.pressalert.ro\/tag\/invitat\/\">invitat<\/a><\/li>\n<li><a href=\"https:\/\/www.pressalert.ro\/tag\/pressalert-live\/\">pressalert live<\/a><\/li>\n<li><a href=\"https:\/\/www.pressalert.ro\/tag\/pressalert-tv-2\/\">pressalert tv<\/a><\/li>\n<li><a href=\"https:\/\/www.pressalert.ro\/tag\/timisoara\/\">Timisoara<\/a><\/li>\n<\/ul>\n<\/div>\n<div class=\"td-post-sharing td-post-sharing-bottom td-pb-padding-side\"><span class=\"td-post-share-title\">DISTRIBUI\u021aI<\/span><\/p>\n<div class=\"td-default-sharing \"><a class=\"td-social-sharing-buttons td-social-facebook\" href=\"http:\/\/www.facebook.com\/sharer.php?u=https%3A%2F%2Fwww.pressalert.ro%2F2014%2F05%2F13-05-2014-invitat-gheorghe-ciuhandu-fostul-primar-al-timisoarei%2F\"><\/p>\n<div class=\"td-social-but-text\">Facebook<\/div>\n<p><\/a><a class=\"td-social-sharing-buttons td-social-twitter\" href=\"https:\/\/twitter.com\/intent\/tweet?text=13.05.2014+Invitat+Gheorghe+Ciuhandu%2C+fostul+primar+al+Timi%C8%99oarei&amp;url=https%3A%2F%2Fwww.pressalert.ro%2F2014%2F05%2F13-05-2014-invitat-gheorghe-ciuhandu-fostul-primar-al-timisoarei%2F&amp;via=PRESSALERT.ro\"><\/p>\n<div class=\"td-social-but-text\">Twitter<\/div>\n<p><\/a><\/div>\n<\/div>\n<div class=\"td-block-row td-post-next-prev\">\n<div class=\"td-block-span6 td-post-prev-post\">\n<div class=\"td-post-next-prev-content\"><span>Articolul precedent<\/span><a href=\"https:\/\/www.pressalert.ro\/2014\/05\/popoviciu-pregatit-sa-ii-ia-locul-lui-ostaficiuc-la-sefia-pdl-timis-daca-va-fi-sustinut-de-colegi-de-ce-nu-l-urmat-pe-traian-basescu\/\">Popoviciu, preg\u0103tit s\u0103 \u00eei ia locul lui Ostaficiuc la \u0219efia PDL Timi\u0219. De ce nu l-a urmat pe Traian B\u0103sescu<\/a><\/div>\n<\/div>\n<div class=\"td-block-span6 td-post-next-post\">\n<div class=\"td-post-next-prev-content\"><span>Articolul urm\u0103tor<\/span><a href=\"https:\/\/www.pressalert.ro\/2014\/05\/14-05-2014-alin-popoviciu-deputat-pdl\/\">14.05.2014 Alin Popoviciu, deputat PDL<\/a><\/div>\n<\/div>\n<\/div>\n<div class=\"author-box-wrap\"><a href=\"https:\/\/www.pressalert.ro\/author\/dbota\/\"><img loading=\"lazy\" decoding=\"async\" src=\"https:\/\/analyse.optim.biz\/wp-content\/uploads\/2025\/12\/cce215f80c23a396ea5080382258603a-2.jpg\" class=\"avatar avatar-96 photo\" height=\"96\" width=\"96\" title=\"cce215f80c23a396ea5080382258603a-2\"><\/a><\/p>\n<div class=\"desc\">\n<div class=\"td-author-name vcard author\"><span class=\"fn\"><a href=\"https:\/\/www.pressalert.ro\/author\/dbota\/\">Drago\u015f Bo\u0163a<\/a><\/span><\/div>\n<div class=\"td-author-url\"><a href=\"http:\/\/www.pressalert.ro\">http:\/\/www.pressalert.ro<\/a><\/div>\n<\/div>\n<\/div>\n<p><span><\/span><span><span><\/span><\/span><span><\/span><\/footer>\n<\/article>\n<p> Source URL: https:\/\/www.pressalert.ro\/2014\/05\/13-05-2014-invitat-gheorghe-ciuhandu-fostul-primar-al-timisoarei\/<\/p>\n","protected":false},"excerpt":{"rendered":"<p>Acas\u0103PRESSALERT LIVE13.05.2014 Invitat Gheorghe Ciuhandu, fostul primar al Timi\u0219oarei PRESSALERT LIVE Pressalert LIVE &#8211; Sezonul I 13.05.2014 Invitat Gheorghe Ciuhandu, fostul primar al Timi\u0219oarei De Drago\u015f Bo\u0163a &#8211; mai 14, 2014 0 DISTRIBUI\u021aI Facebook Twitter p&gt;Invitat Gheorghe Ciuhandu, fostul primar al Timi\u0219oarei ETICHETE gheorghe ciuhandu invitat pressalert live pressalert tv Timisoara DISTRIBUI\u021aI Facebook Twitter Articolul [&hellip;]<\/p>\n","protected":false},"author":1,"featured_media":0,"comment_status":"open","ping_status":"","sticky":false,"template":"","format":"standard","meta":{"footnotes":""},"categories":[89],"tags":[176],"class_list":["post-1194428","post","type-post","status-publish","format-standard","hentry","category-romania","tag-pressalert-ro"],"_links":{"self":[{"href":"https:\/\/analyse.optim.biz\/index.php?rest_route=\/wp\/v2\/posts\/1194428","targetHints":{"allow":["GET"]}}],"collection":[{"href":"https:\/\/analyse.optim.biz\/index.php?rest_route=\/wp\/v2\/posts"}],"about":[{"href":"https:\/\/analyse.optim.biz\/index.php?rest_route=\/wp\/v2\/types\/post"}],"author":[{"embeddable":true,"href":"https:\/\/analyse.optim.biz\/index.php?rest_route=\/wp\/v2\/users\/1"}],"replies":[{"embeddable":true,"href":"https:\/\/analyse.optim.biz\/index.php?rest_route=%2Fwp%2Fv2%2Fcomments&post=1194428"}],"version-history":[{"count":0,"href":"https:\/\/analyse.optim.biz\/index.php?rest_route=\/wp\/v2\/posts\/1194428\/revisions"}],"wp:attachment":[{"href":"https:\/\/analyse.optim.biz\/index.php?rest_route=%2Fwp%2Fv2%2Fmedia&parent=1194428"}],"wp:term":[{"taxonomy":"category","embeddable":true,"href":"https:\/\/analyse.optim.biz\/index.php?rest_route=%2Fwp%2Fv2%2Fcategories&post=1194428"},{"taxonomy":"post_tag","embeddable":true,"href":"https:\/\/analyse.optim.biz\/index.php?rest_route=%2Fwp%2Fv2%2Ftags&post=1194428"}],"curies":[{"name":"wp","href":"https:\/\/api.w.org\/{rel}","templated":true}]}}