{"id":1193632,"date":"2020-03-26T18:48:17","date_gmt":"2020-03-26T15:48:17","guid":{"rendered":"https:\/\/analyse.optim.biz\/?p=1193632"},"modified":"2020-03-26T18:48:17","modified_gmt":"2020-03-26T15:48:17","slug":"klaus-iohannis-a-semnat-decretul-de-numire-a-lui-nelu-tataru-la","status":"publish","type":"post","link":"https:\/\/analyse.optim.biz\/?p=1193632","title":{"rendered":"Klaus Iohannis a semnat decretul de numire a lui Nelu T\u0103taru la&#8230;"},"content":{"rendered":"<article id=\"post-2866\" class=\"post-2866 post type-post status-publish format-standard has-post-thumbnail hentry category-ultimele-stiri tag-coronavirus tag-klaus-iohannis tag-ministerul-sanatatii tag-nelu-tataru tag-pandemie\">\n<div class=\"td-pb-row\">\n<div class=\"td-pb-span12\">\n<div class=\"td-post-header td-pb-padding-side\">\n<div class=\"entry-crumbs\"><span><a title class=\"entry-crumb\" href=\"https:\/\/subiectivtulcea.ro\/\">Acas\u0103<\/a><\/span><span><a title=\"Vede\u021bi toate articolele \u00een Ultimele \u0218tiri\" class=\"entry-crumb\" href=\"https:\/\/subiectivtulcea.ro\/category\/ultimele-stiri\/\">Ultimele \u0218tiri<\/a><\/span><span class=\"td-bred-no-url-last\">Klaus Iohannis a semnat decretul de numire a lui Nelu T\u0103taru la&#8230;<\/span><\/div>\n<ul class=\"td-category\">\n<li class=\"entry-category\"><a href=\"https:\/\/subiectivtulcea.ro\/category\/ultimele-stiri\/\">Ultimele \u0218tiri<\/a><\/li>\n<\/ul>\n<header>\n<h1 class=\"entry-title\">Klaus Iohannis a semnat decretul de numire a lui Nelu T\u0103taru la Ministerul S\u0103n\u0103t\u0103\u021bii<\/h1>\n<div class=\"meta-info\">\n<div class=\"td-post-author-name\">\n<div class=\"td-author-by\">De c\u0103tre<\/div>\n<p><a href=\"https:\/\/subiectivtulcea.ro\/author\/sorin\/\">Stefan Vasilescu<\/a><\/p>\n<div class=\"td-author-line\"> &#8211; <\/div>\n<\/div>\n<p><span class=\"td-post-date\"><time class=\"entry-date updated td-module-date\" datetime=\"2020-03-26T18:48:17+00:00\">martie 26, 2020<\/time><\/span><\/p>\n<div class=\"td-post-views\"><span class=\"td-nr-views-2866\">1001<\/span><\/div>\n<div class=\"td-post-comments\"><a href=\"https:\/\/subiectivtulcea.ro\/klaus-iohannis-a-semnat-decretul-de-numire-a-lui-nelu-tataru-la-ministerul-sanatatii\/#respond\">0<\/a><\/div>\n<\/div>\n<\/header>\n<\/div>\n<\/div>\n<\/div>\n<div class=\"td-pb-row\">\n<div class=\"td-pb-span8 td-main-content\" role=\"main\">\n<div class=\"td-ss-main-content\">\n<div class=\"td-post-sharing td-post-sharing-top td-pb-padding-side\"><span class=\"td-post-share-title\">DISTRIBUI\u021aI<\/span><\/p>\n<div class=\"td-default-sharing \"><a class=\"td-social-sharing-buttons td-social-facebook\" href=\"https:\/\/www.facebook.com\/sharer.php?u=https%3A%2F%2Fsubiectivtulcea.ro%2Fklaus-iohannis-a-semnat-decretul-de-numire-a-lui-nelu-tataru-la-ministerul-sanatatii%2F\"><\/p>\n<div class=\"td-social-but-text\">Facebook<\/div>\n<p><\/a><a class=\"td-social-sharing-buttons td-social-twitter\" href=\"https:\/\/twitter.com\/intent\/tweet?text=Klaus+Iohannis+a+semnat+decretul+de+numire+a+lui+Nelu+T%C4%83taru+la+Ministerul+S%C4%83n%C4%83t%C4%83%C8%9Bii&amp;url=https%3A%2F%2Fsubiectivtulcea.ro%2Fklaus-iohannis-a-semnat-decretul-de-numire-a-lui-nelu-tataru-la-ministerul-sanatatii%2F&amp;via=Subiectiv+De+Tulcea+-+Cotidianul+Cu+Stiri+Pe+Surse\"><\/p>\n<div class=\"td-social-but-text\">Twitter<\/div>\n<p><\/a><\/div>\n<\/div>\n<div class=\"td-post-content td-pb-padding-side\">\n<div class=\"td-post-featured-image\"><a href=\"https:\/\/analyse.optim.biz\/wp-content\/uploads\/2025\/12\/nelu-tataru-ministerul-sanatatii.jpg\" data-caption><img loading=\"lazy\" decoding=\"async\" width=\"640\" height=\"360\" class=\"entry-thumb td-modal-image\" src=\"https:\/\/analyse.optim.biz\/wp-content\/uploads\/2025\/12\/nelu-tataru-ministerul-sanatatii-640x360-1.jpg\" title=\"nelu tataru ministerul sanatatii\"><\/a><\/div>\n<p><strong>Pre\u0219edintele Klaus Iohannis a semnat joi decretul de numire al noului ministru al S\u0103n\u0103t\u0103\u021bii, Nelu T\u0103t\u0103ru.<\/strong><\/p>\n<p>Iohannis i-a transmis lui Nelu T\u0103taru s\u0103 ia urgent m\u0103surile necesar pentru a rezolva problemele din sistem.<\/p>\n<p>\u201eDomnul T\u0103taru cunoa\u0219te foarte bine care este situa\u021bia \u00een acest moment \u00een sistemul sanitar \u0219i trebuie s\u0103 ia urgent toate m\u0103surile necesare pentru combaterea r\u0103sp\u00e2ndirii infect\u0103rii cu noul coronavirus. Domnul T\u0103taru va depune jur\u0103m\u00e2ntul \u00een cursul acestei zile.\u201d, a spus pre\u0219edintele.<\/p>\n<p>Victor Costache, ministrul S\u0103n\u0103t\u0103\u021bii, \u0219i-a dat demisia joi diminea\u021b\u0103, dup\u0103 ce asear\u0103 a anun\u021bat la mai multe posturi de televiziune planul test\u0103rii tuturor bucure\u0219tenilor pentru coronavirus. Premierul Ludovic Orban a anun\u021bat joi diminea\u021b\u0103 c\u0103 \u00eel propune pentru func\u021bie pe secretarul de stat Nelu T\u0103taru, care se afla la Suceava \u0219i a fost chemat la Bucure\u0219ti de urgen\u021b\u0103.<\/p>\n<\/div>\n<footer>\n<div class=\"td-post-source-tags td-pb-padding-side\">\n<ul class=\"td-tags td-post-small-box clearfix\">\n<li><span>ETICHETE<\/span><\/li>\n<li><a href=\"https:\/\/subiectivtulcea.ro\/tag\/coronavirus\/\">coronavirus<\/a><\/li>\n<li><a href=\"https:\/\/subiectivtulcea.ro\/tag\/klaus-iohannis\/\">klaus iohannis<\/a><\/li>\n<li><a href=\"https:\/\/subiectivtulcea.ro\/tag\/ministerul-sanatatii\/\">ministerul sanatatii<\/a><\/li>\n<li><a href=\"https:\/\/subiectivtulcea.ro\/tag\/nelu-tataru\/\">nelu tataru<\/a><\/li>\n<li><a href=\"https:\/\/subiectivtulcea.ro\/tag\/pandemie\/\">pandemie<\/a><\/li>\n<\/ul>\n<\/div>\n<div class=\"td-post-sharing td-post-sharing-bottom td-pb-padding-side\"><span class=\"td-post-share-title\">DISTRIBUI\u021aI<\/span><\/p>\n<div class=\"td-default-sharing td-with-like\"><a class=\"td-social-sharing-buttons td-social-facebook\" href=\"https:\/\/www.facebook.com\/sharer.php?u=https%3A%2F%2Fsubiectivtulcea.ro%2Fklaus-iohannis-a-semnat-decretul-de-numire-a-lui-nelu-tataru-la-ministerul-sanatatii%2F\"><\/p>\n<div class=\"td-social-but-text\">Facebook<\/div>\n<p><\/a><a class=\"td-social-sharing-buttons td-social-twitter\" href=\"https:\/\/twitter.com\/intent\/tweet?text=Klaus+Iohannis+a+semnat+decretul+de+numire+a+lui+Nelu+T%C4%83taru+la+Ministerul+S%C4%83n%C4%83t%C4%83%C8%9Bii&amp;url=https%3A%2F%2Fsubiectivtulcea.ro%2Fklaus-iohannis-a-semnat-decretul-de-numire-a-lui-nelu-tataru-la-ministerul-sanatatii%2F&amp;via=Subiectiv+De+Tulcea+-+Cotidianul+Cu+Stiri+Pe+Surse\"><\/p>\n<div class=\"td-social-but-text\">Twitter<\/div>\n<p><\/a><\/div>\n<div class=\"td-classic-sharing\">\n<ul>\n<li class=\"td-classic-facebook\"><iframe frameborder src=\"https:\/\/www.facebook.com\/plugins\/like.php?href=https:\/\/subiectivtulcea.ro\/klaus-iohannis-a-semnat-decretul-de-numire-a-lui-nelu-tataru-la-ministerul-sanatatii\/&amp;layout=button_count&amp;show_faces=false&amp;width=105&amp;action=like&amp;colorscheme=light&amp;height=21\"><\/iframe><\/li>\n<li class=\"td-classic-twitter\"><a href=\"https:\/\/twitter.com\/share\" class=\"twitter-share-button\" data-url=\"https:\/\/subiectivtulcea.ro\/klaus-iohannis-a-semnat-decretul-de-numire-a-lui-nelu-tataru-la-ministerul-sanatatii\/\" data-text=\"Klaus Iohannis a semnat decretul de numire a lui Nelu T\u0103taru la Ministerul S\u0103n\u0103t\u0103\u021bii\" data-via data-lang=\"en\">tweet<\/a><\/li>\n<\/ul>\n<\/div>\n<\/div>\n<div class=\"td-block-row td-post-next-prev\">\n<div class=\"td-block-span6 td-post-prev-post\">\n<div class=\"td-post-next-prev-content\"><span>Articolul precedent<\/span><a href=\"https:\/\/subiectivtulcea.ro\/schema-de-tratament-pentru-coronavirus-aprobata-de-ministerul-sanatatii\/\">Schema de tratament pentru coronavirus aprobat\u0103 de Ministerul S\u0103n\u0103t\u0103\u021bii<\/a><\/div>\n<\/div>\n<div class=\"td-block-span6 td-post-next-post\">\n<div class=\"td-post-next-prev-content\"><span>Articolul urm\u0103tor<\/span><a href=\"https:\/\/subiectivtulcea.ro\/coronavirus-romania-1-029-infectii-94-de-pacienti-vindecati-18-persoane-au-murit\/\">Coronavirus Rom\u00e2nia: 1.029 infec\u021bii, 94 de pacien\u021bi vindeca\u021bi. 18 persoane au murit<\/a><\/div>\n<\/div>\n<\/div>\n<div class=\"author-box-wrap\"><a href=\"https:\/\/subiectivtulcea.ro\/author\/sorin\/\"><img loading=\"lazy\" decoding=\"async\" src=\"https:\/\/analyse.optim.biz\/wp-content\/uploads\/2025\/12\/4054b95552868c8c392af45ec328ee34-152.jpg\" class=\"avatar avatar-96 photo\" height=\"96\" width=\"96\" title=\"4054b95552868c8c392af45ec328ee34-152\"><\/a><\/p>\n<div class=\"desc\">\n<div class=\"td-author-name vcard author\"><span class=\"fn\"><a href=\"https:\/\/subiectivtulcea.ro\/author\/sorin\/\">Stefan Vasilescu<\/a><\/span><\/div>\n<\/div>\n<\/div>\n<p><span><\/span><span><span><\/span><\/span><span><\/span><\/footer>\n<div class=\"td_block_wrap td_block_related_posts td_uid_5_69473644d23ea_rand td_with_ajax_pagination td-pb-border-top td_block_template_1\" data-td-block-uid=\"td_uid_5_69473644d23ea\">\n<h4 class=\"td-related-title\"><a id=\"td_uid_6_69473644d90a8\" class=\"td-related-left td-cur-simple-item\" data-td_filter_value data-td_block_id=\"td_uid_5_69473644d23ea\" href=\"https:\/\/subiectivtulcea.ro\/klaus-iohannis-a-semnat-decretul-de-numire-a-lui-nelu-tataru-la-ministerul-sanatatii\/\">ARTICOLE SIMILARE<\/a><a id=\"td_uid_7_69473644d90e9\" class=\"td-related-right\" data-td_filter_value=\"td_related_more_from_author\" data-td_block_id=\"td_uid_5_69473644d23ea\" href=\"https:\/\/subiectivtulcea.ro\/klaus-iohannis-a-semnat-decretul-de-numire-a-lui-nelu-tataru-la-ministerul-sanatatii\/\">DE LA ACELA\u0218I AUTOR<\/a><\/h4>\n<div id=\"td_uid_5_69473644d23ea\" class=\"td_block_inner\">\n<div class=\"td-related-row\">\n<div class=\"td-related-span4\">\n<div class=\"td_module_related_posts td-animation-stack td_mod_related_posts\">\n<div class=\"td-module-image\">\n<div class=\"td-module-thumb\"><a href=\"https:\/\/subiectivtulcea.ro\/ministrul-sanatatii-trebuie-sa-ne-obisnuim-ca-pe-perioada-verii-sa-avem-ca-vecin-virusul\/\" rel=\"bookmark\" title=\"Ministrul San\u0103t\u0103\u021bii: Trebuie s\u0103 ne obi\u015fnuim ca pe perioada verii s\u0103 avem ca vecin virusul\"><img loading=\"lazy\" decoding=\"async\" width=\"238\" height=\"178\" class=\"entry-thumb\" src=\"https:\/\/analyse.optim.biz\/wp-content\/uploads\/2025\/12\/izoleta-coronavirus-238x178-158.jpg\" title=\"Ministrul San\u0103t\u0103\u021bii: Trebuie s\u0103 ne obi\u015fnuim ca pe perioada verii s\u0103 avem ca vecin virusul\"><\/a><\/div>\n<\/div>\n<div class=\"item-details\">\n<h3 class=\"entry-title td-module-title\"><a href=\"https:\/\/subiectivtulcea.ro\/ministrul-sanatatii-trebuie-sa-ne-obisnuim-ca-pe-perioada-verii-sa-avem-ca-vecin-virusul\/\" rel=\"bookmark\" title=\"Ministrul San\u0103t\u0103\u021bii: Trebuie s\u0103 ne obi\u015fnuim ca pe perioada verii s\u0103 avem ca vecin virusul\">Ministrul San\u0103t\u0103\u021bii: Trebuie s\u0103 ne obi\u015fnuim ca pe perioada verii s\u0103 avem ca vecin virusul<\/a><\/h3>\n<\/div>\n<\/div>\n<\/div>\n<div class=\"td-related-span4\">\n<div class=\"td_module_related_posts td-animation-stack td_mod_related_posts\">\n<div class=\"td-module-image\">\n<div class=\"td-module-thumb\"><a href=\"https:\/\/subiectivtulcea.ro\/lucrarile-la-podul-peste-dunare-intarziate-din-cauza-procedurii-exproprierilor\/\" rel=\"bookmark\" title=\"Lucr\u0103rile la Podul peste Dun\u0103re, \u00eent\u00e2rziate din cauza procedurii exproprierilor\"><img loading=\"lazy\" decoding=\"async\" width=\"238\" height=\"178\" class=\"entry-thumb\" src=\"https:\/\/analyse.optim.biz\/wp-content\/uploads\/2025\/12\/pod-dunare-238x178-109-2.jpg\" title=\"Lucr\u0103rile la Podul peste Dun\u0103re, \u00eent\u00e2rziate din cauza procedurii exproprierilor\"><\/a><\/div>\n<\/div>\n<div class=\"item-details\">\n<h3 class=\"entry-title td-module-title\"><a href=\"https:\/\/subiectivtulcea.ro\/lucrarile-la-podul-peste-dunare-intarziate-din-cauza-procedurii-exproprierilor\/\" rel=\"bookmark\" title=\"Lucr\u0103rile la Podul peste Dun\u0103re, \u00eent\u00e2rziate din cauza procedurii exproprierilor\">Lucr\u0103rile la Podul peste Dun\u0103re, \u00eent\u00e2rziate din cauza procedurii exproprierilor<\/a><\/h3>\n<\/div>\n<\/div>\n<\/div>\n<div class=\"td-related-span4\">\n<div class=\"td_module_related_posts td-animation-stack td_mod_related_posts\">\n<div class=\"td-module-image\">\n<div class=\"td-module-thumb\"><a href=\"https:\/\/subiectivtulcea.ro\/tulcea-atentionare-pentru-persoanele-care-doresc-sa-lucreze-in-strainatate\/\" rel=\"bookmark\" title=\"TULCEA Aten\u021bionare pentru persoanele care doresc s\u0103 lucreze \u00een str\u0103in\u0103tate\"><img loading=\"lazy\" decoding=\"async\" width=\"238\" height=\"178\" class=\"entry-thumb\" src=\"https:\/\/analyse.optim.biz\/wp-content\/uploads\/2025\/12\/targ-joburi-238x178-121.jpg\" title=\"TULCEA Aten\u021bionare pentru persoanele care doresc s\u0103 lucreze \u00een str\u0103in\u0103tate\"><\/a><\/div>\n<\/div>\n<div class=\"item-details\">\n<h3 class=\"entry-title td-module-title\"><a href=\"https:\/\/subiectivtulcea.ro\/tulcea-atentionare-pentru-persoanele-care-doresc-sa-lucreze-in-strainatate\/\" rel=\"bookmark\" title=\"TULCEA Aten\u021bionare pentru persoanele care doresc s\u0103 lucreze \u00een str\u0103in\u0103tate\">TULCEA Aten\u021bionare pentru persoanele care doresc s\u0103 lucreze \u00een str\u0103in\u0103tate<\/a><\/h3>\n<\/div>\n<\/div>\n<\/div>\n<\/div>\n<\/div>\n<\/div>\n<div class=\"comments\" id=\"comments\">\n<div id=\"respond\" class=\"comment-respond\">\n<h3 id=\"reply-title\" class=\"comment-reply-title\">L\u0102SA\u021aI UN MESAJ <small><a rel=\"nofollow\" id=\"cancel-comment-reply-link\" href=\"https:\/\/subiectivtulcea.ro\/klaus-iohannis-a-semnat-decretul-de-numire-a-lui-nelu-tataru-la-ministerul-sanatatii\/#respond\">Renun\u021ba\u021bi la r\u0103spuns<\/a><\/small><\/h3>\n<div class=\"comment-form-input-wrap td-form-comment\">\n<div class=\"td-warning-comment\">Please enter your comment!<\/div>\n<\/div>\n<div class=\"comment-form-input-wrap td-form-author\">\n<div class=\"td-warning-author\">Please enter your name here<\/div>\n<\/div>\n<div class=\"comment-form-input-wrap td-form-email\">\n<div class=\"td-warning-email-error\">You have entered an incorrect email address!<\/div>\n<div class=\"td-warning-email\">Please enter your email address here<\/div>\n<\/div>\n<div class=\"gglcptch gglcptch_v2\">\n<div>\n<div>\n<div>\n\t\t\t\t\t\t\t\t\n\t\t\t\t\t\t\t<\/div>\n<\/div>\n<\/div>\n<\/div>\n<\/div>\n<\/div>\n<\/div>\n<\/div>\n<div class=\"td-pb-span4 td-main-sidebar td-pb-border-top\" role=\"complementary\">\n<div class=\"td-ss-main-sidebar\">\n<div class=\"td-a-rec td-a-rec-id-sidebar  td_uid_8_69473644db9f3_rand td_block_template_1\"><span class=\"td-adspot-title\">&#8211; Advertisement &#8211;<\/span><\/p>\n<div class=\"td-all-devices\"><a href=\"https:\/\/subiectivtulcea.ro\/klaus-iohannis-a-semnat-decretul-de-numire-a-lui-nelu-tataru-la-ministerul-sanatatii\/\"><img decoding=\"async\" src=\"https:\/\/analyse.optim.biz\/wp-content\/uploads\/2025\/12\/vizual-maximia-tv_cartela-vodafone-125.jpg\" title=\"vizual-maximia-tv_cartela-vodafone-125\"><\/a><\/div>\n<\/div>\n<div class=\"td_block_wrap td_block_9 td_block_widget td_uid_9_69473644dbc60_rand td_with_ajax_pagination td-pb-border-top td_block_template_1\" data-td-block-uid=\"td_uid_9_69473644dbc60\">\n<h4 class=\"block-title\"><span class=\"td-pulldown-size\">CITESTE SI &#8230;<\/span><\/h4>\n<div id=\"td_uid_9_69473644dbc60\" class=\"td_block_inner\">\n<div class=\"td-block-span12\">\n<div class=\"td_module_8 td_module_wrap\">\n<div class=\"item-details\">\n<h3 class=\"entry-title td-module-title\"><a href=\"https:\/\/subiectivtulcea.ro\/tulcea-sub-cod-portocaliu-de-ninsori-abundente\/\" rel=\"bookmark\" title=\"Tulcea, sub cod portocaliu de ninsori abundente\">Tulcea, sub cod portocaliu de ninsori abundente<\/a><\/h3>\n<div class=\"meta-info\"><span class=\"td-post-author-name\"><a href=\"https:\/\/subiectivtulcea.ro\/author\/sorin\/\">Stefan Vasilescu<\/a><span>&#8211;<\/span><\/span><span class=\"td-post-date\"><time class=\"entry-date updated td-module-date\" datetime=\"2018-03-22T12:03:39+00:00\">martie 22, 2018<\/time><\/span><\/div>\n<\/div>\n<\/div>\n<\/div>\n<div class=\"td-block-span12\">\n<div class=\"td_module_8 td_module_wrap\">\n<div class=\"item-details\">\n<h3 class=\"entry-title td-module-title\"><a href=\"https:\/\/subiectivtulcea.ro\/austria-si-ucraina-au-castigat-cupa-europeana-de-triatlon-pentru-juniori-de-la-tulcea\/\" rel=\"bookmark\" title=\"Austria \u015fi Ucraina au c\u00e2\u015ftigat Cupa European\u0103 de triatlon pentru juniori de la Tulcea\">Austria \u015fi Ucraina au c\u00e2\u015ftigat Cupa European\u0103 de triatlon pentru juniori de la Tulcea<\/a><\/h3>\n<div class=\"meta-info\"><span class=\"td-post-author-name\"><a href=\"https:\/\/subiectivtulcea.ro\/author\/sorin\/\">Stefan Vasilescu<\/a><span>&#8211;<\/span><\/span><span class=\"td-post-date\"><time class=\"entry-date updated td-module-date\" datetime=\"2018-08-27T08:41:41+00:00\">august 27, 2018<\/time><\/span><\/div>\n<\/div>\n<\/div>\n<\/div>\n<div class=\"td-block-span12\">\n<div class=\"td_module_8 td_module_wrap\">\n<div class=\"item-details\">\n<h3 class=\"entry-title td-module-title\"><a href=\"https:\/\/subiectivtulcea.ro\/ansvsa-581-de-focare-de-pesta-porcina-africana-in-169-de-localitati\/\" rel=\"bookmark\" title=\"ANSVSA: 581 de focare de pest\u0103 porcin\u0103 african\u0103 \u00een 169 de localit\u0103\u0163i\">ANSVSA: 581 de focare de pest\u0103 porcin\u0103 african\u0103 \u00een 169 de localit\u0103\u0163i<\/a><\/h3>\n<div class=\"meta-info\"><span class=\"td-post-author-name\"><a href=\"https:\/\/subiectivtulcea.ro\/author\/sorin\/\">Stefan Vasilescu<\/a><span>&#8211;<\/span><\/span><span class=\"td-post-date\"><time class=\"entry-date updated td-module-date\" datetime=\"2019-08-02T05:30:02+00:00\">august 2, 2019<\/time><\/span><\/div>\n<\/div>\n<\/div>\n<\/div>\n<div class=\"td-block-span12\">\n<div class=\"td_module_8 td_module_wrap\">\n<div class=\"item-details\">\n<h3 class=\"entry-title td-module-title\"><a href=\"https:\/\/subiectivtulcea.ro\/inhga-debitul-dunarii-va-fi-sub-media-multianuala-a-lunii-ianuarie\/\" rel=\"bookmark\" title=\"INHGA: Debitul Dun\u0103rii va fi sub media multianual\u0103 a lunii ianuarie\">INHGA: Debitul Dun\u0103rii va fi sub media multianual\u0103 a lunii ianuarie<\/a><\/h3>\n<div class=\"meta-info\"><span class=\"td-post-author-name\"><a href=\"https:\/\/subiectivtulcea.ro\/author\/sorin\/\">Stefan Vasilescu<\/a><span>&#8211;<\/span><\/span><span class=\"td-post-date\"><time class=\"entry-date updated td-module-date\" datetime=\"2019-01-14T08:27:33+00:00\">ianuarie 14, 2019<\/time><\/span><\/div>\n<\/div>\n<\/div>\n<\/div>\n<div class=\"td-block-span12\">\n<div class=\"td_module_8 td_module_wrap\">\n<div class=\"item-details\">\n<h3 class=\"entry-title td-module-title\"><a href=\"https:\/\/subiectivtulcea.ro\/tulcea-lipovenii-si-ucrainenii-revelion-pe-stil-vechi\/\" rel=\"bookmark\" title=\"Tulcea: Lipovenii \u0219i ucrainenii, Revelion pe stil vechi\">Tulcea: Lipovenii \u0219i ucrainenii, Revelion pe stil vechi<\/a><\/h3>\n<div class=\"meta-info\"><span class=\"td-post-author-name\"><a href=\"https:\/\/subiectivtulcea.ro\/author\/sorin\/\">Stefan Vasilescu<\/a><span>&#8211;<\/span><\/span><span class=\"td-post-date\"><time class=\"entry-date updated td-module-date\" datetime=\"2020-01-13T11:01:55+00:00\">ianuarie 13, 2020<\/time><\/span><\/div>\n<\/div>\n<\/div>\n<\/div>\n<\/div>\n<\/div>\n<\/div>\n<\/div>\n<\/div>\n<\/article>\n<p> Source URL: https:\/\/subiectivtulcea.ro\/klaus-iohannis-a-semnat-decretul-de-numire-a-lui-nelu-tataru-la-ministerul-sanatatii\/<\/p>\n","protected":false},"excerpt":{"rendered":"<p>Acas\u0103Ultimele \u0218tiriKlaus Iohannis a semnat decretul de numire a lui Nelu T\u0103taru la&#8230; Ultimele \u0218tiri Klaus Iohannis a semnat decretul de numire a lui Nelu T\u0103taru la Ministerul S\u0103n\u0103t\u0103\u021bii De c\u0103tre Stefan Vasilescu &#8211; martie 26, 2020 1001 0 DISTRIBUI\u021aI Facebook Twitter Pre\u0219edintele Klaus Iohannis a semnat joi decretul de numire al noului ministru al [&hellip;]<\/p>\n","protected":false},"author":1,"featured_media":1193633,"comment_status":"open","ping_status":"","sticky":false,"template":"","format":"standard","meta":{"footnotes":""},"categories":[89],"tags":[222],"class_list":["post-1193632","post","type-post","status-publish","format-standard","has-post-thumbnail","hentry","category-romania","tag-subiectivtulcea-ro"],"_links":{"self":[{"href":"https:\/\/analyse.optim.biz\/index.php?rest_route=\/wp\/v2\/posts\/1193632","targetHints":{"allow":["GET"]}}],"collection":[{"href":"https:\/\/analyse.optim.biz\/index.php?rest_route=\/wp\/v2\/posts"}],"about":[{"href":"https:\/\/analyse.optim.biz\/index.php?rest_route=\/wp\/v2\/types\/post"}],"author":[{"embeddable":true,"href":"https:\/\/analyse.optim.biz\/index.php?rest_route=\/wp\/v2\/users\/1"}],"replies":[{"embeddable":true,"href":"https:\/\/analyse.optim.biz\/index.php?rest_route=%2Fwp%2Fv2%2Fcomments&post=1193632"}],"version-history":[{"count":0,"href":"https:\/\/analyse.optim.biz\/index.php?rest_route=\/wp\/v2\/posts\/1193632\/revisions"}],"wp:featuredmedia":[{"embeddable":true,"href":"https:\/\/analyse.optim.biz\/index.php?rest_route=\/wp\/v2\/media\/1193633"}],"wp:attachment":[{"href":"https:\/\/analyse.optim.biz\/index.php?rest_route=%2Fwp%2Fv2%2Fmedia&parent=1193632"}],"wp:term":[{"taxonomy":"category","embeddable":true,"href":"https:\/\/analyse.optim.biz\/index.php?rest_route=%2Fwp%2Fv2%2Fcategories&post=1193632"},{"taxonomy":"post_tag","embeddable":true,"href":"https:\/\/analyse.optim.biz\/index.php?rest_route=%2Fwp%2Fv2%2Ftags&post=1193632"}],"curies":[{"name":"wp","href":"https:\/\/api.w.org\/{rel}","templated":true}]}}