{"id":1193618,"date":"2018-08-20T08:10:51","date_gmt":"2018-08-20T05:10:51","guid":{"rendered":"https:\/\/analyse.optim.biz\/?p=1193618"},"modified":"2018-08-20T08:10:51","modified_gmt":"2018-08-20T05:10:51","slug":"fostul-canoist-ivan-patzaichin-cetatean-de-onoare-al-capitalei","status":"publish","type":"post","link":"https:\/\/analyse.optim.biz\/?p=1193618","title":{"rendered":"Fostul canoist Ivan Patzaichin, cet\u0103\u0163ean de onoare al Capitalei"},"content":{"rendered":"<article id=\"post-1356\" class=\"post-1356 post type-post status-publish format-standard has-post-thumbnail hentry category-ultimele-stiri tag-bucureti tag-canoist tag-capitala tag-cetatean-de-onoare tag-ivan-patzaichin tag-tulcea\">\n<div class=\"td-pb-row\">\n<div class=\"td-pb-span12\">\n<div class=\"td-post-header td-pb-padding-side\">\n<div class=\"entry-crumbs\"><span><a title class=\"entry-crumb\" href=\"https:\/\/subiectivtulcea.ro\/\">Acas\u0103<\/a><\/span><span><a title=\"Vede\u021bi toate articolele \u00een Ultimele \u0218tiri\" class=\"entry-crumb\" href=\"https:\/\/subiectivtulcea.ro\/category\/ultimele-stiri\/\">Ultimele \u0218tiri<\/a><\/span><span class=\"td-bred-no-url-last\">Fostul canoist Ivan Patzaichin, cet\u0103\u0163ean de onoare al Capitalei<\/span><\/div>\n<ul class=\"td-category\">\n<li class=\"entry-category\"><a href=\"https:\/\/subiectivtulcea.ro\/category\/ultimele-stiri\/\">Ultimele \u0218tiri<\/a><\/li>\n<\/ul>\n<header>\n<h1 class=\"entry-title\">Fostul canoist Ivan Patzaichin, cet\u0103\u0163ean de onoare al Capitalei<\/h1>\n<div class=\"meta-info\">\n<div class=\"td-post-author-name\">\n<div class=\"td-author-by\">De c\u0103tre<\/div>\n<p><a href=\"https:\/\/subiectivtulcea.ro\/author\/sorin\/\">Stefan Vasilescu<\/a><\/p>\n<div class=\"td-author-line\"> &#8211; <\/div>\n<\/div>\n<p><span class=\"td-post-date\"><time class=\"entry-date updated td-module-date\" datetime=\"2018-08-20T08:10:51+00:00\">august 20, 2018<\/time><\/span><\/p>\n<div class=\"td-post-views\"><span class=\"td-nr-views-1356\">1331<\/span><\/div>\n<div class=\"td-post-comments\"><a href=\"https:\/\/subiectivtulcea.ro\/fostul-canoist-ivan-patzaichin-cetatean-de-onoare-ai-capitalei\/#respond\">0<\/a><\/div>\n<\/div>\n<\/header>\n<\/div>\n<\/div>\n<\/div>\n<div class=\"td-pb-row\">\n<div class=\"td-pb-span8 td-main-content\" role=\"main\">\n<div class=\"td-ss-main-content\">\n<div class=\"td-post-sharing td-post-sharing-top td-pb-padding-side\"><span class=\"td-post-share-title\">DISTRIBUI\u021aI<\/span><\/p>\n<div class=\"td-default-sharing \"><a class=\"td-social-sharing-buttons td-social-facebook\" href=\"https:\/\/www.facebook.com\/sharer.php?u=https%3A%2F%2Fsubiectivtulcea.ro%2Ffostul-canoist-ivan-patzaichin-cetatean-de-onoare-ai-capitalei%2F\"><\/p>\n<div class=\"td-social-but-text\">Facebook<\/div>\n<p><\/a><a class=\"td-social-sharing-buttons td-social-twitter\" href=\"https:\/\/twitter.com\/intent\/tweet?text=Fostul+canoist+Ivan+Patzaichin%2C+cet%C4%83%C5%A3ean+de+onoare+al+Capitalei&amp;url=https%3A%2F%2Fsubiectivtulcea.ro%2Ffostul-canoist-ivan-patzaichin-cetatean-de-onoare-ai-capitalei%2F&amp;via=Subiectiv+De+Tulcea+-+Cotidianul+Cu+Stiri+Pe+Surse\"><\/p>\n<div class=\"td-social-but-text\">Twitter<\/div>\n<p><\/a><\/div>\n<\/div>\n<div class=\"td-post-content td-pb-padding-side\">\n<div class=\"td-post-featured-image\"><a href=\"https:\/\/analyse.optim.biz\/wp-content\/uploads\/2025\/12\/ivan-patzaichin-2.jpg\" data-caption><img loading=\"lazy\" decoding=\"async\" width=\"640\" height=\"480\" class=\"entry-thumb td-modal-image\" src=\"https:\/\/analyse.optim.biz\/wp-content\/uploads\/2025\/12\/ivan-patzaichin-640x480-1.jpg\" title=\"ivan patzaichin\"><\/a><\/div>\n<p><strong>Prim\u0103ria Capitalei va acorda titlul de cet\u0103\u0163ean de onoare fostul canoist tulcean Ivan Patzaichin \u201e\u00een semn de recunoa\u015ftere a activit\u0103\u0163ii sale \u015fi a contribu\u0163iei la dezvoltarea \u015fi promovarea valorilor sportive rom\u00e2ne\u015fti\u201d, potrivit unui proiect de hot\u0103r\u00e2re aflat pe ordinea de zi a \u015fedin\u0163ei Consiliului General al Municipiului Bucure\u015fti (CGMB).<\/strong><\/p>\n<p>Proiectul mai prevede acordarea aceileia\u0219i distincti\u021bii actri\u0163ei Maia Morgenstern, pentru activitatea sa \u015fi pentru contribu\u0163ia adus\u0103 la dezvoltarea identit\u0103\u0163ii \u015fi diversit\u0103\u0163ii culturale.<\/p>\n<p>Ivan Patzaichin s-a n\u0103scut \u00een 1949, \u00een Tulcea, \u015fi a absolvit Institutul de Educa\u0163ie Fizic\u0103 \u015fi Sport. A participat la probele de 1.000 \u015fi 500 de metri la kaiac-caone la cinci edi\u0163ii ale Jocurilor Olimpice de var\u0103 \u00een Mexico (1968), Munchen (1972), Montreal (1976), Moscova (1980) \u015fi Los Angeles (1984), unde a cucerit patru medalii de aur \u015fi trei de argint. A c\u00e2\u015ftigat 22 de titluri la 11 edi\u0163ii ale Campionatelor Mondiale, de unde s-a \u00eentors cu nou\u0103 medalii de aur, patru medalii de argint \u015fi nou\u0103 medalii de bronz.<\/p>\n<p>\u00cen 1972, la Jocurile Olimpice din ora\u015ful bavarez, Ivan Patzaichin a v\u00e2slit la calific\u0103rile pentru proba de canoe 1 pe 1.000 de metri cu pagaia rupt\u0103, pentru c\u0103 organizatorii nu au observat asta \u015fi nu au intervenit. Sportivul a f\u0103cut atunci contesta\u0163ie, a intrat \u00een recalific\u0103ri \u015fi a c\u00e2\u015ftigat \u015fi finala.<\/p>\n<\/div>\n<footer>\n<div class=\"td-post-source-tags td-pb-padding-side\">\n<ul class=\"td-tags td-post-small-box clearfix\">\n<li><span>ETICHETE<\/span><\/li>\n<li><a href=\"https:\/\/subiectivtulcea.ro\/tag\/bucureti\/\">bucureti<\/a><\/li>\n<li><a href=\"https:\/\/subiectivtulcea.ro\/tag\/canoist\/\">canoist<\/a><\/li>\n<li><a href=\"https:\/\/subiectivtulcea.ro\/tag\/capitala\/\">capitala<\/a><\/li>\n<li><a href=\"https:\/\/subiectivtulcea.ro\/tag\/cetatean-de-onoare\/\">cetatean de onoare<\/a><\/li>\n<li><a href=\"https:\/\/subiectivtulcea.ro\/tag\/ivan-patzaichin\/\">ivan patzaichin<\/a><\/li>\n<li><a href=\"https:\/\/subiectivtulcea.ro\/tag\/tulcea\/\">tulcea<\/a><\/li>\n<\/ul>\n<\/div>\n<div class=\"td-post-sharing td-post-sharing-bottom td-pb-padding-side\"><span class=\"td-post-share-title\">DISTRIBUI\u021aI<\/span><\/p>\n<div class=\"td-default-sharing td-with-like\"><a class=\"td-social-sharing-buttons td-social-facebook\" href=\"https:\/\/www.facebook.com\/sharer.php?u=https%3A%2F%2Fsubiectivtulcea.ro%2Ffostul-canoist-ivan-patzaichin-cetatean-de-onoare-ai-capitalei%2F\"><\/p>\n<div class=\"td-social-but-text\">Facebook<\/div>\n<p><\/a><a class=\"td-social-sharing-buttons td-social-twitter\" href=\"https:\/\/twitter.com\/intent\/tweet?text=Fostul+canoist+Ivan+Patzaichin%2C+cet%C4%83%C5%A3ean+de+onoare+al+Capitalei&amp;url=https%3A%2F%2Fsubiectivtulcea.ro%2Ffostul-canoist-ivan-patzaichin-cetatean-de-onoare-ai-capitalei%2F&amp;via=Subiectiv+De+Tulcea+-+Cotidianul+Cu+Stiri+Pe+Surse\"><\/p>\n<div class=\"td-social-but-text\">Twitter<\/div>\n<p><\/a><\/div>\n<div class=\"td-classic-sharing\">\n<ul>\n<li class=\"td-classic-facebook\"><iframe frameborder src=\"https:\/\/www.facebook.com\/plugins\/like.php?href=https:\/\/subiectivtulcea.ro\/fostul-canoist-ivan-patzaichin-cetatean-de-onoare-ai-capitalei\/&amp;layout=button_count&amp;show_faces=false&amp;width=105&amp;action=like&amp;colorscheme=light&amp;height=21\"><\/iframe><\/li>\n<li class=\"td-classic-twitter\"><a href=\"https:\/\/twitter.com\/share\" class=\"twitter-share-button\" data-url=\"https:\/\/subiectivtulcea.ro\/fostul-canoist-ivan-patzaichin-cetatean-de-onoare-ai-capitalei\/\" data-text=\"Fostul canoist Ivan Patzaichin, cet\u0103\u0163ean de onoare al Capitalei\" data-via data-lang=\"en\">tweet<\/a><\/li>\n<\/ul>\n<\/div>\n<\/div>\n<div class=\"td-block-row td-post-next-prev\">\n<div class=\"td-block-span6 td-post-prev-post\">\n<div class=\"td-post-next-prev-content\"><span>Articolul precedent<\/span><a href=\"https:\/\/subiectivtulcea.ro\/tulcea-apartamentele-anl-ar-putea-fi-repartizate-luna-viitoare\/\">Tulcea: Apartamentele ANL ar putea fi repartizate luna viitoare<\/a><\/div>\n<\/div>\n<div class=\"td-block-span6 td-post-next-post\">\n<div class=\"td-post-next-prev-content\"><span>Articolul urm\u0103tor<\/span><a href=\"https:\/\/subiectivtulcea.ro\/insula-aparuta-in-mijlocul-dunarii-din-cauza-debitului-scazut-al-fluviului\/\">Insul\u0103 ap\u0103rut\u0103 \u00een mijlocul Dun\u0103rii, din cauza debitului sc\u0103zut al fluviului<\/a><\/div>\n<\/div>\n<\/div>\n<div class=\"author-box-wrap\"><a href=\"https:\/\/subiectivtulcea.ro\/author\/sorin\/\"><img loading=\"lazy\" decoding=\"async\" src=\"https:\/\/analyse.optim.biz\/wp-content\/uploads\/2025\/12\/4054b95552868c8c392af45ec328ee34-151.jpg\" class=\"avatar avatar-96 photo\" height=\"96\" width=\"96\" title=\"4054b95552868c8c392af45ec328ee34-151\"><\/a><\/p>\n<div class=\"desc\">\n<div class=\"td-author-name vcard author\"><span class=\"fn\"><a href=\"https:\/\/subiectivtulcea.ro\/author\/sorin\/\">Stefan Vasilescu<\/a><\/span><\/div>\n<\/div>\n<\/div>\n<p><span><\/span><span><span><\/span><\/span><span><\/span><\/footer>\n<div class=\"td_block_wrap td_block_related_posts td_uid_5_69473605f2266_rand td_with_ajax_pagination td-pb-border-top td_block_template_1\" data-td-block-uid=\"td_uid_5_69473605f2266\">\n<h4 class=\"td-related-title\"><a id=\"td_uid_6_69473606082d5\" class=\"td-related-left td-cur-simple-item\" data-td_filter_value data-td_block_id=\"td_uid_5_69473605f2266\" href=\"https:\/\/subiectivtulcea.ro\/fostul-canoist-ivan-patzaichin-cetatean-de-onoare-ai-capitalei\/\">ARTICOLE SIMILARE<\/a><a id=\"td_uid_7_694736060831f\" class=\"td-related-right\" data-td_filter_value=\"td_related_more_from_author\" data-td_block_id=\"td_uid_5_69473605f2266\" href=\"https:\/\/subiectivtulcea.ro\/fostul-canoist-ivan-patzaichin-cetatean-de-onoare-ai-capitalei\/\">DE LA ACELA\u0218I AUTOR<\/a><\/h4>\n<div id=\"td_uid_5_69473605f2266\" class=\"td_block_inner\">\n<div class=\"td-related-row\">\n<div class=\"td-related-span4\">\n<div class=\"td_module_related_posts td-animation-stack td_mod_related_posts\">\n<div class=\"td-module-image\">\n<div class=\"td-module-thumb\"><a href=\"https:\/\/subiectivtulcea.ro\/ministrul-sanatatii-trebuie-sa-ne-obisnuim-ca-pe-perioada-verii-sa-avem-ca-vecin-virusul\/\" rel=\"bookmark\" title=\"Ministrul San\u0103t\u0103\u021bii: Trebuie s\u0103 ne obi\u015fnuim ca pe perioada verii s\u0103 avem ca vecin virusul\"><img loading=\"lazy\" decoding=\"async\" width=\"238\" height=\"178\" class=\"entry-thumb\" src=\"https:\/\/analyse.optim.biz\/wp-content\/uploads\/2025\/12\/izoleta-coronavirus-238x178-157.jpg\" title=\"Ministrul San\u0103t\u0103\u021bii: Trebuie s\u0103 ne obi\u015fnuim ca pe perioada verii s\u0103 avem ca vecin virusul\"><\/a><\/div>\n<\/div>\n<div class=\"item-details\">\n<h3 class=\"entry-title td-module-title\"><a href=\"https:\/\/subiectivtulcea.ro\/ministrul-sanatatii-trebuie-sa-ne-obisnuim-ca-pe-perioada-verii-sa-avem-ca-vecin-virusul\/\" rel=\"bookmark\" title=\"Ministrul San\u0103t\u0103\u021bii: Trebuie s\u0103 ne obi\u015fnuim ca pe perioada verii s\u0103 avem ca vecin virusul\">Ministrul San\u0103t\u0103\u021bii: Trebuie s\u0103 ne obi\u015fnuim ca pe perioada verii s\u0103 avem ca vecin virusul<\/a><\/h3>\n<\/div>\n<\/div>\n<\/div>\n<div class=\"td-related-span4\">\n<div class=\"td_module_related_posts td-animation-stack td_mod_related_posts\">\n<div class=\"td-module-image\">\n<div class=\"td-module-thumb\"><a href=\"https:\/\/subiectivtulcea.ro\/lucrarile-la-podul-peste-dunare-intarziate-din-cauza-procedurii-exproprierilor\/\" rel=\"bookmark\" title=\"Lucr\u0103rile la Podul peste Dun\u0103re, \u00eent\u00e2rziate din cauza procedurii exproprierilor\"><img loading=\"lazy\" decoding=\"async\" width=\"238\" height=\"178\" class=\"entry-thumb\" src=\"https:\/\/analyse.optim.biz\/wp-content\/uploads\/2025\/12\/pod-dunare-238x178-109-1.jpg\" title=\"Lucr\u0103rile la Podul peste Dun\u0103re, \u00eent\u00e2rziate din cauza procedurii exproprierilor\"><\/a><\/div>\n<\/div>\n<div class=\"item-details\">\n<h3 class=\"entry-title td-module-title\"><a href=\"https:\/\/subiectivtulcea.ro\/lucrarile-la-podul-peste-dunare-intarziate-din-cauza-procedurii-exproprierilor\/\" rel=\"bookmark\" title=\"Lucr\u0103rile la Podul peste Dun\u0103re, \u00eent\u00e2rziate din cauza procedurii exproprierilor\">Lucr\u0103rile la Podul peste Dun\u0103re, \u00eent\u00e2rziate din cauza procedurii exproprierilor<\/a><\/h3>\n<\/div>\n<\/div>\n<\/div>\n<div class=\"td-related-span4\">\n<div class=\"td_module_related_posts td-animation-stack td_mod_related_posts\">\n<div class=\"td-module-image\">\n<div class=\"td-module-thumb\"><a href=\"https:\/\/subiectivtulcea.ro\/tulcea-atentionare-pentru-persoanele-care-doresc-sa-lucreze-in-strainatate\/\" rel=\"bookmark\" title=\"TULCEA Aten\u021bionare pentru persoanele care doresc s\u0103 lucreze \u00een str\u0103in\u0103tate\"><img loading=\"lazy\" decoding=\"async\" width=\"238\" height=\"178\" class=\"entry-thumb\" src=\"https:\/\/analyse.optim.biz\/wp-content\/uploads\/2025\/12\/targ-joburi-238x178-120.jpg\" title=\"TULCEA Aten\u021bionare pentru persoanele care doresc s\u0103 lucreze \u00een str\u0103in\u0103tate\"><\/a><\/div>\n<\/div>\n<div class=\"item-details\">\n<h3 class=\"entry-title td-module-title\"><a href=\"https:\/\/subiectivtulcea.ro\/tulcea-atentionare-pentru-persoanele-care-doresc-sa-lucreze-in-strainatate\/\" rel=\"bookmark\" title=\"TULCEA Aten\u021bionare pentru persoanele care doresc s\u0103 lucreze \u00een str\u0103in\u0103tate\">TULCEA Aten\u021bionare pentru persoanele care doresc s\u0103 lucreze \u00een str\u0103in\u0103tate<\/a><\/h3>\n<\/div>\n<\/div>\n<\/div>\n<\/div>\n<\/div>\n<\/div>\n<div class=\"comments\" id=\"comments\">\n<div id=\"respond\" class=\"comment-respond\">\n<h3 id=\"reply-title\" class=\"comment-reply-title\">L\u0102SA\u021aI UN MESAJ <small><a rel=\"nofollow\" id=\"cancel-comment-reply-link\" href=\"https:\/\/subiectivtulcea.ro\/fostul-canoist-ivan-patzaichin-cetatean-de-onoare-ai-capitalei\/#respond\">Renun\u021ba\u021bi la r\u0103spuns<\/a><\/small><\/h3>\n<div class=\"comment-form-input-wrap td-form-comment\">\n<div class=\"td-warning-comment\">Please enter your comment!<\/div>\n<\/div>\n<div class=\"comment-form-input-wrap td-form-author\">\n<div class=\"td-warning-author\">Please enter your name here<\/div>\n<\/div>\n<div class=\"comment-form-input-wrap td-form-email\">\n<div class=\"td-warning-email-error\">You have entered an incorrect email address!<\/div>\n<div class=\"td-warning-email\">Please enter your email address here<\/div>\n<\/div>\n<div class=\"gglcptch gglcptch_v2\">\n<div>\n<div>\n<div>\n\t\t\t\t\t\t\t\t\n\t\t\t\t\t\t\t<\/div>\n<\/div>\n<\/div>\n<\/div>\n<\/div>\n<\/div>\n<\/div>\n<\/div>\n<div class=\"td-pb-span4 td-main-sidebar td-pb-border-top\" role=\"complementary\">\n<div class=\"td-ss-main-sidebar\">\n<div class=\"td-a-rec td-a-rec-id-sidebar  td_uid_8_694736060ba32_rand td_block_template_1\"><span class=\"td-adspot-title\">&#8211; Advertisement &#8211;<\/span><\/p>\n<div class=\"td-all-devices\"><a href=\"https:\/\/subiectivtulcea.ro\/fostul-canoist-ivan-patzaichin-cetatean-de-onoare-ai-capitalei\/\"><img decoding=\"async\" src=\"https:\/\/analyse.optim.biz\/wp-content\/uploads\/2025\/12\/vizual-maximia-tv_cartela-vodafone-124.jpg\" title=\"vizual-maximia-tv_cartela-vodafone-124\"><\/a><\/div>\n<\/div>\n<div class=\"td_block_wrap td_block_9 td_block_widget td_uid_9_694736060bcc9_rand td_with_ajax_pagination td-pb-border-top td_block_template_1\" data-td-block-uid=\"td_uid_9_694736060bcc9\">\n<h4 class=\"block-title\"><span class=\"td-pulldown-size\">CITESTE SI &#8230;<\/span><\/h4>\n<div id=\"td_uid_9_694736060bcc9\" class=\"td_block_inner\">\n<div class=\"td-block-span12\">\n<div class=\"td_module_8 td_module_wrap\">\n<div class=\"item-details\">\n<h3 class=\"entry-title td-module-title\"><a href=\"https:\/\/subiectivtulcea.ro\/cine-are-de-castigat-de-pe-urma-recuperarii-patrimoniului-agrodelta-sireasa\/\" rel=\"bookmark\" title=\"Cine are de c\u00e2\u0219tigat de pe urma recuper\u0103rii patrimoniului Agrodelta Sireasa\">Cine are de c\u00e2\u0219tigat de pe urma recuper\u0103rii patrimoniului Agrodelta Sireasa<\/a><\/h3>\n<div class=\"meta-info\"><span class=\"td-post-author-name\"><a href=\"https:\/\/subiectivtulcea.ro\/author\/sorin\/\">Stefan Vasilescu<\/a><span>&#8211;<\/span><\/span><span class=\"td-post-date\"><time class=\"entry-date updated td-module-date\" datetime=\"2018-08-09T06:30:31+00:00\">august 9, 2018<\/time><\/span><\/div>\n<\/div>\n<\/div>\n<\/div>\n<div class=\"td-block-span12\">\n<div class=\"td_module_8 td_module_wrap\">\n<div class=\"item-details\">\n<h3 class=\"entry-title td-module-title\"><a href=\"https:\/\/subiectivtulcea.ro\/tabara-din-orasul-sulina-va-fi-ocupata-100-in-sezonul-estival\/\" rel=\"bookmark\" title=\"Tab\u0103ra din ora\u015ful Sulina va fi ocupat\u0103 100% \u00een sezonul estival\">Tab\u0103ra din ora\u015ful Sulina va fi ocupat\u0103 100% \u00een sezonul estival<\/a><\/h3>\n<div class=\"meta-info\"><span class=\"td-post-author-name\"><a href=\"https:\/\/subiectivtulcea.ro\/author\/sorin\/\">Stefan Vasilescu<\/a><span>&#8211;<\/span><\/span><span class=\"td-post-date\"><time class=\"entry-date updated td-module-date\" datetime=\"2018-05-14T14:36:33+00:00\">mai 14, 2018<\/time><\/span><\/div>\n<\/div>\n<\/div>\n<\/div>\n<div class=\"td-block-span12\">\n<div class=\"td_module_8 td_module_wrap\">\n<div class=\"item-details\">\n<h3 class=\"entry-title td-module-title\"><a href=\"https:\/\/subiectivtulcea.ro\/delegatie-franceza-primita-la-consiliul-judetean-tulcea\/\" rel=\"bookmark\" title=\"Delega\u0163ie francez\u0103, primit\u0103 la Consiliul Jude\u0163ean Tulcea\">Delega\u0163ie francez\u0103, primit\u0103 la Consiliul Jude\u0163ean Tulcea<\/a><\/h3>\n<div class=\"meta-info\"><span class=\"td-post-author-name\"><a href=\"https:\/\/subiectivtulcea.ro\/author\/sorin\/\">Stefan Vasilescu<\/a><span>&#8211;<\/span><\/span><span class=\"td-post-date\"><time class=\"entry-date updated td-module-date\" datetime=\"2018-06-04T14:40:34+00:00\">iunie 4, 2018<\/time><\/span><\/div>\n<\/div>\n<\/div>\n<\/div>\n<div class=\"td-block-span12\">\n<div class=\"td_module_8 td_module_wrap\">\n<div class=\"item-details\">\n<h3 class=\"entry-title td-module-title\"><a href=\"https:\/\/subiectivtulcea.ro\/guvernatorul-deltei-nu-cred-ca-mistretii-vor-putea-fi-extrasi-integral-din-rezervatie\/\" rel=\"bookmark\" title=\"Guvernatorul Deltei: Nu cred c\u0103 mistre\u0163ii vor putea fi extra\u015fi integral din Rezerva\u0163ie\">Guvernatorul Deltei: Nu cred c\u0103 mistre\u0163ii vor putea fi extra\u015fi integral din Rezerva\u0163ie<\/a><\/h3>\n<div class=\"meta-info\"><span class=\"td-post-author-name\"><a href=\"https:\/\/subiectivtulcea.ro\/author\/sorin\/\">Stefan Vasilescu<\/a><span>&#8211;<\/span><\/span><span class=\"td-post-date\"><time class=\"entry-date updated td-module-date\" datetime=\"2018-08-03T14:58:12+00:00\">august 3, 2018<\/time><\/span><\/div>\n<\/div>\n<\/div>\n<\/div>\n<div class=\"td-block-span12\">\n<div class=\"td_module_8 td_module_wrap\">\n<div class=\"item-details\">\n<h3 class=\"entry-title td-module-title\"><a href=\"https:\/\/subiectivtulcea.ro\/tulcea-impletiturile-din-papura-mestesugul-uitat-din-delta-dunarii\/\" rel=\"bookmark\" title=\"Tulcea: \u00cempletiturile din papur\u0103, me\u015fte\u015fugul uitat din Delta Dun\u0103rii\">Tulcea: \u00cempletiturile din papur\u0103, me\u015fte\u015fugul uitat din Delta Dun\u0103rii<\/a><\/h3>\n<div class=\"meta-info\"><span class=\"td-post-author-name\"><a href=\"https:\/\/subiectivtulcea.ro\/author\/sorin\/\">Stefan Vasilescu<\/a><span>&#8211;<\/span><\/span><span class=\"td-post-date\"><time class=\"entry-date updated td-module-date\" datetime=\"2019-11-04T07:42:27+00:00\">noiembrie 4, 2019<\/time><\/span><\/div>\n<\/div>\n<\/div>\n<\/div>\n<\/div>\n<\/div>\n<\/div>\n<\/div>\n<\/div>\n<\/article>\n<p> Source URL: https:\/\/subiectivtulcea.ro\/fostul-canoist-ivan-patzaichin-cetatean-de-onoare-ai-capitalei\/<\/p>\n","protected":false},"excerpt":{"rendered":"<p>Acas\u0103Ultimele \u0218tiriFostul canoist Ivan Patzaichin, cet\u0103\u0163ean de onoare al Capitalei Ultimele \u0218tiri Fostul canoist Ivan Patzaichin, cet\u0103\u0163ean de onoare al Capitalei De c\u0103tre Stefan Vasilescu &#8211; august 20, 2018 1331 0 DISTRIBUI\u021aI Facebook Twitter Prim\u0103ria Capitalei va acorda titlul de cet\u0103\u0163ean de onoare fostul canoist tulcean Ivan Patzaichin \u201e\u00een semn de recunoa\u015ftere a activit\u0103\u0163ii sale [&hellip;]<\/p>\n","protected":false},"author":1,"featured_media":1193619,"comment_status":"open","ping_status":"","sticky":false,"template":"","format":"standard","meta":{"footnotes":""},"categories":[89],"tags":[222],"class_list":["post-1193618","post","type-post","status-publish","format-standard","has-post-thumbnail","hentry","category-romania","tag-subiectivtulcea-ro"],"_links":{"self":[{"href":"https:\/\/analyse.optim.biz\/index.php?rest_route=\/wp\/v2\/posts\/1193618","targetHints":{"allow":["GET"]}}],"collection":[{"href":"https:\/\/analyse.optim.biz\/index.php?rest_route=\/wp\/v2\/posts"}],"about":[{"href":"https:\/\/analyse.optim.biz\/index.php?rest_route=\/wp\/v2\/types\/post"}],"author":[{"embeddable":true,"href":"https:\/\/analyse.optim.biz\/index.php?rest_route=\/wp\/v2\/users\/1"}],"replies":[{"embeddable":true,"href":"https:\/\/analyse.optim.biz\/index.php?rest_route=%2Fwp%2Fv2%2Fcomments&post=1193618"}],"version-history":[{"count":0,"href":"https:\/\/analyse.optim.biz\/index.php?rest_route=\/wp\/v2\/posts\/1193618\/revisions"}],"wp:featuredmedia":[{"embeddable":true,"href":"https:\/\/analyse.optim.biz\/index.php?rest_route=\/wp\/v2\/media\/1193619"}],"wp:attachment":[{"href":"https:\/\/analyse.optim.biz\/index.php?rest_route=%2Fwp%2Fv2%2Fmedia&parent=1193618"}],"wp:term":[{"taxonomy":"category","embeddable":true,"href":"https:\/\/analyse.optim.biz\/index.php?rest_route=%2Fwp%2Fv2%2Fcategories&post=1193618"},{"taxonomy":"post_tag","embeddable":true,"href":"https:\/\/analyse.optim.biz\/index.php?rest_route=%2Fwp%2Fv2%2Ftags&post=1193618"}],"curies":[{"name":"wp","href":"https:\/\/api.w.org\/{rel}","templated":true}]}}