{"id":1190478,"date":"2015-06-02T08:25:26","date_gmt":"2015-06-02T05:25:26","guid":{"rendered":"https:\/\/analyse.optim.biz\/?p=1190478"},"modified":"2015-06-02T08:25:26","modified_gmt":"2015-06-02T05:25:26","slug":"actiunea-bucuria-copiilor-la-o-casa-de-tip-familial-din-fundu-moldovei-suceavalive","status":"publish","type":"post","link":"https:\/\/analyse.optim.biz\/?p=1190478","title":{"rendered":"Actiunea \u201cBucuria Copiilor\u201d la o Casa de Tip Familial din Fundu Moldovei &#8211; SuceavaLIVE"},"content":{"rendered":"<article id=\"post-58689\" class=\"clearfix post-58689 post type-post status-publish format-standard has-post-thumbnail hentry category-comunicate category-slide tag-acreditari tag-actiunea-bucuria-copiilor-la-o-casa-de-tip-familial-din-fundu-moldovei tag-interzicere tag-visatorii-din-fundu-moldovei tag-ziua-internationala-a-copilului\">\n<header id=\"cb-standard-featured\">\n<div id=\"cb-fis-wrap\" class=\"cb-entry-header cb-fis cb-style-standard\"><span class=\"cb-title-fi\"><\/p>\n<h1 class=\"entry-title cb-entry-title cb-single-title\">Actiunea \u201cBucuria Copiilor\u201d la o  Casa de Tip Familial din Fundu Moldovei<\/h1>\n<div class=\"cb-byline cb-font-header\">\n<div class=\"cb-date cb-byline-element\"><time datetime=\"2015-06-02\">2 iunie 2015<\/time><\/div>\n<\/div>\n<p><\/span><\/div>\n<div class=\"cb-mask\"><img decoding=\"async\" width=\"725\" height=\"1024\" src=\"https:\/\/analyse.optim.biz\/wp-content\/uploads\/2025\/12\/certificat-de-acreditare-servicii-sociale-euroactiv-2014-1.jpg\" class=\"attachment-cb-full-full size-cb-full-full wp-post-image\" loading=\"lazy\" title=\"certificat-de-acreditare-servicii-sociale-euroactiv-2014-1\"><\/div>\n<\/header>\n<p>Asociatia de ajutorare a copiilor si tinerilor dotati, talentati si din sistemul de protectie a copilului aflat in dificultate \u201eEUROACTIV\u201d Suceava in colaborare cu Palatul Copiilor Suceava,  a organizat de Ziua Internationala a Copilului Actiunea caritabila si de socializare \u201eBucuria Copiilor\u201d, pe 1 iunie, la Casa de Tip Familial \u201eVisatorii\u201d din Fundu Moldovei. Intr-un comunicat de presa primit de la Asociatie se mentioneaza ca \u201dpersonalul de serviciu le-a interzis  sa faca fotografii sau sa filmeze actiunea desfasurata \u201d. <\/p>\n<section class=\"cb-entry-content entry-content clearfix\">\n<p>In schimb voluntarii asociatiei au invitat copiii din centru la dans si au impartit daruri tuturor copiilor din centru de la Fundu Moldovei. Asociatia face apel catre actuala conducere a DGASPC si recomanda personalului de la centru din Fundu Moldovei \u201d sa invete copiii sa munceasca, sa-i invete si sa le permita copiilor sa deprinda principii de viata independenta, ca, dupa ce vor parasi astfel de institutii de ocrotire sa stie sa munceasca, sa stie sa se descurce pe cont propriu.<\/p>\n<p>Totodata, reprezentantii asociatiei \u201dEUROACTIV\u201d aduc la cunoastinta actualei conduceri a DGASPC si centrului de la Fundu Moldovei ca \u201d Asociatia este furnizor de servicii sociale acreditat de catre Ministerul Muncii prin Decizia de Acreditare nr. 637 \/ 22.05.2014 si cu Certificatul de Acreditare seria AF, nr. 1122 si suntem abilitati sa aparam si sa monitorizam drepturile copiilor si tinerilor din intreg sistemul de protectie a copilului aflat in dificultate\u201d.<\/p>\n<p>\u00a0<\/p>\n<p>\u00a0<\/p>\n<\/section>\n<footer class=\"article-footer\">\n<p class=\"cb-tags\"><a href=\"https:\/\/suceavalive.ro\/tag\/acreditari\/\" rel=\"tag\">acreditari<\/a><a href=\"https:\/\/suceavalive.ro\/tag\/actiunea-bucuria-copiilor-la-o-casa-de-tip-familial-din-fundu-moldovei\/\" rel=\"tag\">actiunea Bucuria Copiilor la o casa de tip familial din Fundu Moldovei<\/a><a href=\"https:\/\/suceavalive.ro\/tag\/interzicere\/\" rel=\"tag\">interzicere<\/a><a href=\"https:\/\/suceavalive.ro\/tag\/visatorii-din-fundu-moldovei\/\" rel=\"tag\">Visatorii din fundu Moldovei<\/a><a href=\"https:\/\/suceavalive.ro\/tag\/ziua-internationala-a-copilului\/\" rel=\"tag\">ziua internationala a copilului<\/a><\/p>\n<div class=\"cb-social-sharing cb-post-footer-block cb-beside clearfix\">\n<div class=\"cb-title-subtle\">Share On:<\/div>\n<div class=\"cb-twitter\"><a href=\"https:\/\/twitter.com\/share\" class=\"twitter-share-button\" data-dnt=\"true\" data-count=\"horizontal\">Tweet<\/a><\/div>\n<\/div>\n<div id=\"cb-previous-next-links\" class=\"cb-post-footer-block clearfix\">\n<div id=\"cb-previous-link\"><a href=\"https:\/\/suceavalive.ro\/postul-de-secretar-al-municipiului-radauti-ramane-ocupat-cu-numire\/\" rel=\"prev\">Postul de secretar al municipiului Radauti ramane ocupat cu numire<\/a><\/div>\n<div id=\"cb-next-link\"><a href=\"https:\/\/suceavalive.ro\/unpr-da-lovitura-in-parlament\/\" rel=\"next\">UNPR da lovitura in Parlament<\/a><\/div>\n<\/div>\n<div id=\"cb-author-box\" class=\"clearfix\">\n<h3 class=\"cb-block-title\">Despre autor<\/h3>\n<div class=\"cb-mask\"><a href=\"https:\/\/suceavalive.ro\/author\/daniela-nasui\/\"><img decoding=\"async\" src=\"https:\/\/analyse.optim.biz\/wp-content\/uploads\/2025\/12\/203a1c2f8d4d56d6d92e809181ac885befd01269c09b5d284a88f271b9a67c54-4.jpg\" class=\"avatar avatar-120 photo\" height=\"120\" width=\"120\" loading=\"lazy\" title=\"203a1c2f8d4d56d6d92e809181ac885befd01269c09b5d284a88f271b9a67c54-4\"><\/a><\/div>\n<div class=\"cb-meta\">\n<div class=\"cb-info\">\n<div class=\"cb-author-title vcard\"><a href=\"https:\/\/suceavalive.ro\/author\/daniela-nasui\/\"><span class=\"fn\">Daniela N\u0103sui<\/span><\/a><\/div>\n<\/div>\n<\/div>\n<\/div>\n<div id=\"cb-related-posts\" class=\"cb-related-posts-block cb-post-end-block clearfix\">\n<h3 class=\"cb-block-title\">Postari asemanatoare<\/h3>\n<ul>\n<li class=\"cb-style-overlay cb-grid-entry cb-related-post no-1\">\n<div class=\"cb-mask\"><a href=\"https:\/\/suceavalive.ro\/activitati-centrele-din-judet-cu-ocazia-zilei-de-1-iunie\/\"><img decoding=\"async\" width=\"360\" height=\"240\" src=\"https:\/\/analyse.optim.biz\/wp-content\/uploads\/2025\/12\/ziua-copilului-felicitare-360x240-1.jpg\" class=\"attachment-cb-360-240 size-cb-360-240 wp-post-image\" loading=\"lazy\" title=\"ziua-copilului-felicitare-360x240-1\"><\/a><\/div>\n<div class=\"cb-meta cb-article-meta\">\n<h4 class=\"h3 cb-post-title\"><a href=\"https:\/\/suceavalive.ro\/activitati-centrele-din-judet-cu-ocazia-zilei-de-1-iunie\/\">Activit\u0103\u0163i \u00een centrele din jude\u021b cu ocazia zilei de 1 iunie<\/a><\/h4>\n<div class=\"cb-byline cb-font-header\">\n<div class=\"cb-date cb-byline-element\"><time datetime=\"2016-06-01\">1 iunie 2016<\/time><\/div>\n<\/div>\n<\/div>\n<\/li>\n<li class=\"cb-style-overlay cb-grid-entry cb-related-post no-2\">\n<div class=\"cb-mask\"><a href=\"https:\/\/suceavalive.ro\/principesa-margareta-si-principesa-muna-iordaniei-gazdele-unui-eveniment-pentru-sarbatorirea-zilei-internationale-copilului\/\"><img decoding=\"async\" width=\"360\" height=\"240\" src=\"https:\/\/analyse.optim.biz\/wp-content\/uploads\/2025\/12\/evenimentul-a-fost-organizat-de-fundac89bia-principesa-margareta-a-romc3a2niei-sursa-romaniaregala-ro_-360x240-1.jpg\" class=\"attachment-cb-360-240 size-cb-360-240 wp-post-image\" loading=\"lazy\" title=\"evenimentul-a-fost-organizat-de-fundac89bia-principesa-margareta-a-romc3a2niei-sursa-romaniaregala-ro_-360x240-1\"><\/a><\/div>\n<div class=\"cb-meta cb-article-meta\">\n<h4 class=\"h3 cb-post-title\"><a href=\"https:\/\/suceavalive.ro\/principesa-margareta-si-principesa-muna-iordaniei-gazdele-unui-eveniment-pentru-sarbatorirea-zilei-internationale-copilului\/\">Principesa Margareta \u0219i principesa Muna a Iordaniei, gazdele unui eveniment pentru s\u0103rb\u0103torirea Zilei Interna\u021bionale a Copilului<\/a><\/h4>\n<div class=\"cb-byline cb-font-header\">\n<div class=\"cb-date cb-byline-element\"><time datetime=\"2016-05-30\">30 mai 2016<\/time><\/div>\n<\/div>\n<\/div>\n<\/li>\n<\/ul>\n<\/div>\n<\/footer>\n<div id=\"respond\" class=\"comment-respond\">\n<h3 id=\"reply-title\" class=\"comment-reply-title\">Lasa un raspuns <small><a rel=\"nofollow\" id=\"cancel-comment-reply-link\" href=\"https:\/\/suceavalive.ro\/actiunea-bucuria-copiilor-la-o-casa-de-tip-familial-din-fundu-moldovei\/#respond\">Anuleaza raspunsul<\/a><\/small><\/h3>\n<p class=\"comment-notes\">Adresa ta de email nu va fi publicat\u0103.<\/p>\n<\/div>\n<\/article>\n<p> Source URL: https:\/\/suceavalive.ro\/actiunea-bucuria-copiilor-la-o-casa-de-tip-familial-din-fundu-moldovei\/<\/p>\n","protected":false},"excerpt":{"rendered":"<p>Actiunea \u201cBucuria Copiilor\u201d la o Casa de Tip Familial din Fundu Moldovei 2 iunie 2015 Asociatia de ajutorare a copiilor si tinerilor dotati, talentati si din sistemul de protectie a copilului aflat in dificultate \u201eEUROACTIV\u201d Suceava in colaborare cu Palatul Copiilor Suceava, a organizat de Ziua Internationala a Copilului Actiunea caritabila si de socializare \u201eBucuria [&hellip;]<\/p>\n","protected":false},"author":1,"featured_media":1190479,"comment_status":"open","ping_status":"","sticky":false,"template":"","format":"standard","meta":{"footnotes":""},"categories":[89],"tags":[173],"class_list":["post-1190478","post","type-post","status-publish","format-standard","has-post-thumbnail","hentry","category-romania","tag-suceavalive-ro"],"_links":{"self":[{"href":"https:\/\/analyse.optim.biz\/index.php?rest_route=\/wp\/v2\/posts\/1190478","targetHints":{"allow":["GET"]}}],"collection":[{"href":"https:\/\/analyse.optim.biz\/index.php?rest_route=\/wp\/v2\/posts"}],"about":[{"href":"https:\/\/analyse.optim.biz\/index.php?rest_route=\/wp\/v2\/types\/post"}],"author":[{"embeddable":true,"href":"https:\/\/analyse.optim.biz\/index.php?rest_route=\/wp\/v2\/users\/1"}],"replies":[{"embeddable":true,"href":"https:\/\/analyse.optim.biz\/index.php?rest_route=%2Fwp%2Fv2%2Fcomments&post=1190478"}],"version-history":[{"count":0,"href":"https:\/\/analyse.optim.biz\/index.php?rest_route=\/wp\/v2\/posts\/1190478\/revisions"}],"wp:featuredmedia":[{"embeddable":true,"href":"https:\/\/analyse.optim.biz\/index.php?rest_route=\/wp\/v2\/media\/1190479"}],"wp:attachment":[{"href":"https:\/\/analyse.optim.biz\/index.php?rest_route=%2Fwp%2Fv2%2Fmedia&parent=1190478"}],"wp:term":[{"taxonomy":"category","embeddable":true,"href":"https:\/\/analyse.optim.biz\/index.php?rest_route=%2Fwp%2Fv2%2Fcategories&post=1190478"},{"taxonomy":"post_tag","embeddable":true,"href":"https:\/\/analyse.optim.biz\/index.php?rest_route=%2Fwp%2Fv2%2Ftags&post=1190478"}],"curies":[{"name":"wp","href":"https:\/\/api.w.org\/{rel}","templated":true}]}}