{"id":1190337,"date":"2014-05-29T23:46:06","date_gmt":"2014-05-29T20:46:06","guid":{"rendered":"https:\/\/analyse.optim.biz\/?p=1190337"},"modified":"2014-05-29T23:46:06","modified_gmt":"2014-05-29T20:46:06","slug":"29-05-2014-invitat-ben-oni-ardelean-senator-pnl","status":"publish","type":"post","link":"https:\/\/analyse.optim.biz\/?p=1190337","title":{"rendered":"29.05.2014 \u2013 Invitat Ben-Oni Ardelean, senator PNL"},"content":{"rendered":"<article id=\"post-113167\" class=\"post-113167 post type-post status-publish format-standard has-post-thumbnail hentry category-pressalert-tv category-pressalert-tv-live-sezonul-1 tag-ben-oni-ardelean tag-emisiune tag-pnl tag-pressalert-live tag-senator\">\n<div class=\"td-post-header td-pb-padding-side\">\n<div class=\"entry-crumbs\"><span><a title class=\"entry-crumb\" href=\"https:\/\/www.pressalert.ro\/\"><span>Acas\u0103<\/span><\/a><\/span><span><a title=\"Vede\u021bi toate articolele \u00een PRESSALERT LIVE\" class=\"entry-crumb\" href=\"https:\/\/www.pressalert.ro\/category\/pressalert-tv\/\"><span>PRESSALERT LIVE<\/span><\/a><\/span><span class=\"td-bred-no-url-last\">29.05.2014 \u2013 Invitat Ben-Oni Ardelean, senator PNL<\/span><\/div>\n<ul class=\"td-category\">\n<li class=\"entry-category\"><a href=\"https:\/\/www.pressalert.ro\/category\/pressalert-tv\/\">PRESSALERT LIVE<\/a><\/li>\n<li class=\"entry-category\"><a href=\"https:\/\/www.pressalert.ro\/category\/pressalert-tv\/pressalert-tv-live-sezonul-1\/\">Pressalert LIVE &#8211; Sezonul I<\/a><\/li>\n<\/ul>\n<header>\n<h1 class=\"entry-title\">29.05.2014 \u2013 Invitat Ben-Oni Ardelean, senator PNL<\/h1>\n<div class=\"meta-info\">\n<div class=\"td-post-author-name\">\n<div class=\"td-author-by\">De<\/div>\n<p><a href=\"https:\/\/www.pressalert.ro\/author\/marius-popescu\/\">Marius Popescu<\/a><\/p>\n<div class=\"td-author-line\"> &#8211; <\/div>\n<\/div>\n<p><span class=\"td-post-date\"><time class=\"entry-date updated td-module-date\" datetime=\"2014-05-29T23:46:06+00:00\">mai 29, 2014<\/time><\/span><\/p>\n<div class=\"td-post-comments\"><a href=\"https:\/\/www.pressalert.ro\/2014\/05\/29-05-2014-invitat-ben-oni-ardelean-senator-pnl\/#respond\">0<\/a><\/div>\n<\/div>\n<\/header>\n<\/div>\n<div class=\"td-post-sharing td-post-sharing-top td-pb-padding-side\"><span class=\"td-post-share-title\">DISTRIBUI\u021aI<\/span><\/p>\n<div class=\"td-default-sharing \"><a class=\"td-social-sharing-buttons td-social-facebook\" href=\"http:\/\/www.facebook.com\/sharer.php?u=https%3A%2F%2Fwww.pressalert.ro%2F2014%2F05%2F29-05-2014-invitat-ben-oni-ardelean-senator-pnl%2F\"><\/p>\n<div class=\"td-social-but-text\">Facebook<\/div>\n<p><\/a><a class=\"td-social-sharing-buttons td-social-twitter\" href=\"https:\/\/twitter.com\/intent\/tweet?text=29.05.2014+%E2%80%93+Invitat+Ben-Oni+Ardelean%2C+senator+PNL&amp;url=https%3A%2F%2Fwww.pressalert.ro%2F2014%2F05%2F29-05-2014-invitat-ben-oni-ardelean-senator-pnl%2F&amp;via=PRESSALERT.ro\"><\/p>\n<div class=\"td-social-but-text\">Twitter<\/div>\n<p><\/a><\/div>\n<\/div>\n<footer>\n<div class=\"td-post-source-tags td-pb-padding-side\">\n<ul class=\"td-tags td-post-small-box clearfix\">\n<li><span>ETICHETE<\/span><\/li>\n<li><a href=\"https:\/\/www.pressalert.ro\/tag\/ben-oni-ardelean\/\">ben oni ardelean<\/a><\/li>\n<li><a href=\"https:\/\/www.pressalert.ro\/tag\/emisiune\/\">emisiune<\/a><\/li>\n<li><a href=\"https:\/\/www.pressalert.ro\/tag\/pnl\/\">pnl<\/a><\/li>\n<li><a href=\"https:\/\/www.pressalert.ro\/tag\/pressalert-live\/\">pressalert live<\/a><\/li>\n<li><a href=\"https:\/\/www.pressalert.ro\/tag\/senator\/\">senator<\/a><\/li>\n<\/ul>\n<\/div>\n<div class=\"td-post-sharing td-post-sharing-bottom td-pb-padding-side\"><span class=\"td-post-share-title\">DISTRIBUI\u021aI<\/span><\/p>\n<div class=\"td-default-sharing \"><a class=\"td-social-sharing-buttons td-social-facebook\" href=\"http:\/\/www.facebook.com\/sharer.php?u=https%3A%2F%2Fwww.pressalert.ro%2F2014%2F05%2F29-05-2014-invitat-ben-oni-ardelean-senator-pnl%2F\"><\/p>\n<div class=\"td-social-but-text\">Facebook<\/div>\n<p><\/a><a class=\"td-social-sharing-buttons td-social-twitter\" href=\"https:\/\/twitter.com\/intent\/tweet?text=29.05.2014+%E2%80%93+Invitat+Ben-Oni+Ardelean%2C+senator+PNL&amp;url=https%3A%2F%2Fwww.pressalert.ro%2F2014%2F05%2F29-05-2014-invitat-ben-oni-ardelean-senator-pnl%2F&amp;via=PRESSALERT.ro\"><\/p>\n<div class=\"td-social-but-text\">Twitter<\/div>\n<p><\/a><\/div>\n<\/div>\n<div class=\"td-block-row td-post-next-prev\">\n<div class=\"td-block-span6 td-post-prev-post\">\n<div class=\"td-post-next-prev-content\"><span>Articolul precedent<\/span><a href=\"https:\/\/www.pressalert.ro\/2014\/05\/senatorul-ben-oni-ardelean-dezvaluit-premiera-la-pressalert-live-ca-pnl-se-visa-ppe-inca-din-2012-vezi-cu-cine-purta-discutii-secrete\/\">Senatorul Ben-Oni Ardelean a dezv\u0103luit, \u00een premier\u0103, la PRESSALERT LIVE, c\u0103 PNL se visa \u00een PPE \u00eenc\u0103 din 2012. Vezi cu cine purta discu\u021bii SECRETE VIDEO<\/a><\/div>\n<\/div>\n<div class=\"td-block-span6 td-post-next-post\">\n<div class=\"td-post-next-prev-content\"><span>Articolul urm\u0103tor<\/span><a href=\"https:\/\/www.pressalert.ro\/2014\/05\/un-barbat-vrut-sa-se-arunce-de-la-etajul-11-al-hotelului-continental-vezi-care-fost-motivul\/\">Un b\u0103rbat a vrut s\u0103 se arunce de la etajul 11 al hotelului Continental. Vezi care a fost motivul<\/a><\/div>\n<\/div>\n<\/div>\n<div class=\"author-box-wrap\"><a href=\"https:\/\/www.pressalert.ro\/author\/marius-popescu\/\"><img loading=\"lazy\" decoding=\"async\" src=\"https:\/\/analyse.optim.biz\/wp-content\/uploads\/2025\/12\/6ff5b29455ffa79f6eac9c7ee3cb2891-259.jpg\" class=\"avatar avatar-96 photo\" height=\"96\" width=\"96\" title=\"6ff5b29455ffa79f6eac9c7ee3cb2891-259\"><\/a><\/p>\n<div class=\"desc\">\n<div class=\"td-author-name vcard author\"><span class=\"fn\"><a href=\"https:\/\/www.pressalert.ro\/author\/marius-popescu\/\">Marius Popescu<\/a><\/span><\/div>\n<div class=\"td-author-url\"><a href=\"http:\/\/www.pressalert.ro\">http:\/\/www.pressalert.ro<\/a><\/div>\n<\/div>\n<\/div>\n<p><span><\/span><span><span><\/span><\/span><span><\/span><\/footer>\n<\/article>\n<p> Source URL: https:\/\/www.pressalert.ro\/2014\/05\/29-05-2014-invitat-ben-oni-ardelean-senator-pnl\/<\/p>\n","protected":false},"excerpt":{"rendered":"<p>Acas\u0103PRESSALERT LIVE29.05.2014 \u2013 Invitat Ben-Oni Ardelean, senator PNL PRESSALERT LIVE Pressalert LIVE &#8211; Sezonul I 29.05.2014 \u2013 Invitat Ben-Oni Ardelean, senator PNL De Marius Popescu &#8211; mai 29, 2014 0 DISTRIBUI\u021aI Facebook Twitter ETICHETE ben oni ardelean emisiune pnl pressalert live senator DISTRIBUI\u021aI Facebook Twitter Articolul precedentSenatorul Ben-Oni Ardelean a dezv\u0103luit, \u00een premier\u0103, la PRESSALERT [&hellip;]<\/p>\n","protected":false},"author":1,"featured_media":1190338,"comment_status":"open","ping_status":"","sticky":false,"template":"","format":"standard","meta":{"footnotes":""},"categories":[89],"tags":[176],"class_list":["post-1190337","post","type-post","status-publish","format-standard","has-post-thumbnail","hentry","category-romania","tag-pressalert-ro"],"_links":{"self":[{"href":"https:\/\/analyse.optim.biz\/index.php?rest_route=\/wp\/v2\/posts\/1190337","targetHints":{"allow":["GET"]}}],"collection":[{"href":"https:\/\/analyse.optim.biz\/index.php?rest_route=\/wp\/v2\/posts"}],"about":[{"href":"https:\/\/analyse.optim.biz\/index.php?rest_route=\/wp\/v2\/types\/post"}],"author":[{"embeddable":true,"href":"https:\/\/analyse.optim.biz\/index.php?rest_route=\/wp\/v2\/users\/1"}],"replies":[{"embeddable":true,"href":"https:\/\/analyse.optim.biz\/index.php?rest_route=%2Fwp%2Fv2%2Fcomments&post=1190337"}],"version-history":[{"count":0,"href":"https:\/\/analyse.optim.biz\/index.php?rest_route=\/wp\/v2\/posts\/1190337\/revisions"}],"wp:featuredmedia":[{"embeddable":true,"href":"https:\/\/analyse.optim.biz\/index.php?rest_route=\/wp\/v2\/media\/1190338"}],"wp:attachment":[{"href":"https:\/\/analyse.optim.biz\/index.php?rest_route=%2Fwp%2Fv2%2Fmedia&parent=1190337"}],"wp:term":[{"taxonomy":"category","embeddable":true,"href":"https:\/\/analyse.optim.biz\/index.php?rest_route=%2Fwp%2Fv2%2Fcategories&post=1190337"},{"taxonomy":"post_tag","embeddable":true,"href":"https:\/\/analyse.optim.biz\/index.php?rest_route=%2Fwp%2Fv2%2Ftags&post=1190337"}],"curies":[{"name":"wp","href":"https:\/\/api.w.org\/{rel}","templated":true}]}}