{"id":1190328,"date":"2014-06-02T22:55:04","date_gmt":"2014-06-02T19:55:04","guid":{"rendered":"https:\/\/analyse.optim.biz\/?p=1190328"},"modified":"2014-06-02T22:55:04","modified_gmt":"2014-06-02T19:55:04","slug":"02-06-2014-invitat-conf-dr-serban-negru-fondatorul-asociatiei-oncohelp","status":"publish","type":"post","link":"https:\/\/analyse.optim.biz\/?p=1190328","title":{"rendered":"02.06.2014 \u2013 Invitat conf. dr. \u0218erban Negru, fondatorul Asocia\u021biei OncoHelp."},"content":{"rendered":"<article id=\"post-113351\" class=\"post-113351 post type-post status-publish format-standard has-post-thumbnail hentry category-pressalert-tv category-pressalert-tv-live-sezonul-1 tag-asociatia-oncohelp tag-pressalert-live tag-pressalert-tv-2 tag-serban-negru tag-timisoara tag-video\">\n<div class=\"td-post-header td-pb-padding-side\">\n<div class=\"entry-crumbs\"><span><a title class=\"entry-crumb\" href=\"https:\/\/www.pressalert.ro\/\"><span>Acas\u0103<\/span><\/a><\/span><span><a title=\"Vede\u021bi toate articolele \u00een PRESSALERT LIVE\" class=\"entry-crumb\" href=\"https:\/\/www.pressalert.ro\/category\/pressalert-tv\/\"><span>PRESSALERT LIVE<\/span><\/a><\/span><span class=\"td-bred-no-url-last\">02.06.2014 \u2013 Invitat conf. dr. \u0218erban Negru, fondatorul Asocia\u021biei OncoHelp.<\/span><\/div>\n<ul class=\"td-category\">\n<li class=\"entry-category\"><a href=\"https:\/\/www.pressalert.ro\/category\/pressalert-tv\/\">PRESSALERT LIVE<\/a><\/li>\n<li class=\"entry-category\"><a href=\"https:\/\/www.pressalert.ro\/category\/pressalert-tv\/pressalert-tv-live-sezonul-1\/\">Pressalert LIVE &#8211; Sezonul I<\/a><\/li>\n<\/ul>\n<header>\n<h1 class=\"entry-title\">02.06.2014 \u2013 Invitat conf. dr. \u0218erban Negru, fondatorul Asocia\u021biei OncoHelp.<\/h1>\n<div class=\"meta-info\">\n<div class=\"td-post-author-name\">\n<div class=\"td-author-by\">De<\/div>\n<p><a href=\"https:\/\/www.pressalert.ro\/author\/marius-popescu\/\">Marius Popescu<\/a><\/p>\n<div class=\"td-author-line\"> &#8211; <\/div>\n<\/div>\n<p><span class=\"td-post-date\"><time class=\"entry-date updated td-module-date\" datetime=\"2014-06-02T22:55:04+00:00\">iun. 2, 2014<\/time><\/span><\/p>\n<div class=\"td-post-comments\"><a href=\"https:\/\/www.pressalert.ro\/2014\/06\/02-06-2014-invitat-conf-dr-serban-negru-fondatorul-asociatiei-oncohelp\/#respond\">0<\/a><\/div>\n<\/div>\n<\/header>\n<\/div>\n<div class=\"td-post-sharing td-post-sharing-top td-pb-padding-side\"><span class=\"td-post-share-title\">DISTRIBUI\u021aI<\/span><\/p>\n<div class=\"td-default-sharing \"><a class=\"td-social-sharing-buttons td-social-facebook\" href=\"http:\/\/www.facebook.com\/sharer.php?u=https%3A%2F%2Fwww.pressalert.ro%2F2014%2F06%2F02-06-2014-invitat-conf-dr-serban-negru-fondatorul-asociatiei-oncohelp%2F\"><\/p>\n<div class=\"td-social-but-text\">Facebook<\/div>\n<p><\/a><a class=\"td-social-sharing-buttons td-social-twitter\" href=\"https:\/\/twitter.com\/intent\/tweet?text=02.06.2014+%E2%80%93+Invitat+conf.+dr.+%C8%98erban+Negru%2C+fondatorul+Asocia%C8%9Biei+OncoHelp.&amp;url=https%3A%2F%2Fwww.pressalert.ro%2F2014%2F06%2F02-06-2014-invitat-conf-dr-serban-negru-fondatorul-asociatiei-oncohelp%2F&amp;via=PRESSALERT.ro\"><\/p>\n<div class=\"td-social-but-text\">Twitter<\/div>\n<p><\/a><\/div>\n<\/div>\n<div class=\"td-post-content td-pb-padding-side\">p&gt;Conf. dr. \u0218erban Negru, fondatorul Asocia\u021biei OncoHelp.<\/p>\n<iframe loading=\"lazy\" src=\"https:\/\/www.youtube.com\/embed\/f-7VAPjseM0\" width=\"640\" height=\"420\" frameborder allowfullscreen=\"allowfullscreen\"><\/iframe>\n<\/div>\n<footer>\n<div class=\"td-post-source-tags td-pb-padding-side\">\n<ul class=\"td-tags td-post-small-box clearfix\">\n<li><span>ETICHETE<\/span><\/li>\n<li><a href=\"https:\/\/www.pressalert.ro\/tag\/asociatia-oncohelp\/\">asociatia oncohelp<\/a><\/li>\n<li><a href=\"https:\/\/www.pressalert.ro\/tag\/pressalert-live\/\">pressalert live<\/a><\/li>\n<li><a href=\"https:\/\/www.pressalert.ro\/tag\/pressalert-tv-2\/\">pressalert tv<\/a><\/li>\n<li><a href=\"https:\/\/www.pressalert.ro\/tag\/serban-negru\/\">serban negru<\/a><\/li>\n<li><a href=\"https:\/\/www.pressalert.ro\/tag\/timisoara\/\">Timisoara<\/a><\/li>\n<li><a href=\"https:\/\/www.pressalert.ro\/tag\/video\/\">Video<\/a><\/li>\n<\/ul>\n<\/div>\n<div class=\"td-post-sharing td-post-sharing-bottom td-pb-padding-side\"><span class=\"td-post-share-title\">DISTRIBUI\u021aI<\/span><\/p>\n<div class=\"td-default-sharing \"><a class=\"td-social-sharing-buttons td-social-facebook\" href=\"http:\/\/www.facebook.com\/sharer.php?u=https%3A%2F%2Fwww.pressalert.ro%2F2014%2F06%2F02-06-2014-invitat-conf-dr-serban-negru-fondatorul-asociatiei-oncohelp%2F\"><\/p>\n<div class=\"td-social-but-text\">Facebook<\/div>\n<p><\/a><a class=\"td-social-sharing-buttons td-social-twitter\" href=\"https:\/\/twitter.com\/intent\/tweet?text=02.06.2014+%E2%80%93+Invitat+conf.+dr.+%C8%98erban+Negru%2C+fondatorul+Asocia%C8%9Biei+OncoHelp.&amp;url=https%3A%2F%2Fwww.pressalert.ro%2F2014%2F06%2F02-06-2014-invitat-conf-dr-serban-negru-fondatorul-asociatiei-oncohelp%2F&amp;via=PRESSALERT.ro\"><\/p>\n<div class=\"td-social-but-text\">Twitter<\/div>\n<p><\/a><\/div>\n<\/div>\n<div class=\"td-block-row td-post-next-prev\">\n<div class=\"td-block-span6 td-post-prev-post\">\n<div class=\"td-post-next-prev-content\"><span>Articolul precedent<\/span><a href=\"https:\/\/www.pressalert.ro\/2014\/06\/chuck-hagel-face-o-vizita-romania-secretarul-apararii-al-sua-se-intalneste-joi-cu-ministrul-dusa\/\">Chuck Hagel face o vizit\u0103 \u00een Rom\u00e2nia. Secretarul Ap\u0103r\u0103rii al SUA se \u00eent\u00e2lne\u015fte joi cu ministrul Du\u015fa<\/a><\/div>\n<\/div>\n<div class=\"td-block-span6 td-post-next-post\">\n<div class=\"td-post-next-prev-content\"><span>Articolul urm\u0103tor<\/span><a href=\"https:\/\/www.pressalert.ro\/2014\/06\/comisia-europeana-combaterea-coruptiei-si-scaderea-veniturilor-populatiei-intre-provocarile-majore-din-romania\/\">Comisia European\u0103: Combaterea corup\u0163iei \u015fi sc\u0103derea veniturilor popula\u0163iei, \u00eentre provoc\u0103rile majore din Rom\u00e2nia<\/a><\/div>\n<\/div>\n<\/div>\n<div class=\"author-box-wrap\"><a href=\"https:\/\/www.pressalert.ro\/author\/marius-popescu\/\"><img loading=\"lazy\" decoding=\"async\" src=\"https:\/\/analyse.optim.biz\/wp-content\/uploads\/2025\/12\/6ff5b29455ffa79f6eac9c7ee3cb2891-258.jpg\" class=\"avatar avatar-96 photo\" height=\"96\" width=\"96\" title=\"6ff5b29455ffa79f6eac9c7ee3cb2891-258\"><\/a><\/p>\n<div class=\"desc\">\n<div class=\"td-author-name vcard author\"><span class=\"fn\"><a href=\"https:\/\/www.pressalert.ro\/author\/marius-popescu\/\">Marius Popescu<\/a><\/span><\/div>\n<div class=\"td-author-url\"><a href=\"http:\/\/www.pressalert.ro\">http:\/\/www.pressalert.ro<\/a><\/div>\n<\/div>\n<\/div>\n<p><span><\/span><span><span><\/span><\/span><span><\/span><\/footer>\n<\/article>\n<p> Source URL: https:\/\/www.pressalert.ro\/2014\/06\/02-06-2014-invitat-conf-dr-serban-negru-fondatorul-asociatiei-oncohelp\/<\/p>\n","protected":false},"excerpt":{"rendered":"<p>Acas\u0103PRESSALERT LIVE02.06.2014 \u2013 Invitat conf. dr. \u0218erban Negru, fondatorul Asocia\u021biei OncoHelp. PRESSALERT LIVE Pressalert LIVE &#8211; Sezonul I 02.06.2014 \u2013 Invitat conf. dr. \u0218erban Negru, fondatorul Asocia\u021biei OncoHelp. De Marius Popescu &#8211; iun. 2, 2014 0 DISTRIBUI\u021aI Facebook Twitter p&gt;Conf. dr. \u0218erban Negru, fondatorul Asocia\u021biei OncoHelp. ETICHETE asociatia oncohelp pressalert live pressalert tv serban negru [&hellip;]<\/p>\n","protected":false},"author":1,"featured_media":1190329,"comment_status":"open","ping_status":"","sticky":false,"template":"","format":"standard","meta":{"footnotes":""},"categories":[89],"tags":[176],"class_list":["post-1190328","post","type-post","status-publish","format-standard","has-post-thumbnail","hentry","category-romania","tag-pressalert-ro"],"_links":{"self":[{"href":"https:\/\/analyse.optim.biz\/index.php?rest_route=\/wp\/v2\/posts\/1190328","targetHints":{"allow":["GET"]}}],"collection":[{"href":"https:\/\/analyse.optim.biz\/index.php?rest_route=\/wp\/v2\/posts"}],"about":[{"href":"https:\/\/analyse.optim.biz\/index.php?rest_route=\/wp\/v2\/types\/post"}],"author":[{"embeddable":true,"href":"https:\/\/analyse.optim.biz\/index.php?rest_route=\/wp\/v2\/users\/1"}],"replies":[{"embeddable":true,"href":"https:\/\/analyse.optim.biz\/index.php?rest_route=%2Fwp%2Fv2%2Fcomments&post=1190328"}],"version-history":[{"count":0,"href":"https:\/\/analyse.optim.biz\/index.php?rest_route=\/wp\/v2\/posts\/1190328\/revisions"}],"wp:featuredmedia":[{"embeddable":true,"href":"https:\/\/analyse.optim.biz\/index.php?rest_route=\/wp\/v2\/media\/1190329"}],"wp:attachment":[{"href":"https:\/\/analyse.optim.biz\/index.php?rest_route=%2Fwp%2Fv2%2Fmedia&parent=1190328"}],"wp:term":[{"taxonomy":"category","embeddable":true,"href":"https:\/\/analyse.optim.biz\/index.php?rest_route=%2Fwp%2Fv2%2Fcategories&post=1190328"},{"taxonomy":"post_tag","embeddable":true,"href":"https:\/\/analyse.optim.biz\/index.php?rest_route=%2Fwp%2Fv2%2Ftags&post=1190328"}],"curies":[{"name":"wp","href":"https:\/\/api.w.org\/{rel}","templated":true}]}}