{"id":1190307,"date":"2014-06-17T22:18:21","date_gmt":"2014-06-17T19:18:21","guid":{"rendered":"https:\/\/analyse.optim.biz\/?p=1190307"},"modified":"2014-06-17T22:18:21","modified_gmt":"2014-06-17T19:18:21","slug":"17-06-2014-invitat-marius-craina-managerul-spitalului-judetean-timisoara","status":"publish","type":"post","link":"https:\/\/analyse.optim.biz\/?p=1190307","title":{"rendered":"17.06.2014 \u2013 Invitat: Marius Craina, managerul Spitalului Jude\u021bean Timi\u0219oara"},"content":{"rendered":"<article id=\"post-116287\" class=\"post-116287 post type-post status-publish format-standard has-post-thumbnail hentry category-pressalert-tv category-pressalert-tv-live-sezonul-1 tag-director tag-manager tag-marius-craina tag-pressalert-live tag-pressalert-tv-2 tag-spitalul-judetean tag-timisoara\">\n<div class=\"td-post-header td-pb-padding-side\">\n<div class=\"entry-crumbs\"><span><a title class=\"entry-crumb\" href=\"https:\/\/www.pressalert.ro\/\"><span>Acas\u0103<\/span><\/a><\/span><span><a title=\"Vede\u021bi toate articolele \u00een PRESSALERT LIVE\" class=\"entry-crumb\" href=\"https:\/\/www.pressalert.ro\/category\/pressalert-tv\/\"><span>PRESSALERT LIVE<\/span><\/a><\/span><span class=\"td-bred-no-url-last\">17.06.2014 \u2013 Invitat: Marius Craina, managerul Spitalului Jude\u021bean Timi\u0219oara<\/span><\/div>\n<ul class=\"td-category\">\n<li class=\"entry-category\"><a href=\"https:\/\/www.pressalert.ro\/category\/pressalert-tv\/\">PRESSALERT LIVE<\/a><\/li>\n<li class=\"entry-category\"><a href=\"https:\/\/www.pressalert.ro\/category\/pressalert-tv\/pressalert-tv-live-sezonul-1\/\">Pressalert LIVE &#8211; Sezonul I<\/a><\/li>\n<\/ul>\n<header>\n<h1 class=\"entry-title\">17.06.2014 \u2013 Invitat: Marius Craina, managerul Spitalului Jude\u021bean Timi\u0219oara<\/h1>\n<div class=\"meta-info\">\n<div class=\"td-post-author-name\">\n<div class=\"td-author-by\">De<\/div>\n<p><a href=\"https:\/\/www.pressalert.ro\/author\/marius-popescu\/\">Marius Popescu<\/a><\/p>\n<div class=\"td-author-line\"> &#8211; <\/div>\n<\/div>\n<p><span class=\"td-post-date\"><time class=\"entry-date updated td-module-date\" datetime=\"2014-06-17T22:18:21+00:00\">iun. 17, 2014<\/time><\/span><\/p>\n<div class=\"td-post-comments\"><a href=\"https:\/\/www.pressalert.ro\/2014\/06\/emisiune-17-06-2014-invitat-marius-craina-managerul-spitalului-judetean-timisoara\/#respond\">0<\/a><\/div>\n<\/div>\n<\/header>\n<\/div>\n<div class=\"td-post-sharing td-post-sharing-top td-pb-padding-side\"><span class=\"td-post-share-title\">DISTRIBUI\u021aI<\/span><\/p>\n<div class=\"td-default-sharing \"><a class=\"td-social-sharing-buttons td-social-facebook\" href=\"http:\/\/www.facebook.com\/sharer.php?u=https%3A%2F%2Fwww.pressalert.ro%2F2014%2F06%2Femisiune-17-06-2014-invitat-marius-craina-managerul-spitalului-judetean-timisoara%2F\"><\/p>\n<div class=\"td-social-but-text\">Facebook<\/div>\n<p><\/a><a class=\"td-social-sharing-buttons td-social-twitter\" href=\"https:\/\/twitter.com\/intent\/tweet?text=17.06.2014+%E2%80%93+Invitat%3A+Marius+Craina%2C+managerul+Spitalului+Jude%C8%9Bean+Timi%C8%99oara&amp;url=https%3A%2F%2Fwww.pressalert.ro%2F2014%2F06%2Femisiune-17-06-2014-invitat-marius-craina-managerul-spitalului-judetean-timisoara%2F&amp;via=PRESSALERT.ro\"><\/p>\n<div class=\"td-social-but-text\">Twitter<\/div>\n<p><\/a><\/div>\n<\/div>\n<div class=\"td-post-content td-pb-padding-side\">p&gt;Invitat: Marius Craina, managerul Spitalului Jude\u021bean Timi\u0219oara<\/p>\n<iframe loading=\"lazy\" src=\"https:\/\/www.youtube.com\/embed\/P-hnup3QpgI\" width=\"640\" height=\"420\" frameborder allowfullscreen=\"allowfullscreen\"><\/iframe>\n<\/div>\n<footer>\n<div class=\"td-post-source-tags td-pb-padding-side\">\n<ul class=\"td-tags td-post-small-box clearfix\">\n<li><span>ETICHETE<\/span><\/li>\n<li><a href=\"https:\/\/www.pressalert.ro\/tag\/director\/\">director<\/a><\/li>\n<li><a href=\"https:\/\/www.pressalert.ro\/tag\/manager\/\">manager<\/a><\/li>\n<li><a href=\"https:\/\/www.pressalert.ro\/tag\/marius-craina\/\">marius craina<\/a><\/li>\n<li><a href=\"https:\/\/www.pressalert.ro\/tag\/pressalert-live\/\">pressalert live<\/a><\/li>\n<li><a href=\"https:\/\/www.pressalert.ro\/tag\/pressalert-tv-2\/\">pressalert tv<\/a><\/li>\n<li><a href=\"https:\/\/www.pressalert.ro\/tag\/spitalul-judetean\/\">spitalul judetean<\/a><\/li>\n<li><a href=\"https:\/\/www.pressalert.ro\/tag\/timisoara\/\">Timisoara<\/a><\/li>\n<\/ul>\n<\/div>\n<div class=\"td-post-sharing td-post-sharing-bottom td-pb-padding-side\"><span class=\"td-post-share-title\">DISTRIBUI\u021aI<\/span><\/p>\n<div class=\"td-default-sharing \"><a class=\"td-social-sharing-buttons td-social-facebook\" href=\"http:\/\/www.facebook.com\/sharer.php?u=https%3A%2F%2Fwww.pressalert.ro%2F2014%2F06%2Femisiune-17-06-2014-invitat-marius-craina-managerul-spitalului-judetean-timisoara%2F\"><\/p>\n<div class=\"td-social-but-text\">Facebook<\/div>\n<p><\/a><a class=\"td-social-sharing-buttons td-social-twitter\" href=\"https:\/\/twitter.com\/intent\/tweet?text=17.06.2014+%E2%80%93+Invitat%3A+Marius+Craina%2C+managerul+Spitalului+Jude%C8%9Bean+Timi%C8%99oara&amp;url=https%3A%2F%2Fwww.pressalert.ro%2F2014%2F06%2Femisiune-17-06-2014-invitat-marius-craina-managerul-spitalului-judetean-timisoara%2F&amp;via=PRESSALERT.ro\"><\/p>\n<div class=\"td-social-but-text\">Twitter<\/div>\n<p><\/a><\/div>\n<\/div>\n<div class=\"td-block-row td-post-next-prev\">\n<div class=\"td-block-span6 td-post-prev-post\">\n<div class=\"td-post-next-prev-content\"><span>Articolul precedent<\/span><a href=\"https:\/\/www.pressalert.ro\/2014\/06\/paul-codrea-incantat-de-succesul-cu-pobeda-ce-conditii-s-ar-putea-disputa-finala-pe-dan-paltinisanu\/\">Paul Codrea, \u00eenc\u00e2ntat de succesul cu Pobeda. \u00cen ce condi\u021bii s-ar putea disputa finala pe \u201dDan P\u0103ltini\u0219anu\u201d<\/a><\/div>\n<\/div>\n<div class=\"td-block-span6 td-post-next-post\">\n<div class=\"td-post-next-prev-content\"><span>Articolul urm\u0103tor<\/span><a href=\"https:\/\/www.pressalert.ro\/2014\/06\/institutul-de-18-milioane-de-euro-al-universitatii-politehnica-din-timisoara-va-face-parte-dintr-o-retea-europeana-de-centre-de-cercetare-ce-ajutor-va-primi-de-la-nemti\/\">Institutul de 18 milioane de euro al Universit\u0103\u021bii Politehnica din Timi\u0219oara va face parte dintr-o re\u021bea european\u0103 de centre de cercetare. Ce ajutor va primi de la nem\u021bi<\/a><\/div>\n<\/div>\n<\/div>\n<div class=\"author-box-wrap\"><a href=\"https:\/\/www.pressalert.ro\/author\/marius-popescu\/\"><img loading=\"lazy\" decoding=\"async\" src=\"https:\/\/analyse.optim.biz\/wp-content\/uploads\/2025\/12\/6ff5b29455ffa79f6eac9c7ee3cb2891-251.jpg\" class=\"avatar avatar-96 photo\" height=\"96\" width=\"96\" title=\"6ff5b29455ffa79f6eac9c7ee3cb2891-251\"><\/a><\/p>\n<div class=\"desc\">\n<div class=\"td-author-name vcard author\"><span class=\"fn\"><a href=\"https:\/\/www.pressalert.ro\/author\/marius-popescu\/\">Marius Popescu<\/a><\/span><\/div>\n<div class=\"td-author-url\"><a href=\"http:\/\/www.pressalert.ro\">http:\/\/www.pressalert.ro<\/a><\/div>\n<\/div>\n<\/div>\n<p><span><\/span><span><span><\/span><\/span><span><\/span><\/footer>\n<\/article>\n<p> Source URL: https:\/\/www.pressalert.ro\/2014\/06\/emisiune-17-06-2014-invitat-marius-craina-managerul-spitalului-judetean-timisoara\/<\/p>\n","protected":false},"excerpt":{"rendered":"<p>Acas\u0103PRESSALERT LIVE17.06.2014 \u2013 Invitat: Marius Craina, managerul Spitalului Jude\u021bean Timi\u0219oara PRESSALERT LIVE Pressalert LIVE &#8211; Sezonul I 17.06.2014 \u2013 Invitat: Marius Craina, managerul Spitalului Jude\u021bean Timi\u0219oara De Marius Popescu &#8211; iun. 17, 2014 0 DISTRIBUI\u021aI Facebook Twitter p&gt;Invitat: Marius Craina, managerul Spitalului Jude\u021bean Timi\u0219oara ETICHETE director manager marius craina pressalert live pressalert tv spitalul judetean [&hellip;]<\/p>\n","protected":false},"author":1,"featured_media":1190308,"comment_status":"open","ping_status":"","sticky":false,"template":"","format":"standard","meta":{"footnotes":""},"categories":[89],"tags":[176],"class_list":["post-1190307","post","type-post","status-publish","format-standard","has-post-thumbnail","hentry","category-romania","tag-pressalert-ro"],"_links":{"self":[{"href":"https:\/\/analyse.optim.biz\/index.php?rest_route=\/wp\/v2\/posts\/1190307","targetHints":{"allow":["GET"]}}],"collection":[{"href":"https:\/\/analyse.optim.biz\/index.php?rest_route=\/wp\/v2\/posts"}],"about":[{"href":"https:\/\/analyse.optim.biz\/index.php?rest_route=\/wp\/v2\/types\/post"}],"author":[{"embeddable":true,"href":"https:\/\/analyse.optim.biz\/index.php?rest_route=\/wp\/v2\/users\/1"}],"replies":[{"embeddable":true,"href":"https:\/\/analyse.optim.biz\/index.php?rest_route=%2Fwp%2Fv2%2Fcomments&post=1190307"}],"version-history":[{"count":0,"href":"https:\/\/analyse.optim.biz\/index.php?rest_route=\/wp\/v2\/posts\/1190307\/revisions"}],"wp:featuredmedia":[{"embeddable":true,"href":"https:\/\/analyse.optim.biz\/index.php?rest_route=\/wp\/v2\/media\/1190308"}],"wp:attachment":[{"href":"https:\/\/analyse.optim.biz\/index.php?rest_route=%2Fwp%2Fv2%2Fmedia&parent=1190307"}],"wp:term":[{"taxonomy":"category","embeddable":true,"href":"https:\/\/analyse.optim.biz\/index.php?rest_route=%2Fwp%2Fv2%2Fcategories&post=1190307"},{"taxonomy":"post_tag","embeddable":true,"href":"https:\/\/analyse.optim.biz\/index.php?rest_route=%2Fwp%2Fv2%2Ftags&post=1190307"}],"curies":[{"name":"wp","href":"https:\/\/api.w.org\/{rel}","templated":true}]}}