{"id":1190301,"date":"2014-06-19T23:11:24","date_gmt":"2014-06-19T20:11:24","guid":{"rendered":"https:\/\/analyse.optim.biz\/?p=1190301"},"modified":"2014-06-19T23:11:24","modified_gmt":"2014-06-19T20:11:24","slug":"19-06-2014-invitat-valentin-moldovan-presedinte-pntcd-timis","status":"publish","type":"post","link":"https:\/\/analyse.optim.biz\/?p=1190301","title":{"rendered":"19.06.2014 \u2013 Invitat: Valentin Moldovan, pre\u0219edinte PN\u021aCD Timi\u0219"},"content":{"rendered":"<article id=\"post-116912\" class=\"post-116912 post type-post status-publish format-standard has-post-thumbnail hentry category-pressalert-tv category-pressalert-tv-live-sezonul-1 tag-pntcd tag-pressalert-live tag-pressalert-tv-2 tag-timisoara tag-valentin-moldovan\">\n<div class=\"td-post-header td-pb-padding-side\">\n<div class=\"entry-crumbs\"><span><a title class=\"entry-crumb\" href=\"https:\/\/www.pressalert.ro\/\"><span>Acas\u0103<\/span><\/a><\/span><span><a title=\"Vede\u021bi toate articolele \u00een PRESSALERT LIVE\" class=\"entry-crumb\" href=\"https:\/\/www.pressalert.ro\/category\/pressalert-tv\/\"><span>PRESSALERT LIVE<\/span><\/a><\/span><span class=\"td-bred-no-url-last\">19.06.2014 \u2013 Invitat: Valentin Moldovan, pre\u0219edinte PN\u021aCD Timi\u0219<\/span><\/div>\n<ul class=\"td-category\">\n<li class=\"entry-category\"><a href=\"https:\/\/www.pressalert.ro\/category\/pressalert-tv\/\">PRESSALERT LIVE<\/a><\/li>\n<li class=\"entry-category\"><a href=\"https:\/\/www.pressalert.ro\/category\/pressalert-tv\/pressalert-tv-live-sezonul-1\/\">Pressalert LIVE &#8211; Sezonul I<\/a><\/li>\n<\/ul>\n<header>\n<h1 class=\"entry-title\">19.06.2014 \u2013 Invitat: Valentin Moldovan, pre\u0219edinte PN\u021aCD Timi\u0219<\/h1>\n<div class=\"meta-info\">\n<div class=\"td-post-author-name\">\n<div class=\"td-author-by\">De<\/div>\n<p><a href=\"https:\/\/www.pressalert.ro\/author\/marius-popescu\/\">Marius Popescu<\/a><\/p>\n<div class=\"td-author-line\"> &#8211; <\/div>\n<\/div>\n<p><span class=\"td-post-date\"><time class=\"entry-date updated td-module-date\" datetime=\"2014-06-19T23:11:24+00:00\">iun. 19, 2014<\/time><\/span><\/p>\n<div class=\"td-post-comments\"><a href=\"https:\/\/www.pressalert.ro\/2014\/06\/19-06-2014-invitat-valentin-moldovan-presedinte-pntcd-timis\/#respond\">0<\/a><\/div>\n<\/div>\n<\/header>\n<\/div>\n<div class=\"td-post-sharing td-post-sharing-top td-pb-padding-side\"><span class=\"td-post-share-title\">DISTRIBUI\u021aI<\/span><\/p>\n<div class=\"td-default-sharing \"><a class=\"td-social-sharing-buttons td-social-facebook\" href=\"http:\/\/www.facebook.com\/sharer.php?u=https%3A%2F%2Fwww.pressalert.ro%2F2014%2F06%2F19-06-2014-invitat-valentin-moldovan-presedinte-pntcd-timis%2F\"><\/p>\n<div class=\"td-social-but-text\">Facebook<\/div>\n<p><\/a><a class=\"td-social-sharing-buttons td-social-twitter\" href=\"https:\/\/twitter.com\/intent\/tweet?text=19.06.2014+%E2%80%93+Invitat%3A+Valentin+Moldovan%2C+pre%C8%99edinte+PN%C8%9ACD+Timi%C8%99&amp;url=https%3A%2F%2Fwww.pressalert.ro%2F2014%2F06%2F19-06-2014-invitat-valentin-moldovan-presedinte-pntcd-timis%2F&amp;via=PRESSALERT.ro\"><\/p>\n<div class=\"td-social-but-text\">Twitter<\/div>\n<p><\/a><\/div>\n<\/div>\n<div class=\"td-post-content td-pb-padding-side\">p&gt;Invitat: Valentin Moldovan, pre\u0219edinte PN\u021aCD Timi\u0219<\/p>\n<iframe loading=\"lazy\" src=\"https:\/\/www.youtube.com\/embed\/SZ-KW9CT7q0\" width=\"640\" height=\"420\" frameborder allowfullscreen=\"allowfullscreen\"><\/iframe>\n<\/div>\n<footer>\n<div class=\"td-post-source-tags td-pb-padding-side\">\n<ul class=\"td-tags td-post-small-box clearfix\">\n<li><span>ETICHETE<\/span><\/li>\n<li><a href=\"https:\/\/www.pressalert.ro\/tag\/pntcd\/\">pntcd<\/a><\/li>\n<li><a href=\"https:\/\/www.pressalert.ro\/tag\/pressalert-live\/\">pressalert live<\/a><\/li>\n<li><a href=\"https:\/\/www.pressalert.ro\/tag\/pressalert-tv-2\/\">pressalert tv<\/a><\/li>\n<li><a href=\"https:\/\/www.pressalert.ro\/tag\/timisoara\/\">Timisoara<\/a><\/li>\n<li><a href=\"https:\/\/www.pressalert.ro\/tag\/valentin-moldovan\/\">valentin moldovan<\/a><\/li>\n<\/ul>\n<\/div>\n<div class=\"td-post-sharing td-post-sharing-bottom td-pb-padding-side\"><span class=\"td-post-share-title\">DISTRIBUI\u021aI<\/span><\/p>\n<div class=\"td-default-sharing \"><a class=\"td-social-sharing-buttons td-social-facebook\" href=\"http:\/\/www.facebook.com\/sharer.php?u=https%3A%2F%2Fwww.pressalert.ro%2F2014%2F06%2F19-06-2014-invitat-valentin-moldovan-presedinte-pntcd-timis%2F\"><\/p>\n<div class=\"td-social-but-text\">Facebook<\/div>\n<p><\/a><a class=\"td-social-sharing-buttons td-social-twitter\" href=\"https:\/\/twitter.com\/intent\/tweet?text=19.06.2014+%E2%80%93+Invitat%3A+Valentin+Moldovan%2C+pre%C8%99edinte+PN%C8%9ACD+Timi%C8%99&amp;url=https%3A%2F%2Fwww.pressalert.ro%2F2014%2F06%2F19-06-2014-invitat-valentin-moldovan-presedinte-pntcd-timis%2F&amp;via=PRESSALERT.ro\"><\/p>\n<div class=\"td-social-but-text\">Twitter<\/div>\n<p><\/a><\/div>\n<\/div>\n<div class=\"td-block-row td-post-next-prev\">\n<div class=\"td-block-span6 td-post-prev-post\">\n<div class=\"td-post-next-prev-content\"><span>Articolul precedent<\/span><a href=\"https:\/\/www.pressalert.ro\/2014\/06\/valentin-moldovan-seful-pntcd-timis-la-pressalert-live-sunt-convins-ca-nu-va-fi-liniste-consiliul-local-ce-spus-despre-discutiile-cu-nicolae-robu-si-titu-bojin-video\/\">Valentin Moldovan, \u0219eful PN\u021aCD Timi\u0219, la PRESSALERT LIVE: \u201eSunt convins c\u0103 nu va fi lini\u0219te \u00een consiliul local\u201d. Ce i-au promis Robu \u0219i Bojin la negocieri VIDEO<\/a><\/div>\n<\/div>\n<div class=\"td-block-span6 td-post-next-post\">\n<div class=\"td-post-next-prev-content\"><span>Articolul urm\u0103tor<\/span><a href=\"https:\/\/www.pressalert.ro\/2014\/06\/ratt-anunta-modificari-traseul-doua-linii-de-autobuz-vezi-despre-ce-este-vorba\/\">RATT anun\u021b\u0103 modific\u0103ri \u00een traseul a dou\u0103 linii de autobuz. Vezi despre ce este vorba<\/a><\/div>\n<\/div>\n<\/div>\n<div class=\"author-box-wrap\"><a href=\"https:\/\/www.pressalert.ro\/author\/marius-popescu\/\"><img loading=\"lazy\" decoding=\"async\" src=\"https:\/\/analyse.optim.biz\/wp-content\/uploads\/2025\/12\/6ff5b29455ffa79f6eac9c7ee3cb2891-249.jpg\" class=\"avatar avatar-96 photo\" height=\"96\" width=\"96\" title=\"6ff5b29455ffa79f6eac9c7ee3cb2891-249\"><\/a><\/p>\n<div class=\"desc\">\n<div class=\"td-author-name vcard author\"><span class=\"fn\"><a href=\"https:\/\/www.pressalert.ro\/author\/marius-popescu\/\">Marius Popescu<\/a><\/span><\/div>\n<div class=\"td-author-url\"><a href=\"http:\/\/www.pressalert.ro\">http:\/\/www.pressalert.ro<\/a><\/div>\n<\/div>\n<\/div>\n<p><span><\/span><span><span><\/span><\/span><span><\/span><\/footer>\n<\/article>\n<p> Source URL: https:\/\/www.pressalert.ro\/2014\/06\/19-06-2014-invitat-valentin-moldovan-presedinte-pntcd-timis\/<\/p>\n","protected":false},"excerpt":{"rendered":"<p>Acas\u0103PRESSALERT LIVE19.06.2014 \u2013 Invitat: Valentin Moldovan, pre\u0219edinte PN\u021aCD Timi\u0219 PRESSALERT LIVE Pressalert LIVE &#8211; Sezonul I 19.06.2014 \u2013 Invitat: Valentin Moldovan, pre\u0219edinte PN\u021aCD Timi\u0219 De Marius Popescu &#8211; iun. 19, 2014 0 DISTRIBUI\u021aI Facebook Twitter p&gt;Invitat: Valentin Moldovan, pre\u0219edinte PN\u021aCD Timi\u0219 ETICHETE pntcd pressalert live pressalert tv Timisoara valentin moldovan DISTRIBUI\u021aI Facebook Twitter Articolul precedentValentin [&hellip;]<\/p>\n","protected":false},"author":1,"featured_media":1190302,"comment_status":"open","ping_status":"","sticky":false,"template":"","format":"standard","meta":{"footnotes":""},"categories":[89],"tags":[176],"class_list":["post-1190301","post","type-post","status-publish","format-standard","has-post-thumbnail","hentry","category-romania","tag-pressalert-ro"],"_links":{"self":[{"href":"https:\/\/analyse.optim.biz\/index.php?rest_route=\/wp\/v2\/posts\/1190301","targetHints":{"allow":["GET"]}}],"collection":[{"href":"https:\/\/analyse.optim.biz\/index.php?rest_route=\/wp\/v2\/posts"}],"about":[{"href":"https:\/\/analyse.optim.biz\/index.php?rest_route=\/wp\/v2\/types\/post"}],"author":[{"embeddable":true,"href":"https:\/\/analyse.optim.biz\/index.php?rest_route=\/wp\/v2\/users\/1"}],"replies":[{"embeddable":true,"href":"https:\/\/analyse.optim.biz\/index.php?rest_route=%2Fwp%2Fv2%2Fcomments&post=1190301"}],"version-history":[{"count":0,"href":"https:\/\/analyse.optim.biz\/index.php?rest_route=\/wp\/v2\/posts\/1190301\/revisions"}],"wp:featuredmedia":[{"embeddable":true,"href":"https:\/\/analyse.optim.biz\/index.php?rest_route=\/wp\/v2\/media\/1190302"}],"wp:attachment":[{"href":"https:\/\/analyse.optim.biz\/index.php?rest_route=%2Fwp%2Fv2%2Fmedia&parent=1190301"}],"wp:term":[{"taxonomy":"category","embeddable":true,"href":"https:\/\/analyse.optim.biz\/index.php?rest_route=%2Fwp%2Fv2%2Fcategories&post=1190301"},{"taxonomy":"post_tag","embeddable":true,"href":"https:\/\/analyse.optim.biz\/index.php?rest_route=%2Fwp%2Fv2%2Ftags&post=1190301"}],"curies":[{"name":"wp","href":"https:\/\/api.w.org\/{rel}","templated":true}]}}