{"id":1186528,"date":"2014-07-02T23:59:39","date_gmt":"2014-07-02T20:59:39","guid":{"rendered":"https:\/\/analyse.optim.biz\/?p=1186528"},"modified":"2014-07-02T23:59:39","modified_gmt":"2014-07-02T20:59:39","slug":"02-07-2014-invitati-adrian-piclisan-si-valentin-solomie","status":"publish","type":"post","link":"https:\/\/analyse.optim.biz\/?p=1186528","title":{"rendered":"02.07.2014 \u2013 Invita\u021bi: Adrian P\u00eecli\u0219an \u0219i Valentin Solomie"},"content":{"rendered":"<article id=\"post-119828\" class=\"post-119828 post type-post status-publish format-standard has-post-thumbnail hentry category-pressalert-tv category-pressalert-tv-live-sezonul-1 tag-adrian-piclisan tag-pressalert-live tag-pressalert-tv-2 tag-timisoara tag-valentin-solomie\">\n<div class=\"td-post-header td-pb-padding-side\">\n<div class=\"entry-crumbs\"><span><a title class=\"entry-crumb\" href=\"https:\/\/www.pressalert.ro\/\"><span>Acas\u0103<\/span><\/a><\/span><span><a title=\"Vede\u021bi toate articolele \u00een PRESSALERT LIVE\" class=\"entry-crumb\" href=\"https:\/\/www.pressalert.ro\/category\/pressalert-tv\/\"><span>PRESSALERT LIVE<\/span><\/a><\/span><span class=\"td-bred-no-url-last\">02.07.2014 \u2013 Invita\u021bi: Adrian P\u00eecli\u0219an \u0219i Valentin Solomie<\/span><\/div>\n<ul class=\"td-category\">\n<li class=\"entry-category\"><a href=\"https:\/\/www.pressalert.ro\/category\/pressalert-tv\/\">PRESSALERT LIVE<\/a><\/li>\n<li class=\"entry-category\"><a href=\"https:\/\/www.pressalert.ro\/category\/pressalert-tv\/pressalert-tv-live-sezonul-1\/\">Pressalert LIVE &#8211; Sezonul I<\/a><\/li>\n<\/ul>\n<header>\n<h1 class=\"entry-title\">02.07.2014 \u2013 Invita\u021bi: Adrian P\u00eecli\u0219an \u0219i Valentin Solomie<\/h1>\n<div class=\"meta-info\">\n<div class=\"td-post-author-name\">\n<div class=\"td-author-by\">De<\/div>\n<p><a href=\"https:\/\/www.pressalert.ro\/author\/marius-popescu\/\">Marius Popescu<\/a><\/p>\n<div class=\"td-author-line\"> &#8211; <\/div>\n<\/div>\n<p><span class=\"td-post-date\"><time class=\"entry-date updated td-module-date\" datetime=\"2014-07-02T23:59:39+00:00\">iul. 2, 2014<\/time><\/span><\/p>\n<div class=\"td-post-comments\"><a href=\"https:\/\/www.pressalert.ro\/2014\/07\/02-07-2014-invitati-adrian-piclisan-si-valentin-solomie\/#respond\">0<\/a><\/div>\n<\/div>\n<\/header>\n<\/div>\n<div class=\"td-post-sharing td-post-sharing-top td-pb-padding-side\"><span class=\"td-post-share-title\">DISTRIBUI\u021aI<\/span><\/p>\n<div class=\"td-default-sharing \"><a class=\"td-social-sharing-buttons td-social-facebook\" href=\"http:\/\/www.facebook.com\/sharer.php?u=https%3A%2F%2Fwww.pressalert.ro%2F2014%2F07%2F02-07-2014-invitati-adrian-piclisan-si-valentin-solomie%2F\"><\/p>\n<div class=\"td-social-but-text\">Facebook<\/div>\n<p><\/a><a class=\"td-social-sharing-buttons td-social-twitter\" href=\"https:\/\/twitter.com\/intent\/tweet?text=02.07.2014+%E2%80%93+Invita%C8%9Bi%3A+Adrian+P%C3%AEcli%C8%99an+%C8%99i+Valentin+Solomie&amp;url=https%3A%2F%2Fwww.pressalert.ro%2F2014%2F07%2F02-07-2014-invitati-adrian-piclisan-si-valentin-solomie%2F&amp;via=PRESSALERT.ro\"><\/p>\n<div class=\"td-social-but-text\">Twitter<\/div>\n<p><\/a><\/div>\n<\/div>\n<div class=\"td-post-content td-pb-padding-side\">p&gt;Invita\u021bi: Adrian P\u00eecli\u0219an, fotoreporter, \u0219i Valentin Solomie, manager HSV Studio.<\/p>\n<iframe loading=\"lazy\" src=\"https:\/\/www.youtube.com\/embed\/bLvZR_fkX_A\" width=\"640\" height=\"420\" frameborder allowfullscreen=\"allowfullscreen\"><\/iframe>\n<\/div>\n<footer>\n<div class=\"td-post-source-tags td-pb-padding-side\">\n<ul class=\"td-tags td-post-small-box clearfix\">\n<li><span>ETICHETE<\/span><\/li>\n<li><a href=\"https:\/\/www.pressalert.ro\/tag\/adrian-piclisan\/\">adrian piclisan<\/a><\/li>\n<li><a href=\"https:\/\/www.pressalert.ro\/tag\/pressalert-live\/\">pressalert live<\/a><\/li>\n<li><a href=\"https:\/\/www.pressalert.ro\/tag\/pressalert-tv-2\/\">pressalert tv<\/a><\/li>\n<li><a href=\"https:\/\/www.pressalert.ro\/tag\/timisoara\/\">Timisoara<\/a><\/li>\n<li><a href=\"https:\/\/www.pressalert.ro\/tag\/valentin-solomie\/\">valentin solomie<\/a><\/li>\n<\/ul>\n<\/div>\n<div class=\"td-post-sharing td-post-sharing-bottom td-pb-padding-side\"><span class=\"td-post-share-title\">DISTRIBUI\u021aI<\/span><\/p>\n<div class=\"td-default-sharing \"><a class=\"td-social-sharing-buttons td-social-facebook\" href=\"http:\/\/www.facebook.com\/sharer.php?u=https%3A%2F%2Fwww.pressalert.ro%2F2014%2F07%2F02-07-2014-invitati-adrian-piclisan-si-valentin-solomie%2F\"><\/p>\n<div class=\"td-social-but-text\">Facebook<\/div>\n<p><\/a><a class=\"td-social-sharing-buttons td-social-twitter\" href=\"https:\/\/twitter.com\/intent\/tweet?text=02.07.2014+%E2%80%93+Invita%C8%9Bi%3A+Adrian+P%C3%AEcli%C8%99an+%C8%99i+Valentin+Solomie&amp;url=https%3A%2F%2Fwww.pressalert.ro%2F2014%2F07%2F02-07-2014-invitati-adrian-piclisan-si-valentin-solomie%2F&amp;via=PRESSALERT.ro\"><\/p>\n<div class=\"td-social-but-text\">Twitter<\/div>\n<p><\/a><\/div>\n<\/div>\n<div class=\"td-block-row td-post-next-prev\">\n<div class=\"td-block-span6 td-post-prev-post\">\n<div class=\"td-post-next-prev-content\"><span>Articolul precedent<\/span><a href=\"https:\/\/www.pressalert.ro\/2014\/07\/locomotive-de-patrimoniu-instrainate-cu-complicitatea-unor-experti-care-au-fost-acum-retinuti-de-oamenii-legii-cum-procedau\/\">Locomotive de patrimoniu, \u00eenstr\u0103inate cu complicitatea unor exper\u021bi care au fost acum re\u021binu\u021bi de oamenii legii. Cum procedau<\/a><\/div>\n<\/div>\n<div class=\"td-block-span6 td-post-next-post\">\n<div class=\"td-post-next-prev-content\"><span>Articolul urm\u0103tor<\/span><a href=\"https:\/\/www.pressalert.ro\/2014\/07\/dmitri-medvedev-anticipeaza-o-criza-de-amploare-gazelor-toamna-ucraina-nu-plateste-gazele-restantele-sunt-enorme\/\">Dmitri Medvedev anticipeaz\u0103 o CRIZ\u0102 DE AMPLOARE a gazelor \u00een toamn\u0103: \u201eUcraina nu pl\u0103te\u015fte gazele. Restan\u0163ele sunt enorme\u201d<\/a><\/div>\n<\/div>\n<\/div>\n<div class=\"author-box-wrap\"><a href=\"https:\/\/www.pressalert.ro\/author\/marius-popescu\/\"><img loading=\"lazy\" decoding=\"async\" src=\"https:\/\/analyse.optim.biz\/wp-content\/uploads\/2025\/12\/6ff5b29455ffa79f6eac9c7ee3cb2891-242.jpg\" class=\"avatar avatar-96 photo\" height=\"96\" width=\"96\" title=\"6ff5b29455ffa79f6eac9c7ee3cb2891-242\"><\/a><\/p>\n<div class=\"desc\">\n<div class=\"td-author-name vcard author\"><span class=\"fn\"><a href=\"https:\/\/www.pressalert.ro\/author\/marius-popescu\/\">Marius Popescu<\/a><\/span><\/div>\n<div class=\"td-author-url\"><a href=\"http:\/\/www.pressalert.ro\">http:\/\/www.pressalert.ro<\/a><\/div>\n<\/div>\n<\/div>\n<p><span><\/span><span><span><\/span><\/span><span><\/span><\/footer>\n<\/article>\n<p> Source URL: https:\/\/www.pressalert.ro\/2014\/07\/02-07-2014-invitati-adrian-piclisan-si-valentin-solomie\/<\/p>\n","protected":false},"excerpt":{"rendered":"<p>Acas\u0103PRESSALERT LIVE02.07.2014 \u2013 Invita\u021bi: Adrian P\u00eecli\u0219an \u0219i Valentin Solomie PRESSALERT LIVE Pressalert LIVE &#8211; Sezonul I 02.07.2014 \u2013 Invita\u021bi: Adrian P\u00eecli\u0219an \u0219i Valentin Solomie De Marius Popescu &#8211; iul. 2, 2014 0 DISTRIBUI\u021aI Facebook Twitter p&gt;Invita\u021bi: Adrian P\u00eecli\u0219an, fotoreporter, \u0219i Valentin Solomie, manager HSV Studio. ETICHETE adrian piclisan pressalert live pressalert tv Timisoara valentin solomie [&hellip;]<\/p>\n","protected":false},"author":1,"featured_media":1186529,"comment_status":"open","ping_status":"","sticky":false,"template":"","format":"standard","meta":{"footnotes":""},"categories":[89],"tags":[176],"class_list":["post-1186528","post","type-post","status-publish","format-standard","has-post-thumbnail","hentry","category-romania","tag-pressalert-ro"],"_links":{"self":[{"href":"https:\/\/analyse.optim.biz\/index.php?rest_route=\/wp\/v2\/posts\/1186528","targetHints":{"allow":["GET"]}}],"collection":[{"href":"https:\/\/analyse.optim.biz\/index.php?rest_route=\/wp\/v2\/posts"}],"about":[{"href":"https:\/\/analyse.optim.biz\/index.php?rest_route=\/wp\/v2\/types\/post"}],"author":[{"embeddable":true,"href":"https:\/\/analyse.optim.biz\/index.php?rest_route=\/wp\/v2\/users\/1"}],"replies":[{"embeddable":true,"href":"https:\/\/analyse.optim.biz\/index.php?rest_route=%2Fwp%2Fv2%2Fcomments&post=1186528"}],"version-history":[{"count":0,"href":"https:\/\/analyse.optim.biz\/index.php?rest_route=\/wp\/v2\/posts\/1186528\/revisions"}],"wp:featuredmedia":[{"embeddable":true,"href":"https:\/\/analyse.optim.biz\/index.php?rest_route=\/wp\/v2\/media\/1186529"}],"wp:attachment":[{"href":"https:\/\/analyse.optim.biz\/index.php?rest_route=%2Fwp%2Fv2%2Fmedia&parent=1186528"}],"wp:term":[{"taxonomy":"category","embeddable":true,"href":"https:\/\/analyse.optim.biz\/index.php?rest_route=%2Fwp%2Fv2%2Fcategories&post=1186528"},{"taxonomy":"post_tag","embeddable":true,"href":"https:\/\/analyse.optim.biz\/index.php?rest_route=%2Fwp%2Fv2%2Ftags&post=1186528"}],"curies":[{"name":"wp","href":"https:\/\/api.w.org\/{rel}","templated":true}]}}