{"id":1178777,"date":"2016-06-13T15:52:08","date_gmt":"2016-06-13T12:52:08","guid":{"rendered":"https:\/\/analyse.optim.biz\/?p=1178777"},"modified":"2016-06-13T15:52:08","modified_gmt":"2016-06-13T12:52:08","slug":"baci-saffici-ballerini-arcobaleno-la-solidarieta-social-dei-vip-al-mondo-gay-foto","status":"publish","type":"post","link":"https:\/\/analyse.optim.biz\/?p=1178777","title":{"rendered":"Baci saffici, ballerini, arcobaleno: la solidariet\u00e0 social dei vip al mondo gay (Foto)"},"content":{"rendered":"<article id=\"post-372024\" class=\"post-372024 post type-post status-publish format-standard has-post-thumbnail hentry category-home-livello-3 category-foto-del-secolo category-politica tag-gay tag-lgbt\">\n<div>\n<figure class=\"evidence-wrapper\"><img loading=\"lazy\" decoding=\"async\" width=\"463\" height=\"358\" src=\"https:\/\/analyse.optim.biz\/wp-content\/uploads\/2025\/12\/ritaora-copia-1.png\" class=\"attachment-single size-single wp-post-image\" alt=\"Il disegno di Rita Ora, condiviso da molti artisti. (Foto Instagram)\" title=\"Il disegno di Rita Ora, condiviso da molti artisti. (Foto Instagram)\"><figcaption class=\"evidence-caption\">Il disegno di Rita Ora, condiviso da molti artisti. (Foto Instagram)<\/figcaption><\/figure>\n<h1>Baci saffici, ballerini, arcobaleno: la solidariet\u00e0 social dei vip al mondo gay (Foto)<\/h1>\n<div class=\"info-condivisione\">\n<div>\n<p><span class=\"categoria\">Home livello 3<\/span><\/p>\n<p>\t\t\t\t\t &#8211; di <a href=\"https:\/\/www.secoloditalia.it\/author\/redazione\/\" title=\"Redazione\"><span class=\"autore\">Redazione<\/span><\/a> &#8211; <span class=\"data\">13 Giugno 2016 alle 17:52<\/span><\/p>\n<\/div>\n<\/div>\n<div class=\"contenuto\">\n<p>L\u2019obbiettivo del terrorista di Orlando erano gli omosessuali. Lo erano le cinquanta vittime rimaste sulla pista del \u201cPulse\u201d, caduti in quella che il presidente degli Usa, Barack Obama, ha definito la pi\u00f9 grave strage da sparatoria nella storia del suo Paese. Cos\u00ec artisti, attori e cantanti pi\u00f9 vicini al mondo lgbt hanno voluto esprimere vicinanza al mondo omosessuale con disegni, frasi e dediche sui loro profili social. Si va dal disegno originale di Rita Ora, ai ballerini gay di Ricky Martin passando per la foto di un bacio saffico di Madonna. Ecco una selezione. (Foto Facebook, Instagram)<\/p>\n<p>\u00a0<\/p>\n<div class=\"code-block code-block-6\"><\/div>\n<\/div>\n<div class=\"commentSectionContainer\">\n<p class=\"comments-title\">Non ci sono commenti, inizia una discussione<\/p>\n<\/div>\n<div id=\"comments\" class=\"comments-area closed\">\n<div id=\"respond\" class=\"comment-respond\">\n<h3 id=\"reply-title\" class=\"comment-reply-title\">Lascia un commento <small><a rel=\"nofollow\" id=\"cancel-comment-reply-link\" href=\"https:\/\/www.secoloditalia.it\/2016\/06\/baci-saffici-ballerini-arcobaleno-solidarieta-social-dei-vip-mondo-gay-foto\/#respond\">Annulla risposta<\/a><\/small><\/h3>\n<p class=\"comment-notes\"><span id=\"email-notes\">Il tuo indirizzo email non sar\u00e0 pubblicato.<\/span><span class=\"required-field-message\">I campi obbligatori sono contrassegnati <span class=\"required\">*<\/span><\/span><\/p>\n<\/div>\n<\/div>\n<div class=\"autore\"><a href=\"https:\/\/www.secoloditalia.it\/author\/redazione\/\" title=\"Redazione\"><img loading=\"lazy\" decoding=\"async\" src=\"https:\/\/analyse.optim.biz\/wp-content\/uploads\/2025\/12\/87b799df5e076faadfbb71fdd5d68f2d-62.jpg\" class=\"avatar avatar-96 photo\" height=\"96\" width=\"96\" title=\"87b799df5e076faadfbb71fdd5d68f2d-62\"><\/a><\/div>\n<div>\n<div class=\"autore\">\n<p>\n\t\t\t\t\tdi <a href=\"https:\/\/www.secoloditalia.it\/author\/redazione\/\" title=\"Redazione\"><span class=\"autore\">Redazione<\/span><\/a><\/p>\n<\/div>\n<div class=\"info-condivisione bottom\">\n<div>\n<p><span class=\"data\">13 Giugno 2016 alle 17:52<\/span><\/p>\n<\/div>\n<\/div>\n<\/div>\n<div class=\"tags\">\n<ul>\n<li><a href=\"https:\/\/www.secoloditalia.it\/tag\/gay\/\">gay<\/a><\/li>\n<li><a href=\"https:\/\/www.secoloditalia.it\/tag\/lgbt\/\">lgbt<\/a><\/li>\n<\/ul>\n<\/div>\n<\/div>\n<\/article>\n<p> Source URL: https:\/\/www.secoloditalia.it\/2016\/06\/baci-saffici-ballerini-arcobaleno-solidarieta-social-dei-vip-mondo-gay-foto\/<\/p>\n","protected":false},"excerpt":{"rendered":"<p>Il disegno di Rita Ora, condiviso da molti artisti. (Foto Instagram) Baci saffici, ballerini, arcobaleno: la solidariet\u00e0 social dei vip al mondo gay (Foto) Home livello 3 &#8211; di Redazione &#8211; 13 Giugno 2016 alle 17:52 L\u2019obbiettivo del terrorista di Orlando erano gli omosessuali. Lo erano le cinquanta vittime rimaste sulla pista del \u201cPulse\u201d, caduti [&hellip;]<\/p>\n","protected":false},"author":1,"featured_media":1178778,"comment_status":"open","ping_status":"","sticky":false,"template":"","format":"standard","meta":{"footnotes":""},"categories":[87],"tags":[123],"class_list":["post-1178777","post","type-post","status-publish","format-standard","has-post-thumbnail","hentry","category-italy","tag-secoloditalia-it"],"_links":{"self":[{"href":"https:\/\/analyse.optim.biz\/index.php?rest_route=\/wp\/v2\/posts\/1178777","targetHints":{"allow":["GET"]}}],"collection":[{"href":"https:\/\/analyse.optim.biz\/index.php?rest_route=\/wp\/v2\/posts"}],"about":[{"href":"https:\/\/analyse.optim.biz\/index.php?rest_route=\/wp\/v2\/types\/post"}],"author":[{"embeddable":true,"href":"https:\/\/analyse.optim.biz\/index.php?rest_route=\/wp\/v2\/users\/1"}],"replies":[{"embeddable":true,"href":"https:\/\/analyse.optim.biz\/index.php?rest_route=%2Fwp%2Fv2%2Fcomments&post=1178777"}],"version-history":[{"count":0,"href":"https:\/\/analyse.optim.biz\/index.php?rest_route=\/wp\/v2\/posts\/1178777\/revisions"}],"wp:featuredmedia":[{"embeddable":true,"href":"https:\/\/analyse.optim.biz\/index.php?rest_route=\/wp\/v2\/media\/1178778"}],"wp:attachment":[{"href":"https:\/\/analyse.optim.biz\/index.php?rest_route=%2Fwp%2Fv2%2Fmedia&parent=1178777"}],"wp:term":[{"taxonomy":"category","embeddable":true,"href":"https:\/\/analyse.optim.biz\/index.php?rest_route=%2Fwp%2Fv2%2Fcategories&post=1178777"},{"taxonomy":"post_tag","embeddable":true,"href":"https:\/\/analyse.optim.biz\/index.php?rest_route=%2Fwp%2Fv2%2Ftags&post=1178777"}],"curies":[{"name":"wp","href":"https:\/\/api.w.org\/{rel}","templated":true}]}}