{"id":1174587,"date":"2018-12-11T09:11:01","date_gmt":"2018-12-11T06:11:01","guid":{"rendered":"https:\/\/analyse.optim.biz\/?p=1174587"},"modified":"2018-12-11T09:11:01","modified_gmt":"2018-12-11T06:11:01","slug":"lista-revendicarilor-vestelor-galbene-din-franta-incorect-politic","status":"publish","type":"post","link":"https:\/\/analyse.optim.biz\/?p=1174587","title":{"rendered":"Lista Revendic\u0103rilor Vestelor Galbene din Fran\u021ba &#8211; Incorect Politic"},"content":{"rendered":"<article class=\"post-listing post-15692 post type-post status-publish format-standard has-post-thumbnail  category-international category-stirea-zilei\" id=\"the-post\">\n<div class=\"post-inner\">\n<h1 class=\"name post-title entry-title\"><span>Lista Revendic\u0103rilor Vestelor Galbene din Fran\u021ba<\/span><\/h1>\n<div class=\"entry\">\n<p><strong>Incorect Politic<\/strong><br \/>\nDecembrie 11, 2018<\/p>\n<p><em>Via <a href=\"http:\/\/www.justitiarul.ro\/lista-revendicarilor-miscarii-vestele-galbene-din-franta\/\">Justi\u021biarul<\/a>:<\/em><\/p>\n<h4><a href=\"https:\/\/analyse.optim.biz\/wp-content\/uploads\/2025\/12\/paris-1-1-620x350-1.jpg\"><img loading=\"lazy\" decoding=\"async\" class=\"aligncenter wp-image-15694 size-full lazyload\" alt=\"Lista Revendic\u0103rilor Vestelor Galbene din Fran\u021ba\" width=\"620\" height=\"350\" src=\"https:\/\/analyse.optim.biz\/wp-content\/uploads\/2025\/12\/paris-1-1-620x350-1.jpg\" title=\"paris-1-1-620x350-1\"><img loading=\"lazy\" decoding=\"async\" class=\"aligncenter wp-image-15694 size-full\" src=\"https:\/\/analyse.optim.biz\/wp-content\/uploads\/2025\/12\/paris-1-1-620x350-1.jpg\" alt=\"Lista Revendic\u0103rilor Vestelor Galbene din Fran\u021ba\" width=\"620\" height=\"350\" data-eio=\"l\" title=\"paris-1-1-620x350-1\"><\/a><\/h4>\n<h4><span>Suveranitatea Fran\u021bei, FREXIT, ie\u0219irea imediat\u0103 din NATO \u0219i introducerea unei interdic\u021bii fa\u021b\u0103 de participarea trupelor franceze la r\u0103zboaie de agresiune, oprirea fluxurilor de imigran\u021bi imposibil de integrat sau g\u0103zduit, reforma fiscal\u0103, desfiin\u021barea monopolurilor bancare, rescrierea Constitu\u021biei, na\u021bionalizarea fostelor societ\u0103\u021bi ale statului, excluderea ideologiei din educa\u021bie, lichidarea monopolului \u00een mass-media \u0219i a concubinajului \u00eentre mass-media \u0219i politicieni<\/span><\/h4>\n<p><a href=\"https:\/\/analyse.optim.biz\/wp-content\/uploads\/2025\/12\/vestele-galbene-1.jpg\"><img loading=\"lazy\" decoding=\"async\" class=\"aligncenter wp-image-15693 size-full lazyload\" alt=\"Lista Revendic\u0103rilor Vestelor Galbene din Fran\u021ba\" width=\"696\" height=\"960\" src=\"https:\/\/analyse.optim.biz\/wp-content\/uploads\/2025\/12\/vestele-galbene-1.jpg\" title=\"vestele-galbene-1\"><\/a><\/p>\n<p><img loading=\"lazy\" decoding=\"async\" class=\"aligncenter wp-image-15693 size-full\" src=\"https:\/\/analyse.optim.biz\/wp-content\/uploads\/2025\/12\/vestele-galbene-1.jpg\" alt=\"Lista Revendic\u0103rilor Vestelor Galbene din Fran\u021ba\" width=\"696\" height=\"960\" data-eio=\"l\" title=\"vestele-galbene-1\"><\/p>\n<h4><strong>Economie\/munc\u0103<\/strong><\/h4>\n<p>\u2013 Convocarea unei adun\u0103ri na\u021bionale\u00a0generale\u00a0pentru reforma fiscal\u0103.\u00a0\u00censcrierea \u00een Constitu\u021bie a interdic\u021biei statului de a colecta impozite mai mari dec\u00eet\u00a025%\u00a0din\u00a0averea cet\u0103\u021beanului.<\/p>\n<p>\u2013 Cre\u0219terea imediat\u0103 a salariului minim, a pensiei \u0219i minimumul de existen\u021b\u0103 cu 40%.<\/p>\n<p>\u2013 Crearea\u00a0masiv\u0103 a\u00a0unor locuri de munc\u0103\u00a0\u00een sectorul public, pentru a restabili calitatea serviciilor publice, mai ales \u00een domeniile ce \u021bin de\u00a0 s\u0103n\u0103tate, educa\u021bie,\u00a0\u0219coli, servicii po\u0219tale.<\/p>\n<p>\u2013 Demararea\u00a0construc\u021biei a 5 milioane de locuin\u021be cu pre\u021buri accesibile.\u00a0\u00cen acest fel se va asigura\u00a0reducerea chiriei, a ipotecii \u0219i\u00a0vor fi\u00a0create\u00a0locuri de munc\u0103 \u00een industria construc\u021biilor. Pedepsirea strict\u0103 a prim\u0103riilor \u0219i administra\u021biilor regionale care las\u0103persoanele f\u0103r\u0103 ad\u0103post s\u0103 doarm\u0103 afar\u0103.<\/p>\n<p>\u2013 B\u0102NCI: reducerea dimensiunilor b\u0103ncilor\u00a0pentru a le proteja de criz\u0103,\u00a0desfiin\u021barea monopolurilor bancare.\u00a0Separarea depozitelor de tranzac\u021bii speculative.\u00a0Interzicerea \u201esalv\u0103rii\u201d b\u0103ncilor lipsite de lichiditate din banii contribuabililor.<\/p>\n<p>\u2013 Anularea datoriei interne. Aceast\u0103 datorie nu exist\u0103, ea a fost deja pl\u0103tit\u0103 de mai multe ori.<\/p>\n<h4><strong>Politic\u0103<\/strong><\/h4>\n<p>\u2013 Rescrierea Constitu\u021biei cu\u00a0participarea\u00a0cet\u0103\u021benilor\u00a0\u0219i\u00a0\u00een interesul poporului\u00a0suveran.Poporul trebuie s\u0103 aib\u0103 posibilitatea de a convoca referendumuri.<\/p>\n<p>\u2013 Interdic\u021bia practicilor\u00a0de lobby \u0219i\u00a0a altor re\u021bele\u00a0de influen\u021b\u0103.\u00a0Excluderea definitiv\u0103 din via\u021ba politic\u0103 a persoanelor cu cazier juridic. Interdic\u021bia practicii de cumulare a mandatelor (ocuparea simultan\u0103 a mai multe func\u021bii).<\/p>\n<p>\u2013 FREXIT. Ie\u0219irea din Uniunea European\u0103\u00a0\u0219i\u00a0\u00eentoarcerea suveranit\u0103\u021bii politice, financiare \u0219i economice\u00a0poporului francez\u00a0(aceasta a fost voin\u021ba poporului la referendumul din 2005).\u00a0Recuperarea dreptului de a ne bate\u00a0propria\u00a0moned\u0103\u00a0\u0219i ie\u0219irea din\u00a0articolul 123 alTratatului\u00a0de la Lisabona\u00a0(vom economisi peste 50 miliarde de euro anual).<\/p>\n<p>\u2013 EVAZIUNE FISCAL\u0102. \u00centoarcerea celor 80 de miliarde de euro pe care\u00a0statul le las\u0103 anul celor\u00a040 mai mari companii.<\/p>\n<p>\u2013 OPRIREA IMEDIAT\u0102 A PRIVATIZ\u0102RILOR \u0219i \u00eentoarcerea \u00een proprietatea statului ceea ce\u00a0a fost\u00a0deja privatizat: aeroporturi, c\u0103ile ferate \u0219i autostr\u0103zile, parc\u0103rile.<\/p>\n<p>\u2013 Scoaterea imediat\u0103 a radarelor \u0219i camerelor de pe drumuri. Acestea sunt inutile \u00een prevenirea accidentelor rutiere \u0219i nu sunt altceva dec\u00eet impozite mascate.<\/p>\n<p>\u2013 SISTEMUL NA\u021aIONAL DE \u00ceNV\u0102\u021a\u0102M\u00c2NT \u2013 excluderea ideologiei din educa\u021bie \u0219i reexaminarea critic\u0103 a metodologiilor destructive \u0219i discreditate.<\/p>\n<p>\u2013 \u00cen domeniul JUSTI\u021aIEI \u2013 cre\u0219terea bugetului\u00a0pentru justi\u021bie\u00a0de patru ori. Introducerea \u00een legisla\u021bie a timpului maxim de a\u0219teptare pentru procedurile juridice. Simplificarea sistemului judec\u0103toresc.\u00a0Justi\u021bie accesibil\u0103 \u0219i gratuit\u0103 pentru to\u021bi.<\/p>\n<p>\u2013 MASS-MEDIA. Lichidarea monopolului \u00een mass-media\u00a0\u0219i a\u00a0concubinajului\u00a0\u00eentre\u00a0mass-media \u0219i politicieni. Crearea unei prese publice \u0219i garantarea diversit\u0103\u021bii opiniilor. Interzicerea propagandei editoriale.\u00a0Anularea\u00a0subven\u021biilor pentru mass-media\u00a0(2 miliarde de euro pe an).\u00a0Anularea facilit\u0103\u021bilor\u00a0fiscale pentru jurnali\u0219ti.<\/p>\n<p>\u2013 Garantarea libert\u0103\u021bilor cet\u0103\u021benilor. Includerea \u00een constitu\u021bie a interdic\u021biei totale privind interven\u021bia statului \u00een educa\u021bie, s\u0103n\u0103tate, familie.<\/p>\n<h4><strong>S\u0103n\u0103tate\/Ecologie<\/strong><\/h4>\n<p>-Anularea obsolescen\u021bei programate. Obligarea, prin legisla\u021bie, a produc\u0103torilor de tehnologii s\u0103 prelungeasc\u0103 termenul de valabilitate la cel pu\u021bin 10 ani. Obligarea acestora s\u0103 de\u021bin\u0103 piese \u0219i detalii\u00a0de schimb.<\/p>\n<p>-PLASTIC:\u00a0s\u0103 fie interzis\u0103 comercializarea\u00a0m\u0103rfurilor\u00a0din plastic \u2013\u00a0butelii \u0219i alte ambalajecare polueaz\u0103 mediul.<\/p>\n<p>-Limitarea influen\u021bei companiilor farmaceutice asupra sistemului de s\u0103n\u0103tate. Organizarea unei adun\u0103ri na\u021bionale\u00a0privind reforma sistemului de s\u0103n\u0103tate.<\/p>\n<p>-AGRICULTURA. Interzicerea OMG-urilor,\u00a0a\u00a0pesticidelor\u00a0cancerigene, a perturbatorilor endocrinieni, a monoculturilor.<\/p>\n<p>-REINDUSTRIALIZAREA\u00a0Fran\u021bei\u00a0cu scopul de\u00a0a reduce importurile \u0219i deci \u0219i poluarea.<\/p>\n<h4><strong>\u00a0Geopolitic\u0103<\/strong><\/h4>\n<p>-Politic\u0103\u00a0extern\u0103: Ie\u0219irea imediat\u0103 din NATO\u00a0\u0219i introducerea unei interdic\u021bii fa\u021b\u0103 de participarea trupelor franceze la r\u0103zboaie de agresiune.<\/p>\n<p>-Rela\u021bia dintre Fran\u021ba \u0219i Africa:\u00a0\u00cencetarea\u00a0politicii de jaf\u00a0\u0219i a interven\u021biilor militare \u0219i politice.\u00a0Returnarea\u00a0banilor \u0219i averile dictatorilor, dob\u00e2ndi\u021bi \u00een mod necinstit, popoarelordin Africa. \u00centoarcerea imediat\u0103 \u00een \u021bar\u0103 a trupelor militare franceze\u00a0aflate pe continentul african.\u00a0Lichidarea sistemului\u00a0francul\u00a0CFA*\u00a0care\u00a0men\u021bine Africa \u00een s\u0103r\u0103cie.\u00a0Rela\u021biile cu Africa\u00a0trebuie s\u0103 fie de la egal\u00a0la egal.<\/p>\n<p>-Oprirea fluxurilor\u00a0de imigran\u021bi\u00a0imposibil de integrat sau g\u0103zduit, dat\u0103 fiind grava criz\u0103 de civiliza\u021bie pe care o tr\u0103im.<\/p>\n<p>-Politica extern\u0103. Respectarea\u00a0con\u0219tiincioas\u0103 a\u00a0dreptului\u00a0interna\u021bional\u00a0\u0219i aangajamentelor\u00a0semnate.<\/p>\n<p><em>Aceste 25 de revendic\u0103ri nu\u00a0vor\u00a0schimba\u00a0imediat via\u021ba de zi cu zi\u00a0a francezilor. Doar punctele\u00a09 \u0219i 10 vor aduce \u00een bugetul de stat 130 de miliarde de euro\u00a0pe an. Fran\u021ba este o \u021bar\u0103 bogat\u0103,\u00a0cu\u00a0oameni curajo\u0219i \u0219i harnici.<\/em><\/p>\n<p><em>Noi nu merit\u0103m s\u0103 tr\u0103im \u00een s\u0103r\u0103cie.<\/em><\/p>\n<p><strong>Not\u0103:<\/strong><\/p>\n<p>* Francul CFA \u2013\u00a0sistemul colonial care oblig\u0103 \u021b\u0103rile africane s\u0103 p\u0103streze rezervele valutare \u00een b\u0103nci franceze.<\/p>\n<p><strong>\u00a0 \u00a0 \u00a0 \u00a0 \u00a0 \u00a0 \u00a0 \u00a0 \u00a0 \u00a0 \u00a0 \u00a0 \u00a0 \u00a0 \u00a0 \u00a0 \u00a0 \u00a0 \u00a0 \u00a0 \u00a0 \u00a0 \u00a0 \u00a0 \u00a0 \u00a0 \u00a0 \u00a0 \u00a0 \u00a0 \u00a0 \u00a0Traducere: Sergiu Bejenari \u0219i\u00a0 Vitalie Spr\u00eencean\u0103<\/strong><\/p>\n<p><strong>Sursa: <a href=\"http:\/\/www.platzforma.md\/arhive\/386416\">PLATZFORMA<\/a><\/strong><\/p>\n<\/div>\n<div class=\"share-post\"><span class=\"share-text\">Share<\/span><\/p>\n<ul class=\"flat-social\">\n<li><a href=\"http:\/\/www.facebook.com\/sharer.php?u=https:\/\/www.incorectpolitic.com\/?p=15692\" class=\"social-facebook\" rel=\"external\" target=\"_blank\"><span>Facebook<\/span><\/a><\/li>\n<li><a href=\"https:\/\/twitter.com\/intent\/tweet?text=Lista+Revendic%C4%83rilor+Vestelor+Galbene+din+Fran%C8%9Ba&amp;url=https:\/\/www.incorectpolitic.com\/?p=15692\" class=\"social-twitter\" rel=\"external\" target=\"_blank\"><span>Twitter<\/span><\/a><\/li>\n<li><a href=\"http:\/\/pinterest.com\/pin\/create\/button\/?url=https:\/\/www.incorectpolitic.com\/?p=15692&amp;description=Lista+Revendic%C4%83rilor+Vestelor+Galbene+din+Fran%C8%9Ba&amp;media=https:\/\/www.incorectpolitic.com\/wp-content\/uploads\/2018\/12\/vestele-galbene-660x330.jpg\" class=\"social-pinterest\" rel=\"external\" target=\"_blank\"><span>Pinterest<\/span><\/a><\/li>\n<\/ul>\n<\/div>\n<\/div>\n<\/article>\n<p> Source URL: https:\/\/www.incorectpolitic.com\/lista-revendicarilor-vestelor-galbene-din-franta\/<\/p>\n","protected":false},"excerpt":{"rendered":"<p>Lista Revendic\u0103rilor Vestelor Galbene din Fran\u021ba Incorect Politic Decembrie 11, 2018 Via Justi\u021biarul: Suveranitatea Fran\u021bei, FREXIT, ie\u0219irea imediat\u0103 din NATO \u0219i introducerea unei interdic\u021bii fa\u021b\u0103 de participarea trupelor franceze la r\u0103zboaie de agresiune, oprirea fluxurilor de imigran\u021bi imposibil de integrat sau g\u0103zduit, reforma fiscal\u0103, desfiin\u021barea monopolurilor bancare, rescrierea Constitu\u021biei, na\u021bionalizarea fostelor societ\u0103\u021bi ale statului, excluderea [&hellip;]<\/p>\n","protected":false},"author":1,"featured_media":1174589,"comment_status":"open","ping_status":"","sticky":false,"template":"","format":"standard","meta":{"footnotes":""},"categories":[89],"tags":[95],"class_list":["post-1174587","post","type-post","status-publish","format-standard","has-post-thumbnail","hentry","category-romania","tag-incorectpolitic-com"],"_links":{"self":[{"href":"https:\/\/analyse.optim.biz\/index.php?rest_route=\/wp\/v2\/posts\/1174587","targetHints":{"allow":["GET"]}}],"collection":[{"href":"https:\/\/analyse.optim.biz\/index.php?rest_route=\/wp\/v2\/posts"}],"about":[{"href":"https:\/\/analyse.optim.biz\/index.php?rest_route=\/wp\/v2\/types\/post"}],"author":[{"embeddable":true,"href":"https:\/\/analyse.optim.biz\/index.php?rest_route=\/wp\/v2\/users\/1"}],"replies":[{"embeddable":true,"href":"https:\/\/analyse.optim.biz\/index.php?rest_route=%2Fwp%2Fv2%2Fcomments&post=1174587"}],"version-history":[{"count":0,"href":"https:\/\/analyse.optim.biz\/index.php?rest_route=\/wp\/v2\/posts\/1174587\/revisions"}],"wp:featuredmedia":[{"embeddable":true,"href":"https:\/\/analyse.optim.biz\/index.php?rest_route=\/wp\/v2\/media\/1174589"}],"wp:attachment":[{"href":"https:\/\/analyse.optim.biz\/index.php?rest_route=%2Fwp%2Fv2%2Fmedia&parent=1174587"}],"wp:term":[{"taxonomy":"category","embeddable":true,"href":"https:\/\/analyse.optim.biz\/index.php?rest_route=%2Fwp%2Fv2%2Fcategories&post=1174587"},{"taxonomy":"post_tag","embeddable":true,"href":"https:\/\/analyse.optim.biz\/index.php?rest_route=%2Fwp%2Fv2%2Ftags&post=1174587"}],"curies":[{"name":"wp","href":"https:\/\/api.w.org\/{rel}","templated":true}]}}