{"id":1174446,"date":"2016-07-03T15:27:16","date_gmt":"2016-07-03T12:27:16","guid":{"rendered":"https:\/\/analyse.optim.biz\/?p=1174446"},"modified":"2016-07-03T15:27:16","modified_gmt":"2016-07-03T12:27:16","slug":"camila-raznovich-festeggia-i-palinsesti-col-selfie-quasi-ose-foto","status":"publish","type":"post","link":"https:\/\/analyse.optim.biz\/?p=1174446","title":{"rendered":"Camila Raznovich festeggia i palinsesti col selfie &#8220;quasi os\u00e8&#8221; (Foto)"},"content":{"rendered":"<article id=\"post-376740\" class=\"post-376740 post type-post status-publish format-standard has-post-thumbnail hentry category-foto-del-secolo tag-instagram tag-rai tag-selfie tag-seno tag-tv\">\n<div>\n<figure class=\"evidence-wrapper\"><img loading=\"lazy\" decoding=\"async\" width=\"360\" height=\"358\" src=\"https:\/\/analyse.optim.biz\/wp-content\/uploads\/2025\/12\/camilacop-1.png\" class=\"attachment-single size-single wp-post-image\" alt=\"(Foto Instagram)\" title=\"(Foto Instagram)\"><figcaption class=\"evidence-caption\">(Foto Instagram)<\/figcaption><\/figure>\n<h1>Camila Raznovich festeggia i palinsesti col selfie \u201cquasi os\u00e8\u201d (Foto)<\/h1>\n<div class=\"info-condivisione\">\n<div>\n<p><span class=\"categoria\">Le Foto del Secolo<\/span><\/p>\n<p>\t\t\t\t\t &#8211; di <a href=\"https:\/\/www.secoloditalia.it\/author\/redazione\/\" title=\"Redazione\"><span class=\"autore\">Redazione<\/span><\/a> &#8211; <span class=\"data\">3 Luglio 2016<span> &#8211; AGGIORNATO 17 Marzo 2017 alle 19:05<\/span><\/span><\/p>\n<\/div>\n<\/div>\n<div class=\"contenuto\">\n<p>E\u2019 passata da Mtv alla Rai,\u00a0 da programmi \u201cleggeri\u201d ad altri molto seri. <strong>Camila Raznovich<\/strong>, quarantuno anni, conduttrice di \u201cAlle falde del Kilimangiaro\u201d non ha perso la sua vena sexy, come dimostra in questo suo ultimo post su <em>Instagram<\/em>. La conduttrice si \u00e8 scattata un selfie in treno nel quale mostra il suo generoso decollet\u00e9. Camila, mamma di due bambini, era sembrata molto in forma anche alla presentazione dei palinsesti Rai, coi quali \u00e8 stata confermata alla guida del programma che fu di <strong>Licia Col\u00f2<\/strong>. <em>(Foto Instagram)<\/em><\/p>\n<p>\u00a0<\/p>\n<div class=\"code-block code-block-6\"><\/div>\n<p>\t\t\t#gallery-1 {<br \/>\n\t\t\t\tmargin: auto;<br \/>\n\t\t\t}<br \/>\n\t\t\t#gallery-1 .gallery-item {<br \/>\n\t\t\t\tfloat: left;<br \/>\n\t\t\t\tmargin-top: 10px;<br \/>\n\t\t\t\ttext-align: center;<br \/>\n\t\t\t\twidth: 33%;<br \/>\n\t\t\t}<br \/>\n\t\t\t#gallery-1 img {<br \/>\n\t\t\t\tborder: 2px solid #cfcfcf;<br \/>\n\t\t\t}<br \/>\n\t\t\t#gallery-1 .gallery-caption {<br \/>\n\t\t\t\tmargin-left: 0;<br \/>\n\t\t\t}<br \/>\n\t\t\t\/* see gallery_shortcode() in wp-includes\/media.php *\/<\/p>\n<div id=\"gallery-1\" class=\"gallery galleryid-376740 gallery-columns-3 gallery-size-large\">\n<dl class=\"gallery-item\">\n<dt class=\"gallery-icon landscape\"><a href=\"https:\/\/www.secoloditalia.it\/2016\/07\/camila-raznovich-resta-suo-posto-in-rai-festeggia-cosi-foto\/camila1\/\"><img loading=\"lazy\" decoding=\"async\" width=\"640\" height=\"416\" src=\"https:\/\/analyse.optim.biz\/wp-content\/uploads\/2025\/12\/camila1.png\" class=\"attachment-large size-large\" alt=\"(Foto Instagram)\" aria-describedby=\"gallery-1-376741\" title=\"(Foto Instagram)\"><\/a><\/dt>\n<dd class=\"wp-caption-text gallery-caption\" id=\"gallery-1-376741\">\n\t\t\t\tUn selfie in treno. Camila ha un decollet\u00e8 molto generoso. (Foto Instagram)\n\t\t\t\t<\/dd>\n<\/dl>\n<dl class=\"gallery-item\">\n<dt class=\"gallery-icon landscape\"><a href=\"https:\/\/www.secoloditalia.it\/2016\/07\/camila-raznovich-resta-suo-posto-in-rai-festeggia-cosi-foto\/camilacop\/\"><img loading=\"lazy\" decoding=\"async\" width=\"581\" height=\"577\" src=\"https:\/\/analyse.optim.biz\/wp-content\/uploads\/2025\/12\/camilacop-1.png\" class=\"attachment-large size-large\" alt=\"(Foto Instagram)\" aria-describedby=\"gallery-1-376742\" title=\"(Foto Instagram)\"><\/a><\/dt>\n<dd class=\"wp-caption-text gallery-caption\" id=\"gallery-1-376742\">\n\t\t\t\t(Foto Instagram)\n\t\t\t\t<\/dd>\n<\/dl>\n<dl class=\"gallery-item\">\n<dt class=\"gallery-icon landscape\"><a href=\"https:\/\/www.secoloditalia.it\/2016\/07\/camila-raznovich-resta-suo-posto-in-rai-festeggia-cosi-foto\/camila2\/\"><img decoding=\"async\" loading=\"lazy\" width=\"640\" height=\"484\" src=\"https:\/\/analyse.optim.biz\/wp-content\/uploads\/2025\/12\/camila2.png\" class=\"attachment-large size-large\" alt=\"(Foto Instagram)\" aria-describedby=\"gallery-1-376743\" title=\"(Foto Instagram)\"><\/a><\/dt>\n<dd class=\"wp-caption-text gallery-caption\" id=\"gallery-1-376743\">\n\t\t\t\tAlla presentazione dei palinsesti: l\u2019ex veejay di Mtv resta alla guida del programma della domenica. (Foto Instagram)\n\t\t\t\t<\/dd>\n<\/dl>\n<p><\/p>\n<dl class=\"gallery-item\">\n<dt class=\"gallery-icon portrait\"><a href=\"https:\/\/www.secoloditalia.it\/2016\/07\/camila-raznovich-resta-suo-posto-in-rai-festeggia-cosi-foto\/camila4\/\"><img decoding=\"async\" loading=\"lazy\" width=\"478\" height=\"598\" src=\"https:\/\/analyse.optim.biz\/wp-content\/uploads\/2025\/12\/camila4.png\" class=\"attachment-large size-large\" alt=\"(Foto Instagram)\" aria-describedby=\"gallery-1-376745\" title=\"(Foto Instagram)\"><\/a><\/dt>\n<dd class=\"wp-caption-text gallery-caption\" id=\"gallery-1-376745\">\n\t\t\t\t(Foto Instagram)\n\t\t\t\t<\/dd>\n<\/dl>\n<dl class=\"gallery-item\">\n<dt class=\"gallery-icon landscape\"><a href=\"https:\/\/www.secoloditalia.it\/2016\/07\/camila-raznovich-resta-suo-posto-in-rai-festeggia-cosi-foto\/camila3\/\"><img decoding=\"async\" loading=\"lazy\" width=\"602\" height=\"602\" src=\"https:\/\/analyse.optim.biz\/wp-content\/uploads\/2025\/12\/camila3.png\" class=\"attachment-large size-large\" alt=\"(Foto Instagram)\" aria-describedby=\"gallery-1-376744\" title=\"(Foto Instagram)\"><\/a><\/dt>\n<dd class=\"wp-caption-text gallery-caption\" id=\"gallery-1-376744\">\n\t\t\t\tMamma di due figli, non ha mai rinunciato alla sua vena sexy. (Foto Instagram)\n\t\t\t\t<\/dd>\n<\/dl>\n<dl class=\"gallery-item\">\n<dt class=\"gallery-icon portrait\"><a href=\"https:\/\/www.secoloditalia.it\/2016\/07\/camila-raznovich-resta-suo-posto-in-rai-festeggia-cosi-foto\/camila5\/\"><img decoding=\"async\" loading=\"lazy\" width=\"528\" height=\"600\" src=\"https:\/\/analyse.optim.biz\/wp-content\/uploads\/2025\/12\/camila5.png\" class=\"attachment-large size-large\" alt=\"(Foto Instagram)\" aria-describedby=\"gallery-1-376746\" title=\"(Foto Instagram)\"><\/a><\/dt>\n<dd class=\"wp-caption-text gallery-caption\" id=\"gallery-1-376746\">\n\t\t\t\t(Foto Instagram)\n\t\t\t\t<\/dd>\n<\/dl>\n<p><\/p>\n<dl class=\"gallery-item\">\n<dt class=\"gallery-icon portrait\"><a href=\"https:\/\/www.secoloditalia.it\/2016\/07\/camila-raznovich-resta-suo-posto-in-rai-festeggia-cosi-foto\/camila6\/\"><img decoding=\"async\" loading=\"lazy\" width=\"592\" height=\"595\" src=\"https:\/\/analyse.optim.biz\/wp-content\/uploads\/2025\/12\/camila6.png\" class=\"attachment-large size-large\" alt=\"(Foto Instagram)\" aria-describedby=\"gallery-1-376747\" title=\"(Foto Instagram)\"><\/a><\/dt>\n<dd class=\"wp-caption-text gallery-caption\" id=\"gallery-1-376747\">\n\t\t\t\t(Foto Instagram)\n\t\t\t\t<\/dd>\n<\/dl>\n<dl class=\"gallery-item\">\n<dt class=\"gallery-icon portrait\"><a href=\"https:\/\/www.secoloditalia.it\/2016\/07\/camila-raznovich-resta-suo-posto-in-rai-festeggia-cosi-foto\/camila7\/\"><img decoding=\"async\" loading=\"lazy\" width=\"546\" height=\"602\" src=\"https:\/\/analyse.optim.biz\/wp-content\/uploads\/2025\/12\/camila7.png\" class=\"attachment-large size-large\" alt=\"(Foto Instagram)\" aria-describedby=\"gallery-1-376748\" title=\"(Foto Instagram)\"><\/a><\/dt>\n<dd class=\"wp-caption-text gallery-caption\" id=\"gallery-1-376748\">\n\t\t\t\tHa cominciato a lavorare in tv con Mtv. (Foto Instagram)\n\t\t\t\t<\/dd>\n<\/dl>\n<dl class=\"gallery-item\">\n<dt class=\"gallery-icon portrait\"><a href=\"https:\/\/www.secoloditalia.it\/2016\/07\/camila-raznovich-resta-suo-posto-in-rai-festeggia-cosi-foto\/camila8\/\"><img decoding=\"async\" loading=\"lazy\" width=\"552\" height=\"599\" src=\"https:\/\/analyse.optim.biz\/wp-content\/uploads\/2025\/12\/camila8.png\" class=\"attachment-large size-large\" alt=\"(Foto Instagram)\" aria-describedby=\"gallery-1-376749\" title=\"(Foto Instagram)\"><\/a><\/dt>\n<dd class=\"wp-caption-text gallery-caption\" id=\"gallery-1-376749\">\n\t\t\t\t(Foto Instagram)\n\t\t\t\t<\/dd>\n<\/dl>\n<p><\/p>\n<dl class=\"gallery-item\">\n<dt class=\"gallery-icon landscape\"><a href=\"https:\/\/www.secoloditalia.it\/2016\/07\/camila-raznovich-resta-suo-posto-in-rai-festeggia-cosi-foto\/camila9\/\"><img decoding=\"async\" loading=\"lazy\" width=\"599\" height=\"597\" src=\"https:\/\/analyse.optim.biz\/wp-content\/uploads\/2025\/12\/camila9.png\" class=\"attachment-large size-large\" alt=\"(Foto Instagram)\" aria-describedby=\"gallery-1-376750\" title=\"(Foto Instagram)\"><\/a><\/dt>\n<dd class=\"wp-caption-text gallery-caption\" id=\"gallery-1-376750\">\n\t\t\t\tIn spiaggia. (Foto Instagram)\n\t\t\t\t<\/dd>\n<\/dl>\n<p><\/div>\n<\/div>\n<div class=\"commentSectionContainer\">\n<p class=\"comments-title\">Non ci sono commenti, inizia una discussione<\/p>\n<\/div>\n<div id=\"comments\" class=\"comments-area closed\">\n<div id=\"respond\" class=\"comment-respond\">\n<h3 id=\"reply-title\" class=\"comment-reply-title\">Lascia un commento <small><a rel=\"nofollow\" id=\"cancel-comment-reply-link\" href=\"https:\/\/www.secoloditalia.it\/2016\/07\/camila-raznovich-resta-suo-posto-in-rai-festeggia-cosi-foto\/#respond\">Annulla risposta<\/a><\/small><\/h3>\n<p class=\"comment-notes\"><span id=\"email-notes\">Il tuo indirizzo email non sar\u00e0 pubblicato.<\/span><span class=\"required-field-message\">I campi obbligatori sono contrassegnati <span class=\"required\">*<\/span><\/span><\/p>\n<\/div>\n<\/div>\n<div class=\"autore\"><a href=\"https:\/\/www.secoloditalia.it\/author\/redazione\/\" title=\"Redazione\"><img decoding=\"async\" src=\"https:\/\/analyse.optim.biz\/wp-content\/uploads\/2025\/12\/87b799df5e076faadfbb71fdd5d68f2d-53.jpg\" class=\"avatar avatar-96 photo\" height=\"96\" width=\"96\" loading=\"lazy\" title=\"87b799df5e076faadfbb71fdd5d68f2d-53\"><\/a><\/div>\n<div>\n<div class=\"autore\">\n<p>\n\t\t\t\t\tdi <a href=\"https:\/\/www.secoloditalia.it\/author\/redazione\/\" title=\"Redazione\"><span class=\"autore\">Redazione<\/span><\/a><\/p>\n<\/div>\n<div class=\"info-condivisione bottom\">\n<div>\n<p><span class=\"data\">3 Luglio 2016<span> &#8211; AGGIORNATO 17 Marzo 2017 alle 19:05<\/span><\/span><\/p>\n<\/div>\n<\/div>\n<\/div>\n<div class=\"tags\">\n<ul>\n<li><a href=\"https:\/\/www.secoloditalia.it\/tag\/instagram\/\">Instagram<\/a><\/li>\n<li><a href=\"https:\/\/www.secoloditalia.it\/tag\/rai\/\">Rai<\/a><\/li>\n<li><a href=\"https:\/\/www.secoloditalia.it\/tag\/selfie\/\">selfie<\/a><\/li>\n<li><a href=\"https:\/\/www.secoloditalia.it\/tag\/seno\/\">seno<\/a><\/li>\n<li><a href=\"https:\/\/www.secoloditalia.it\/tag\/tv\/\">tv<\/a><\/li>\n<\/ul>\n<\/div>\n<\/div>\n<\/article>\n<p> Source URL: https:\/\/www.secoloditalia.it\/2016\/07\/camila-raznovich-resta-suo-posto-in-rai-festeggia-cosi-foto\/<\/p>\n","protected":false},"excerpt":{"rendered":"<p>(Foto Instagram) Camila Raznovich festeggia i palinsesti col selfie \u201cquasi os\u00e8\u201d (Foto) Le Foto del Secolo &#8211; di Redazione &#8211; 3 Luglio 2016 &#8211; AGGIORNATO 17 Marzo 2017 alle 19:05 E\u2019 passata da Mtv alla Rai,\u00a0 da programmi \u201cleggeri\u201d ad altri molto seri. Camila Raznovich, quarantuno anni, conduttrice di \u201cAlle falde del Kilimangiaro\u201d non ha [&hellip;]<\/p>\n","protected":false},"author":1,"featured_media":1174447,"comment_status":"open","ping_status":"","sticky":false,"template":"","format":"standard","meta":{"footnotes":""},"categories":[87],"tags":[123],"class_list":["post-1174446","post","type-post","status-publish","format-standard","has-post-thumbnail","hentry","category-italy","tag-secoloditalia-it"],"_links":{"self":[{"href":"https:\/\/analyse.optim.biz\/index.php?rest_route=\/wp\/v2\/posts\/1174446","targetHints":{"allow":["GET"]}}],"collection":[{"href":"https:\/\/analyse.optim.biz\/index.php?rest_route=\/wp\/v2\/posts"}],"about":[{"href":"https:\/\/analyse.optim.biz\/index.php?rest_route=\/wp\/v2\/types\/post"}],"author":[{"embeddable":true,"href":"https:\/\/analyse.optim.biz\/index.php?rest_route=\/wp\/v2\/users\/1"}],"replies":[{"embeddable":true,"href":"https:\/\/analyse.optim.biz\/index.php?rest_route=%2Fwp%2Fv2%2Fcomments&post=1174446"}],"version-history":[{"count":0,"href":"https:\/\/analyse.optim.biz\/index.php?rest_route=\/wp\/v2\/posts\/1174446\/revisions"}],"wp:featuredmedia":[{"embeddable":true,"href":"https:\/\/analyse.optim.biz\/index.php?rest_route=\/wp\/v2\/media\/1174447"}],"wp:attachment":[{"href":"https:\/\/analyse.optim.biz\/index.php?rest_route=%2Fwp%2Fv2%2Fmedia&parent=1174446"}],"wp:term":[{"taxonomy":"category","embeddable":true,"href":"https:\/\/analyse.optim.biz\/index.php?rest_route=%2Fwp%2Fv2%2Fcategories&post=1174446"},{"taxonomy":"post_tag","embeddable":true,"href":"https:\/\/analyse.optim.biz\/index.php?rest_route=%2Fwp%2Fv2%2Ftags&post=1174446"}],"curies":[{"name":"wp","href":"https:\/\/api.w.org\/{rel}","templated":true}]}}