{"id":117204,"date":"2018-05-28T14:41:48","date_gmt":"2018-05-28T11:41:48","guid":{"rendered":"https:\/\/analyse.optim.biz\/?p=117204"},"modified":"2018-05-28T14:41:48","modified_gmt":"2018-05-28T11:41:48","slug":"ludovic-orban-mitinguri-de-sustinere-ale-unui-partid-de-guvernamant-am-vazut-doar-in-regimuri-totalitare","status":"publish","type":"post","link":"https:\/\/analyse.optim.biz\/?p=117204","title":{"rendered":"Ludovic Orban: Mitinguri de sus\u021binere ale unui partid de guvern\u0103m\u00e2nt am v\u0103zut doar \u00een regimuri totalitare"},"content":{"rendered":"<div class=\"entry data-app-meta data-app-meta-article\" data-embed-base-url-canonical=\"https:\/\/www.digi24.ro\/embed\/stiri\/actualitate\/politica\/ludovic-orban-mitinguri-de-sustinere-ale-unui-partid-de-guvernamant-am-vazut-doar-in-regimuri-totalitare-937521\">\n<p data-index=\"1\"><span lang=\"ro-RO\"><strong>Pre\u0219edintele PNL spune c\u0103<a href=\"https:\/\/www.digi24.ro\/stiri\/actualitate\/politica\/psd-anunta-manifestatie-pro-guvern-cu-cel-putin-60-000-de-oameni-pe-9-iunie-937466\" target=\"_blank\" rel=\"noopener\" data-skip-linkfix=\"1\"> mitingul anun\u021bat de PSD pentru 9 iunie<\/a> nu o va ajuta pe Viorica D\u0103ncil\u0103. \u00cen schimb, Ludovic Orban afirm\u0103 c\u0103 nu vede motive pentru ca rom\u00e2nii s\u0103 participe la aceast\u0103 manifesta\u021bie, d\u00e2nd ca exemple \u00eenr\u0103ut\u0103\u021birea situa\u021biei economice \u0219i acuz\u00e2nd minciunile din campania electoral\u0103.<\/strong><\/span><\/p>\n<p data-index=\"2\">\u201e<span lang=\"ro-RO\">Eu n-am mai v\u0103zut mitinguri de sus\u021binere a unui partid de guvern\u0103m\u00e2nt dec\u00e2t \u00een regimurile totalitare. \u00cen democra\u021bie nu-mi aduc aminte ca un partid de guvern\u0103m\u00e2nt s\u0103 organizeze mitinguri de sus\u021binere pentru Guvern. Nu v\u0103d cine ar putea s\u0103 vin\u0103. Func\u021bionarii publici, c\u0103rora li s-a promis cre\u0219terea salariului cu 25 la sut\u0103 \u0219i c\u0103rora li s-a majorat salariile cu maxim 4 la sut\u0103? Proprietarii de terenuri agricole, care au fost min\u021bi\u021bi c\u0103 vor avea zero impozit \u0219i care pl\u0103tesc \u00een continuare impozit? Ac\u021bionarii la companii c\u0103rora li s-a promis zero impozit la dividente \u0219i nu numai c\u0103 nu s-a redus, ci s-a ad\u0103ugat \u0219i contribu\u021bia pentru asigur\u0103rile de s\u0103n\u0103tate de 10%? S\u0103 vin\u0103 pensionarii, c\u0103rora nu li s-a majorat punctul de pensie cu 8% la c\u00e2t ar fi avut dreptul de la 1 ianuarie 2018? Angaja\u021bii din mediul privat, c\u0103rora transferul contribu\u021biilor le-a afectat veniturile? Popula\u021bia, c\u0103reia i-a sc\u0103zut puterea de cump\u0103rare? Cei care au credite \u0219i c\u0103rora le-au crescut ratele ca urmare a cre\u0219terii ROBOR? Tot rom\u00e2nii c\u0103rora le-a sc\u0103zut puterea de cump\u0103rare ca urmare a cre\u0219terii infla\u021biei de la 0,2% la 5,2%?\u201d, a spus Ludovic Orban, \u00eentr-o interven\u021bie telefonic\u0103 la Digi24.<\/span><\/p>\n<p data-index=\"3\"><span lang=\"ro-RO\">\u201eM\u0103 cam \u00eendoiesc c\u0103 oamenii ar avea motive s\u0103 vin\u0103 la un miting de sus\u021binere a guvernului PSD-ALDE\u201d, a ad\u0103ugat liderul PNL. <\/span><\/p>\n<p data-index=\"4\"><span lang=\"ro-RO\">\u00cen replic\u0103, pre\u0219edintele PSD Maramure\u0219, Gabriel Zetea, a precizat c\u0103 motivele acestui miting sunt cererile repetate de demisie venite din partea pre\u0219edintelui Klaus Iohannis c\u0103tre Viorica D\u0103ncil\u0103, dar \u0219i pl\u00e2ngerea lui Ludovic Orban pe numele premierului \u0219i a liderului PSD Liviu Dragnea.<\/span><\/p>\n<p data-index=\"5\"><span lang=\"ro-RO\">\u201eE un atac concentrat din partea tuturor for\u021belor din opozi\u021bie. PSD apeleaz\u0103 la popula\u021bie pentru c\u0103 noi suntem un partid care iube\u0219te democra\u021bia \u00een \u021bara asta\u201d, a subliniat el.<\/span><\/p>\n<p data-index=\"6\">\u201e<span lang=\"ro-RO\">Dup\u0103 mine este din ce \u00een ce mai evident c\u0103 guvernul PSD-ALDE nu este \u00een favoarea cet\u0103\u021beanului \u0219i este \u00een defensiv\u0103, este din ce \u00een ce mai clar c\u0103 PSD vrea s\u0103 captureze statul rom\u00e2n \u0219i nicidecum s\u0103 \u00eembun\u0103t\u0103\u021beasc\u0103 via\u021ba rom\u00e2nilor\u201d, a completat Ludovic Orban.<\/span><\/p>\n<p data-index=\"7\">\u00a0<\/p>\n<\/div>\n<p> Source URL: https:\/\/www.digi24.ro\/stiri\/actualitate\/politica\/ludovic-orban-mitinguri-de-sustinere-ale-unui-partid-de-guvernamant-am-vazut-doar-in-regimuri-totalitare-937521<\/p>\n","protected":false},"excerpt":{"rendered":"<p>Pre\u0219edintele PNL spune c\u0103 mitingul anun\u021bat de PSD pentru 9 iunie nu o va ajuta pe Viorica D\u0103ncil\u0103. \u00cen schimb, Ludovic Orban afirm\u0103 c\u0103 nu vede motive pentru ca rom\u00e2nii s\u0103 participe la aceast\u0103 manifesta\u021bie, d\u00e2nd ca exemple \u00eenr\u0103ut\u0103\u021birea situa\u021biei economice \u0219i acuz\u00e2nd minciunile din campania electoral\u0103. \u201eEu n-am mai v\u0103zut mitinguri de sus\u021binere a [&hellip;]<\/p>\n","protected":false},"author":1,"featured_media":117205,"comment_status":"open","ping_status":"","sticky":false,"template":"","format":"standard","meta":{"footnotes":""},"categories":[2],"tags":[11],"class_list":["post-117204","post","type-post","status-publish","format-standard","has-post-thumbnail","hentry","category-politics","tag-digi24"],"_links":{"self":[{"href":"https:\/\/analyse.optim.biz\/index.php?rest_route=\/wp\/v2\/posts\/117204","targetHints":{"allow":["GET"]}}],"collection":[{"href":"https:\/\/analyse.optim.biz\/index.php?rest_route=\/wp\/v2\/posts"}],"about":[{"href":"https:\/\/analyse.optim.biz\/index.php?rest_route=\/wp\/v2\/types\/post"}],"author":[{"embeddable":true,"href":"https:\/\/analyse.optim.biz\/index.php?rest_route=\/wp\/v2\/users\/1"}],"replies":[{"embeddable":true,"href":"https:\/\/analyse.optim.biz\/index.php?rest_route=%2Fwp%2Fv2%2Fcomments&post=117204"}],"version-history":[{"count":0,"href":"https:\/\/analyse.optim.biz\/index.php?rest_route=\/wp\/v2\/posts\/117204\/revisions"}],"wp:featuredmedia":[{"embeddable":true,"href":"https:\/\/analyse.optim.biz\/index.php?rest_route=\/wp\/v2\/media\/117205"}],"wp:attachment":[{"href":"https:\/\/analyse.optim.biz\/index.php?rest_route=%2Fwp%2Fv2%2Fmedia&parent=117204"}],"wp:term":[{"taxonomy":"category","embeddable":true,"href":"https:\/\/analyse.optim.biz\/index.php?rest_route=%2Fwp%2Fv2%2Fcategories&post=117204"},{"taxonomy":"post_tag","embeddable":true,"href":"https:\/\/analyse.optim.biz\/index.php?rest_route=%2Fwp%2Fv2%2Ftags&post=117204"}],"curies":[{"name":"wp","href":"https:\/\/api.w.org\/{rel}","templated":true}]}}