{"id":117193,"date":"2018-05-28T15:30:48","date_gmt":"2018-05-28T12:30:48","guid":{"rendered":"https:\/\/analyse.optim.biz\/?p=117193"},"modified":"2018-05-28T15:30:48","modified_gmt":"2018-05-28T12:30:48","slug":"senator-psd-sustin-mitingul-daca-asa-a-decis-conducerea-partidului","status":"publish","type":"post","link":"https:\/\/analyse.optim.biz\/?p=117193","title":{"rendered":"Senator PSD: \u201eSus\u021bin mitingul, dac\u0103 a\u0219a a decis conducerea partidului\u201d"},"content":{"rendered":"<div class=\"entry data-app-meta data-app-meta-article\" data-embed-base-url-canonical=\"https:\/\/www.digi24.ro\/embed\/stiri\/actualitate\/politica\/senator-psd-sustin-mitingul-daca-asa-a-decis-conducerea-partidului-937545\">\n<p data-index=\"1\"><strong>Senatorul PSD Daniel Breaz spune c\u0103 membrii PSD vor respecta decizia conducerii partidului de a organiza un miting de sus\u021binere a guvernului D\u0103ncil\u0103 \u0219i c\u0103 se vor mobiliza pentru a scoate c\u00e2\u021bi mai mul\u021bi oameni \u00een strad\u0103. Senatorul afirm\u0103 c\u0103 cel mai mare pericol pentru PSD este opozi\u021bia \u0219i pre\u0219edintele Klaus Iohannis, dar spune apoi c\u0103 este convins c\u0103 partidul s\u0103u nu va pierde puterea \u00een urm\u0103torii ani, pentru c\u0103 nu are cine s\u0103 o preia.\u00a0<\/strong><\/p>\n<p data-index=\"2\"><em>Era nevoie de miting?<\/em><\/p>\n<p data-index=\"3\"><strong>Daniel Breaz, senator PSD:<\/strong>\u00a0Dac\u0103 a\u0219a a decis conducerea partidului, evident c\u0103 sus\u021bin \u0219i eu acest miting. V\u0103d c\u0103 sunt anumite pozi\u021bii, a pre\u0219edintelui Rom\u00e2niei care, p\u0103rerea mea, ar trebui s\u0103 aib\u0103 alte preocup\u0103ri fa\u021b\u0103 de \u021bar\u0103 \u0219i, mai nou, \u00eel v\u0103d \u0219i pe pre\u0219edintele PNL Ludovic Orban c\u0103 face pl\u00e2ngeri penale. Mai bine s-ar ocupa de partidul lui, c\u0103 la anul sunt alegeri.<\/p>\n<p data-index=\"4\">Nu \u0219tiu de ce sunt at\u00e2t de multe acuze, este o guvernare care p\u00e2n\u0103 acum \u0219i-a \u00eendeplinit obiectivele. Au fost anumite sincope, au fost corectate, mergem mai departe, toate lucrurile func\u021bioneaz\u0103 bine.<\/p>\n<p data-index=\"5\">Sus\u021bin mitingul, dac\u0103 a\u0219a a decis conducerea partidului. Sunt convins c\u0103 or s\u0103 ias\u0103 \u0219i cet\u0103\u021beni care nu au leg\u0103tur\u0103 cu PSD, dar care sunt mul\u021bumi\u021bi de ce s-a \u00eent\u00e2mplat. Sus\u021bin guvernarea D\u0103ncil\u0103, o sus\u021bin pe doamna premier, guvernarea merge bine \u0219i nu sunt argumente care s\u0103 spun\u0103 s-a gre\u0219it, s-a f\u0103cut altceva. Toate acuzele sunt puerile \u0219i le-a\u0219 sugera celor care le fac s\u0103 se ocupe de pozi\u021biile pe care le au cel pu\u021bin la fel de bine cum face D\u0103ncil\u0103.<\/p>\n<p data-index=\"6\"><em>Care este cea mai mare amenin\u021bare la adresa guvern\u0103rii?<\/em><\/p>\n<p data-index=\"7\"><strong>Daniel Breaz, senator PSD:<\/strong> Cea mai mare amenin\u021bare vine din partea opozi\u021biei, din partea pre\u0219edintelui PNL, care face pl\u00e2ngeri penale, \u0219i din partea pre\u0219edintelui, care transmite la CCR tot ce se voteaz\u0103 \u00een Parlament.<\/p>\n<p data-index=\"8\"><em>Crede\u021bi c\u0103 se vor mobiliza colegii?<\/em><\/p>\n<p data-index=\"9\"><strong>Daniel Breaz, senator PSD:<\/strong> Dac\u0103 trebuie s\u0103 ne mobiliz\u0103m, cu siguran\u021b\u0103 ne vom mobiliza, atunci c\u00e2nd se va stabili o dat\u0103. Avem ce s\u0103 scoatem \u00een fa\u021b\u0103, nu ne l\u0103s\u0103m ataca\u021bi f\u0103r\u0103 nicio sus\u021binere logic\u0103. Dac\u0103 trebuie s\u0103 facem \u0219i un miting pentru a sus\u021bine guvernul, vom face \u0219i acest lucru.<\/p>\n<p data-index=\"10\">Senatorul se declar\u0103 convins \u0219i de faptul c\u0103 PSD va mai c\u00e2\u0219tiga \u00eenc\u0103 o dat\u0103 alegerile parlamentare, pentru c\u0103 \u201enu are cine s\u0103 ia guvernarea \u00een momentul de fa\u021b\u0103\u201d.<\/p>\n<p data-index=\"11\"><em>\u201eNoi, ca partid, sunt sigur c\u0103 vom mai avea \u00eenc\u0103 4 ani de zile pentru o guvernare, pe care nu prea are cine s-o ia \u00een momentul de fa\u021b\u0103, f\u0103r\u0103 program de guvernare, doar cu scandaluri\u201d,<\/em> a mai ad\u0103ugat Breaz.<\/p>\n<p data-index=\"12\"><strong><span lang=\"ro-RO\">PSD a decis s\u0103 organizeze <a href=\"https:\/\/www.digi24.ro\/stiri\/actualitate\/politica\/psd-anunta-manifestatie-pro-guvern-cu-cel-putin-60-000-de-oameni-pe-9-iunie-937466\" data-skip-linkfix=\"1\">un miting pentru sus\u0163inerea premierului Viorica D\u0103ncil\u0103<\/a>. A fost stabilit\u0103 \u015fi data manifesta\u0163iei, \u00een mod neoficial: 9 iunie. Urmeaz\u0103 ca zilele urm\u0103toare s\u0103 fie f\u0103cut anun\u021bul de c\u0103tre Liviu Dragnea.<\/span><\/strong><\/p>\n<figure>\n<div class=\"img-responsive img-responsive-16by9\">\u00a0<\/div>\n<\/figure>\n<\/div>\n<p> Source URL: https:\/\/www.digi24.ro\/stiri\/actualitate\/politica\/senator-psd-sustin-mitingul-daca-asa-a-decis-conducerea-partidului-937545<\/p>\n","protected":false},"excerpt":{"rendered":"<p>Senatorul PSD Daniel Breaz spune c\u0103 membrii PSD vor respecta decizia conducerii partidului de a organiza un miting de sus\u021binere a guvernului D\u0103ncil\u0103 \u0219i c\u0103 se vor mobiliza pentru a scoate c\u00e2\u021bi mai mul\u021bi oameni \u00een strad\u0103. Senatorul afirm\u0103 c\u0103 cel mai mare pericol pentru PSD este opozi\u021bia \u0219i pre\u0219edintele Klaus Iohannis, dar spune apoi [&hellip;]<\/p>\n","protected":false},"author":1,"featured_media":117194,"comment_status":"open","ping_status":"","sticky":false,"template":"","format":"standard","meta":{"footnotes":""},"categories":[2],"tags":[11],"class_list":["post-117193","post","type-post","status-publish","format-standard","has-post-thumbnail","hentry","category-politics","tag-digi24"],"_links":{"self":[{"href":"https:\/\/analyse.optim.biz\/index.php?rest_route=\/wp\/v2\/posts\/117193","targetHints":{"allow":["GET"]}}],"collection":[{"href":"https:\/\/analyse.optim.biz\/index.php?rest_route=\/wp\/v2\/posts"}],"about":[{"href":"https:\/\/analyse.optim.biz\/index.php?rest_route=\/wp\/v2\/types\/post"}],"author":[{"embeddable":true,"href":"https:\/\/analyse.optim.biz\/index.php?rest_route=\/wp\/v2\/users\/1"}],"replies":[{"embeddable":true,"href":"https:\/\/analyse.optim.biz\/index.php?rest_route=%2Fwp%2Fv2%2Fcomments&post=117193"}],"version-history":[{"count":0,"href":"https:\/\/analyse.optim.biz\/index.php?rest_route=\/wp\/v2\/posts\/117193\/revisions"}],"wp:featuredmedia":[{"embeddable":true,"href":"https:\/\/analyse.optim.biz\/index.php?rest_route=\/wp\/v2\/media\/117194"}],"wp:attachment":[{"href":"https:\/\/analyse.optim.biz\/index.php?rest_route=%2Fwp%2Fv2%2Fmedia&parent=117193"}],"wp:term":[{"taxonomy":"category","embeddable":true,"href":"https:\/\/analyse.optim.biz\/index.php?rest_route=%2Fwp%2Fv2%2Fcategories&post=117193"},{"taxonomy":"post_tag","embeddable":true,"href":"https:\/\/analyse.optim.biz\/index.php?rest_route=%2Fwp%2Fv2%2Ftags&post=117193"}],"curies":[{"name":"wp","href":"https:\/\/api.w.org\/{rel}","templated":true}]}}