{"id":117182,"date":"2018-05-28T15:44:27","date_gmt":"2018-05-28T12:44:27","guid":{"rendered":"https:\/\/analyse.optim.biz\/?p=117182"},"modified":"2018-05-28T15:44:27","modified_gmt":"2018-05-28T12:44:27","slug":"deputat-al-opozitiei-mitingurile-de-sustinere-sunt-mitinguri-pe-care-le-am-mai-vazut-pe-vremea-lui-ceausescu","status":"publish","type":"post","link":"https:\/\/analyse.optim.biz\/?p=117182","title":{"rendered":"Deputat al opozi\u021biei: \u201eMitingurile de sus\u021binere sunt mitinguri pe care le-am mai v\u0103zut pe vremea lui Ceau\u0219escu\u201d"},"content":{"rendered":"<div class=\"entry data-app-meta data-app-meta-article\" data-embed-base-url-canonical=\"https:\/\/www.digi24.ro\/embed\/stiri\/actualitate\/politica\/deputat-al-opozitiei-mitingurile-de-sustinere-sunt-mitinguri-pe-care-le-am-mai-vazut-pe-vremea-lui-ceausescu-937554\">\n<p data-index=\"1\"><strong>Deputatul PNL Dan V\u00eelceanu este de p\u0103rere c\u0103 ideea organiz\u0103rii de c\u0103tre PSD a unui miting de amploare pentru sus\u021binerea guvernului D\u0103ncil\u0103 este o idee \u201eridicol\u0103\u201d, ca \u201dpe vremea lui Ceau\u0219escu\u201d \u0219i acuz\u0103 partidul aflat la putere c\u0103 nu se preocup\u0103 s\u0103 \u00ee\u0219i \u00eendeplineasc\u0103 promisiunile f\u0103cute cet\u0103\u021benilor \u00een timpul campaniei electorale.<\/strong><\/p>\n<p data-index=\"2\">Cite\u0219te \u0219i <a href=\"https:\/\/www.digi24.ro\/stiri\/actualitate\/politica\/senator-psd-sustin-mitingul-daca-asa-a-decis-conducerea-partidului-937545\" data-skip-linkfix=\"1\"><strong>r\u0103spunsul lui Daniel Breaz, senator PSD, la ideea organiz\u0103rii unui miting pentru sus\u021binerea lui D\u0103ncil\u0103<\/strong><\/a><\/p>\n<p data-index=\"3\"><strong>Dan V\u00eelceanu, deputat PNL:<\/strong>\u00a0\u201eEu n-am mai auzit \u00een via\u021ba mea o idee mai ridicol\u0103. Mitingurile de sus\u021binere sunt mitinguri pe care le-am mai v\u0103zut pe vremea lui Ceau\u0219escu. P\u00e2n\u0103 atunci, avem un partid care ar trebui s\u0103 guverneze, dar care a generat nemul\u021bumiri \u0219i care ar trebui s\u0103 \u00eendure mitinguri \u00eempotriva m\u0103surilor luate.<\/p>\n<p data-index=\"4\">Nu po\u021bi s\u0103 faci un miting de sus\u021binere a guvernului \u0219i, practic, \u00eempotriva opozi\u021biei. A\u0219a ceva este de domeniul unei min\u021bi bolnave. C\u00e2nd \u00eel aud pe Breaz c\u0103 este de acord s\u0103 participe la un miting care s\u0103 sus\u021bin\u0103 un prim-ministru, om persoan\u0103 analfabet\u0103, este de-a dreptul incredibil.<\/p>\n<p data-index=\"5\">Mi s-a parut c\u0103 Breaz recit\u0103 mai devreme sau c\u0103 cite\u0219te de pe foaie. Devine totul ridicol. Avem un guvern, exist\u0103 un site specializat \u00een promisiuni guvernamentale realizate: 14-15%. \u0218i PSD se g\u00e2nde\u0219te s\u0103 fac\u0103 un miting de sus\u021binere a lui D\u0103ncil\u0103. Mi se pare c\u0103 suntem pe vremea lui Ceau\u0219escu, c\u00e2nd erau chema\u021bi oamenii din fabrici \u0219i uzine.\u201d<\/p>\n<p data-index=\"6\"><em>Crede\u021bi c\u0103 \u00een acest moment opozi\u021bia s-ar putea organiza?<\/em><\/p>\n<p data-index=\"7\"><strong>Dan V\u00eelceanu, deputat PNL:<\/strong>\u00a0\u201eEu v\u0103 spun c\u0103 nu trebuie s\u0103 facem contramanifesta\u021bii. Eu zic c\u0103 trebuie s\u0103 \u00eei l\u0103s\u0103m s\u0103-i vad\u0103 lumea \u00een toat\u0103 splendoarea lor.\u201d<\/p>\n<\/div>\n<p> Source URL: https:\/\/www.digi24.ro\/stiri\/actualitate\/politica\/deputat-al-opozitiei-mitingurile-de-sustinere-sunt-mitinguri-pe-care-le-am-mai-vazut-pe-vremea-lui-ceausescu-937554<\/p>\n","protected":false},"excerpt":{"rendered":"<p>Deputatul PNL Dan V\u00eelceanu este de p\u0103rere c\u0103 ideea organiz\u0103rii de c\u0103tre PSD a unui miting de amploare pentru sus\u021binerea guvernului D\u0103ncil\u0103 este o idee \u201eridicol\u0103\u201d, ca \u201dpe vremea lui Ceau\u0219escu\u201d \u0219i acuz\u0103 partidul aflat la putere c\u0103 nu se preocup\u0103 s\u0103 \u00ee\u0219i \u00eendeplineasc\u0103 promisiunile f\u0103cute cet\u0103\u021benilor \u00een timpul campaniei electorale. Cite\u0219te \u0219i r\u0103spunsul lui [&hellip;]<\/p>\n","protected":false},"author":1,"featured_media":117183,"comment_status":"open","ping_status":"","sticky":false,"template":"","format":"standard","meta":{"footnotes":""},"categories":[2],"tags":[11],"class_list":["post-117182","post","type-post","status-publish","format-standard","has-post-thumbnail","hentry","category-politics","tag-digi24"],"_links":{"self":[{"href":"https:\/\/analyse.optim.biz\/index.php?rest_route=\/wp\/v2\/posts\/117182","targetHints":{"allow":["GET"]}}],"collection":[{"href":"https:\/\/analyse.optim.biz\/index.php?rest_route=\/wp\/v2\/posts"}],"about":[{"href":"https:\/\/analyse.optim.biz\/index.php?rest_route=\/wp\/v2\/types\/post"}],"author":[{"embeddable":true,"href":"https:\/\/analyse.optim.biz\/index.php?rest_route=\/wp\/v2\/users\/1"}],"replies":[{"embeddable":true,"href":"https:\/\/analyse.optim.biz\/index.php?rest_route=%2Fwp%2Fv2%2Fcomments&post=117182"}],"version-history":[{"count":0,"href":"https:\/\/analyse.optim.biz\/index.php?rest_route=\/wp\/v2\/posts\/117182\/revisions"}],"wp:featuredmedia":[{"embeddable":true,"href":"https:\/\/analyse.optim.biz\/index.php?rest_route=\/wp\/v2\/media\/117183"}],"wp:attachment":[{"href":"https:\/\/analyse.optim.biz\/index.php?rest_route=%2Fwp%2Fv2%2Fmedia&parent=117182"}],"wp:term":[{"taxonomy":"category","embeddable":true,"href":"https:\/\/analyse.optim.biz\/index.php?rest_route=%2Fwp%2Fv2%2Fcategories&post=117182"},{"taxonomy":"post_tag","embeddable":true,"href":"https:\/\/analyse.optim.biz\/index.php?rest_route=%2Fwp%2Fv2%2Ftags&post=117182"}],"curies":[{"name":"wp","href":"https:\/\/api.w.org\/{rel}","templated":true}]}}