{"id":117113,"date":"2018-05-30T10:59:08","date_gmt":"2018-05-30T07:59:08","guid":{"rendered":"https:\/\/analyse.optim.biz\/?p=117113"},"modified":"2018-05-30T10:59:08","modified_gmt":"2018-05-30T07:59:08","slug":"viorica-dancila-despre-motiunea-de-cenzura-nu-am-nicio-emotie","status":"publish","type":"post","link":"https:\/\/analyse.optim.biz\/?p=117113","title":{"rendered":"Viorica D\u0103ncil\u0103, despre mo\u021biunea de cenzur\u0103: Nu am nicio emo\u0163ie"},"content":{"rendered":"<div class=\"entry data-app-meta data-app-meta-article\" data-embed-base-url-canonical=\"https:\/\/www.digi24.ro\/embed\/stiri\/actualitate\/politica\/viorica-dancila-despre-motiunea-de-cenzura-nu-am-nicio-emotie-938463\">\n<p data-index=\"1\"><strong>Premierul Viorica D\u0103ncil\u0103 spune c\u0103 nu are \u201enicio emo\u0163ie\u201d \u00een ceea ce prive\u015fte mo\u0163iunea de cenzur\u0103 anun\u0163at\u0103 de PNL, av\u00e2nd \u00eencredere \u00een colegii s\u0103i parlamentari. De asemenea, \u00eentrebat\u0103 despre parlamentarii pleca\u0163i din PSD c\u0103tre partidul lui Victor Ponta, D\u0103ncil\u0103 a spus c\u0103 \u201eo s\u0103 \u00eei judece rom\u00e2nii\u201d.<\/strong><\/p>\n<figure class=\"article-thumb\"><img decoding=\"async\" src=\"https:\/\/analyse.optim.biz\/wp-content\/uploads\/2024\/09\/ad05njhkmjcxzjiznzjkymi4zjg2oteyytgyntgwmzq3za-thumb_.jpg\" alt=\"180530_STATIE_POMPARE_12_INQUAM_Photos_George_Calin\" data-skip-htmlfix=\"1\" title=\"ad05njhkmjcxzjiznzjkymi4zjg2oteyytgyntgwmzq3za-thumb_\"><figcaption> Foto: InquamPhotos\/George C\u0103lin <\/figcaption><\/figure>\n<p data-index=\"2\">\u201eNu am nicio emo\u0163ie, cred \u00een colegii parlamentari, cred \u00een votul rom\u00e2nilor \u015fi cred c\u0103 atunci c\u00e2nd vorbim despre democra\u0163ie trebuie s\u0103 avem \u00een vedere \u00een primul r\u00e2nd votul rom\u00e2nilor, care au votat o coali\u0163ie de guvernare, care au desemnat un guvern care trebuie s\u0103 pun\u0103 \u00een aplicare programul de guvernare. Nu am emo\u0163ii\u201d, a spus D\u0103ncil\u0103, \u00eentrebat\u0103 dac\u0103 are emo\u0163ii privind mo\u0163iunea de cenzur\u0103 anun\u0163at\u0103 de PNL, potrivit News.ro.<\/p>\n<p data-index=\"3\">\u00centrebat\u0103 despre parlamentarii care au plecat din PSD la partidul fondat de Victor Ponta, D\u0103ncil\u0103 a r\u0103spuns: \u201eNu vreau s\u0103 vorbesc despre plec\u0103rile din PSD, o s\u0103-i judece rom\u00e2nii, nu vreau s\u0103 ii judec eu\u201d.<\/p>\n<p data-index=\"4\">Ea a f\u0103cut aceste declara\u0163ii \u00een jude\u0163ul Vrancea, unde, al\u0103turi de ministrul Agriculturii, Petre Daea, particip\u0103 la punerea \u00een func\u0163iune a Sta\u0163iei de Pompare \u015fi Repompare 5 Haret (SRP5) din Amenajarea complex\u0103 Rugine\u015fti-Pufe\u015fti-Panciu, care va iriga culturile cu ap\u0103 din canalul Siret-B\u0103r\u0103gan.<\/p>\n<p data-index=\"5\">Ludovic Orban a declarat ieri c\u0103 liberalii vor discuta despre o eventual\u0103 sus\u0163inere a mo\u0163iunii de cenzur\u0103 cu toate grupurile parlamentare, \u201ecu to\u0163i parlamentarii care mai au o urm\u0103 de ra\u0163iune \u015fi o urm\u0103 de bun sim\u0163 \u015fi care-\u015fi dau seama c\u0103 Rom\u00e2nia este \u00eempins\u0103 \u00een pr\u0103pastie de conducerea clanului lui Dragnea\u201d.<\/p>\n<p data-index=\"6\">Liderul PNL preciza c\u0103 mo\u0163iunea va fi depus\u0103 \u00een aceast\u0103 sesiune parlamentar\u0103 \u015fi c\u0103 liberalii vor depune toate eforturile pentru c\u0103 acesta s\u0103 treac\u0103 \u00een Parlament.<\/p>\n<p data-index=\"7\">\u00a0<\/p>\n<\/div>\n<p> Source URL: https:\/\/www.digi24.ro\/stiri\/actualitate\/politica\/viorica-dancila-despre-motiunea-de-cenzura-nu-am-nicio-emotie-938463<\/p>\n","protected":false},"excerpt":{"rendered":"<p>Premierul Viorica D\u0103ncil\u0103 spune c\u0103 nu are \u201enicio emo\u0163ie\u201d \u00een ceea ce prive\u015fte mo\u0163iunea de cenzur\u0103 anun\u0163at\u0103 de PNL, av\u00e2nd \u00eencredere \u00een colegii s\u0103i parlamentari. De asemenea, \u00eentrebat\u0103 despre parlamentarii pleca\u0163i din PSD c\u0103tre partidul lui Victor Ponta, D\u0103ncil\u0103 a spus c\u0103 \u201eo s\u0103 \u00eei judece rom\u00e2nii\u201d. Foto: InquamPhotos\/George C\u0103lin \u201eNu am nicio emo\u0163ie, cred [&hellip;]<\/p>\n","protected":false},"author":1,"featured_media":117114,"comment_status":"open","ping_status":"","sticky":false,"template":"","format":"standard","meta":{"footnotes":""},"categories":[2],"tags":[11],"class_list":["post-117113","post","type-post","status-publish","format-standard","has-post-thumbnail","hentry","category-politics","tag-digi24"],"_links":{"self":[{"href":"https:\/\/analyse.optim.biz\/index.php?rest_route=\/wp\/v2\/posts\/117113","targetHints":{"allow":["GET"]}}],"collection":[{"href":"https:\/\/analyse.optim.biz\/index.php?rest_route=\/wp\/v2\/posts"}],"about":[{"href":"https:\/\/analyse.optim.biz\/index.php?rest_route=\/wp\/v2\/types\/post"}],"author":[{"embeddable":true,"href":"https:\/\/analyse.optim.biz\/index.php?rest_route=\/wp\/v2\/users\/1"}],"replies":[{"embeddable":true,"href":"https:\/\/analyse.optim.biz\/index.php?rest_route=%2Fwp%2Fv2%2Fcomments&post=117113"}],"version-history":[{"count":0,"href":"https:\/\/analyse.optim.biz\/index.php?rest_route=\/wp\/v2\/posts\/117113\/revisions"}],"wp:featuredmedia":[{"embeddable":true,"href":"https:\/\/analyse.optim.biz\/index.php?rest_route=\/wp\/v2\/media\/117114"}],"wp:attachment":[{"href":"https:\/\/analyse.optim.biz\/index.php?rest_route=%2Fwp%2Fv2%2Fmedia&parent=117113"}],"wp:term":[{"taxonomy":"category","embeddable":true,"href":"https:\/\/analyse.optim.biz\/index.php?rest_route=%2Fwp%2Fv2%2Fcategories&post=117113"},{"taxonomy":"post_tag","embeddable":true,"href":"https:\/\/analyse.optim.biz\/index.php?rest_route=%2Fwp%2Fv2%2Ftags&post=117113"}],"curies":[{"name":"wp","href":"https:\/\/api.w.org\/{rel}","templated":true}]}}