{"id":117110,"date":"2018-05-30T12:02:26","date_gmt":"2018-05-30T09:02:26","guid":{"rendered":"https:\/\/analyse.optim.biz\/?p=117110"},"modified":"2018-05-30T12:02:26","modified_gmt":"2018-05-30T09:02:26","slug":"consiliul-concurentei-comisia-juridica-a-renuntat-la-un-amendament-cheie","status":"publish","type":"post","link":"https:\/\/analyse.optim.biz\/?p=117110","title":{"rendered":"Consiliul Concuren\u0163ei | Comisia juridic\u0103 a renun\u0163at la un amendament-cheie"},"content":{"rendered":"<div class=\"entry data-app-meta data-app-meta-article\" data-embed-base-url-canonical=\"https:\/\/www.digi24.ro\/embed\/stiri\/actualitate\/politica\/consiliul-concurentei-comisia-juridica-a-renuntat-la-un-amendament-cheie-938505\">\n<p data-index=\"1\"><strong>Comisia juridic\u0103 a Camerei Deputa\u0163ilor a renun\u0163at miercuri la un amendament al PSD care prevedea c\u0103 pre\u015fedintele Consiliului Concuren\u0163ei trebuie s\u0103 fi \u00eendeplinit func\u0163ii de conducere cu largi responsabilit\u0103\u0163i pentru o perioad\u0103 de cel pu\u0163in 15 ani, transmite News.ro.<\/strong><\/p>\n<p data-index=\"2\"><img loading=\"lazy\" decoding=\"async\" class=\"alignnone size-full wp-image-410447\" src=\"https:\/\/analyse.optim.biz\/wp-content\/uploads\/2024\/09\/anbnjnc9odawjmhhc2g9ztjlodu2nznln2jknwywytu4yjbjmwzmnzk2mdk1zwm-thumb_.jpg\" width=\"800\" height=\"441\" data-skip-htmlfix=\"1\" title=\"anbnjnc9odawjmhhc2g9ztjlodu2nznln2jknwywytu4yjbjmwzmnzk2mdk1zwm-thumb_\"><\/p>\n<div class=\"article-share\">\n<p data-index=\"3\">Astfel, Comisia juridic\u0103 a rediscutat miercuri, \u00eentr-o \u015fedin\u0163\u0103 neanun\u0163at\u0103 public, modificarea unui proiect de lege privind organizarea \u015fi func\u0163ionarea Consiliului Concuren\u0163ei \u015fi a renun\u0163at la un articol privind criteriul de vechime \u00een func\u0163ii de conducere pentru pre\u015fedintele Consiliului Concuren\u0163ei.<\/p>\n<p data-index=\"4\">Potrivit amendamentului respins, &#8220;pre\u015fedintele trebuie s\u0103 fi \u00eendeplinit func\u0163ii de conducere cu largi responsabilit\u0103\u0163i pentru o perioad\u0103 de cel pu\u0163in 15 ani, \u00een care a f\u0103cut dovada \u00eenaltei sale competen\u0163e profesionale \u015fi manageriale&#8221;.<\/p>\n<p data-index=\"5\">Deputatul PNL Gabriel Andonache, membru al Comisiei, a spus c\u0103 &#8220;Dumnezeu le-a dat minte&#8221; \u015fi au renun\u0163at la modific\u0103rile care erau neconstitu\u0163ionale.<\/p>\n<p data-index=\"6\">&#8220;Observ c\u0103 le-a dat Dumnezeu \u00eentr-un fel mintea cea de pe urm\u0103 \u015fi au renun\u0163at la unele modific\u0103ri care \u00een mod evident erau neconstiu\u0163ionale &#8211; cele referitoare la introducerea unui criteriu de vechime de 15 ani pentru pre\u015fedintele Consiliului Concuren\u0163ei. \u00cens\u0103 noi ne vom men\u0163ine votul \u00eempotriva acestor reglement\u0103ri, pentru c\u0103 \u00een continuare consider\u0103m c\u0103 modific\u0103rile altereaz\u0103 buna func\u0163ionare a Consiliului Concuren\u0163ei, deoarece practic se centralizeaz\u0103 \u00eentreaga activitate de la plenul Consiliului Concuren\u0163ei \u00een m\u00e2na unui singur om. Or, din punctul nostru de vedere, cea mai corect\u0103 modalitate de func\u0163ionare a Consiliului Concuren\u0163ei este ca deciziile s\u0103 se ia \u00een continuare \u00een plenul Consiliului&#8221;, a declarat la finalul \u015fedin\u0163ei deputatul PNL Gabriel Andronache, citat de News.ro.<\/p>\n<p data-index=\"7\">Comisia juridic\u0103 \u015fi Comisia de industrii din Camera Deputa\u0163ilor au adoptat, la \u00eenceputul lunii mai, un amendamentul care prevede c\u0103 pre\u015fedintele Consiliului Concuren\u0163ei trebuie s\u0103 fi \u00eendeplinit func\u0163ii de conducere cu largi responsabilit\u0103\u0163i pentru o perioad\u0103 de cel pu\u0163in 15 ani.<\/p>\n<p data-index=\"8\">Dac\u0103 amendamentul ar fi intrat \u00een vigoare, actualul pre\u015fedinte al Consiliului Concuren\u0163iei, Bogdan Chiri\u0163oiu, putea fi demis.\u00a0<\/p>\n<\/div>\n<\/div>\n<p> Source URL: https:\/\/www.digi24.ro\/stiri\/actualitate\/politica\/consiliul-concurentei-comisia-juridica-a-renuntat-la-un-amendament-cheie-938505<\/p>\n","protected":false},"excerpt":{"rendered":"<p>Comisia juridic\u0103 a Camerei Deputa\u0163ilor a renun\u0163at miercuri la un amendament al PSD care prevedea c\u0103 pre\u015fedintele Consiliului Concuren\u0163ei trebuie s\u0103 fi \u00eendeplinit func\u0163ii de conducere cu largi responsabilit\u0103\u0163i pentru o perioad\u0103 de cel pu\u0163in 15 ani, transmite News.ro. Astfel, Comisia juridic\u0103 a rediscutat miercuri, \u00eentr-o \u015fedin\u0163\u0103 neanun\u0163at\u0103 public, modificarea unui proiect de lege privind [&hellip;]<\/p>\n","protected":false},"author":1,"featured_media":117111,"comment_status":"open","ping_status":"","sticky":false,"template":"","format":"standard","meta":{"footnotes":""},"categories":[2],"tags":[11],"class_list":["post-117110","post","type-post","status-publish","format-standard","has-post-thumbnail","hentry","category-politics","tag-digi24"],"_links":{"self":[{"href":"https:\/\/analyse.optim.biz\/index.php?rest_route=\/wp\/v2\/posts\/117110","targetHints":{"allow":["GET"]}}],"collection":[{"href":"https:\/\/analyse.optim.biz\/index.php?rest_route=\/wp\/v2\/posts"}],"about":[{"href":"https:\/\/analyse.optim.biz\/index.php?rest_route=\/wp\/v2\/types\/post"}],"author":[{"embeddable":true,"href":"https:\/\/analyse.optim.biz\/index.php?rest_route=\/wp\/v2\/users\/1"}],"replies":[{"embeddable":true,"href":"https:\/\/analyse.optim.biz\/index.php?rest_route=%2Fwp%2Fv2%2Fcomments&post=117110"}],"version-history":[{"count":0,"href":"https:\/\/analyse.optim.biz\/index.php?rest_route=\/wp\/v2\/posts\/117110\/revisions"}],"wp:featuredmedia":[{"embeddable":true,"href":"https:\/\/analyse.optim.biz\/index.php?rest_route=\/wp\/v2\/media\/117111"}],"wp:attachment":[{"href":"https:\/\/analyse.optim.biz\/index.php?rest_route=%2Fwp%2Fv2%2Fmedia&parent=117110"}],"wp:term":[{"taxonomy":"category","embeddable":true,"href":"https:\/\/analyse.optim.biz\/index.php?rest_route=%2Fwp%2Fv2%2Fcategories&post=117110"},{"taxonomy":"post_tag","embeddable":true,"href":"https:\/\/analyse.optim.biz\/index.php?rest_route=%2Fwp%2Fv2%2Ftags&post=117110"}],"curies":[{"name":"wp","href":"https:\/\/api.w.org\/{rel}","templated":true}]}}