{"id":117030,"date":"2018-05-30T16:55:24","date_gmt":"2018-05-30T13:55:24","guid":{"rendered":"https:\/\/analyse.optim.biz\/?p=117030"},"modified":"2018-05-30T16:55:24","modified_gmt":"2018-05-30T13:55:24","slug":"traian-basescu-ccr-a-adoptat-o-decizie-de-rara-ticalosie","status":"publish","type":"post","link":"https:\/\/analyse.optim.biz\/?p=117030","title":{"rendered":"Traian B\u0103sescu: CCR a adoptat o decizie de rar\u0103 tic\u0103lo\u015fie"},"content":{"rendered":"<div class=\"entry data-app-meta data-app-meta-article\" data-embed-base-url-canonical=\"https:\/\/www.digi24.ro\/embed\/stiri\/actualitate\/politica\/traian-basescu-ccr-a-adoptat-o-decizie-de-rara-ticalosie-938758\">\n<p data-index=\"1\"><strong>Fostul pre\u015fedinte Traian B\u0103sescu sus\u0163ine c\u0103 CCR a adoptat \u201do decizie de rar\u0103 tic\u0103lo\u015fie\u201d, iar, \u201dpractic, de azi, procurorii marilor parchete sunt subordona\u0163i guvernului politic\u201d, scrie News.ro.\u00a0<\/strong><\/p>\n<p data-index=\"2\"><img loading=\"lazy\" decoding=\"async\" class=\"alignnone size-full wp-image-797277\" src=\"https:\/\/analyse.optim.biz\/wp-content\/uploads\/2024\/09\/ptgwmczoyxnopwe3nduyywqyywi1zmm1owzhnzjimzyyowuyowrmmja4-thumb_.jpg\" width=\"2048\" height=\"1305\" data-skip-htmlfix=\"1\" title=\"ptgwmczoyxnopwe3nduyywqyywi1zmm1owzhnzjimzyyowuyowrmmja4-thumb_\"><\/p>\n<p data-index=\"3\"><em>\u201dDragnea \u015fi T\u0103riceanu au reu\u015fit implementarea visului USL: \u00abNU AVEM PUTEREA, P\u00c2N\u0102 NU AVEM JUSTI\u0162IA\u00bb. Curtea Constitu\u0163ional\u0103 a adoptat, \u00een conflictul Kovesi &#8211; Tudorel Toader, o decizie de rar\u0103 tic\u0103lo\u015fie. Practic, de azi, procurorii marilor parchete sunt subordona\u0163i guvernului politic, prin Ministrul Justi\u0163iei\u201d<\/em>, scrie Traian B\u0103sescu pe pagina sa de Facebook.<\/p>\n<p data-index=\"4\">El sus\u0163ine c\u0103 CCR a \u00eentors justi\u0163ia la nivelul anilor 2004, c\u00e2nd <em>\u201ddeciziile cu privire la soarta dosarelor penale se luau \u00een sediul PSD, de doamna St\u0103noiu, al\u0103turi de Adrian N\u0103stase, Victor Viorel Ponta, Mike \u015epag\u0103, Marian Opri\u015fan \u015fi mul\u0163i al\u0163i politicieni sociali\u015fti\u201d.<\/em><\/p>\n<p data-index=\"5\">Traian B\u0103sescu acuz\u0103 Curtea Constitu\u0163ional\u0103 c\u0103 a anulat 14 ani de progres \u00een procesul de consolidare a independe\u0163ei Justi\u0163iei.<\/p>\n<p data-index=\"6\"><em>\u201dEu nu sus\u0163in c\u0103, \u00een independen\u0163a ei, Justi\u0163ia nu a f\u0103cut abuzuri, nu a h\u0103r\u0163uit \u015fi condamnat oameni nevinova\u0163i, dar acestea trebuie corectate prin legi, prin implementarea deciziilor CCR \u015fi a directivelor UE \u00een legisla\u0163ie sau prin ac\u0163iuni ale CSM \u015fi ale Inspec\u0163iei Judiciare, dar \u00een niciun caz prin punerea parchetelor sub control politic\u201d<\/em>, mai afirm\u0103 B\u0103sescu.<\/p>\n<p data-index=\"7\"><a href=\"https:\/\/www.digi24.ro\/stiri\/actualitate\/justitie\/ccr-decide-pe-tema-conflictului-intre-puteri-in-cazul-respingerii-revocarii-sefei-dna-938364\" data-skip-linkfix=\"1\"><strong>Curtea Constitu\u0163ional\u0103 a admis, miercuri, sesizarea Guvernului<\/strong><\/a>privind un conflict juridic de natur\u0103 constitu\u0163ional\u0103 \u00eentre ministrul Justi\u0163iei \u015fi pre\u015fedintele Klaus Iohannis \u015fi \u00eentre Guvern \u015fi pre\u015fedinte, ca urmare a respingerii de c\u0103tre \u015feful statului a cererii de revocare a \u015fefei DNA, Laura Codru\u0163a Kovesi.<\/p>\n<\/div>\n<p> Source URL: https:\/\/www.digi24.ro\/stiri\/actualitate\/politica\/traian-basescu-ccr-a-adoptat-o-decizie-de-rara-ticalosie-938758<\/p>\n","protected":false},"excerpt":{"rendered":"<p>Fostul pre\u015fedinte Traian B\u0103sescu sus\u0163ine c\u0103 CCR a adoptat \u201do decizie de rar\u0103 tic\u0103lo\u015fie\u201d, iar, \u201dpractic, de azi, procurorii marilor parchete sunt subordona\u0163i guvernului politic\u201d, scrie News.ro.\u00a0 \u201dDragnea \u015fi T\u0103riceanu au reu\u015fit implementarea visului USL: \u00abNU AVEM PUTEREA, P\u00c2N\u0102 NU AVEM JUSTI\u0162IA\u00bb. Curtea Constitu\u0163ional\u0103 a adoptat, \u00een conflictul Kovesi &#8211; Tudorel Toader, o decizie de [&hellip;]<\/p>\n","protected":false},"author":1,"featured_media":117031,"comment_status":"open","ping_status":"","sticky":false,"template":"","format":"standard","meta":{"footnotes":""},"categories":[2],"tags":[11],"class_list":["post-117030","post","type-post","status-publish","format-standard","has-post-thumbnail","hentry","category-politics","tag-digi24"],"_links":{"self":[{"href":"https:\/\/analyse.optim.biz\/index.php?rest_route=\/wp\/v2\/posts\/117030","targetHints":{"allow":["GET"]}}],"collection":[{"href":"https:\/\/analyse.optim.biz\/index.php?rest_route=\/wp\/v2\/posts"}],"about":[{"href":"https:\/\/analyse.optim.biz\/index.php?rest_route=\/wp\/v2\/types\/post"}],"author":[{"embeddable":true,"href":"https:\/\/analyse.optim.biz\/index.php?rest_route=\/wp\/v2\/users\/1"}],"replies":[{"embeddable":true,"href":"https:\/\/analyse.optim.biz\/index.php?rest_route=%2Fwp%2Fv2%2Fcomments&post=117030"}],"version-history":[{"count":0,"href":"https:\/\/analyse.optim.biz\/index.php?rest_route=\/wp\/v2\/posts\/117030\/revisions"}],"wp:featuredmedia":[{"embeddable":true,"href":"https:\/\/analyse.optim.biz\/index.php?rest_route=\/wp\/v2\/media\/117031"}],"wp:attachment":[{"href":"https:\/\/analyse.optim.biz\/index.php?rest_route=%2Fwp%2Fv2%2Fmedia&parent=117030"}],"wp:term":[{"taxonomy":"category","embeddable":true,"href":"https:\/\/analyse.optim.biz\/index.php?rest_route=%2Fwp%2Fv2%2Fcategories&post=117030"},{"taxonomy":"post_tag","embeddable":true,"href":"https:\/\/analyse.optim.biz\/index.php?rest_route=%2Fwp%2Fv2%2Ftags&post=117030"}],"curies":[{"name":"wp","href":"https:\/\/api.w.org\/{rel}","templated":true}]}}